{"id":690,"date":"2014-04-28T17:34:00","date_gmt":"2014-04-28T16:34:00","guid":{"rendered":"https:\/\/psgfans.fr\/?p=690"},"modified":"2014-04-28T17:34:00","modified_gmt":"2014-04-28T16:34:00","slug":"fc-barcelone-psg-les-5-raisons-qui-prouvent-que-dani-alves-doit-quitter-le-barca-cet-ete","status":"publish","type":"post","link":"https:\/\/psgfans.fr\/?p=690","title":{"rendered":"FC Barcelone\/PSG : Les 5 raisons qui prouvent que Dani Alves doit quitter le Bar\u00e7a cet \u00e9t\u00e9"},"content":{"rendered":"<div style=\"clear: both; text-align: center;\"><a href=\"https:\/\/blogger.googleusercontent.com\/img\/b\/R29vZ2xl\/AVvXsEhREYDzyy-5d9I5ssFGG10FsuGko4TFxveBVclJohAGNDXGNeWNyC29LicuHmZXw2kzSKDUw71hPvH2m5g-WEk1MSCgTf1bAzoBEiy8A3z-P9KuJNMLUrGcMhNfvGcXLJTmKrjCv4bQNrQ\/s1600\/&amp;cvxvcx.png\" style=\"margin-left: 1em; margin-right: 1em;\"><img loading=\"lazy\" decoding=\"async\" border=\"0\" src=\"https:\/\/blogger.googleusercontent.com\/img\/b\/R29vZ2xl\/AVvXsEhREYDzyy-5d9I5ssFGG10FsuGko4TFxveBVclJohAGNDXGNeWNyC29LicuHmZXw2kzSKDUw71hPvH2m5g-WEk1MSCgTf1bAzoBEiy8A3z-P9KuJNMLUrGcMhNfvGcXLJTmKrjCv4bQNrQ\/s1600\/&amp;cvxvcx.png\" height=\"201\" width=\"400\" \/><\/a><\/div>\n<p>Le Mundo Deportivo expliquait il y a quelques jours que le PSG \u00e9tait toujours tr\u00e8s int\u00e9ress\u00e9 par Dani Alves, le lat\u00e9ral droit du Bar\u00e7a. Le Br\u00e9silien a-t-il int\u00e9r\u00eat \u00e0 quitter le Bar\u00e7a ?<\/p>\n<p>Dani Alves, 30 ans, est l\u2019une des r\u00e9f\u00e9rences au poste d\u2019arri\u00e8re droit depuis des ann\u00e9es. L\u2019arri\u00e8re droit du FC Barcelone est en fin de contrat en juin &nbsp;2015 et son avenir en Catalogne est incertain. Comme r\u00e9v\u00e9l\u00e9 par le 10 Sport d\u00e8s l\u2019\u00e9t\u00e9 dernier, le PSG est tr\u00e8s int\u00e9ress\u00e9 par Dani Alves. Mais Paris n\u2019est pas seul sur le dossier. Chelsea, Manchester City, Arsenal et la Fiorentina seraient \u00e9galement \u00e0 l&rsquo;aff\u00fbt. Pourquoi Dani Alves a tout int\u00e9r\u00eat \u00e0 relever un nouveau challenge.<\/p>\n<p>DANI ALVES A TOUT GAGN\u00c9 AVEC LE BAR\u00c7A<br \/>Arriv\u00e9 au FC Barcelone en 2008 apr\u00e8s six ann\u00e9es pass\u00e9es \u00e0 S\u00e9ville, Dani Alves a tout gagn\u00e9 avec le club catalan. Il a notamment remport\u00e9 \u00e0 quatre reprises la Liga et deux fois la Ligue des Champions. Il \u00e9tait l\u2019un des \u00e9l\u00e9ments cl\u00e9s du Bar\u00e7a qui dominait l\u2019Europe. Dani Alves, 30 ans aujourd\u2019hui, n\u2019a plus rien \u00e0 prouver au FC Barcelone.<\/p>\n<p>LE BAR\u00c7A EST MOINS PERFORMANT<br \/>\u00c9limin\u00e9 en quarts de finale de la Ligue des Champions par l\u2019Atl\u00e9tico Madrid, le FC Barcelone ne sera vraisemblablement pas champion d\u2019Espagne non plus cette saison. Le Bar\u00e7a domine bien moins le football europ\u00e9en depuis plusieurs mois. Les Catalans semblent en fin de cycle, du moins ils sont moins impressionnants. Pour Dani Alves, c\u2019est peut-\u00eatre le moment d\u2019aller voir ailleurs\u2026<\/p>\n<p>DANI ALVES A ENCORE UNE EXCELLENTE COTE<br \/>Le PSG suit de pr\u00e8s la situation de Dani Alves depuis plusieurs mois. Paris a tent\u00e9 de l\u2019enr\u00f4ler l\u2019\u00e9t\u00e9 dernier. En vain. El Mundo Deportivo a r\u00e9v\u00e9l\u00e9 il y a quelques jours que le &nbsp;PSG n\u2019a absolument pas abandonn\u00e9 l\u2019id\u00e9e de recruter l\u2019arri\u00e8re droit br\u00e9silien cet \u00e9t\u00e9. Gr\u00e9gory Van der Wiel, l\u2019actuel titulaire du poste, n\u2019est pas une star mondiale et pourrait \u00eatre en danger. Dani Alves est \u00e9galement dans le viseur de Chelsea, Manchester City, Arsenal et la Fiorentina. Lui qui n\u2019a connu que la Liga, et bri\u00e8vement le championnat br\u00e9silien, a l\u2019occasion de relever un autre challenge \u00e0 30 ans.<\/p>\n<p>LE BAR\u00c7A VEUT-IL ENCORE DE LUI ?<br \/>Sous contrat jusqu\u2019en juin &nbsp;2015 au FC Barcelone, Dani Alves ne semble plus vraiment faire partie des plans de la nouvelle direction catalane. Le quotidien espagnol Sport expliquait d\u00e9but mars que les dirigeants du FC Barcelone \u00e9taient pr\u00eats \u00e0 laisser filer Dani Alves d\u00e8s cet \u00e9t\u00e9, contre un ch\u00e8que compris entre 12 et 15M d\u2019euros. Le Bar\u00e7a pr\u00e9parerait, d\u2019ailleurs, d\u00e9j\u00e0 l\u2019apr\u00e8s-Dani Alves. Deux joueurs seraient cibl\u00e9s par le club catalan : Juan Guillermo Cuadrado (Fiorentina) et Juan Camilo Z\u00fa\u00f1iga (Naples).<\/p>\n<p>LA COUPE DU MONDE SERA PASS\u00c9E\u2026<br \/>Dani Alves, comme bon nombre de footballeurs, r\u00eave de disputer une Coupe du monde \u00e0 domicile. L\u2019international br\u00e9silien sera sans doute de la partie, en juin, au Br\u00e9sil. C\u2019est un \u00e9v\u00e8nement particulier pour tout footballeur. Encore plus pour un Br\u00e9silien. Apr\u00e8s avoir encha\u00een\u00e9 les bonnes saisons pour pr\u00e9parer cet \u00e9v\u00e8nement, Dani Alves peut prendre le risque de signer, apr\u00e8s, dans un club o\u00f9 il a moins ses habitudes, o\u00f9 il sera peut-\u00eatre moins incontournable, plus en danger. C\u2019est le bon moment pour partir.<\/p>\n<p>le10sport<\/p>\n","protected":false},"excerpt":{"rendered":"<p>Le Mundo Deportivo expliquait il y a quelques jours que le PSG \u00e9tait toujours tr\u00e8s int\u00e9ress\u00e9 par Dani Alves, le lat\u00e9ral droit du Bar\u00e7a. Le Br\u00e9silien a-t-il int\u00e9r\u00eat \u00e0 quitter le Bar\u00e7a ? Dani Alves, 30 ans, est l\u2019une des r\u00e9f\u00e9rences au poste d\u2019arri\u00e8re droit depuis des ann\u00e9es. L\u2019arri\u00e8re droit du FC Barcelone est en [&hellip;]<\/p>\n","protected":false},"author":2,"featured_media":0,"comment_status":"open","ping_status":"open","sticky":false,"template":"","format":"standard","meta":{"footnotes":""},"categories":[3],"tags":[],"class_list":{"0":"post-690","1":"post","2":"type-post","3":"status-publish","4":"format-standard","6":"category-news"},"yoast_head":"<!-- This site is optimized with the Yoast SEO plugin v27.4 - https:\/\/yoast.com\/product\/yoast-seo-wordpress\/ -->\n<title>FC Barcelone\/PSG : Les 5 raisons qui prouvent que Dani Alves doit quitter le Bar\u00e7a cet \u00e9t\u00e9 - PSG FANS<\/title>\n<meta name=\"robots\" content=\"index, follow, max-snippet:-1, max-image-preview:large, max-video-preview:-1\" \/>\n<link rel=\"canonical\" href=\"https:\/\/psgfans.fr\/?p=690\" \/>\n<meta property=\"og:locale\" content=\"fr_FR\" \/>\n<meta property=\"og:type\" content=\"article\" \/>\n<meta property=\"og:title\" content=\"FC Barcelone\/PSG : Les 5 raisons qui prouvent que Dani Alves doit quitter le Bar\u00e7a cet \u00e9t\u00e9 - PSG FANS\" \/>\n<meta property=\"og:description\" content=\"Le Mundo Deportivo expliquait il y a quelques jours que le PSG \u00e9tait toujours tr\u00e8s int\u00e9ress\u00e9 par Dani Alves, le lat\u00e9ral droit du Bar\u00e7a. Le Br\u00e9silien a-t-il int\u00e9r\u00eat \u00e0 quitter le Bar\u00e7a ? Dani Alves, 30 ans, est l\u2019une des r\u00e9f\u00e9rences au poste d\u2019arri\u00e8re droit depuis des ann\u00e9es. L\u2019arri\u00e8re droit du FC Barcelone est en [&hellip;]\" \/>\n<meta property=\"og:url\" content=\"https:\/\/psgfans.fr\/?p=690\" \/>\n<meta property=\"og:site_name\" content=\"PSG FANS\" \/>\n<meta property=\"article:published_time\" content=\"2014-04-28T16:34:00+00:00\" \/>\n<meta property=\"og:image\" content=\"https:\/\/blogger.googleusercontent.com\/img\/b\/R29vZ2xl\/AVvXsEhREYDzyy-5d9I5ssFGG10FsuGko4TFxveBVclJohAGNDXGNeWNyC29LicuHmZXw2kzSKDUw71hPvH2m5g-WEk1MSCgTf1bAzoBEiy8A3z-P9KuJNMLUrGcMhNfvGcXLJTmKrjCv4bQNrQ\/s1600\/&amp;cvxvcx.png\" \/>\n<meta name=\"author\" content=\"psgfans\" \/>\n<meta name=\"twitter:card\" content=\"summary_large_image\" \/>\n<meta name=\"twitter:label1\" content=\"\u00c9crit par\" \/>\n\t<meta name=\"twitter:data1\" content=\"psgfans\" \/>\n\t<meta name=\"twitter:label2\" content=\"Dur\u00e9e de lecture estim\u00e9e\" \/>\n\t<meta name=\"twitter:data2\" content=\"3 minutes\" \/>\n<script type=\"application\/ld+json\" class=\"yoast-schema-graph\">{\"@context\":\"https:\\\/\\\/schema.org\",\"@graph\":[{\"@type\":\"Article\",\"@id\":\"https:\\\/\\\/psgfans.fr\\\/?p=690#article\",\"isPartOf\":{\"@id\":\"https:\\\/\\\/psgfans.fr\\\/?p=690\"},\"author\":{\"name\":\"psgfans\",\"@id\":\"https:\\\/\\\/psgfans.fr\\\/#\\\/schema\\\/person\\\/be2237e7a0237af2f29cb344b3c55e6c\"},\"headline\":\"FC Barcelone\\\/PSG : Les 5 raisons qui prouvent que Dani Alves doit quitter le Bar\u00e7a cet \u00e9t\u00e9\",\"datePublished\":\"2014-04-28T16:34:00+00:00\",\"mainEntityOfPage\":{\"@id\":\"https:\\\/\\\/psgfans.fr\\\/?p=690\"},\"wordCount\":631,\"commentCount\":0,\"image\":{\"@id\":\"https:\\\/\\\/psgfans.fr\\\/?p=690#primaryimage\"},\"thumbnailUrl\":\"https:\\\/\\\/blogger.googleusercontent.com\\\/img\\\/b\\\/R29vZ2xl\\\/AVvXsEhREYDzyy-5d9I5ssFGG10FsuGko4TFxveBVclJohAGNDXGNeWNyC29LicuHmZXw2kzSKDUw71hPvH2m5g-WEk1MSCgTf1bAzoBEiy8A3z-P9KuJNMLUrGcMhNfvGcXLJTmKrjCv4bQNrQ\\\/s1600\\\/&amp;cvxvcx.png\",\"articleSection\":[\"News\"],\"inLanguage\":\"fr-FR\",\"potentialAction\":[{\"@type\":\"CommentAction\",\"name\":\"Comment\",\"target\":[\"https:\\\/\\\/psgfans.fr\\\/?p=690#respond\"]}]},{\"@type\":\"WebPage\",\"@id\":\"https:\\\/\\\/psgfans.fr\\\/?p=690\",\"url\":\"https:\\\/\\\/psgfans.fr\\\/?p=690\",\"name\":\"FC Barcelone\\\/PSG : Les 5 raisons qui prouvent que Dani Alves doit quitter le Bar\u00e7a cet \u00e9t\u00e9 - PSG FANS\",\"isPartOf\":{\"@id\":\"https:\\\/\\\/psgfans.fr\\\/#website\"},\"primaryImageOfPage\":{\"@id\":\"https:\\\/\\\/psgfans.fr\\\/?p=690#primaryimage\"},\"image\":{\"@id\":\"https:\\\/\\\/psgfans.fr\\\/?p=690#primaryimage\"},\"thumbnailUrl\":\"https:\\\/\\\/blogger.googleusercontent.com\\\/img\\\/b\\\/R29vZ2xl\\\/AVvXsEhREYDzyy-5d9I5ssFGG10FsuGko4TFxveBVclJohAGNDXGNeWNyC29LicuHmZXw2kzSKDUw71hPvH2m5g-WEk1MSCgTf1bAzoBEiy8A3z-P9KuJNMLUrGcMhNfvGcXLJTmKrjCv4bQNrQ\\\/s1600\\\/&amp;cvxvcx.png\",\"datePublished\":\"2014-04-28T16:34:00+00:00\",\"author\":{\"@id\":\"https:\\\/\\\/psgfans.fr\\\/#\\\/schema\\\/person\\\/be2237e7a0237af2f29cb344b3c55e6c\"},\"breadcrumb\":{\"@id\":\"https:\\\/\\\/psgfans.fr\\\/?p=690#breadcrumb\"},\"inLanguage\":\"fr-FR\",\"potentialAction\":[{\"@type\":\"ReadAction\",\"target\":[\"https:\\\/\\\/psgfans.fr\\\/?p=690\"]}]},{\"@type\":\"ImageObject\",\"inLanguage\":\"fr-FR\",\"@id\":\"https:\\\/\\\/psgfans.fr\\\/?p=690#primaryimage\",\"url\":\"https:\\\/\\\/blogger.googleusercontent.com\\\/img\\\/b\\\/R29vZ2xl\\\/AVvXsEhREYDzyy-5d9I5ssFGG10FsuGko4TFxveBVclJohAGNDXGNeWNyC29LicuHmZXw2kzSKDUw71hPvH2m5g-WEk1MSCgTf1bAzoBEiy8A3z-P9KuJNMLUrGcMhNfvGcXLJTmKrjCv4bQNrQ\\\/s1600\\\/&amp;cvxvcx.png\",\"contentUrl\":\"https:\\\/\\\/blogger.googleusercontent.com\\\/img\\\/b\\\/R29vZ2xl\\\/AVvXsEhREYDzyy-5d9I5ssFGG10FsuGko4TFxveBVclJohAGNDXGNeWNyC29LicuHmZXw2kzSKDUw71hPvH2m5g-WEk1MSCgTf1bAzoBEiy8A3z-P9KuJNMLUrGcMhNfvGcXLJTmKrjCv4bQNrQ\\\/s1600\\\/&amp;cvxvcx.png\"},{\"@type\":\"BreadcrumbList\",\"@id\":\"https:\\\/\\\/psgfans.fr\\\/?p=690#breadcrumb\",\"itemListElement\":[{\"@type\":\"ListItem\",\"position\":1,\"name\":\"Accueil\",\"item\":\"https:\\\/\\\/psgfans.fr\\\/\"},{\"@type\":\"ListItem\",\"position\":2,\"name\":\"FC Barcelone\\\/PSG : Les 5 raisons qui prouvent que Dani Alves doit quitter le Bar\u00e7a cet \u00e9t\u00e9\"}]},{\"@type\":\"WebSite\",\"@id\":\"https:\\\/\\\/psgfans.fr\\\/#website\",\"url\":\"https:\\\/\\\/psgfans.fr\\\/\",\"name\":\"PSG FANS\",\"description\":\"Unit\u00e9, Passion, Victoire : Au C\u0153ur du Paris Saint-Germain!\",\"potentialAction\":[{\"@type\":\"SearchAction\",\"target\":{\"@type\":\"EntryPoint\",\"urlTemplate\":\"https:\\\/\\\/psgfans.fr\\\/?s={search_term_string}\"},\"query-input\":{\"@type\":\"PropertyValueSpecification\",\"valueRequired\":true,\"valueName\":\"search_term_string\"}}],\"inLanguage\":\"fr-FR\"},{\"@type\":\"Person\",\"@id\":\"https:\\\/\\\/psgfans.fr\\\/#\\\/schema\\\/person\\\/be2237e7a0237af2f29cb344b3c55e6c\",\"name\":\"psgfans\",\"image\":{\"@type\":\"ImageObject\",\"inLanguage\":\"fr-FR\",\"@id\":\"https:\\\/\\\/secure.gravatar.com\\\/avatar\\\/?s=96&d=mm&r=g\",\"url\":\"https:\\\/\\\/secure.gravatar.com\\\/avatar\\\/?s=96&d=mm&r=g\",\"contentUrl\":\"https:\\\/\\\/secure.gravatar.com\\\/avatar\\\/?s=96&d=mm&r=g\",\"caption\":\"psgfans\"},\"url\":\"https:\\\/\\\/psgfans.fr\\\/?author=2\"}]}<\/script>\n<!-- \/ Yoast SEO plugin. -->","yoast_head_json":{"title":"FC Barcelone\/PSG : Les 5 raisons qui prouvent que Dani Alves doit quitter le Bar\u00e7a cet \u00e9t\u00e9 - PSG FANS","robots":{"index":"index","follow":"follow","max-snippet":"max-snippet:-1","max-image-preview":"max-image-preview:large","max-video-preview":"max-video-preview:-1"},"canonical":"https:\/\/psgfans.fr\/?p=690","og_locale":"fr_FR","og_type":"article","og_title":"FC Barcelone\/PSG : Les 5 raisons qui prouvent que Dani Alves doit quitter le Bar\u00e7a cet \u00e9t\u00e9 - PSG FANS","og_description":"Le Mundo Deportivo expliquait il y a quelques jours que le PSG \u00e9tait toujours tr\u00e8s int\u00e9ress\u00e9 par Dani Alves, le lat\u00e9ral droit du Bar\u00e7a. Le Br\u00e9silien a-t-il int\u00e9r\u00eat \u00e0 quitter le Bar\u00e7a ? Dani Alves, 30 ans, est l\u2019une des r\u00e9f\u00e9rences au poste d\u2019arri\u00e8re droit depuis des ann\u00e9es. L\u2019arri\u00e8re droit du FC Barcelone est en [&hellip;]","og_url":"https:\/\/psgfans.fr\/?p=690","og_site_name":"PSG FANS","article_published_time":"2014-04-28T16:34:00+00:00","og_image":[{"url":"https:\/\/blogger.googleusercontent.com\/img\/b\/R29vZ2xl\/AVvXsEhREYDzyy-5d9I5ssFGG10FsuGko4TFxveBVclJohAGNDXGNeWNyC29LicuHmZXw2kzSKDUw71hPvH2m5g-WEk1MSCgTf1bAzoBEiy8A3z-P9KuJNMLUrGcMhNfvGcXLJTmKrjCv4bQNrQ\/s1600\/&amp;cvxvcx.png","type":"","width":"","height":""}],"author":"psgfans","twitter_card":"summary_large_image","twitter_misc":{"\u00c9crit par":"psgfans","Dur\u00e9e de lecture estim\u00e9e":"3 minutes"},"schema":{"@context":"https:\/\/schema.org","@graph":[{"@type":"Article","@id":"https:\/\/psgfans.fr\/?p=690#article","isPartOf":{"@id":"https:\/\/psgfans.fr\/?p=690"},"author":{"name":"psgfans","@id":"https:\/\/psgfans.fr\/#\/schema\/person\/be2237e7a0237af2f29cb344b3c55e6c"},"headline":"FC Barcelone\/PSG : Les 5 raisons qui prouvent que Dani Alves doit quitter le Bar\u00e7a cet \u00e9t\u00e9","datePublished":"2014-04-28T16:34:00+00:00","mainEntityOfPage":{"@id":"https:\/\/psgfans.fr\/?p=690"},"wordCount":631,"commentCount":0,"image":{"@id":"https:\/\/psgfans.fr\/?p=690#primaryimage"},"thumbnailUrl":"https:\/\/blogger.googleusercontent.com\/img\/b\/R29vZ2xl\/AVvXsEhREYDzyy-5d9I5ssFGG10FsuGko4TFxveBVclJohAGNDXGNeWNyC29LicuHmZXw2kzSKDUw71hPvH2m5g-WEk1MSCgTf1bAzoBEiy8A3z-P9KuJNMLUrGcMhNfvGcXLJTmKrjCv4bQNrQ\/s1600\/&amp;cvxvcx.png","articleSection":["News"],"inLanguage":"fr-FR","potentialAction":[{"@type":"CommentAction","name":"Comment","target":["https:\/\/psgfans.fr\/?p=690#respond"]}]},{"@type":"WebPage","@id":"https:\/\/psgfans.fr\/?p=690","url":"https:\/\/psgfans.fr\/?p=690","name":"FC Barcelone\/PSG : Les 5 raisons qui prouvent que Dani Alves doit quitter le Bar\u00e7a cet \u00e9t\u00e9 - PSG FANS","isPartOf":{"@id":"https:\/\/psgfans.fr\/#website"},"primaryImageOfPage":{"@id":"https:\/\/psgfans.fr\/?p=690#primaryimage"},"image":{"@id":"https:\/\/psgfans.fr\/?p=690#primaryimage"},"thumbnailUrl":"https:\/\/blogger.googleusercontent.com\/img\/b\/R29vZ2xl\/AVvXsEhREYDzyy-5d9I5ssFGG10FsuGko4TFxveBVclJohAGNDXGNeWNyC29LicuHmZXw2kzSKDUw71hPvH2m5g-WEk1MSCgTf1bAzoBEiy8A3z-P9KuJNMLUrGcMhNfvGcXLJTmKrjCv4bQNrQ\/s1600\/&amp;cvxvcx.png","datePublished":"2014-04-28T16:34:00+00:00","author":{"@id":"https:\/\/psgfans.fr\/#\/schema\/person\/be2237e7a0237af2f29cb344b3c55e6c"},"breadcrumb":{"@id":"https:\/\/psgfans.fr\/?p=690#breadcrumb"},"inLanguage":"fr-FR","potentialAction":[{"@type":"ReadAction","target":["https:\/\/psgfans.fr\/?p=690"]}]},{"@type":"ImageObject","inLanguage":"fr-FR","@id":"https:\/\/psgfans.fr\/?p=690#primaryimage","url":"https:\/\/blogger.googleusercontent.com\/img\/b\/R29vZ2xl\/AVvXsEhREYDzyy-5d9I5ssFGG10FsuGko4TFxveBVclJohAGNDXGNeWNyC29LicuHmZXw2kzSKDUw71hPvH2m5g-WEk1MSCgTf1bAzoBEiy8A3z-P9KuJNMLUrGcMhNfvGcXLJTmKrjCv4bQNrQ\/s1600\/&amp;cvxvcx.png","contentUrl":"https:\/\/blogger.googleusercontent.com\/img\/b\/R29vZ2xl\/AVvXsEhREYDzyy-5d9I5ssFGG10FsuGko4TFxveBVclJohAGNDXGNeWNyC29LicuHmZXw2kzSKDUw71hPvH2m5g-WEk1MSCgTf1bAzoBEiy8A3z-P9KuJNMLUrGcMhNfvGcXLJTmKrjCv4bQNrQ\/s1600\/&amp;cvxvcx.png"},{"@type":"BreadcrumbList","@id":"https:\/\/psgfans.fr\/?p=690#breadcrumb","itemListElement":[{"@type":"ListItem","position":1,"name":"Accueil","item":"https:\/\/psgfans.fr\/"},{"@type":"ListItem","position":2,"name":"FC Barcelone\/PSG : Les 5 raisons qui prouvent que Dani Alves doit quitter le Bar\u00e7a cet \u00e9t\u00e9"}]},{"@type":"WebSite","@id":"https:\/\/psgfans.fr\/#website","url":"https:\/\/psgfans.fr\/","name":"PSG FANS","description":"Unit\u00e9, Passion, Victoire : Au C\u0153ur du Paris Saint-Germain!","potentialAction":[{"@type":"SearchAction","target":{"@type":"EntryPoint","urlTemplate":"https:\/\/psgfans.fr\/?s={search_term_string}"},"query-input":{"@type":"PropertyValueSpecification","valueRequired":true,"valueName":"search_term_string"}}],"inLanguage":"fr-FR"},{"@type":"Person","@id":"https:\/\/psgfans.fr\/#\/schema\/person\/be2237e7a0237af2f29cb344b3c55e6c","name":"psgfans","image":{"@type":"ImageObject","inLanguage":"fr-FR","@id":"https:\/\/secure.gravatar.com\/avatar\/?s=96&d=mm&r=g","url":"https:\/\/secure.gravatar.com\/avatar\/?s=96&d=mm&r=g","contentUrl":"https:\/\/secure.gravatar.com\/avatar\/?s=96&d=mm&r=g","caption":"psgfans"},"url":"https:\/\/psgfans.fr\/?author=2"}]}},"_links":{"self":[{"href":"https:\/\/psgfans.fr\/index.php?rest_route=\/wp\/v2\/posts\/690","targetHints":{"allow":["GET"]}}],"collection":[{"href":"https:\/\/psgfans.fr\/index.php?rest_route=\/wp\/v2\/posts"}],"about":[{"href":"https:\/\/psgfans.fr\/index.php?rest_route=\/wp\/v2\/types\/post"}],"author":[{"embeddable":true,"href":"https:\/\/psgfans.fr\/index.php?rest_route=\/wp\/v2\/users\/2"}],"replies":[{"embeddable":true,"href":"https:\/\/psgfans.fr\/index.php?rest_route=%2Fwp%2Fv2%2Fcomments&post=690"}],"version-history":[{"count":0,"href":"https:\/\/psgfans.fr\/index.php?rest_route=\/wp\/v2\/posts\/690\/revisions"}],"wp:attachment":[{"href":"https:\/\/psgfans.fr\/index.php?rest_route=%2Fwp%2Fv2%2Fmedia&parent=690"}],"wp:term":[{"taxonomy":"category","embeddable":true,"href":"https:\/\/psgfans.fr\/index.php?rest_route=%2Fwp%2Fv2%2Fcategories&post=690"},{"taxonomy":"post_tag","embeddable":true,"href":"https:\/\/psgfans.fr\/index.php?rest_route=%2Fwp%2Fv2%2Ftags&post=690"}],"curies":[{"name":"wp","href":"https:\/\/api.w.org\/{rel}","templated":true}]}}