{"id":689,"date":"2014-04-29T13:22:00","date_gmt":"2014-04-29T12:22:00","guid":{"rendered":"https:\/\/psgfans.fr\/?p=689"},"modified":"2014-04-29T13:22:00","modified_gmt":"2014-04-29T12:22:00","slug":"les-parisiens-solidaires-de-dani-alves","status":"publish","type":"post","link":"https:\/\/psgfans.fr\/?p=689","title":{"rendered":"Les Parisiens solidaires de Dani Alves"},"content":{"rendered":"<div style=\"clear: both; text-align: center;\"><a href=\"https:\/\/blogger.googleusercontent.com\/img\/b\/R29vZ2xl\/AVvXsEiJJJs98UitjFP_WHX9zWCN8Wk812wKDheqkpDwVVs4bn1RZU56-HOP6nKXWxNQbIX8QXgvdiBS4QpzB3rx1d5cw7AlJCvfTqPCOc8VGF9vrbSvQHHxrpJ4d4Lk7D_hC7tZ3im9EOBa8i0\/s1600\/0F7smhMzqoU.jpg\" style=\"margin-left: 1em; margin-right: 1em;\"><img loading=\"lazy\" decoding=\"async\" border=\"0\" src=\"https:\/\/blogger.googleusercontent.com\/img\/b\/R29vZ2xl\/AVvXsEiJJJs98UitjFP_WHX9zWCN8Wk812wKDheqkpDwVVs4bn1RZU56-HOP6nKXWxNQbIX8QXgvdiBS4QpzB3rx1d5cw7AlJCvfTqPCOc8VGF9vrbSvQHHxrpJ4d4Lk7D_hC7tZ3im9EOBa8i0\/s1600\/0F7smhMzqoU.jpg\" height=\"350\" width=\"400\" \/><\/a><\/div>\n<p><b>Victime d&rsquo;un acte raciste ce week-end en Liga lors de Villareal-Bar\u00e7a, le Br\u00e9silien Dani Alves a soulev\u00e9 une vague de solidarit\u00e9 plan\u00e9taire sur la toile. A commencer par les Parisiens.&nbsp;<\/b><\/p>\n<p>L&rsquo;image a fait le tour de la plan\u00e8te. Dimanche soir, sur la pelouse d&rsquo;El Madrigal de Villareal, Daniel Alves a v\u00e9cu une m\u00e9saventure qui, depuis, suscite une indignation d\u00e9passant les fronti\u00e8res.<\/p>\n<p>Alors qu&rsquo;il s&rsquo;appr\u00eatait \u00e0 frapper un corner en seconde p\u00e9riode, un soi-disant \u00ab\u00a0supporter\u00a0\u00bb adverse a lanc\u00e9 une banane sur le terrain, \u00e0 destination du num\u00e9ro 22 du Bar\u00e7a .<\/p>\n<p>Un acte d\u00e9plorable, \u00e0 caract\u00e8re raciste, auquel l&rsquo;international auriverde a r\u00e9pondu de fa\u00e7on originale \u00e0 cette provocation en mangeant en partie le fruit.<\/p>\n<p>Depuis, un \u00e9lan de soutien \u00e0 \u00e9chelle mondiale a aliment\u00e9 les r\u00e9seaux sociaux. Joueurs ou politiques ont salu\u00e9 le geste de Dani Alves. A commencer ici, dans la capitale, avec notamment Edinson Cavani, Pocho Lavezzi ou son comptariote Lucas, tous via leur compte officiel Twitter.<\/p>\n<p>Histoire de dire d&rsquo;une seule voix \u00ab\u00a0NON\u00a0\u00bb au racisme.<\/p>\n<p>psg.fr\/<\/p>\n<div style=\"clear: both; text-align: center;\"><a href=\"https:\/\/blogger.googleusercontent.com\/img\/b\/R29vZ2xl\/AVvXsEjpUr0Upyjd3UnKmgdAdzKw-EhjZDn-j2576xzvoWhxs58U-4BWG57kny0IS8X_hwiMMnmapei1gV8ixPxJ_UJ4PTWkaIAxnKULF-uh8mYKgA-FtiiFvlAuMnrbaMsJKgCGdfLqwZxUR3o\/s1600\/1.png\" style=\"margin-left: 1em; margin-right: 1em;\"><img decoding=\"async\" border=\"0\" src=\"https:\/\/blogger.googleusercontent.com\/img\/b\/R29vZ2xl\/AVvXsEjpUr0Upyjd3UnKmgdAdzKw-EhjZDn-j2576xzvoWhxs58U-4BWG57kny0IS8X_hwiMMnmapei1gV8ixPxJ_UJ4PTWkaIAxnKULF-uh8mYKgA-FtiiFvlAuMnrbaMsJKgCGdfLqwZxUR3o\/s1600\/1.png\" \/><\/a><\/div>\n<p><\/p>\n<div style=\"clear: both; text-align: center;\"><a href=\"https:\/\/blogger.googleusercontent.com\/img\/b\/R29vZ2xl\/AVvXsEgn6_W8XSY9f3VhDZC50W1WO4dC2Oapt1M0PiC6Ewxpms5hIzbD9GXOaaqFTHxlKCOb1kpuXOhnLuKvADWcW5FtF6ZX2YAAwWHSleTGW59vDCdCA4ZWcdgLL52-45ArfQ5nxskLDbyTf50\/s1600\/2.png\" style=\"margin-left: 1em; margin-right: 1em;\"><img decoding=\"async\" border=\"0\" src=\"https:\/\/blogger.googleusercontent.com\/img\/b\/R29vZ2xl\/AVvXsEgn6_W8XSY9f3VhDZC50W1WO4dC2Oapt1M0PiC6Ewxpms5hIzbD9GXOaaqFTHxlKCOb1kpuXOhnLuKvADWcW5FtF6ZX2YAAwWHSleTGW59vDCdCA4ZWcdgLL52-45ArfQ5nxskLDbyTf50\/s1600\/2.png\" \/><\/a><\/div>\n<p><\/p>\n<div style=\"clear: both; text-align: center;\"><a href=\"https:\/\/blogger.googleusercontent.com\/img\/b\/R29vZ2xl\/AVvXsEgQ9fotC3PkkrBs0Kcs2lzBl0Oduq2tMd9BQe79DYrhwc4vX429qgFaZAJknJh3thGI62LshVgPhUQ_0XpWk4Mtr0w4lvLh9gGUwFsDDKz8f-jCdgekkG2YCq1L1ui1BKIiwSG7t9pjZwM\/s1600\/3.png\" style=\"margin-left: 1em; margin-right: 1em;\"><img decoding=\"async\" border=\"0\" src=\"https:\/\/blogger.googleusercontent.com\/img\/b\/R29vZ2xl\/AVvXsEgQ9fotC3PkkrBs0Kcs2lzBl0Oduq2tMd9BQe79DYrhwc4vX429qgFaZAJknJh3thGI62LshVgPhUQ_0XpWk4Mtr0w4lvLh9gGUwFsDDKz8f-jCdgekkG2YCq1L1ui1BKIiwSG7t9pjZwM\/s1600\/3.png\" \/><\/a><\/div>\n<p><\/p>\n","protected":false},"excerpt":{"rendered":"<p>Victime d&rsquo;un acte raciste ce week-end en Liga lors de Villareal-Bar\u00e7a, le Br\u00e9silien Dani Alves a soulev\u00e9 une vague de solidarit\u00e9 plan\u00e9taire sur la toile. A commencer par les Parisiens.&nbsp; L&rsquo;image a fait le tour de la plan\u00e8te. Dimanche soir, sur la pelouse d&rsquo;El Madrigal de Villareal, Daniel Alves a v\u00e9cu une m\u00e9saventure qui, depuis, [&hellip;]<\/p>\n","protected":false},"author":2,"featured_media":0,"comment_status":"open","ping_status":"open","sticky":false,"template":"","format":"standard","meta":{"footnotes":""},"categories":[3,4],"tags":[],"class_list":{"0":"post-689","1":"post","2":"type-post","3":"status-publish","4":"format-standard","6":"category-news","7":"category-photos"},"yoast_head":"<!-- This site is optimized with the Yoast SEO plugin v27.4 - https:\/\/yoast.com\/product\/yoast-seo-wordpress\/ -->\n<title>Les Parisiens solidaires de Dani Alves - PSG FANS<\/title>\n<meta name=\"robots\" content=\"index, follow, max-snippet:-1, max-image-preview:large, max-video-preview:-1\" \/>\n<link rel=\"canonical\" href=\"https:\/\/psgfans.fr\/?p=689\" \/>\n<meta property=\"og:locale\" content=\"fr_FR\" \/>\n<meta property=\"og:type\" content=\"article\" \/>\n<meta property=\"og:title\" content=\"Les Parisiens solidaires de Dani Alves - PSG FANS\" \/>\n<meta property=\"og:description\" content=\"Victime d&rsquo;un acte raciste ce week-end en Liga lors de Villareal-Bar\u00e7a, le Br\u00e9silien Dani Alves a soulev\u00e9 une vague de solidarit\u00e9 plan\u00e9taire sur la toile. A commencer par les Parisiens.&nbsp; L&rsquo;image a fait le tour de la plan\u00e8te. Dimanche soir, sur la pelouse d&rsquo;El Madrigal de Villareal, Daniel Alves a v\u00e9cu une m\u00e9saventure qui, depuis, [&hellip;]\" \/>\n<meta property=\"og:url\" content=\"https:\/\/psgfans.fr\/?p=689\" \/>\n<meta property=\"og:site_name\" content=\"PSG FANS\" \/>\n<meta property=\"article:published_time\" content=\"2014-04-29T12:22:00+00:00\" \/>\n<meta property=\"og:image\" content=\"https:\/\/blogger.googleusercontent.com\/img\/b\/R29vZ2xl\/AVvXsEiJJJs98UitjFP_WHX9zWCN8Wk812wKDheqkpDwVVs4bn1RZU56-HOP6nKXWxNQbIX8QXgvdiBS4QpzB3rx1d5cw7AlJCvfTqPCOc8VGF9vrbSvQHHxrpJ4d4Lk7D_hC7tZ3im9EOBa8i0\/s1600\/0F7smhMzqoU.jpg\" \/>\n<meta name=\"author\" content=\"psgfans\" \/>\n<meta name=\"twitter:card\" content=\"summary_large_image\" \/>\n<meta name=\"twitter:label1\" content=\"\u00c9crit par\" \/>\n\t<meta name=\"twitter:data1\" content=\"psgfans\" \/>\n\t<meta name=\"twitter:label2\" content=\"Dur\u00e9e de lecture estim\u00e9e\" \/>\n\t<meta name=\"twitter:data2\" content=\"1 minute\" \/>\n<script type=\"application\/ld+json\" class=\"yoast-schema-graph\">{\"@context\":\"https:\\\/\\\/schema.org\",\"@graph\":[{\"@type\":\"Article\",\"@id\":\"https:\\\/\\\/psgfans.fr\\\/?p=689#article\",\"isPartOf\":{\"@id\":\"https:\\\/\\\/psgfans.fr\\\/?p=689\"},\"author\":{\"name\":\"psgfans\",\"@id\":\"https:\\\/\\\/psgfans.fr\\\/#\\\/schema\\\/person\\\/be2237e7a0237af2f29cb344b3c55e6c\"},\"headline\":\"Les Parisiens solidaires de Dani Alves\",\"datePublished\":\"2014-04-29T12:22:00+00:00\",\"mainEntityOfPage\":{\"@id\":\"https:\\\/\\\/psgfans.fr\\\/?p=689\"},\"wordCount\":193,\"commentCount\":0,\"image\":{\"@id\":\"https:\\\/\\\/psgfans.fr\\\/?p=689#primaryimage\"},\"thumbnailUrl\":\"https:\\\/\\\/blogger.googleusercontent.com\\\/img\\\/b\\\/R29vZ2xl\\\/AVvXsEiJJJs98UitjFP_WHX9zWCN8Wk812wKDheqkpDwVVs4bn1RZU56-HOP6nKXWxNQbIX8QXgvdiBS4QpzB3rx1d5cw7AlJCvfTqPCOc8VGF9vrbSvQHHxrpJ4d4Lk7D_hC7tZ3im9EOBa8i0\\\/s1600\\\/0F7smhMzqoU.jpg\",\"articleSection\":[\"News\",\"Photos\"],\"inLanguage\":\"fr-FR\",\"potentialAction\":[{\"@type\":\"CommentAction\",\"name\":\"Comment\",\"target\":[\"https:\\\/\\\/psgfans.fr\\\/?p=689#respond\"]}]},{\"@type\":\"WebPage\",\"@id\":\"https:\\\/\\\/psgfans.fr\\\/?p=689\",\"url\":\"https:\\\/\\\/psgfans.fr\\\/?p=689\",\"name\":\"Les Parisiens solidaires de Dani Alves - PSG FANS\",\"isPartOf\":{\"@id\":\"https:\\\/\\\/psgfans.fr\\\/#website\"},\"primaryImageOfPage\":{\"@id\":\"https:\\\/\\\/psgfans.fr\\\/?p=689#primaryimage\"},\"image\":{\"@id\":\"https:\\\/\\\/psgfans.fr\\\/?p=689#primaryimage\"},\"thumbnailUrl\":\"https:\\\/\\\/blogger.googleusercontent.com\\\/img\\\/b\\\/R29vZ2xl\\\/AVvXsEiJJJs98UitjFP_WHX9zWCN8Wk812wKDheqkpDwVVs4bn1RZU56-HOP6nKXWxNQbIX8QXgvdiBS4QpzB3rx1d5cw7AlJCvfTqPCOc8VGF9vrbSvQHHxrpJ4d4Lk7D_hC7tZ3im9EOBa8i0\\\/s1600\\\/0F7smhMzqoU.jpg\",\"datePublished\":\"2014-04-29T12:22:00+00:00\",\"author\":{\"@id\":\"https:\\\/\\\/psgfans.fr\\\/#\\\/schema\\\/person\\\/be2237e7a0237af2f29cb344b3c55e6c\"},\"breadcrumb\":{\"@id\":\"https:\\\/\\\/psgfans.fr\\\/?p=689#breadcrumb\"},\"inLanguage\":\"fr-FR\",\"potentialAction\":[{\"@type\":\"ReadAction\",\"target\":[\"https:\\\/\\\/psgfans.fr\\\/?p=689\"]}]},{\"@type\":\"ImageObject\",\"inLanguage\":\"fr-FR\",\"@id\":\"https:\\\/\\\/psgfans.fr\\\/?p=689#primaryimage\",\"url\":\"https:\\\/\\\/blogger.googleusercontent.com\\\/img\\\/b\\\/R29vZ2xl\\\/AVvXsEiJJJs98UitjFP_WHX9zWCN8Wk812wKDheqkpDwVVs4bn1RZU56-HOP6nKXWxNQbIX8QXgvdiBS4QpzB3rx1d5cw7AlJCvfTqPCOc8VGF9vrbSvQHHxrpJ4d4Lk7D_hC7tZ3im9EOBa8i0\\\/s1600\\\/0F7smhMzqoU.jpg\",\"contentUrl\":\"https:\\\/\\\/blogger.googleusercontent.com\\\/img\\\/b\\\/R29vZ2xl\\\/AVvXsEiJJJs98UitjFP_WHX9zWCN8Wk812wKDheqkpDwVVs4bn1RZU56-HOP6nKXWxNQbIX8QXgvdiBS4QpzB3rx1d5cw7AlJCvfTqPCOc8VGF9vrbSvQHHxrpJ4d4Lk7D_hC7tZ3im9EOBa8i0\\\/s1600\\\/0F7smhMzqoU.jpg\"},{\"@type\":\"BreadcrumbList\",\"@id\":\"https:\\\/\\\/psgfans.fr\\\/?p=689#breadcrumb\",\"itemListElement\":[{\"@type\":\"ListItem\",\"position\":1,\"name\":\"Accueil\",\"item\":\"https:\\\/\\\/psgfans.fr\\\/\"},{\"@type\":\"ListItem\",\"position\":2,\"name\":\"Les Parisiens solidaires de Dani Alves\"}]},{\"@type\":\"WebSite\",\"@id\":\"https:\\\/\\\/psgfans.fr\\\/#website\",\"url\":\"https:\\\/\\\/psgfans.fr\\\/\",\"name\":\"PSG FANS\",\"description\":\"Unit\u00e9, Passion, Victoire : Au C\u0153ur du Paris Saint-Germain!\",\"potentialAction\":[{\"@type\":\"SearchAction\",\"target\":{\"@type\":\"EntryPoint\",\"urlTemplate\":\"https:\\\/\\\/psgfans.fr\\\/?s={search_term_string}\"},\"query-input\":{\"@type\":\"PropertyValueSpecification\",\"valueRequired\":true,\"valueName\":\"search_term_string\"}}],\"inLanguage\":\"fr-FR\"},{\"@type\":\"Person\",\"@id\":\"https:\\\/\\\/psgfans.fr\\\/#\\\/schema\\\/person\\\/be2237e7a0237af2f29cb344b3c55e6c\",\"name\":\"psgfans\",\"image\":{\"@type\":\"ImageObject\",\"inLanguage\":\"fr-FR\",\"@id\":\"https:\\\/\\\/secure.gravatar.com\\\/avatar\\\/?s=96&d=mm&r=g\",\"url\":\"https:\\\/\\\/secure.gravatar.com\\\/avatar\\\/?s=96&d=mm&r=g\",\"contentUrl\":\"https:\\\/\\\/secure.gravatar.com\\\/avatar\\\/?s=96&d=mm&r=g\",\"caption\":\"psgfans\"},\"url\":\"https:\\\/\\\/psgfans.fr\\\/?author=2\"}]}<\/script>\n<!-- \/ Yoast SEO plugin. -->","yoast_head_json":{"title":"Les Parisiens solidaires de Dani Alves - PSG FANS","robots":{"index":"index","follow":"follow","max-snippet":"max-snippet:-1","max-image-preview":"max-image-preview:large","max-video-preview":"max-video-preview:-1"},"canonical":"https:\/\/psgfans.fr\/?p=689","og_locale":"fr_FR","og_type":"article","og_title":"Les Parisiens solidaires de Dani Alves - PSG FANS","og_description":"Victime d&rsquo;un acte raciste ce week-end en Liga lors de Villareal-Bar\u00e7a, le Br\u00e9silien Dani Alves a soulev\u00e9 une vague de solidarit\u00e9 plan\u00e9taire sur la toile. A commencer par les Parisiens.&nbsp; L&rsquo;image a fait le tour de la plan\u00e8te. Dimanche soir, sur la pelouse d&rsquo;El Madrigal de Villareal, Daniel Alves a v\u00e9cu une m\u00e9saventure qui, depuis, [&hellip;]","og_url":"https:\/\/psgfans.fr\/?p=689","og_site_name":"PSG FANS","article_published_time":"2014-04-29T12:22:00+00:00","og_image":[{"url":"https:\/\/blogger.googleusercontent.com\/img\/b\/R29vZ2xl\/AVvXsEiJJJs98UitjFP_WHX9zWCN8Wk812wKDheqkpDwVVs4bn1RZU56-HOP6nKXWxNQbIX8QXgvdiBS4QpzB3rx1d5cw7AlJCvfTqPCOc8VGF9vrbSvQHHxrpJ4d4Lk7D_hC7tZ3im9EOBa8i0\/s1600\/0F7smhMzqoU.jpg","type":"","width":"","height":""}],"author":"psgfans","twitter_card":"summary_large_image","twitter_misc":{"\u00c9crit par":"psgfans","Dur\u00e9e de lecture estim\u00e9e":"1 minute"},"schema":{"@context":"https:\/\/schema.org","@graph":[{"@type":"Article","@id":"https:\/\/psgfans.fr\/?p=689#article","isPartOf":{"@id":"https:\/\/psgfans.fr\/?p=689"},"author":{"name":"psgfans","@id":"https:\/\/psgfans.fr\/#\/schema\/person\/be2237e7a0237af2f29cb344b3c55e6c"},"headline":"Les Parisiens solidaires de Dani Alves","datePublished":"2014-04-29T12:22:00+00:00","mainEntityOfPage":{"@id":"https:\/\/psgfans.fr\/?p=689"},"wordCount":193,"commentCount":0,"image":{"@id":"https:\/\/psgfans.fr\/?p=689#primaryimage"},"thumbnailUrl":"https:\/\/blogger.googleusercontent.com\/img\/b\/R29vZ2xl\/AVvXsEiJJJs98UitjFP_WHX9zWCN8Wk812wKDheqkpDwVVs4bn1RZU56-HOP6nKXWxNQbIX8QXgvdiBS4QpzB3rx1d5cw7AlJCvfTqPCOc8VGF9vrbSvQHHxrpJ4d4Lk7D_hC7tZ3im9EOBa8i0\/s1600\/0F7smhMzqoU.jpg","articleSection":["News","Photos"],"inLanguage":"fr-FR","potentialAction":[{"@type":"CommentAction","name":"Comment","target":["https:\/\/psgfans.fr\/?p=689#respond"]}]},{"@type":"WebPage","@id":"https:\/\/psgfans.fr\/?p=689","url":"https:\/\/psgfans.fr\/?p=689","name":"Les Parisiens solidaires de Dani Alves - PSG FANS","isPartOf":{"@id":"https:\/\/psgfans.fr\/#website"},"primaryImageOfPage":{"@id":"https:\/\/psgfans.fr\/?p=689#primaryimage"},"image":{"@id":"https:\/\/psgfans.fr\/?p=689#primaryimage"},"thumbnailUrl":"https:\/\/blogger.googleusercontent.com\/img\/b\/R29vZ2xl\/AVvXsEiJJJs98UitjFP_WHX9zWCN8Wk812wKDheqkpDwVVs4bn1RZU56-HOP6nKXWxNQbIX8QXgvdiBS4QpzB3rx1d5cw7AlJCvfTqPCOc8VGF9vrbSvQHHxrpJ4d4Lk7D_hC7tZ3im9EOBa8i0\/s1600\/0F7smhMzqoU.jpg","datePublished":"2014-04-29T12:22:00+00:00","author":{"@id":"https:\/\/psgfans.fr\/#\/schema\/person\/be2237e7a0237af2f29cb344b3c55e6c"},"breadcrumb":{"@id":"https:\/\/psgfans.fr\/?p=689#breadcrumb"},"inLanguage":"fr-FR","potentialAction":[{"@type":"ReadAction","target":["https:\/\/psgfans.fr\/?p=689"]}]},{"@type":"ImageObject","inLanguage":"fr-FR","@id":"https:\/\/psgfans.fr\/?p=689#primaryimage","url":"https:\/\/blogger.googleusercontent.com\/img\/b\/R29vZ2xl\/AVvXsEiJJJs98UitjFP_WHX9zWCN8Wk812wKDheqkpDwVVs4bn1RZU56-HOP6nKXWxNQbIX8QXgvdiBS4QpzB3rx1d5cw7AlJCvfTqPCOc8VGF9vrbSvQHHxrpJ4d4Lk7D_hC7tZ3im9EOBa8i0\/s1600\/0F7smhMzqoU.jpg","contentUrl":"https:\/\/blogger.googleusercontent.com\/img\/b\/R29vZ2xl\/AVvXsEiJJJs98UitjFP_WHX9zWCN8Wk812wKDheqkpDwVVs4bn1RZU56-HOP6nKXWxNQbIX8QXgvdiBS4QpzB3rx1d5cw7AlJCvfTqPCOc8VGF9vrbSvQHHxrpJ4d4Lk7D_hC7tZ3im9EOBa8i0\/s1600\/0F7smhMzqoU.jpg"},{"@type":"BreadcrumbList","@id":"https:\/\/psgfans.fr\/?p=689#breadcrumb","itemListElement":[{"@type":"ListItem","position":1,"name":"Accueil","item":"https:\/\/psgfans.fr\/"},{"@type":"ListItem","position":2,"name":"Les Parisiens solidaires de Dani Alves"}]},{"@type":"WebSite","@id":"https:\/\/psgfans.fr\/#website","url":"https:\/\/psgfans.fr\/","name":"PSG FANS","description":"Unit\u00e9, Passion, Victoire : Au C\u0153ur du Paris Saint-Germain!","potentialAction":[{"@type":"SearchAction","target":{"@type":"EntryPoint","urlTemplate":"https:\/\/psgfans.fr\/?s={search_term_string}"},"query-input":{"@type":"PropertyValueSpecification","valueRequired":true,"valueName":"search_term_string"}}],"inLanguage":"fr-FR"},{"@type":"Person","@id":"https:\/\/psgfans.fr\/#\/schema\/person\/be2237e7a0237af2f29cb344b3c55e6c","name":"psgfans","image":{"@type":"ImageObject","inLanguage":"fr-FR","@id":"https:\/\/secure.gravatar.com\/avatar\/?s=96&d=mm&r=g","url":"https:\/\/secure.gravatar.com\/avatar\/?s=96&d=mm&r=g","contentUrl":"https:\/\/secure.gravatar.com\/avatar\/?s=96&d=mm&r=g","caption":"psgfans"},"url":"https:\/\/psgfans.fr\/?author=2"}]}},"_links":{"self":[{"href":"https:\/\/psgfans.fr\/index.php?rest_route=\/wp\/v2\/posts\/689","targetHints":{"allow":["GET"]}}],"collection":[{"href":"https:\/\/psgfans.fr\/index.php?rest_route=\/wp\/v2\/posts"}],"about":[{"href":"https:\/\/psgfans.fr\/index.php?rest_route=\/wp\/v2\/types\/post"}],"author":[{"embeddable":true,"href":"https:\/\/psgfans.fr\/index.php?rest_route=\/wp\/v2\/users\/2"}],"replies":[{"embeddable":true,"href":"https:\/\/psgfans.fr\/index.php?rest_route=%2Fwp%2Fv2%2Fcomments&post=689"}],"version-history":[{"count":0,"href":"https:\/\/psgfans.fr\/index.php?rest_route=\/wp\/v2\/posts\/689\/revisions"}],"wp:attachment":[{"href":"https:\/\/psgfans.fr\/index.php?rest_route=%2Fwp%2Fv2%2Fmedia&parent=689"}],"wp:term":[{"taxonomy":"category","embeddable":true,"href":"https:\/\/psgfans.fr\/index.php?rest_route=%2Fwp%2Fv2%2Fcategories&post=689"},{"taxonomy":"post_tag","embeddable":true,"href":"https:\/\/psgfans.fr\/index.php?rest_route=%2Fwp%2Fv2%2Ftags&post=689"}],"curies":[{"name":"wp","href":"https:\/\/api.w.org\/{rel}","templated":true}]}}