{"id":688,"date":"2014-04-30T00:53:00","date_gmt":"2014-04-29T23:53:00","guid":{"rendered":"https:\/\/psgfans.fr\/?p=688"},"modified":"2014-04-30T00:53:00","modified_gmt":"2014-04-29T23:53:00","slug":"le-psg-se-prepare-a-payer-une-amende","status":"publish","type":"post","link":"https:\/\/psgfans.fr\/?p=688","title":{"rendered":"le PSG se pr\u00e9pare \u00e0 payer une amende"},"content":{"rendered":"<div style=\"clear: both; text-align: center;\"><a href=\"https:\/\/blogger.googleusercontent.com\/img\/b\/R29vZ2xl\/AVvXsEi-_lxo2vhecMQ0gh57lE3640H6Uk-6bhLewPkueRdz66Ng2u2hCQQVz9TRUbz18OdIUNrYGx8Rk0zzSpwhaVGLiV50zNuzpKJV21gmbMoepBkgz6PzR2niojUyk8LdEFRvjHbYIpSb9Bk\/s1600\/0F7smhMzqoU.jpg\" style=\"margin-left: 1em; margin-right: 1em;\"><img loading=\"lazy\" decoding=\"async\" border=\"0\" src=\"https:\/\/blogger.googleusercontent.com\/img\/b\/R29vZ2xl\/AVvXsEi-_lxo2vhecMQ0gh57lE3640H6Uk-6bhLewPkueRdz66Ng2u2hCQQVz9TRUbz18OdIUNrYGx8Rk0zzSpwhaVGLiV50zNuzpKJV21gmbMoepBkgz6PzR2niojUyk8LdEFRvjHbYIpSb9Bk\/s1600\/0F7smhMzqoU.jpg\" height=\"175\" width=\"400\" \/><\/a><\/div>\n<p><b>La sanction du club parisien par l&rsquo;UEFA ne fait d\u00e9sormais aucun doute. Et l&rsquo;amende inflig\u00e9e pourrait \u00eatre sal\u00e9e&#8230;<\/b><\/p>\n<div><\/div>\n<div>C&rsquo;est une longue partie de poker qui s&rsquo;ach\u00e8ve entre la direction du PSG et l&rsquo;UEFA. A l&rsquo;issue de plusieurs mois d&rsquo;investigation ponctu\u00e9s d&rsquo;auditions et d&rsquo;audits, l&rsquo;instance de contr\u00f4le financier des clubs (ICFC), pr\u00e9sid\u00e9e par le Belge Jean-Luc Dehaene, se r\u00e9unit jeudi 1er mai \u00e0 Nyon (Suisse). Elle ent\u00e9rinera alors les sanctions destin\u00e9es aux clubs en infraction avec le r\u00e8glement du fair-play financier.<\/div>\n<div><\/div>\n<div>\n<div>Le temps de la communication interviendra dans les jours suivants. Une chose est s\u00fbre, le PSG fera bel et bien partie de la liste des mauvais \u00e9l\u00e8ves.<\/div>\n<div><\/div>\n<div>A priori, le club parisien pr\u00e9sente pourtant un profil id\u00e9al. Il respecte en effet le principe fondamental du syst\u00e8me, puisqu&rsquo;il parvient \u00e0 \u00e9quilibrer ses recettes et ses d\u00e9penses. Le compte de r\u00e9sultat du PSG de la saison 2012-2013 affichait ainsi un d\u00e9ficit presque symbolique de 3,5 M\u20ac. Probl\u00e8me : les moyens utilis\u00e9s par le PSG pour parvenir \u00e0 cet \u00e9quilibre ne sont pas du go\u00fbt des experts mandat\u00e9s par l&rsquo;UEFA. Dans leur ligne de mire, le contrat d&rsquo;image entre le PSG et la Qatar Tourism Authority (QTA), l&rsquo;office de tourisme qatarien. Sign\u00e9 en 2012, ce partenariat aux contours tr\u00e8s flous a rapport\u00e9 la saison pass\u00e9e environ 200 M\u20ac, soit la moiti\u00e9 des recettes du club de la capitale. Conclu entre des parties li\u00e9es \u00e0 un m\u00eame actionnaire ultime, l&rsquo;Etat du Qatar, il est soup\u00e7onn\u00e9 d&rsquo;avoir \u00e9t\u00e9 sur\u00e9valu\u00e9 et de sortir des prix du march\u00e9.<\/div>\n<div><\/div>\n<div>Plusieurs dizaines de millions d&rsquo;euros<\/div>\n<div><\/div>\n<div>Il reste maintenant \u00e0 conna\u00eetre la s\u00e9v\u00e9rit\u00e9 et le caract\u00e8re plus ou moins contraignants de la sanction qui attend le PSG. Si la menace d&rsquo;une exclusion de la prochaine Ligue des champions est d&rsquo;ores et d\u00e9j\u00e0 \u00e9cart\u00e9e, le club parisien sera-t-il emp\u00each\u00e9 d&rsquo;aligner ses \u00e9ventuelles recrues sur les terrains europ\u00e9ens ? Verra-t-il sa masse salariale s\u00e9v\u00e8rement encadr\u00e9e ? Ces sanctions ont effectivement \u00e9t\u00e9 envisag\u00e9es (voir nos \u00e9ditions du 22 avril) par l&rsquo;instance de contr\u00f4le des clubs. Cependant, pour le PSG comme pour les autres clubs europ\u00e9ens concern\u00e9s, les sanctions d\u00e9finitives ne sont pas inflig\u00e9es de mani\u00e8re verticale. Elles sont le fruit de n\u00e9gociations. C&rsquo;est toute la force et toute la faiblesse du syst\u00e8me du fair-play financier.<\/div>\n<div><\/div>\n<div>Selon nos informations, le club parisien a justement scell\u00e9 avec l&rsquo;instance de contr\u00f4le le principe d&rsquo;une amende de plusieurs dizaines de millions d&rsquo;euros. Ce type de sanction, le troisi\u00e8me selon l&rsquo;ordre croissant des sanctions pr\u00e9vues dans le r\u00e8glement du fair-play, serait un moindre mal pour le PSG. Il serait toutefois assorti d&rsquo;objectifs financiers \u00e0 respecter d&rsquo;ici un an. Autant de temps de gagn\u00e9 pour les Parisiens.<\/div>\n<div>Le Parisien<\/div>\n<\/div>\n","protected":false},"excerpt":{"rendered":"<p>La sanction du club parisien par l&rsquo;UEFA ne fait d\u00e9sormais aucun doute. Et l&rsquo;amende inflig\u00e9e pourrait \u00eatre sal\u00e9e&#8230; C&rsquo;est une longue partie de poker qui s&rsquo;ach\u00e8ve entre la direction du PSG et l&rsquo;UEFA. A l&rsquo;issue de plusieurs mois d&rsquo;investigation ponctu\u00e9s d&rsquo;auditions et d&rsquo;audits, l&rsquo;instance de contr\u00f4le financier des clubs (ICFC), pr\u00e9sid\u00e9e par le Belge Jean-Luc [&hellip;]<\/p>\n","protected":false},"author":2,"featured_media":0,"comment_status":"open","ping_status":"open","sticky":false,"template":"","format":"standard","meta":{"footnotes":""},"categories":[3],"tags":[],"class_list":{"0":"post-688","1":"post","2":"type-post","3":"status-publish","4":"format-standard","6":"category-news"},"yoast_head":"<!-- This site is optimized with the Yoast SEO plugin v27.4 - https:\/\/yoast.com\/product\/yoast-seo-wordpress\/ -->\n<title>le PSG se pr\u00e9pare \u00e0 payer une amende - PSG FANS<\/title>\n<meta name=\"robots\" content=\"index, follow, max-snippet:-1, max-image-preview:large, max-video-preview:-1\" \/>\n<link rel=\"canonical\" href=\"https:\/\/psgfans.fr\/?p=688\" \/>\n<meta property=\"og:locale\" content=\"fr_FR\" \/>\n<meta property=\"og:type\" content=\"article\" \/>\n<meta property=\"og:title\" content=\"le PSG se pr\u00e9pare \u00e0 payer une amende - PSG FANS\" \/>\n<meta property=\"og:description\" content=\"La sanction du club parisien par l&rsquo;UEFA ne fait d\u00e9sormais aucun doute. Et l&rsquo;amende inflig\u00e9e pourrait \u00eatre sal\u00e9e&#8230; C&rsquo;est une longue partie de poker qui s&rsquo;ach\u00e8ve entre la direction du PSG et l&rsquo;UEFA. A l&rsquo;issue de plusieurs mois d&rsquo;investigation ponctu\u00e9s d&rsquo;auditions et d&rsquo;audits, l&rsquo;instance de contr\u00f4le financier des clubs (ICFC), pr\u00e9sid\u00e9e par le Belge Jean-Luc [&hellip;]\" \/>\n<meta property=\"og:url\" content=\"https:\/\/psgfans.fr\/?p=688\" \/>\n<meta property=\"og:site_name\" content=\"PSG FANS\" \/>\n<meta property=\"article:published_time\" content=\"2014-04-29T23:53:00+00:00\" \/>\n<meta property=\"og:image\" content=\"https:\/\/blogger.googleusercontent.com\/img\/b\/R29vZ2xl\/AVvXsEi-_lxo2vhecMQ0gh57lE3640H6Uk-6bhLewPkueRdz66Ng2u2hCQQVz9TRUbz18OdIUNrYGx8Rk0zzSpwhaVGLiV50zNuzpKJV21gmbMoepBkgz6PzR2niojUyk8LdEFRvjHbYIpSb9Bk\/s1600\/0F7smhMzqoU.jpg\" \/>\n<meta name=\"author\" content=\"psgfans\" \/>\n<meta name=\"twitter:card\" content=\"summary_large_image\" \/>\n<meta name=\"twitter:label1\" content=\"\u00c9crit par\" \/>\n\t<meta name=\"twitter:data1\" content=\"psgfans\" \/>\n\t<meta name=\"twitter:label2\" content=\"Dur\u00e9e de lecture estim\u00e9e\" \/>\n\t<meta name=\"twitter:data2\" content=\"2 minutes\" \/>\n<script type=\"application\/ld+json\" class=\"yoast-schema-graph\">{\"@context\":\"https:\\\/\\\/schema.org\",\"@graph\":[{\"@type\":\"Article\",\"@id\":\"https:\\\/\\\/psgfans.fr\\\/?p=688#article\",\"isPartOf\":{\"@id\":\"https:\\\/\\\/psgfans.fr\\\/?p=688\"},\"author\":{\"name\":\"psgfans\",\"@id\":\"https:\\\/\\\/psgfans.fr\\\/#\\\/schema\\\/person\\\/be2237e7a0237af2f29cb344b3c55e6c\"},\"headline\":\"le PSG se pr\u00e9pare \u00e0 payer une amende\",\"datePublished\":\"2014-04-29T23:53:00+00:00\",\"mainEntityOfPage\":{\"@id\":\"https:\\\/\\\/psgfans.fr\\\/?p=688\"},\"wordCount\":517,\"commentCount\":0,\"image\":{\"@id\":\"https:\\\/\\\/psgfans.fr\\\/?p=688#primaryimage\"},\"thumbnailUrl\":\"https:\\\/\\\/blogger.googleusercontent.com\\\/img\\\/b\\\/R29vZ2xl\\\/AVvXsEi-_lxo2vhecMQ0gh57lE3640H6Uk-6bhLewPkueRdz66Ng2u2hCQQVz9TRUbz18OdIUNrYGx8Rk0zzSpwhaVGLiV50zNuzpKJV21gmbMoepBkgz6PzR2niojUyk8LdEFRvjHbYIpSb9Bk\\\/s1600\\\/0F7smhMzqoU.jpg\",\"articleSection\":[\"News\"],\"inLanguage\":\"fr-FR\",\"potentialAction\":[{\"@type\":\"CommentAction\",\"name\":\"Comment\",\"target\":[\"https:\\\/\\\/psgfans.fr\\\/?p=688#respond\"]}]},{\"@type\":\"WebPage\",\"@id\":\"https:\\\/\\\/psgfans.fr\\\/?p=688\",\"url\":\"https:\\\/\\\/psgfans.fr\\\/?p=688\",\"name\":\"le PSG se pr\u00e9pare \u00e0 payer une amende - PSG FANS\",\"isPartOf\":{\"@id\":\"https:\\\/\\\/psgfans.fr\\\/#website\"},\"primaryImageOfPage\":{\"@id\":\"https:\\\/\\\/psgfans.fr\\\/?p=688#primaryimage\"},\"image\":{\"@id\":\"https:\\\/\\\/psgfans.fr\\\/?p=688#primaryimage\"},\"thumbnailUrl\":\"https:\\\/\\\/blogger.googleusercontent.com\\\/img\\\/b\\\/R29vZ2xl\\\/AVvXsEi-_lxo2vhecMQ0gh57lE3640H6Uk-6bhLewPkueRdz66Ng2u2hCQQVz9TRUbz18OdIUNrYGx8Rk0zzSpwhaVGLiV50zNuzpKJV21gmbMoepBkgz6PzR2niojUyk8LdEFRvjHbYIpSb9Bk\\\/s1600\\\/0F7smhMzqoU.jpg\",\"datePublished\":\"2014-04-29T23:53:00+00:00\",\"author\":{\"@id\":\"https:\\\/\\\/psgfans.fr\\\/#\\\/schema\\\/person\\\/be2237e7a0237af2f29cb344b3c55e6c\"},\"breadcrumb\":{\"@id\":\"https:\\\/\\\/psgfans.fr\\\/?p=688#breadcrumb\"},\"inLanguage\":\"fr-FR\",\"potentialAction\":[{\"@type\":\"ReadAction\",\"target\":[\"https:\\\/\\\/psgfans.fr\\\/?p=688\"]}]},{\"@type\":\"ImageObject\",\"inLanguage\":\"fr-FR\",\"@id\":\"https:\\\/\\\/psgfans.fr\\\/?p=688#primaryimage\",\"url\":\"https:\\\/\\\/blogger.googleusercontent.com\\\/img\\\/b\\\/R29vZ2xl\\\/AVvXsEi-_lxo2vhecMQ0gh57lE3640H6Uk-6bhLewPkueRdz66Ng2u2hCQQVz9TRUbz18OdIUNrYGx8Rk0zzSpwhaVGLiV50zNuzpKJV21gmbMoepBkgz6PzR2niojUyk8LdEFRvjHbYIpSb9Bk\\\/s1600\\\/0F7smhMzqoU.jpg\",\"contentUrl\":\"https:\\\/\\\/blogger.googleusercontent.com\\\/img\\\/b\\\/R29vZ2xl\\\/AVvXsEi-_lxo2vhecMQ0gh57lE3640H6Uk-6bhLewPkueRdz66Ng2u2hCQQVz9TRUbz18OdIUNrYGx8Rk0zzSpwhaVGLiV50zNuzpKJV21gmbMoepBkgz6PzR2niojUyk8LdEFRvjHbYIpSb9Bk\\\/s1600\\\/0F7smhMzqoU.jpg\"},{\"@type\":\"BreadcrumbList\",\"@id\":\"https:\\\/\\\/psgfans.fr\\\/?p=688#breadcrumb\",\"itemListElement\":[{\"@type\":\"ListItem\",\"position\":1,\"name\":\"Accueil\",\"item\":\"https:\\\/\\\/psgfans.fr\\\/\"},{\"@type\":\"ListItem\",\"position\":2,\"name\":\"le PSG se pr\u00e9pare \u00e0 payer une amende\"}]},{\"@type\":\"WebSite\",\"@id\":\"https:\\\/\\\/psgfans.fr\\\/#website\",\"url\":\"https:\\\/\\\/psgfans.fr\\\/\",\"name\":\"PSG FANS\",\"description\":\"Unit\u00e9, Passion, Victoire : Au C\u0153ur du Paris Saint-Germain!\",\"potentialAction\":[{\"@type\":\"SearchAction\",\"target\":{\"@type\":\"EntryPoint\",\"urlTemplate\":\"https:\\\/\\\/psgfans.fr\\\/?s={search_term_string}\"},\"query-input\":{\"@type\":\"PropertyValueSpecification\",\"valueRequired\":true,\"valueName\":\"search_term_string\"}}],\"inLanguage\":\"fr-FR\"},{\"@type\":\"Person\",\"@id\":\"https:\\\/\\\/psgfans.fr\\\/#\\\/schema\\\/person\\\/be2237e7a0237af2f29cb344b3c55e6c\",\"name\":\"psgfans\",\"image\":{\"@type\":\"ImageObject\",\"inLanguage\":\"fr-FR\",\"@id\":\"https:\\\/\\\/secure.gravatar.com\\\/avatar\\\/?s=96&d=mm&r=g\",\"url\":\"https:\\\/\\\/secure.gravatar.com\\\/avatar\\\/?s=96&d=mm&r=g\",\"contentUrl\":\"https:\\\/\\\/secure.gravatar.com\\\/avatar\\\/?s=96&d=mm&r=g\",\"caption\":\"psgfans\"},\"url\":\"https:\\\/\\\/psgfans.fr\\\/?author=2\"}]}<\/script>\n<!-- \/ Yoast SEO plugin. -->","yoast_head_json":{"title":"le PSG se pr\u00e9pare \u00e0 payer une amende - PSG FANS","robots":{"index":"index","follow":"follow","max-snippet":"max-snippet:-1","max-image-preview":"max-image-preview:large","max-video-preview":"max-video-preview:-1"},"canonical":"https:\/\/psgfans.fr\/?p=688","og_locale":"fr_FR","og_type":"article","og_title":"le PSG se pr\u00e9pare \u00e0 payer une amende - PSG FANS","og_description":"La sanction du club parisien par l&rsquo;UEFA ne fait d\u00e9sormais aucun doute. Et l&rsquo;amende inflig\u00e9e pourrait \u00eatre sal\u00e9e&#8230; C&rsquo;est une longue partie de poker qui s&rsquo;ach\u00e8ve entre la direction du PSG et l&rsquo;UEFA. A l&rsquo;issue de plusieurs mois d&rsquo;investigation ponctu\u00e9s d&rsquo;auditions et d&rsquo;audits, l&rsquo;instance de contr\u00f4le financier des clubs (ICFC), pr\u00e9sid\u00e9e par le Belge Jean-Luc [&hellip;]","og_url":"https:\/\/psgfans.fr\/?p=688","og_site_name":"PSG FANS","article_published_time":"2014-04-29T23:53:00+00:00","og_image":[{"url":"https:\/\/blogger.googleusercontent.com\/img\/b\/R29vZ2xl\/AVvXsEi-_lxo2vhecMQ0gh57lE3640H6Uk-6bhLewPkueRdz66Ng2u2hCQQVz9TRUbz18OdIUNrYGx8Rk0zzSpwhaVGLiV50zNuzpKJV21gmbMoepBkgz6PzR2niojUyk8LdEFRvjHbYIpSb9Bk\/s1600\/0F7smhMzqoU.jpg","type":"","width":"","height":""}],"author":"psgfans","twitter_card":"summary_large_image","twitter_misc":{"\u00c9crit par":"psgfans","Dur\u00e9e de lecture estim\u00e9e":"2 minutes"},"schema":{"@context":"https:\/\/schema.org","@graph":[{"@type":"Article","@id":"https:\/\/psgfans.fr\/?p=688#article","isPartOf":{"@id":"https:\/\/psgfans.fr\/?p=688"},"author":{"name":"psgfans","@id":"https:\/\/psgfans.fr\/#\/schema\/person\/be2237e7a0237af2f29cb344b3c55e6c"},"headline":"le PSG se pr\u00e9pare \u00e0 payer une amende","datePublished":"2014-04-29T23:53:00+00:00","mainEntityOfPage":{"@id":"https:\/\/psgfans.fr\/?p=688"},"wordCount":517,"commentCount":0,"image":{"@id":"https:\/\/psgfans.fr\/?p=688#primaryimage"},"thumbnailUrl":"https:\/\/blogger.googleusercontent.com\/img\/b\/R29vZ2xl\/AVvXsEi-_lxo2vhecMQ0gh57lE3640H6Uk-6bhLewPkueRdz66Ng2u2hCQQVz9TRUbz18OdIUNrYGx8Rk0zzSpwhaVGLiV50zNuzpKJV21gmbMoepBkgz6PzR2niojUyk8LdEFRvjHbYIpSb9Bk\/s1600\/0F7smhMzqoU.jpg","articleSection":["News"],"inLanguage":"fr-FR","potentialAction":[{"@type":"CommentAction","name":"Comment","target":["https:\/\/psgfans.fr\/?p=688#respond"]}]},{"@type":"WebPage","@id":"https:\/\/psgfans.fr\/?p=688","url":"https:\/\/psgfans.fr\/?p=688","name":"le PSG se pr\u00e9pare \u00e0 payer une amende - PSG FANS","isPartOf":{"@id":"https:\/\/psgfans.fr\/#website"},"primaryImageOfPage":{"@id":"https:\/\/psgfans.fr\/?p=688#primaryimage"},"image":{"@id":"https:\/\/psgfans.fr\/?p=688#primaryimage"},"thumbnailUrl":"https:\/\/blogger.googleusercontent.com\/img\/b\/R29vZ2xl\/AVvXsEi-_lxo2vhecMQ0gh57lE3640H6Uk-6bhLewPkueRdz66Ng2u2hCQQVz9TRUbz18OdIUNrYGx8Rk0zzSpwhaVGLiV50zNuzpKJV21gmbMoepBkgz6PzR2niojUyk8LdEFRvjHbYIpSb9Bk\/s1600\/0F7smhMzqoU.jpg","datePublished":"2014-04-29T23:53:00+00:00","author":{"@id":"https:\/\/psgfans.fr\/#\/schema\/person\/be2237e7a0237af2f29cb344b3c55e6c"},"breadcrumb":{"@id":"https:\/\/psgfans.fr\/?p=688#breadcrumb"},"inLanguage":"fr-FR","potentialAction":[{"@type":"ReadAction","target":["https:\/\/psgfans.fr\/?p=688"]}]},{"@type":"ImageObject","inLanguage":"fr-FR","@id":"https:\/\/psgfans.fr\/?p=688#primaryimage","url":"https:\/\/blogger.googleusercontent.com\/img\/b\/R29vZ2xl\/AVvXsEi-_lxo2vhecMQ0gh57lE3640H6Uk-6bhLewPkueRdz66Ng2u2hCQQVz9TRUbz18OdIUNrYGx8Rk0zzSpwhaVGLiV50zNuzpKJV21gmbMoepBkgz6PzR2niojUyk8LdEFRvjHbYIpSb9Bk\/s1600\/0F7smhMzqoU.jpg","contentUrl":"https:\/\/blogger.googleusercontent.com\/img\/b\/R29vZ2xl\/AVvXsEi-_lxo2vhecMQ0gh57lE3640H6Uk-6bhLewPkueRdz66Ng2u2hCQQVz9TRUbz18OdIUNrYGx8Rk0zzSpwhaVGLiV50zNuzpKJV21gmbMoepBkgz6PzR2niojUyk8LdEFRvjHbYIpSb9Bk\/s1600\/0F7smhMzqoU.jpg"},{"@type":"BreadcrumbList","@id":"https:\/\/psgfans.fr\/?p=688#breadcrumb","itemListElement":[{"@type":"ListItem","position":1,"name":"Accueil","item":"https:\/\/psgfans.fr\/"},{"@type":"ListItem","position":2,"name":"le PSG se pr\u00e9pare \u00e0 payer une amende"}]},{"@type":"WebSite","@id":"https:\/\/psgfans.fr\/#website","url":"https:\/\/psgfans.fr\/","name":"PSG FANS","description":"Unit\u00e9, Passion, Victoire : Au C\u0153ur du Paris Saint-Germain!","potentialAction":[{"@type":"SearchAction","target":{"@type":"EntryPoint","urlTemplate":"https:\/\/psgfans.fr\/?s={search_term_string}"},"query-input":{"@type":"PropertyValueSpecification","valueRequired":true,"valueName":"search_term_string"}}],"inLanguage":"fr-FR"},{"@type":"Person","@id":"https:\/\/psgfans.fr\/#\/schema\/person\/be2237e7a0237af2f29cb344b3c55e6c","name":"psgfans","image":{"@type":"ImageObject","inLanguage":"fr-FR","@id":"https:\/\/secure.gravatar.com\/avatar\/?s=96&d=mm&r=g","url":"https:\/\/secure.gravatar.com\/avatar\/?s=96&d=mm&r=g","contentUrl":"https:\/\/secure.gravatar.com\/avatar\/?s=96&d=mm&r=g","caption":"psgfans"},"url":"https:\/\/psgfans.fr\/?author=2"}]}},"_links":{"self":[{"href":"https:\/\/psgfans.fr\/index.php?rest_route=\/wp\/v2\/posts\/688","targetHints":{"allow":["GET"]}}],"collection":[{"href":"https:\/\/psgfans.fr\/index.php?rest_route=\/wp\/v2\/posts"}],"about":[{"href":"https:\/\/psgfans.fr\/index.php?rest_route=\/wp\/v2\/types\/post"}],"author":[{"embeddable":true,"href":"https:\/\/psgfans.fr\/index.php?rest_route=\/wp\/v2\/users\/2"}],"replies":[{"embeddable":true,"href":"https:\/\/psgfans.fr\/index.php?rest_route=%2Fwp%2Fv2%2Fcomments&post=688"}],"version-history":[{"count":0,"href":"https:\/\/psgfans.fr\/index.php?rest_route=\/wp\/v2\/posts\/688\/revisions"}],"wp:attachment":[{"href":"https:\/\/psgfans.fr\/index.php?rest_route=%2Fwp%2Fv2%2Fmedia&parent=688"}],"wp:term":[{"taxonomy":"category","embeddable":true,"href":"https:\/\/psgfans.fr\/index.php?rest_route=%2Fwp%2Fv2%2Fcategories&post=688"},{"taxonomy":"post_tag","embeddable":true,"href":"https:\/\/psgfans.fr\/index.php?rest_route=%2Fwp%2Fv2%2Ftags&post=688"}],"curies":[{"name":"wp","href":"https:\/\/api.w.org\/{rel}","templated":true}]}}