{"id":687,"date":"2014-04-30T00:59:00","date_gmt":"2014-04-29T23:59:00","guid":{"rendered":"https:\/\/psgfans.fr\/?p=687"},"modified":"2014-04-30T00:59:00","modified_gmt":"2014-04-29T23:59:00","slug":"leonardo-gagne-son-combat-contre-la-fff","status":"publish","type":"post","link":"https:\/\/psgfans.fr\/?p=687","title":{"rendered":"Leonardo gagne son combat contre la FFF"},"content":{"rendered":"<div style=\"clear: both; text-align: center;\"><a href=\"https:\/\/blogger.googleusercontent.com\/img\/b\/R29vZ2xl\/AVvXsEiyEsbbIBlUnfakmwWDWZHxV_tarrNPIbbjui_mLdRWLrd8al2ipmctraU0SxX-kOij3PCsvuk1jWykD1cwUE_a7cJVbIwp2bng3DJB2iZxrVVrAHma6vdYfnwBqboxYop_kQZhzbu0VUk\/s1600\/0F7smhMzqoU.jpg\" style=\"margin-left: 1em; margin-right: 1em;\"><img loading=\"lazy\" decoding=\"async\" border=\"0\" src=\"https:\/\/blogger.googleusercontent.com\/img\/b\/R29vZ2xl\/AVvXsEiyEsbbIBlUnfakmwWDWZHxV_tarrNPIbbjui_mLdRWLrd8al2ipmctraU0SxX-kOij3PCsvuk1jWykD1cwUE_a7cJVbIwp2bng3DJB2iZxrVVrAHma6vdYfnwBqboxYop_kQZhzbu0VUk\/s1600\/0F7smhMzqoU.jpg\" height=\"175\" width=\"400\" \/><\/a><\/div>\n<p>Leonardo, l&rsquo;ancien directeur sportif du Paris Saint-Germain a gagn\u00e9 son combat judiciaire contre la F\u00e9d\u00e9ration fran\u00e7aise de football. Dans un communiqu\u00e9, le Conseil d&rsquo;Etat vient d&rsquo;annoncer qu&rsquo;il rejette le pourvoi de la FFF contestant la suspension de l&rsquo;ex\u00e9cution de la sanction disciplinaire prononc\u00e9e contre l&rsquo;ancien responsable du PSG.<\/p>\n<p>Pour m\u00e9moire le Br\u00e9silien avait \u00e9cop\u00e9 de 14 mois de suspension et ne pouvait plus exercer de fonction officielle au sein d&rsquo;un club jusqu&rsquo;au 30 juin 2014.<br \/>La FFF avait d&rsquo;ailleurs demand\u00e9 que cette sanction soit \u00e9largie aux f\u00e9d\u00e9rations \u00e9trang\u00e8res. Mais les juges de la plus haute juridiction administrative ont consid\u00e9r\u00e9 que les organes de la F\u00e9d\u00e9ration n&rsquo;\u00e9taient pas habilit\u00e9s \u00e0 sanctionner Leonardo.<\/p>\n<p>En ce sens, ils ont confirm\u00e9 la d\u00e9cision du juge des r\u00e9f\u00e9r\u00e9s du tribunal administratif de Paris du 15 octobre dernier.<\/p>\n<p>Le code du sport permet en effet aux organes de la FFF d\u2019exercer un pouvoir disciplinaire \u00e0 l\u2019encontre des joueurs ou dirigeants ayant la qualit\u00e9 de licenci\u00e9 de la f\u00e9d\u00e9ration. Mais Leonardo n\u2019\u00e9tait pas titulaire d\u2019une licence de la FFF lors du prononc\u00e9 de la sentence. L&rsquo;ancien international auriverde qui r\u00e9side \u00e0 Milan depuis son d\u00e9part du PSG en juillet dernier retrouve sa libert\u00e9 et peut d\u00e9sormais s&rsquo;engager avec le club de son choix.<br \/>LeParisien.fr<\/p>\n","protected":false},"excerpt":{"rendered":"<p>Leonardo, l&rsquo;ancien directeur sportif du Paris Saint-Germain a gagn\u00e9 son combat judiciaire contre la F\u00e9d\u00e9ration fran\u00e7aise de football. Dans un communiqu\u00e9, le Conseil d&rsquo;Etat vient d&rsquo;annoncer qu&rsquo;il rejette le pourvoi de la FFF contestant la suspension de l&rsquo;ex\u00e9cution de la sanction disciplinaire prononc\u00e9e contre l&rsquo;ancien responsable du PSG. Pour m\u00e9moire le Br\u00e9silien avait \u00e9cop\u00e9 de [&hellip;]<\/p>\n","protected":false},"author":2,"featured_media":0,"comment_status":"open","ping_status":"open","sticky":false,"template":"","format":"standard","meta":{"footnotes":""},"categories":[3],"tags":[],"class_list":{"0":"post-687","1":"post","2":"type-post","3":"status-publish","4":"format-standard","6":"category-news"},"yoast_head":"<!-- This site is optimized with the Yoast SEO plugin v27.4 - https:\/\/yoast.com\/product\/yoast-seo-wordpress\/ -->\n<title>Leonardo gagne son combat contre la FFF - PSG FANS<\/title>\n<meta name=\"robots\" content=\"index, follow, max-snippet:-1, max-image-preview:large, max-video-preview:-1\" \/>\n<link rel=\"canonical\" href=\"https:\/\/psgfans.fr\/?p=687\" \/>\n<meta property=\"og:locale\" content=\"fr_FR\" \/>\n<meta property=\"og:type\" content=\"article\" \/>\n<meta property=\"og:title\" content=\"Leonardo gagne son combat contre la FFF - PSG FANS\" \/>\n<meta property=\"og:description\" content=\"Leonardo, l&rsquo;ancien directeur sportif du Paris Saint-Germain a gagn\u00e9 son combat judiciaire contre la F\u00e9d\u00e9ration fran\u00e7aise de football. Dans un communiqu\u00e9, le Conseil d&rsquo;Etat vient d&rsquo;annoncer qu&rsquo;il rejette le pourvoi de la FFF contestant la suspension de l&rsquo;ex\u00e9cution de la sanction disciplinaire prononc\u00e9e contre l&rsquo;ancien responsable du PSG. Pour m\u00e9moire le Br\u00e9silien avait \u00e9cop\u00e9 de [&hellip;]\" \/>\n<meta property=\"og:url\" content=\"https:\/\/psgfans.fr\/?p=687\" \/>\n<meta property=\"og:site_name\" content=\"PSG FANS\" \/>\n<meta property=\"article:published_time\" content=\"2014-04-29T23:59:00+00:00\" \/>\n<meta property=\"og:image\" content=\"https:\/\/blogger.googleusercontent.com\/img\/b\/R29vZ2xl\/AVvXsEiyEsbbIBlUnfakmwWDWZHxV_tarrNPIbbjui_mLdRWLrd8al2ipmctraU0SxX-kOij3PCsvuk1jWykD1cwUE_a7cJVbIwp2bng3DJB2iZxrVVrAHma6vdYfnwBqboxYop_kQZhzbu0VUk\/s1600\/0F7smhMzqoU.jpg\" \/>\n<meta name=\"author\" content=\"psgfans\" \/>\n<meta name=\"twitter:card\" content=\"summary_large_image\" \/>\n<meta name=\"twitter:label1\" content=\"\u00c9crit par\" \/>\n\t<meta name=\"twitter:data1\" content=\"psgfans\" \/>\n\t<meta name=\"twitter:label2\" content=\"Dur\u00e9e de lecture estim\u00e9e\" \/>\n\t<meta name=\"twitter:data2\" content=\"1 minute\" \/>\n<script type=\"application\/ld+json\" class=\"yoast-schema-graph\">{\"@context\":\"https:\\\/\\\/schema.org\",\"@graph\":[{\"@type\":\"Article\",\"@id\":\"https:\\\/\\\/psgfans.fr\\\/?p=687#article\",\"isPartOf\":{\"@id\":\"https:\\\/\\\/psgfans.fr\\\/?p=687\"},\"author\":{\"name\":\"psgfans\",\"@id\":\"https:\\\/\\\/psgfans.fr\\\/#\\\/schema\\\/person\\\/be2237e7a0237af2f29cb344b3c55e6c\"},\"headline\":\"Leonardo gagne son combat contre la FFF\",\"datePublished\":\"2014-04-29T23:59:00+00:00\",\"mainEntityOfPage\":{\"@id\":\"https:\\\/\\\/psgfans.fr\\\/?p=687\"},\"wordCount\":247,\"commentCount\":0,\"image\":{\"@id\":\"https:\\\/\\\/psgfans.fr\\\/?p=687#primaryimage\"},\"thumbnailUrl\":\"https:\\\/\\\/blogger.googleusercontent.com\\\/img\\\/b\\\/R29vZ2xl\\\/AVvXsEiyEsbbIBlUnfakmwWDWZHxV_tarrNPIbbjui_mLdRWLrd8al2ipmctraU0SxX-kOij3PCsvuk1jWykD1cwUE_a7cJVbIwp2bng3DJB2iZxrVVrAHma6vdYfnwBqboxYop_kQZhzbu0VUk\\\/s1600\\\/0F7smhMzqoU.jpg\",\"articleSection\":[\"News\"],\"inLanguage\":\"fr-FR\",\"potentialAction\":[{\"@type\":\"CommentAction\",\"name\":\"Comment\",\"target\":[\"https:\\\/\\\/psgfans.fr\\\/?p=687#respond\"]}]},{\"@type\":\"WebPage\",\"@id\":\"https:\\\/\\\/psgfans.fr\\\/?p=687\",\"url\":\"https:\\\/\\\/psgfans.fr\\\/?p=687\",\"name\":\"Leonardo gagne son combat contre la FFF - PSG FANS\",\"isPartOf\":{\"@id\":\"https:\\\/\\\/psgfans.fr\\\/#website\"},\"primaryImageOfPage\":{\"@id\":\"https:\\\/\\\/psgfans.fr\\\/?p=687#primaryimage\"},\"image\":{\"@id\":\"https:\\\/\\\/psgfans.fr\\\/?p=687#primaryimage\"},\"thumbnailUrl\":\"https:\\\/\\\/blogger.googleusercontent.com\\\/img\\\/b\\\/R29vZ2xl\\\/AVvXsEiyEsbbIBlUnfakmwWDWZHxV_tarrNPIbbjui_mLdRWLrd8al2ipmctraU0SxX-kOij3PCsvuk1jWykD1cwUE_a7cJVbIwp2bng3DJB2iZxrVVrAHma6vdYfnwBqboxYop_kQZhzbu0VUk\\\/s1600\\\/0F7smhMzqoU.jpg\",\"datePublished\":\"2014-04-29T23:59:00+00:00\",\"author\":{\"@id\":\"https:\\\/\\\/psgfans.fr\\\/#\\\/schema\\\/person\\\/be2237e7a0237af2f29cb344b3c55e6c\"},\"breadcrumb\":{\"@id\":\"https:\\\/\\\/psgfans.fr\\\/?p=687#breadcrumb\"},\"inLanguage\":\"fr-FR\",\"potentialAction\":[{\"@type\":\"ReadAction\",\"target\":[\"https:\\\/\\\/psgfans.fr\\\/?p=687\"]}]},{\"@type\":\"ImageObject\",\"inLanguage\":\"fr-FR\",\"@id\":\"https:\\\/\\\/psgfans.fr\\\/?p=687#primaryimage\",\"url\":\"https:\\\/\\\/blogger.googleusercontent.com\\\/img\\\/b\\\/R29vZ2xl\\\/AVvXsEiyEsbbIBlUnfakmwWDWZHxV_tarrNPIbbjui_mLdRWLrd8al2ipmctraU0SxX-kOij3PCsvuk1jWykD1cwUE_a7cJVbIwp2bng3DJB2iZxrVVrAHma6vdYfnwBqboxYop_kQZhzbu0VUk\\\/s1600\\\/0F7smhMzqoU.jpg\",\"contentUrl\":\"https:\\\/\\\/blogger.googleusercontent.com\\\/img\\\/b\\\/R29vZ2xl\\\/AVvXsEiyEsbbIBlUnfakmwWDWZHxV_tarrNPIbbjui_mLdRWLrd8al2ipmctraU0SxX-kOij3PCsvuk1jWykD1cwUE_a7cJVbIwp2bng3DJB2iZxrVVrAHma6vdYfnwBqboxYop_kQZhzbu0VUk\\\/s1600\\\/0F7smhMzqoU.jpg\"},{\"@type\":\"BreadcrumbList\",\"@id\":\"https:\\\/\\\/psgfans.fr\\\/?p=687#breadcrumb\",\"itemListElement\":[{\"@type\":\"ListItem\",\"position\":1,\"name\":\"Accueil\",\"item\":\"https:\\\/\\\/psgfans.fr\\\/\"},{\"@type\":\"ListItem\",\"position\":2,\"name\":\"Leonardo gagne son combat contre la FFF\"}]},{\"@type\":\"WebSite\",\"@id\":\"https:\\\/\\\/psgfans.fr\\\/#website\",\"url\":\"https:\\\/\\\/psgfans.fr\\\/\",\"name\":\"PSG FANS\",\"description\":\"Unit\u00e9, Passion, Victoire : Au C\u0153ur du Paris Saint-Germain!\",\"potentialAction\":[{\"@type\":\"SearchAction\",\"target\":{\"@type\":\"EntryPoint\",\"urlTemplate\":\"https:\\\/\\\/psgfans.fr\\\/?s={search_term_string}\"},\"query-input\":{\"@type\":\"PropertyValueSpecification\",\"valueRequired\":true,\"valueName\":\"search_term_string\"}}],\"inLanguage\":\"fr-FR\"},{\"@type\":\"Person\",\"@id\":\"https:\\\/\\\/psgfans.fr\\\/#\\\/schema\\\/person\\\/be2237e7a0237af2f29cb344b3c55e6c\",\"name\":\"psgfans\",\"image\":{\"@type\":\"ImageObject\",\"inLanguage\":\"fr-FR\",\"@id\":\"https:\\\/\\\/secure.gravatar.com\\\/avatar\\\/?s=96&d=mm&r=g\",\"url\":\"https:\\\/\\\/secure.gravatar.com\\\/avatar\\\/?s=96&d=mm&r=g\",\"contentUrl\":\"https:\\\/\\\/secure.gravatar.com\\\/avatar\\\/?s=96&d=mm&r=g\",\"caption\":\"psgfans\"},\"url\":\"https:\\\/\\\/psgfans.fr\\\/?author=2\"}]}<\/script>\n<!-- \/ Yoast SEO plugin. -->","yoast_head_json":{"title":"Leonardo gagne son combat contre la FFF - PSG FANS","robots":{"index":"index","follow":"follow","max-snippet":"max-snippet:-1","max-image-preview":"max-image-preview:large","max-video-preview":"max-video-preview:-1"},"canonical":"https:\/\/psgfans.fr\/?p=687","og_locale":"fr_FR","og_type":"article","og_title":"Leonardo gagne son combat contre la FFF - PSG FANS","og_description":"Leonardo, l&rsquo;ancien directeur sportif du Paris Saint-Germain a gagn\u00e9 son combat judiciaire contre la F\u00e9d\u00e9ration fran\u00e7aise de football. Dans un communiqu\u00e9, le Conseil d&rsquo;Etat vient d&rsquo;annoncer qu&rsquo;il rejette le pourvoi de la FFF contestant la suspension de l&rsquo;ex\u00e9cution de la sanction disciplinaire prononc\u00e9e contre l&rsquo;ancien responsable du PSG. Pour m\u00e9moire le Br\u00e9silien avait \u00e9cop\u00e9 de [&hellip;]","og_url":"https:\/\/psgfans.fr\/?p=687","og_site_name":"PSG FANS","article_published_time":"2014-04-29T23:59:00+00:00","og_image":[{"url":"https:\/\/blogger.googleusercontent.com\/img\/b\/R29vZ2xl\/AVvXsEiyEsbbIBlUnfakmwWDWZHxV_tarrNPIbbjui_mLdRWLrd8al2ipmctraU0SxX-kOij3PCsvuk1jWykD1cwUE_a7cJVbIwp2bng3DJB2iZxrVVrAHma6vdYfnwBqboxYop_kQZhzbu0VUk\/s1600\/0F7smhMzqoU.jpg","type":"","width":"","height":""}],"author":"psgfans","twitter_card":"summary_large_image","twitter_misc":{"\u00c9crit par":"psgfans","Dur\u00e9e de lecture estim\u00e9e":"1 minute"},"schema":{"@context":"https:\/\/schema.org","@graph":[{"@type":"Article","@id":"https:\/\/psgfans.fr\/?p=687#article","isPartOf":{"@id":"https:\/\/psgfans.fr\/?p=687"},"author":{"name":"psgfans","@id":"https:\/\/psgfans.fr\/#\/schema\/person\/be2237e7a0237af2f29cb344b3c55e6c"},"headline":"Leonardo gagne son combat contre la FFF","datePublished":"2014-04-29T23:59:00+00:00","mainEntityOfPage":{"@id":"https:\/\/psgfans.fr\/?p=687"},"wordCount":247,"commentCount":0,"image":{"@id":"https:\/\/psgfans.fr\/?p=687#primaryimage"},"thumbnailUrl":"https:\/\/blogger.googleusercontent.com\/img\/b\/R29vZ2xl\/AVvXsEiyEsbbIBlUnfakmwWDWZHxV_tarrNPIbbjui_mLdRWLrd8al2ipmctraU0SxX-kOij3PCsvuk1jWykD1cwUE_a7cJVbIwp2bng3DJB2iZxrVVrAHma6vdYfnwBqboxYop_kQZhzbu0VUk\/s1600\/0F7smhMzqoU.jpg","articleSection":["News"],"inLanguage":"fr-FR","potentialAction":[{"@type":"CommentAction","name":"Comment","target":["https:\/\/psgfans.fr\/?p=687#respond"]}]},{"@type":"WebPage","@id":"https:\/\/psgfans.fr\/?p=687","url":"https:\/\/psgfans.fr\/?p=687","name":"Leonardo gagne son combat contre la FFF - PSG FANS","isPartOf":{"@id":"https:\/\/psgfans.fr\/#website"},"primaryImageOfPage":{"@id":"https:\/\/psgfans.fr\/?p=687#primaryimage"},"image":{"@id":"https:\/\/psgfans.fr\/?p=687#primaryimage"},"thumbnailUrl":"https:\/\/blogger.googleusercontent.com\/img\/b\/R29vZ2xl\/AVvXsEiyEsbbIBlUnfakmwWDWZHxV_tarrNPIbbjui_mLdRWLrd8al2ipmctraU0SxX-kOij3PCsvuk1jWykD1cwUE_a7cJVbIwp2bng3DJB2iZxrVVrAHma6vdYfnwBqboxYop_kQZhzbu0VUk\/s1600\/0F7smhMzqoU.jpg","datePublished":"2014-04-29T23:59:00+00:00","author":{"@id":"https:\/\/psgfans.fr\/#\/schema\/person\/be2237e7a0237af2f29cb344b3c55e6c"},"breadcrumb":{"@id":"https:\/\/psgfans.fr\/?p=687#breadcrumb"},"inLanguage":"fr-FR","potentialAction":[{"@type":"ReadAction","target":["https:\/\/psgfans.fr\/?p=687"]}]},{"@type":"ImageObject","inLanguage":"fr-FR","@id":"https:\/\/psgfans.fr\/?p=687#primaryimage","url":"https:\/\/blogger.googleusercontent.com\/img\/b\/R29vZ2xl\/AVvXsEiyEsbbIBlUnfakmwWDWZHxV_tarrNPIbbjui_mLdRWLrd8al2ipmctraU0SxX-kOij3PCsvuk1jWykD1cwUE_a7cJVbIwp2bng3DJB2iZxrVVrAHma6vdYfnwBqboxYop_kQZhzbu0VUk\/s1600\/0F7smhMzqoU.jpg","contentUrl":"https:\/\/blogger.googleusercontent.com\/img\/b\/R29vZ2xl\/AVvXsEiyEsbbIBlUnfakmwWDWZHxV_tarrNPIbbjui_mLdRWLrd8al2ipmctraU0SxX-kOij3PCsvuk1jWykD1cwUE_a7cJVbIwp2bng3DJB2iZxrVVrAHma6vdYfnwBqboxYop_kQZhzbu0VUk\/s1600\/0F7smhMzqoU.jpg"},{"@type":"BreadcrumbList","@id":"https:\/\/psgfans.fr\/?p=687#breadcrumb","itemListElement":[{"@type":"ListItem","position":1,"name":"Accueil","item":"https:\/\/psgfans.fr\/"},{"@type":"ListItem","position":2,"name":"Leonardo gagne son combat contre la FFF"}]},{"@type":"WebSite","@id":"https:\/\/psgfans.fr\/#website","url":"https:\/\/psgfans.fr\/","name":"PSG FANS","description":"Unit\u00e9, Passion, Victoire : Au C\u0153ur du Paris Saint-Germain!","potentialAction":[{"@type":"SearchAction","target":{"@type":"EntryPoint","urlTemplate":"https:\/\/psgfans.fr\/?s={search_term_string}"},"query-input":{"@type":"PropertyValueSpecification","valueRequired":true,"valueName":"search_term_string"}}],"inLanguage":"fr-FR"},{"@type":"Person","@id":"https:\/\/psgfans.fr\/#\/schema\/person\/be2237e7a0237af2f29cb344b3c55e6c","name":"psgfans","image":{"@type":"ImageObject","inLanguage":"fr-FR","@id":"https:\/\/secure.gravatar.com\/avatar\/?s=96&d=mm&r=g","url":"https:\/\/secure.gravatar.com\/avatar\/?s=96&d=mm&r=g","contentUrl":"https:\/\/secure.gravatar.com\/avatar\/?s=96&d=mm&r=g","caption":"psgfans"},"url":"https:\/\/psgfans.fr\/?author=2"}]}},"_links":{"self":[{"href":"https:\/\/psgfans.fr\/index.php?rest_route=\/wp\/v2\/posts\/687","targetHints":{"allow":["GET"]}}],"collection":[{"href":"https:\/\/psgfans.fr\/index.php?rest_route=\/wp\/v2\/posts"}],"about":[{"href":"https:\/\/psgfans.fr\/index.php?rest_route=\/wp\/v2\/types\/post"}],"author":[{"embeddable":true,"href":"https:\/\/psgfans.fr\/index.php?rest_route=\/wp\/v2\/users\/2"}],"replies":[{"embeddable":true,"href":"https:\/\/psgfans.fr\/index.php?rest_route=%2Fwp%2Fv2%2Fcomments&post=687"}],"version-history":[{"count":0,"href":"https:\/\/psgfans.fr\/index.php?rest_route=\/wp\/v2\/posts\/687\/revisions"}],"wp:attachment":[{"href":"https:\/\/psgfans.fr\/index.php?rest_route=%2Fwp%2Fv2%2Fmedia&parent=687"}],"wp:term":[{"taxonomy":"category","embeddable":true,"href":"https:\/\/psgfans.fr\/index.php?rest_route=%2Fwp%2Fv2%2Fcategories&post=687"},{"taxonomy":"post_tag","embeddable":true,"href":"https:\/\/psgfans.fr\/index.php?rest_route=%2Fwp%2Fv2%2Ftags&post=687"}],"curies":[{"name":"wp","href":"https:\/\/api.w.org\/{rel}","templated":true}]}}