{"id":686,"date":"2014-04-30T01:04:00","date_gmt":"2014-04-30T00:04:00","guid":{"rendered":"https:\/\/psgfans.fr\/?p=686"},"modified":"2014-04-30T01:04:00","modified_gmt":"2014-04-30T00:04:00","slug":"psg-juventus-echange-verratti-pogba-qui-serait-le-gagnant","status":"publish","type":"post","link":"https:\/\/psgfans.fr\/?p=686","title":{"rendered":"PSG\/Juventus : \u00c9change Verratti-Pogba, qui serait le gagnant ?"},"content":{"rendered":"<div style=\"clear: both; text-align: center;\"><a href=\"https:\/\/blogger.googleusercontent.com\/img\/b\/R29vZ2xl\/AVvXsEhkF2tIbeolnZ7O7_C1xv5Zo6XIH7iQfvvjDIfHIeUkyKWnSMTf6FW_D_QrIxTmKYXylbnFCVevRCwBWieMcdYhOLZU0f3DFej9O9YH1cQ8TeIMx3tC6kCPtiYHu_K8rvxXRsJ-67yeUL8\/s1600\/0F7smhMzqoU.jpg\" style=\"margin-left: 1em; margin-right: 1em;\"><img loading=\"lazy\" decoding=\"async\" border=\"0\" src=\"https:\/\/blogger.googleusercontent.com\/img\/b\/R29vZ2xl\/AVvXsEhkF2tIbeolnZ7O7_C1xv5Zo6XIH7iQfvvjDIfHIeUkyKWnSMTf6FW_D_QrIxTmKYXylbnFCVevRCwBWieMcdYhOLZU0f3DFej9O9YH1cQ8TeIMx3tC6kCPtiYHu_K8rvxXRsJ-67yeUL8\/s1600\/0F7smhMzqoU.jpg\" height=\"198\" width=\"400\" \/><\/a><\/div>\n<p><b>Tuttosport a expliqu\u00e9 ce lundi que la Juventus Turin et le PSG r\u00e9fl\u00e9chissaient bien \u00e0 un \u00e9ventuel \u00e9change entre Paul Pogba et Marco Verratti. Est-ce vraiment possible ? Qui serait gagnant dans l\u2019affaire ?<\/b><\/p>\n<p>Ils ont tous les deux 21 ans. Tous les deux sont tr\u00e8s talentueux et d\u00e9j\u00e0 des \u00e9l\u00e9ments cl\u00e9s de leurs \u00e9quipes respectives. Marco Verratti l\u2019Italien du PSG et Paul Pogba le Fran\u00e7ais de la Juve affolent le march\u00e9 depuis des semaines. Officiellement, ils ne sont pas \u00e0 vendre. Mais\u2026 selon Tuttosport, le milieu de terrain du PSG, Marco Verratti, serait toujours la priorit\u00e9 de la Juventus Turin pour cet \u00e9t\u00e9. La Juve serait m\u00eame pr\u00eate \u00e0 l\u00e2cher Paul Pogba, sa jeune star, pour enr\u00f4ler l\u2019international italien. La Juve ne se fait beaucoup d\u2019illusions quant au futur du jeune fran\u00e7ais \u00e0 Turin \u00e0 moyen terme.<\/p>\n<p>POGBA EST PLUS CHER QUE VERRATTI<br \/>Le PSG, de son c\u00f4t\u00e9, est-il pr\u00eat \u00e0 l\u00e2cher Verratti ? Selon le journal transalpin, l\u2019hypoth\u00e8se n\u2019est pas totalement \u00e0 exclure, surtout si le PSG r\u00e9cup\u00e8re Paul Pogba dans l\u2019affaire. Mais pour qui un tel \u00e9change serait int\u00e9ressant ? Recrut\u00e9 seulement 12M d\u2019euros par Leonardo et le PSG en 2012, Marco Verratti vaut bien plus aujourd\u2019hui. Un prix d\u2019environ 35M d\u2019euros est \u00e9voqu\u00e9. Pour Pogba, arriv\u00e9\u2026 libre \u00e0 la Juventus Turin en 2012, il est \u00e9voqu\u00e9 des sommes folles, autour de 60-70M d\u2019euros. Le Fran\u00e7ais pla\u00eet \u00e0 de nombreux grands clubs, dont le Real Madrid, et cela fait \u00e9videmment grimper sa cote. La Juventus Turin esp\u00e8re bien faire monter les ench\u00e8res au maximum\u2026<\/p>\n<p>VERRATTI S\u2019AGACE DE LA POSSIBLE ARRIV\u00c9E DE POGBA<br \/>La Juve sait aussi que pour r\u00e9cup\u00e9rer Verratti, elle doit forc\u00e9ment vendre Pogba au PSG. Il para\u00eet difficilement imaginable de voir le PSG vendre Verratti si Pogba ne fait pas le chemin inverse\u2026 &nbsp;Pogba qui pla\u00eet au PSG depuis des mois. \u00ab Pogba repr\u00e9sente l\u2019avenir de la France. Ce n\u2019est pas pour cet hiver, pour l\u2019\u00e9t\u00e9 prochain peut-\u00eatre\u2026 \u00bb , expliquait d\u00e9but janvier dans Le Parisien le pr\u00e9sident du PSG, Nasser Al-Khela\u00effi. Verratti, de son c\u00f4t\u00e9, s\u2019est un peu agac\u00e9 derni\u00e8rement de la possible arriv\u00e9e de Paul Pogba au PSG, comme il l&rsquo;a avou\u00e9 \u00e0 la Gazzetta dello Sport :\u00ab \u00c7a me fatigue un peu parce qu&rsquo;en lisant \u00e7a, j&rsquo;ai l&rsquo;impression que le PSG ne veut pas de moi et pense que je suis moins bon que Pogba \u00bb .<\/p>\n<p>VERRATTI, C\u2019EST LE TALENT BRUT<br \/>Mais qui serait vraiment le gagnant de cette transaction ? Verratti, le jeune talent de la Squadra Azzurra ou Paul Pogba, le futur crack de l\u2019\u00e9quipe de France ? Le PSG ? La Juve ? La cote de Pogba est plus \u00e9lev\u00e9e mais clairement, c\u2019est bien difficile de comparer les deux joueurs. Tous les deux ont leurs caract\u00e9ristiques, leurs qualit\u00e9s. Le petit italien est d\u00e9j\u00e0, \u00e0 21 ans, techniquement l\u2019un des meilleurs joueurs du monde. Il peut \u00ab r\u00e9galer \u00bb sur un terrain, il s\u2019est impos\u00e9 au PSG au sein d\u2019un entrejeu tr\u00e8s fourni \u00e0 tout juste &nbsp;21 ans. Il a du caract\u00e8re, il a \u00e9norm\u00e9ment de talent. Leonardo l\u2019a d\u00e9nich\u00e9 jeune, Paris pourrait s\u2019en vouloir plus tard de l\u2019avoir l\u00e2ch\u00e9.<\/p>\n<p>POGBA, PLUS D\u00c9CISIF ?<br \/>Pogba, c\u2019est un autre style. Il est davantage capable de se projeter vers l\u2019avant. Lui aussi, par son talent, a r\u00e9ussi \u00e0 attirer les yeux de tous les grands clubs europ\u00e9ens. Souvent compar\u00e9 \u00e0 Patrick Vieira par son style de jeu, Pogba est certainement plus offensif que Verratti. Quand Verratti est davantage capable de faire la diff\u00e9rence sur une passe, Pogba peut la faire individuellement. Mais aujourd\u2019hui, bien malin celui qui est capable de dire quel est le meilleur des deux ou celui qui sera le meilleur dans deux ou cinq ans\u2026. Cet \u00e9change serait risqu\u00e9 pour le PSG, pour la Juventus\u2026 mais aussi pour les deux joueurs.<\/p>\n<p>le10sport<\/p>\n","protected":false},"excerpt":{"rendered":"<p>Tuttosport a expliqu\u00e9 ce lundi que la Juventus Turin et le PSG r\u00e9fl\u00e9chissaient bien \u00e0 un \u00e9ventuel \u00e9change entre Paul Pogba et Marco Verratti. Est-ce vraiment possible ? Qui serait gagnant dans l\u2019affaire ? Ils ont tous les deux 21 ans. Tous les deux sont tr\u00e8s talentueux et d\u00e9j\u00e0 des \u00e9l\u00e9ments cl\u00e9s de leurs \u00e9quipes [&hellip;]<\/p>\n","protected":false},"author":2,"featured_media":0,"comment_status":"open","ping_status":"open","sticky":false,"template":"","format":"standard","meta":{"footnotes":""},"categories":[3],"tags":[],"class_list":{"0":"post-686","1":"post","2":"type-post","3":"status-publish","4":"format-standard","6":"category-news"},"yoast_head":"<!-- This site is optimized with the Yoast SEO plugin v27.4 - https:\/\/yoast.com\/product\/yoast-seo-wordpress\/ -->\n<title>PSG\/Juventus : \u00c9change Verratti-Pogba, qui serait le gagnant ? - PSG FANS<\/title>\n<meta name=\"robots\" content=\"index, follow, max-snippet:-1, max-image-preview:large, max-video-preview:-1\" \/>\n<link rel=\"canonical\" href=\"https:\/\/psgfans.fr\/?p=686\" \/>\n<meta property=\"og:locale\" content=\"fr_FR\" \/>\n<meta property=\"og:type\" content=\"article\" \/>\n<meta property=\"og:title\" content=\"PSG\/Juventus : \u00c9change Verratti-Pogba, qui serait le gagnant ? - PSG FANS\" \/>\n<meta property=\"og:description\" content=\"Tuttosport a expliqu\u00e9 ce lundi que la Juventus Turin et le PSG r\u00e9fl\u00e9chissaient bien \u00e0 un \u00e9ventuel \u00e9change entre Paul Pogba et Marco Verratti. Est-ce vraiment possible ? Qui serait gagnant dans l\u2019affaire ? Ils ont tous les deux 21 ans. Tous les deux sont tr\u00e8s talentueux et d\u00e9j\u00e0 des \u00e9l\u00e9ments cl\u00e9s de leurs \u00e9quipes [&hellip;]\" \/>\n<meta property=\"og:url\" content=\"https:\/\/psgfans.fr\/?p=686\" \/>\n<meta property=\"og:site_name\" content=\"PSG FANS\" \/>\n<meta property=\"article:published_time\" content=\"2014-04-30T00:04:00+00:00\" \/>\n<meta property=\"og:image\" content=\"https:\/\/blogger.googleusercontent.com\/img\/b\/R29vZ2xl\/AVvXsEhkF2tIbeolnZ7O7_C1xv5Zo6XIH7iQfvvjDIfHIeUkyKWnSMTf6FW_D_QrIxTmKYXylbnFCVevRCwBWieMcdYhOLZU0f3DFej9O9YH1cQ8TeIMx3tC6kCPtiYHu_K8rvxXRsJ-67yeUL8\/s1600\/0F7smhMzqoU.jpg\" \/>\n<meta name=\"author\" content=\"psgfans\" \/>\n<meta name=\"twitter:card\" content=\"summary_large_image\" \/>\n<meta name=\"twitter:label1\" content=\"\u00c9crit par\" \/>\n\t<meta name=\"twitter:data1\" content=\"psgfans\" \/>\n\t<meta name=\"twitter:label2\" content=\"Dur\u00e9e de lecture estim\u00e9e\" \/>\n\t<meta name=\"twitter:data2\" content=\"3 minutes\" \/>\n<script type=\"application\/ld+json\" class=\"yoast-schema-graph\">{\"@context\":\"https:\\\/\\\/schema.org\",\"@graph\":[{\"@type\":\"Article\",\"@id\":\"https:\\\/\\\/psgfans.fr\\\/?p=686#article\",\"isPartOf\":{\"@id\":\"https:\\\/\\\/psgfans.fr\\\/?p=686\"},\"author\":{\"name\":\"psgfans\",\"@id\":\"https:\\\/\\\/psgfans.fr\\\/#\\\/schema\\\/person\\\/be2237e7a0237af2f29cb344b3c55e6c\"},\"headline\":\"PSG\\\/Juventus : \u00c9change Verratti-Pogba, qui serait le gagnant ?\",\"datePublished\":\"2014-04-30T00:04:00+00:00\",\"mainEntityOfPage\":{\"@id\":\"https:\\\/\\\/psgfans.fr\\\/?p=686\"},\"wordCount\":691,\"commentCount\":0,\"image\":{\"@id\":\"https:\\\/\\\/psgfans.fr\\\/?p=686#primaryimage\"},\"thumbnailUrl\":\"https:\\\/\\\/blogger.googleusercontent.com\\\/img\\\/b\\\/R29vZ2xl\\\/AVvXsEhkF2tIbeolnZ7O7_C1xv5Zo6XIH7iQfvvjDIfHIeUkyKWnSMTf6FW_D_QrIxTmKYXylbnFCVevRCwBWieMcdYhOLZU0f3DFej9O9YH1cQ8TeIMx3tC6kCPtiYHu_K8rvxXRsJ-67yeUL8\\\/s1600\\\/0F7smhMzqoU.jpg\",\"articleSection\":[\"News\"],\"inLanguage\":\"fr-FR\",\"potentialAction\":[{\"@type\":\"CommentAction\",\"name\":\"Comment\",\"target\":[\"https:\\\/\\\/psgfans.fr\\\/?p=686#respond\"]}]},{\"@type\":\"WebPage\",\"@id\":\"https:\\\/\\\/psgfans.fr\\\/?p=686\",\"url\":\"https:\\\/\\\/psgfans.fr\\\/?p=686\",\"name\":\"PSG\\\/Juventus : \u00c9change Verratti-Pogba, qui serait le gagnant ? - PSG FANS\",\"isPartOf\":{\"@id\":\"https:\\\/\\\/psgfans.fr\\\/#website\"},\"primaryImageOfPage\":{\"@id\":\"https:\\\/\\\/psgfans.fr\\\/?p=686#primaryimage\"},\"image\":{\"@id\":\"https:\\\/\\\/psgfans.fr\\\/?p=686#primaryimage\"},\"thumbnailUrl\":\"https:\\\/\\\/blogger.googleusercontent.com\\\/img\\\/b\\\/R29vZ2xl\\\/AVvXsEhkF2tIbeolnZ7O7_C1xv5Zo6XIH7iQfvvjDIfHIeUkyKWnSMTf6FW_D_QrIxTmKYXylbnFCVevRCwBWieMcdYhOLZU0f3DFej9O9YH1cQ8TeIMx3tC6kCPtiYHu_K8rvxXRsJ-67yeUL8\\\/s1600\\\/0F7smhMzqoU.jpg\",\"datePublished\":\"2014-04-30T00:04:00+00:00\",\"author\":{\"@id\":\"https:\\\/\\\/psgfans.fr\\\/#\\\/schema\\\/person\\\/be2237e7a0237af2f29cb344b3c55e6c\"},\"breadcrumb\":{\"@id\":\"https:\\\/\\\/psgfans.fr\\\/?p=686#breadcrumb\"},\"inLanguage\":\"fr-FR\",\"potentialAction\":[{\"@type\":\"ReadAction\",\"target\":[\"https:\\\/\\\/psgfans.fr\\\/?p=686\"]}]},{\"@type\":\"ImageObject\",\"inLanguage\":\"fr-FR\",\"@id\":\"https:\\\/\\\/psgfans.fr\\\/?p=686#primaryimage\",\"url\":\"https:\\\/\\\/blogger.googleusercontent.com\\\/img\\\/b\\\/R29vZ2xl\\\/AVvXsEhkF2tIbeolnZ7O7_C1xv5Zo6XIH7iQfvvjDIfHIeUkyKWnSMTf6FW_D_QrIxTmKYXylbnFCVevRCwBWieMcdYhOLZU0f3DFej9O9YH1cQ8TeIMx3tC6kCPtiYHu_K8rvxXRsJ-67yeUL8\\\/s1600\\\/0F7smhMzqoU.jpg\",\"contentUrl\":\"https:\\\/\\\/blogger.googleusercontent.com\\\/img\\\/b\\\/R29vZ2xl\\\/AVvXsEhkF2tIbeolnZ7O7_C1xv5Zo6XIH7iQfvvjDIfHIeUkyKWnSMTf6FW_D_QrIxTmKYXylbnFCVevRCwBWieMcdYhOLZU0f3DFej9O9YH1cQ8TeIMx3tC6kCPtiYHu_K8rvxXRsJ-67yeUL8\\\/s1600\\\/0F7smhMzqoU.jpg\"},{\"@type\":\"BreadcrumbList\",\"@id\":\"https:\\\/\\\/psgfans.fr\\\/?p=686#breadcrumb\",\"itemListElement\":[{\"@type\":\"ListItem\",\"position\":1,\"name\":\"Accueil\",\"item\":\"https:\\\/\\\/psgfans.fr\\\/\"},{\"@type\":\"ListItem\",\"position\":2,\"name\":\"PSG\\\/Juventus : \u00c9change Verratti-Pogba, qui serait le gagnant ?\"}]},{\"@type\":\"WebSite\",\"@id\":\"https:\\\/\\\/psgfans.fr\\\/#website\",\"url\":\"https:\\\/\\\/psgfans.fr\\\/\",\"name\":\"PSG FANS\",\"description\":\"Unit\u00e9, Passion, Victoire : Au C\u0153ur du Paris Saint-Germain!\",\"potentialAction\":[{\"@type\":\"SearchAction\",\"target\":{\"@type\":\"EntryPoint\",\"urlTemplate\":\"https:\\\/\\\/psgfans.fr\\\/?s={search_term_string}\"},\"query-input\":{\"@type\":\"PropertyValueSpecification\",\"valueRequired\":true,\"valueName\":\"search_term_string\"}}],\"inLanguage\":\"fr-FR\"},{\"@type\":\"Person\",\"@id\":\"https:\\\/\\\/psgfans.fr\\\/#\\\/schema\\\/person\\\/be2237e7a0237af2f29cb344b3c55e6c\",\"name\":\"psgfans\",\"image\":{\"@type\":\"ImageObject\",\"inLanguage\":\"fr-FR\",\"@id\":\"https:\\\/\\\/secure.gravatar.com\\\/avatar\\\/?s=96&d=mm&r=g\",\"url\":\"https:\\\/\\\/secure.gravatar.com\\\/avatar\\\/?s=96&d=mm&r=g\",\"contentUrl\":\"https:\\\/\\\/secure.gravatar.com\\\/avatar\\\/?s=96&d=mm&r=g\",\"caption\":\"psgfans\"},\"url\":\"https:\\\/\\\/psgfans.fr\\\/?author=2\"}]}<\/script>\n<!-- \/ Yoast SEO plugin. -->","yoast_head_json":{"title":"PSG\/Juventus : \u00c9change Verratti-Pogba, qui serait le gagnant ? - PSG FANS","robots":{"index":"index","follow":"follow","max-snippet":"max-snippet:-1","max-image-preview":"max-image-preview:large","max-video-preview":"max-video-preview:-1"},"canonical":"https:\/\/psgfans.fr\/?p=686","og_locale":"fr_FR","og_type":"article","og_title":"PSG\/Juventus : \u00c9change Verratti-Pogba, qui serait le gagnant ? - PSG FANS","og_description":"Tuttosport a expliqu\u00e9 ce lundi que la Juventus Turin et le PSG r\u00e9fl\u00e9chissaient bien \u00e0 un \u00e9ventuel \u00e9change entre Paul Pogba et Marco Verratti. Est-ce vraiment possible ? Qui serait gagnant dans l\u2019affaire ? Ils ont tous les deux 21 ans. Tous les deux sont tr\u00e8s talentueux et d\u00e9j\u00e0 des \u00e9l\u00e9ments cl\u00e9s de leurs \u00e9quipes [&hellip;]","og_url":"https:\/\/psgfans.fr\/?p=686","og_site_name":"PSG FANS","article_published_time":"2014-04-30T00:04:00+00:00","og_image":[{"url":"https:\/\/blogger.googleusercontent.com\/img\/b\/R29vZ2xl\/AVvXsEhkF2tIbeolnZ7O7_C1xv5Zo6XIH7iQfvvjDIfHIeUkyKWnSMTf6FW_D_QrIxTmKYXylbnFCVevRCwBWieMcdYhOLZU0f3DFej9O9YH1cQ8TeIMx3tC6kCPtiYHu_K8rvxXRsJ-67yeUL8\/s1600\/0F7smhMzqoU.jpg","type":"","width":"","height":""}],"author":"psgfans","twitter_card":"summary_large_image","twitter_misc":{"\u00c9crit par":"psgfans","Dur\u00e9e de lecture estim\u00e9e":"3 minutes"},"schema":{"@context":"https:\/\/schema.org","@graph":[{"@type":"Article","@id":"https:\/\/psgfans.fr\/?p=686#article","isPartOf":{"@id":"https:\/\/psgfans.fr\/?p=686"},"author":{"name":"psgfans","@id":"https:\/\/psgfans.fr\/#\/schema\/person\/be2237e7a0237af2f29cb344b3c55e6c"},"headline":"PSG\/Juventus : \u00c9change Verratti-Pogba, qui serait le gagnant ?","datePublished":"2014-04-30T00:04:00+00:00","mainEntityOfPage":{"@id":"https:\/\/psgfans.fr\/?p=686"},"wordCount":691,"commentCount":0,"image":{"@id":"https:\/\/psgfans.fr\/?p=686#primaryimage"},"thumbnailUrl":"https:\/\/blogger.googleusercontent.com\/img\/b\/R29vZ2xl\/AVvXsEhkF2tIbeolnZ7O7_C1xv5Zo6XIH7iQfvvjDIfHIeUkyKWnSMTf6FW_D_QrIxTmKYXylbnFCVevRCwBWieMcdYhOLZU0f3DFej9O9YH1cQ8TeIMx3tC6kCPtiYHu_K8rvxXRsJ-67yeUL8\/s1600\/0F7smhMzqoU.jpg","articleSection":["News"],"inLanguage":"fr-FR","potentialAction":[{"@type":"CommentAction","name":"Comment","target":["https:\/\/psgfans.fr\/?p=686#respond"]}]},{"@type":"WebPage","@id":"https:\/\/psgfans.fr\/?p=686","url":"https:\/\/psgfans.fr\/?p=686","name":"PSG\/Juventus : \u00c9change Verratti-Pogba, qui serait le gagnant ? - PSG FANS","isPartOf":{"@id":"https:\/\/psgfans.fr\/#website"},"primaryImageOfPage":{"@id":"https:\/\/psgfans.fr\/?p=686#primaryimage"},"image":{"@id":"https:\/\/psgfans.fr\/?p=686#primaryimage"},"thumbnailUrl":"https:\/\/blogger.googleusercontent.com\/img\/b\/R29vZ2xl\/AVvXsEhkF2tIbeolnZ7O7_C1xv5Zo6XIH7iQfvvjDIfHIeUkyKWnSMTf6FW_D_QrIxTmKYXylbnFCVevRCwBWieMcdYhOLZU0f3DFej9O9YH1cQ8TeIMx3tC6kCPtiYHu_K8rvxXRsJ-67yeUL8\/s1600\/0F7smhMzqoU.jpg","datePublished":"2014-04-30T00:04:00+00:00","author":{"@id":"https:\/\/psgfans.fr\/#\/schema\/person\/be2237e7a0237af2f29cb344b3c55e6c"},"breadcrumb":{"@id":"https:\/\/psgfans.fr\/?p=686#breadcrumb"},"inLanguage":"fr-FR","potentialAction":[{"@type":"ReadAction","target":["https:\/\/psgfans.fr\/?p=686"]}]},{"@type":"ImageObject","inLanguage":"fr-FR","@id":"https:\/\/psgfans.fr\/?p=686#primaryimage","url":"https:\/\/blogger.googleusercontent.com\/img\/b\/R29vZ2xl\/AVvXsEhkF2tIbeolnZ7O7_C1xv5Zo6XIH7iQfvvjDIfHIeUkyKWnSMTf6FW_D_QrIxTmKYXylbnFCVevRCwBWieMcdYhOLZU0f3DFej9O9YH1cQ8TeIMx3tC6kCPtiYHu_K8rvxXRsJ-67yeUL8\/s1600\/0F7smhMzqoU.jpg","contentUrl":"https:\/\/blogger.googleusercontent.com\/img\/b\/R29vZ2xl\/AVvXsEhkF2tIbeolnZ7O7_C1xv5Zo6XIH7iQfvvjDIfHIeUkyKWnSMTf6FW_D_QrIxTmKYXylbnFCVevRCwBWieMcdYhOLZU0f3DFej9O9YH1cQ8TeIMx3tC6kCPtiYHu_K8rvxXRsJ-67yeUL8\/s1600\/0F7smhMzqoU.jpg"},{"@type":"BreadcrumbList","@id":"https:\/\/psgfans.fr\/?p=686#breadcrumb","itemListElement":[{"@type":"ListItem","position":1,"name":"Accueil","item":"https:\/\/psgfans.fr\/"},{"@type":"ListItem","position":2,"name":"PSG\/Juventus : \u00c9change Verratti-Pogba, qui serait le gagnant ?"}]},{"@type":"WebSite","@id":"https:\/\/psgfans.fr\/#website","url":"https:\/\/psgfans.fr\/","name":"PSG FANS","description":"Unit\u00e9, Passion, Victoire : Au C\u0153ur du Paris Saint-Germain!","potentialAction":[{"@type":"SearchAction","target":{"@type":"EntryPoint","urlTemplate":"https:\/\/psgfans.fr\/?s={search_term_string}"},"query-input":{"@type":"PropertyValueSpecification","valueRequired":true,"valueName":"search_term_string"}}],"inLanguage":"fr-FR"},{"@type":"Person","@id":"https:\/\/psgfans.fr\/#\/schema\/person\/be2237e7a0237af2f29cb344b3c55e6c","name":"psgfans","image":{"@type":"ImageObject","inLanguage":"fr-FR","@id":"https:\/\/secure.gravatar.com\/avatar\/?s=96&d=mm&r=g","url":"https:\/\/secure.gravatar.com\/avatar\/?s=96&d=mm&r=g","contentUrl":"https:\/\/secure.gravatar.com\/avatar\/?s=96&d=mm&r=g","caption":"psgfans"},"url":"https:\/\/psgfans.fr\/?author=2"}]}},"_links":{"self":[{"href":"https:\/\/psgfans.fr\/index.php?rest_route=\/wp\/v2\/posts\/686","targetHints":{"allow":["GET"]}}],"collection":[{"href":"https:\/\/psgfans.fr\/index.php?rest_route=\/wp\/v2\/posts"}],"about":[{"href":"https:\/\/psgfans.fr\/index.php?rest_route=\/wp\/v2\/types\/post"}],"author":[{"embeddable":true,"href":"https:\/\/psgfans.fr\/index.php?rest_route=\/wp\/v2\/users\/2"}],"replies":[{"embeddable":true,"href":"https:\/\/psgfans.fr\/index.php?rest_route=%2Fwp%2Fv2%2Fcomments&post=686"}],"version-history":[{"count":0,"href":"https:\/\/psgfans.fr\/index.php?rest_route=\/wp\/v2\/posts\/686\/revisions"}],"wp:attachment":[{"href":"https:\/\/psgfans.fr\/index.php?rest_route=%2Fwp%2Fv2%2Fmedia&parent=686"}],"wp:term":[{"taxonomy":"category","embeddable":true,"href":"https:\/\/psgfans.fr\/index.php?rest_route=%2Fwp%2Fv2%2Fcategories&post=686"},{"taxonomy":"post_tag","embeddable":true,"href":"https:\/\/psgfans.fr\/index.php?rest_route=%2Fwp%2Fv2%2Ftags&post=686"}],"curies":[{"name":"wp","href":"https:\/\/api.w.org\/{rel}","templated":true}]}}