{"id":685,"date":"2014-04-30T01:06:00","date_gmt":"2014-04-30T00:06:00","guid":{"rendered":"https:\/\/psgfans.fr\/?p=685"},"modified":"2014-04-30T01:06:00","modified_gmt":"2014-04-30T00:06:00","slug":"mercato-psg-alves-et-pjanic-en-pole-pogba-vers-le-real-madrid","status":"publish","type":"post","link":"https:\/\/psgfans.fr\/?p=685","title":{"rendered":"Mercato PSG : Alves et Pjanic en p\u00f4le, Pogba vers le Real Madrid"},"content":{"rendered":"<div style=\"clear: both; text-align: center;\"><a href=\"https:\/\/blogger.googleusercontent.com\/img\/b\/R29vZ2xl\/AVvXsEg_qFtzdxUmYDgW1BIOgmjY9XE0Wa98sGQuyL1yXAUjI3d_P6JUHcgQjIzc9QhOb0oA3WhrdrUMgv64Ys-CKgTuji5Ja5UbIM7HVrZg31CibnKn4-64OJLm-XM7PRf3AHNN7KhNBjKZqPo\/s1600\/0F7smhMzqoU.jpg\" style=\"margin-left: 1em; margin-right: 1em;\"><img loading=\"lazy\" decoding=\"async\" border=\"0\" src=\"https:\/\/blogger.googleusercontent.com\/img\/b\/R29vZ2xl\/AVvXsEg_qFtzdxUmYDgW1BIOgmjY9XE0Wa98sGQuyL1yXAUjI3d_P6JUHcgQjIzc9QhOb0oA3WhrdrUMgv64Ys-CKgTuji5Ja5UbIM7HVrZg31CibnKn4-64OJLm-XM7PRf3AHNN7KhNBjKZqPo\/s1600\/0F7smhMzqoU.jpg\" height=\"298\" width=\"400\" \/><\/a><\/div>\n<p><b>Dans son \u00e9dition du mardi, L&rsquo;Equipe fait le point sur mercato estival du PSG. Daniel Alves et Miralem Pjanic int\u00e9resseraient fortement Nasser al-Khela\u00effi, tandis que la piste Pogba s&rsquo;\u00e9loigne du club de la capitale.<\/b><\/p>\n<div><\/div>\n<div>\n<div>Avant d&rsquo;\u00e9coper d&rsquo;\u00e9ventuelles sanctions li\u00e9es au fair-play financier, le Paris-Saint Germain pr\u00e9parerait activement son mercato en coulisses. Deux joueurs seraient la priorit\u00e9 du club entra\u00een\u00e9 par Laurent Blanc : le Barcelonais Daniel Alves, et le Romain Miralem Pjanic.<\/div>\n<div><\/div>\n<div>Daniel Alves et Miralem Pjanic vers le PSG ?<\/div>\n<div>D&rsquo;apr\u00e8s L&rsquo;Equipe, Paris s&rsquo;activerait en coulisses pour pr\u00e9parer son mercato estival, le premier qui sera r\u00e9alis\u00e9 sans Leonardo, l&rsquo;ancien directeur sportif du club. Le quotidien \u00e9voque ainsi deux pistes principales. Ce n&rsquo;est un myst\u00e8re pour personne, Laurent Blanc cherche activement \u00e0 renforcer son couloir droit, Christophe Jallet et Gregory Van der Wiel peinant \u00e0 convaincre. Le club francilien pourrait ainsi jeter son d\u00e9volu sur le lat\u00e9ral du FC Barcelone, Daniel Alves. Pour s&rsquo;attacher les services du Br\u00e9silien, le PSG est en concurrence avec Manchester City, qui souhaite lui aussi l&rsquo;attirer. L&rsquo;ann\u00e9e derni\u00e8re, Leonardo et consorts s&rsquo;\u00e9taient d\u00e9j\u00e0 cass\u00e9s les dents sur le dossier, ne parvenant pas \u00e0 convaincre le joueur. A un an de la fin de son contrat, le FC Barcelone pourrait toutefois d\u00e9cider de se s\u00e9parer de son lat\u00e9ral droit, \u00e0 qui il n&rsquo;a toujours pas propos\u00e9 de prolongation de contrat.<\/div>\n<div>Le Paris-Saint Germain souhaiterait \u00e9galement renforcer son milieu de terrain. Pour ce faire, Nasser al-Khela\u00effi souhaiterait s&rsquo;attacher les services de Miralem Pjanic, l&rsquo;ancien Lyonnais qui \u00e9volue d\u00e9sormais \u00e0 l&rsquo;AS Roma. Excellent avec la Louve cette saison (six buts et six passes d\u00e9cisives cette saison), le Bosnien avait d\u00e9j\u00e0 \u00e9t\u00e9 la cible du PSG lors du mercato hivernal, mais n&rsquo;avait pas souhait\u00e9 quitter l&rsquo;Italie. Pour convaincre le club de la capitale transalpine, L&rsquo;Equipe croit savoir que le Paris-Saint Germain serait dispos\u00e9 \u00e0 mettre un joueur dans la balance, Javier Pastore en l&rsquo;occurrence.<\/div>\n<div><\/div>\n<div>Paul Pogba attir\u00e9 vers le Real Madrid<\/div>\n<div>Ce n&rsquo;est pas un myst\u00e8re, si Nasser al-Khela\u00effi veut absolument un joueur pour la saison prochaine, c&rsquo;est le milieu de la Juventus Turin, Paul Pogba. Un nom qui a d&rsquo;ailleurs souvent circul\u00e9 du c\u00f4t\u00e9 du PSG. Mais dans ce dossier, la bande \u00e0 Ibrahimovic pourrait se faire distancer par le Real Madrid. Selon France Football, Zinedine Zidane aurait appel\u00e9 le Fran\u00e7ais pour l&rsquo;attirer en Espagne, avant de discuter avec l&rsquo;entra\u00eeneur de la Vieille Dame, Antonio Conte. Paris pourrait quand m\u00eame faire une offre \u00e0 la Juventus, qui tournerait autour de 40 millions d&rsquo;euros selon TuttoSport. Marco Verratti pourrait \u00e9galement \u00eatre inclus dans la transaction.<\/div>\n<div>Le mercato estival du PSG s&rsquo;annonce donc charg\u00e9, \u00e0 moins qu&rsquo;une \u00e9ventuelle sanction de l&rsquo;UEFA li\u00e9e au fair-play financier vienne assombrir l&rsquo;\u00e9t\u00e9 parisien.<\/div>\n<div><\/div>\n<div>.tf1.fr<\/div>\n<\/div>\n","protected":false},"excerpt":{"rendered":"<p>Dans son \u00e9dition du mardi, L&rsquo;Equipe fait le point sur mercato estival du PSG. Daniel Alves et Miralem Pjanic int\u00e9resseraient fortement Nasser al-Khela\u00effi, tandis que la piste Pogba s&rsquo;\u00e9loigne du club de la capitale. Avant d&rsquo;\u00e9coper d&rsquo;\u00e9ventuelles sanctions li\u00e9es au fair-play financier, le Paris-Saint Germain pr\u00e9parerait activement son mercato en coulisses. Deux joueurs seraient la [&hellip;]<\/p>\n","protected":false},"author":2,"featured_media":0,"comment_status":"open","ping_status":"open","sticky":false,"template":"","format":"standard","meta":{"footnotes":""},"categories":[3],"tags":[],"class_list":{"0":"post-685","1":"post","2":"type-post","3":"status-publish","4":"format-standard","6":"category-news"},"yoast_head":"<!-- This site is optimized with the Yoast SEO plugin v27.4 - https:\/\/yoast.com\/product\/yoast-seo-wordpress\/ -->\n<title>Mercato PSG : Alves et Pjanic en p\u00f4le, Pogba vers le Real Madrid - PSG FANS<\/title>\n<meta name=\"robots\" content=\"index, follow, max-snippet:-1, max-image-preview:large, max-video-preview:-1\" \/>\n<link rel=\"canonical\" href=\"https:\/\/psgfans.fr\/?p=685\" \/>\n<meta property=\"og:locale\" content=\"fr_FR\" \/>\n<meta property=\"og:type\" content=\"article\" \/>\n<meta property=\"og:title\" content=\"Mercato PSG : Alves et Pjanic en p\u00f4le, Pogba vers le Real Madrid - PSG FANS\" \/>\n<meta property=\"og:description\" content=\"Dans son \u00e9dition du mardi, L&rsquo;Equipe fait le point sur mercato estival du PSG. Daniel Alves et Miralem Pjanic int\u00e9resseraient fortement Nasser al-Khela\u00effi, tandis que la piste Pogba s&rsquo;\u00e9loigne du club de la capitale. Avant d&rsquo;\u00e9coper d&rsquo;\u00e9ventuelles sanctions li\u00e9es au fair-play financier, le Paris-Saint Germain pr\u00e9parerait activement son mercato en coulisses. Deux joueurs seraient la [&hellip;]\" \/>\n<meta property=\"og:url\" content=\"https:\/\/psgfans.fr\/?p=685\" \/>\n<meta property=\"og:site_name\" content=\"PSG FANS\" \/>\n<meta property=\"article:published_time\" content=\"2014-04-30T00:06:00+00:00\" \/>\n<meta property=\"og:image\" content=\"https:\/\/blogger.googleusercontent.com\/img\/b\/R29vZ2xl\/AVvXsEg_qFtzdxUmYDgW1BIOgmjY9XE0Wa98sGQuyL1yXAUjI3d_P6JUHcgQjIzc9QhOb0oA3WhrdrUMgv64Ys-CKgTuji5Ja5UbIM7HVrZg31CibnKn4-64OJLm-XM7PRf3AHNN7KhNBjKZqPo\/s1600\/0F7smhMzqoU.jpg\" \/>\n<meta name=\"author\" content=\"psgfans\" \/>\n<meta name=\"twitter:card\" content=\"summary_large_image\" \/>\n<meta name=\"twitter:label1\" content=\"\u00c9crit par\" \/>\n\t<meta name=\"twitter:data1\" content=\"psgfans\" \/>\n\t<meta name=\"twitter:label2\" content=\"Dur\u00e9e de lecture estim\u00e9e\" \/>\n\t<meta name=\"twitter:data2\" content=\"2 minutes\" \/>\n<script type=\"application\/ld+json\" class=\"yoast-schema-graph\">{\"@context\":\"https:\\\/\\\/schema.org\",\"@graph\":[{\"@type\":\"Article\",\"@id\":\"https:\\\/\\\/psgfans.fr\\\/?p=685#article\",\"isPartOf\":{\"@id\":\"https:\\\/\\\/psgfans.fr\\\/?p=685\"},\"author\":{\"name\":\"psgfans\",\"@id\":\"https:\\\/\\\/psgfans.fr\\\/#\\\/schema\\\/person\\\/be2237e7a0237af2f29cb344b3c55e6c\"},\"headline\":\"Mercato PSG : Alves et Pjanic en p\u00f4le, Pogba vers le Real Madrid\",\"datePublished\":\"2014-04-30T00:06:00+00:00\",\"mainEntityOfPage\":{\"@id\":\"https:\\\/\\\/psgfans.fr\\\/?p=685\"},\"wordCount\":513,\"commentCount\":0,\"image\":{\"@id\":\"https:\\\/\\\/psgfans.fr\\\/?p=685#primaryimage\"},\"thumbnailUrl\":\"https:\\\/\\\/blogger.googleusercontent.com\\\/img\\\/b\\\/R29vZ2xl\\\/AVvXsEg_qFtzdxUmYDgW1BIOgmjY9XE0Wa98sGQuyL1yXAUjI3d_P6JUHcgQjIzc9QhOb0oA3WhrdrUMgv64Ys-CKgTuji5Ja5UbIM7HVrZg31CibnKn4-64OJLm-XM7PRf3AHNN7KhNBjKZqPo\\\/s1600\\\/0F7smhMzqoU.jpg\",\"articleSection\":[\"News\"],\"inLanguage\":\"fr-FR\",\"potentialAction\":[{\"@type\":\"CommentAction\",\"name\":\"Comment\",\"target\":[\"https:\\\/\\\/psgfans.fr\\\/?p=685#respond\"]}]},{\"@type\":\"WebPage\",\"@id\":\"https:\\\/\\\/psgfans.fr\\\/?p=685\",\"url\":\"https:\\\/\\\/psgfans.fr\\\/?p=685\",\"name\":\"Mercato PSG : Alves et Pjanic en p\u00f4le, Pogba vers le Real Madrid - PSG FANS\",\"isPartOf\":{\"@id\":\"https:\\\/\\\/psgfans.fr\\\/#website\"},\"primaryImageOfPage\":{\"@id\":\"https:\\\/\\\/psgfans.fr\\\/?p=685#primaryimage\"},\"image\":{\"@id\":\"https:\\\/\\\/psgfans.fr\\\/?p=685#primaryimage\"},\"thumbnailUrl\":\"https:\\\/\\\/blogger.googleusercontent.com\\\/img\\\/b\\\/R29vZ2xl\\\/AVvXsEg_qFtzdxUmYDgW1BIOgmjY9XE0Wa98sGQuyL1yXAUjI3d_P6JUHcgQjIzc9QhOb0oA3WhrdrUMgv64Ys-CKgTuji5Ja5UbIM7HVrZg31CibnKn4-64OJLm-XM7PRf3AHNN7KhNBjKZqPo\\\/s1600\\\/0F7smhMzqoU.jpg\",\"datePublished\":\"2014-04-30T00:06:00+00:00\",\"author\":{\"@id\":\"https:\\\/\\\/psgfans.fr\\\/#\\\/schema\\\/person\\\/be2237e7a0237af2f29cb344b3c55e6c\"},\"breadcrumb\":{\"@id\":\"https:\\\/\\\/psgfans.fr\\\/?p=685#breadcrumb\"},\"inLanguage\":\"fr-FR\",\"potentialAction\":[{\"@type\":\"ReadAction\",\"target\":[\"https:\\\/\\\/psgfans.fr\\\/?p=685\"]}]},{\"@type\":\"ImageObject\",\"inLanguage\":\"fr-FR\",\"@id\":\"https:\\\/\\\/psgfans.fr\\\/?p=685#primaryimage\",\"url\":\"https:\\\/\\\/blogger.googleusercontent.com\\\/img\\\/b\\\/R29vZ2xl\\\/AVvXsEg_qFtzdxUmYDgW1BIOgmjY9XE0Wa98sGQuyL1yXAUjI3d_P6JUHcgQjIzc9QhOb0oA3WhrdrUMgv64Ys-CKgTuji5Ja5UbIM7HVrZg31CibnKn4-64OJLm-XM7PRf3AHNN7KhNBjKZqPo\\\/s1600\\\/0F7smhMzqoU.jpg\",\"contentUrl\":\"https:\\\/\\\/blogger.googleusercontent.com\\\/img\\\/b\\\/R29vZ2xl\\\/AVvXsEg_qFtzdxUmYDgW1BIOgmjY9XE0Wa98sGQuyL1yXAUjI3d_P6JUHcgQjIzc9QhOb0oA3WhrdrUMgv64Ys-CKgTuji5Ja5UbIM7HVrZg31CibnKn4-64OJLm-XM7PRf3AHNN7KhNBjKZqPo\\\/s1600\\\/0F7smhMzqoU.jpg\"},{\"@type\":\"BreadcrumbList\",\"@id\":\"https:\\\/\\\/psgfans.fr\\\/?p=685#breadcrumb\",\"itemListElement\":[{\"@type\":\"ListItem\",\"position\":1,\"name\":\"Accueil\",\"item\":\"https:\\\/\\\/psgfans.fr\\\/\"},{\"@type\":\"ListItem\",\"position\":2,\"name\":\"Mercato PSG : Alves et Pjanic en p\u00f4le, Pogba vers le Real Madrid\"}]},{\"@type\":\"WebSite\",\"@id\":\"https:\\\/\\\/psgfans.fr\\\/#website\",\"url\":\"https:\\\/\\\/psgfans.fr\\\/\",\"name\":\"PSG FANS\",\"description\":\"Unit\u00e9, Passion, Victoire : Au C\u0153ur du Paris Saint-Germain!\",\"potentialAction\":[{\"@type\":\"SearchAction\",\"target\":{\"@type\":\"EntryPoint\",\"urlTemplate\":\"https:\\\/\\\/psgfans.fr\\\/?s={search_term_string}\"},\"query-input\":{\"@type\":\"PropertyValueSpecification\",\"valueRequired\":true,\"valueName\":\"search_term_string\"}}],\"inLanguage\":\"fr-FR\"},{\"@type\":\"Person\",\"@id\":\"https:\\\/\\\/psgfans.fr\\\/#\\\/schema\\\/person\\\/be2237e7a0237af2f29cb344b3c55e6c\",\"name\":\"psgfans\",\"image\":{\"@type\":\"ImageObject\",\"inLanguage\":\"fr-FR\",\"@id\":\"https:\\\/\\\/secure.gravatar.com\\\/avatar\\\/?s=96&d=mm&r=g\",\"url\":\"https:\\\/\\\/secure.gravatar.com\\\/avatar\\\/?s=96&d=mm&r=g\",\"contentUrl\":\"https:\\\/\\\/secure.gravatar.com\\\/avatar\\\/?s=96&d=mm&r=g\",\"caption\":\"psgfans\"},\"url\":\"https:\\\/\\\/psgfans.fr\\\/?author=2\"}]}<\/script>\n<!-- \/ Yoast SEO plugin. -->","yoast_head_json":{"title":"Mercato PSG : Alves et Pjanic en p\u00f4le, Pogba vers le Real Madrid - PSG FANS","robots":{"index":"index","follow":"follow","max-snippet":"max-snippet:-1","max-image-preview":"max-image-preview:large","max-video-preview":"max-video-preview:-1"},"canonical":"https:\/\/psgfans.fr\/?p=685","og_locale":"fr_FR","og_type":"article","og_title":"Mercato PSG : Alves et Pjanic en p\u00f4le, Pogba vers le Real Madrid - PSG FANS","og_description":"Dans son \u00e9dition du mardi, L&rsquo;Equipe fait le point sur mercato estival du PSG. Daniel Alves et Miralem Pjanic int\u00e9resseraient fortement Nasser al-Khela\u00effi, tandis que la piste Pogba s&rsquo;\u00e9loigne du club de la capitale. Avant d&rsquo;\u00e9coper d&rsquo;\u00e9ventuelles sanctions li\u00e9es au fair-play financier, le Paris-Saint Germain pr\u00e9parerait activement son mercato en coulisses. Deux joueurs seraient la [&hellip;]","og_url":"https:\/\/psgfans.fr\/?p=685","og_site_name":"PSG FANS","article_published_time":"2014-04-30T00:06:00+00:00","og_image":[{"url":"https:\/\/blogger.googleusercontent.com\/img\/b\/R29vZ2xl\/AVvXsEg_qFtzdxUmYDgW1BIOgmjY9XE0Wa98sGQuyL1yXAUjI3d_P6JUHcgQjIzc9QhOb0oA3WhrdrUMgv64Ys-CKgTuji5Ja5UbIM7HVrZg31CibnKn4-64OJLm-XM7PRf3AHNN7KhNBjKZqPo\/s1600\/0F7smhMzqoU.jpg","type":"","width":"","height":""}],"author":"psgfans","twitter_card":"summary_large_image","twitter_misc":{"\u00c9crit par":"psgfans","Dur\u00e9e de lecture estim\u00e9e":"2 minutes"},"schema":{"@context":"https:\/\/schema.org","@graph":[{"@type":"Article","@id":"https:\/\/psgfans.fr\/?p=685#article","isPartOf":{"@id":"https:\/\/psgfans.fr\/?p=685"},"author":{"name":"psgfans","@id":"https:\/\/psgfans.fr\/#\/schema\/person\/be2237e7a0237af2f29cb344b3c55e6c"},"headline":"Mercato PSG : Alves et Pjanic en p\u00f4le, Pogba vers le Real Madrid","datePublished":"2014-04-30T00:06:00+00:00","mainEntityOfPage":{"@id":"https:\/\/psgfans.fr\/?p=685"},"wordCount":513,"commentCount":0,"image":{"@id":"https:\/\/psgfans.fr\/?p=685#primaryimage"},"thumbnailUrl":"https:\/\/blogger.googleusercontent.com\/img\/b\/R29vZ2xl\/AVvXsEg_qFtzdxUmYDgW1BIOgmjY9XE0Wa98sGQuyL1yXAUjI3d_P6JUHcgQjIzc9QhOb0oA3WhrdrUMgv64Ys-CKgTuji5Ja5UbIM7HVrZg31CibnKn4-64OJLm-XM7PRf3AHNN7KhNBjKZqPo\/s1600\/0F7smhMzqoU.jpg","articleSection":["News"],"inLanguage":"fr-FR","potentialAction":[{"@type":"CommentAction","name":"Comment","target":["https:\/\/psgfans.fr\/?p=685#respond"]}]},{"@type":"WebPage","@id":"https:\/\/psgfans.fr\/?p=685","url":"https:\/\/psgfans.fr\/?p=685","name":"Mercato PSG : Alves et Pjanic en p\u00f4le, Pogba vers le Real Madrid - PSG FANS","isPartOf":{"@id":"https:\/\/psgfans.fr\/#website"},"primaryImageOfPage":{"@id":"https:\/\/psgfans.fr\/?p=685#primaryimage"},"image":{"@id":"https:\/\/psgfans.fr\/?p=685#primaryimage"},"thumbnailUrl":"https:\/\/blogger.googleusercontent.com\/img\/b\/R29vZ2xl\/AVvXsEg_qFtzdxUmYDgW1BIOgmjY9XE0Wa98sGQuyL1yXAUjI3d_P6JUHcgQjIzc9QhOb0oA3WhrdrUMgv64Ys-CKgTuji5Ja5UbIM7HVrZg31CibnKn4-64OJLm-XM7PRf3AHNN7KhNBjKZqPo\/s1600\/0F7smhMzqoU.jpg","datePublished":"2014-04-30T00:06:00+00:00","author":{"@id":"https:\/\/psgfans.fr\/#\/schema\/person\/be2237e7a0237af2f29cb344b3c55e6c"},"breadcrumb":{"@id":"https:\/\/psgfans.fr\/?p=685#breadcrumb"},"inLanguage":"fr-FR","potentialAction":[{"@type":"ReadAction","target":["https:\/\/psgfans.fr\/?p=685"]}]},{"@type":"ImageObject","inLanguage":"fr-FR","@id":"https:\/\/psgfans.fr\/?p=685#primaryimage","url":"https:\/\/blogger.googleusercontent.com\/img\/b\/R29vZ2xl\/AVvXsEg_qFtzdxUmYDgW1BIOgmjY9XE0Wa98sGQuyL1yXAUjI3d_P6JUHcgQjIzc9QhOb0oA3WhrdrUMgv64Ys-CKgTuji5Ja5UbIM7HVrZg31CibnKn4-64OJLm-XM7PRf3AHNN7KhNBjKZqPo\/s1600\/0F7smhMzqoU.jpg","contentUrl":"https:\/\/blogger.googleusercontent.com\/img\/b\/R29vZ2xl\/AVvXsEg_qFtzdxUmYDgW1BIOgmjY9XE0Wa98sGQuyL1yXAUjI3d_P6JUHcgQjIzc9QhOb0oA3WhrdrUMgv64Ys-CKgTuji5Ja5UbIM7HVrZg31CibnKn4-64OJLm-XM7PRf3AHNN7KhNBjKZqPo\/s1600\/0F7smhMzqoU.jpg"},{"@type":"BreadcrumbList","@id":"https:\/\/psgfans.fr\/?p=685#breadcrumb","itemListElement":[{"@type":"ListItem","position":1,"name":"Accueil","item":"https:\/\/psgfans.fr\/"},{"@type":"ListItem","position":2,"name":"Mercato PSG : Alves et Pjanic en p\u00f4le, Pogba vers le Real Madrid"}]},{"@type":"WebSite","@id":"https:\/\/psgfans.fr\/#website","url":"https:\/\/psgfans.fr\/","name":"PSG FANS","description":"Unit\u00e9, Passion, Victoire : Au C\u0153ur du Paris Saint-Germain!","potentialAction":[{"@type":"SearchAction","target":{"@type":"EntryPoint","urlTemplate":"https:\/\/psgfans.fr\/?s={search_term_string}"},"query-input":{"@type":"PropertyValueSpecification","valueRequired":true,"valueName":"search_term_string"}}],"inLanguage":"fr-FR"},{"@type":"Person","@id":"https:\/\/psgfans.fr\/#\/schema\/person\/be2237e7a0237af2f29cb344b3c55e6c","name":"psgfans","image":{"@type":"ImageObject","inLanguage":"fr-FR","@id":"https:\/\/secure.gravatar.com\/avatar\/?s=96&d=mm&r=g","url":"https:\/\/secure.gravatar.com\/avatar\/?s=96&d=mm&r=g","contentUrl":"https:\/\/secure.gravatar.com\/avatar\/?s=96&d=mm&r=g","caption":"psgfans"},"url":"https:\/\/psgfans.fr\/?author=2"}]}},"_links":{"self":[{"href":"https:\/\/psgfans.fr\/index.php?rest_route=\/wp\/v2\/posts\/685","targetHints":{"allow":["GET"]}}],"collection":[{"href":"https:\/\/psgfans.fr\/index.php?rest_route=\/wp\/v2\/posts"}],"about":[{"href":"https:\/\/psgfans.fr\/index.php?rest_route=\/wp\/v2\/types\/post"}],"author":[{"embeddable":true,"href":"https:\/\/psgfans.fr\/index.php?rest_route=\/wp\/v2\/users\/2"}],"replies":[{"embeddable":true,"href":"https:\/\/psgfans.fr\/index.php?rest_route=%2Fwp%2Fv2%2Fcomments&post=685"}],"version-history":[{"count":0,"href":"https:\/\/psgfans.fr\/index.php?rest_route=\/wp\/v2\/posts\/685\/revisions"}],"wp:attachment":[{"href":"https:\/\/psgfans.fr\/index.php?rest_route=%2Fwp%2Fv2%2Fmedia&parent=685"}],"wp:term":[{"taxonomy":"category","embeddable":true,"href":"https:\/\/psgfans.fr\/index.php?rest_route=%2Fwp%2Fv2%2Fcategories&post=685"},{"taxonomy":"post_tag","embeddable":true,"href":"https:\/\/psgfans.fr\/index.php?rest_route=%2Fwp%2Fv2%2Ftags&post=685"}],"curies":[{"name":"wp","href":"https:\/\/api.w.org\/{rel}","templated":true}]}}