{"id":684,"date":"2014-04-30T01:09:00","date_gmt":"2014-04-30T00:09:00","guid":{"rendered":"https:\/\/psgfans.fr\/?p=684"},"modified":"2014-04-30T01:09:00","modified_gmt":"2014-04-30T00:09:00","slug":"le-psg-doit-il-deja-oublier-leo-messi-et-cristiano-ronaldo-cet-ete","status":"publish","type":"post","link":"https:\/\/psgfans.fr\/?p=684","title":{"rendered":"Le PSG doit-il d\u00e9j\u00e0 oublier Leo Messi et Cristiano Ronaldo cet \u00e9t\u00e9 ?"},"content":{"rendered":"<div style=\"clear: both; text-align: center;\"><a href=\"https:\/\/blogger.googleusercontent.com\/img\/b\/R29vZ2xl\/AVvXsEhoRVCY3_EuUDcRCrgBGb0GilcdZaiDgjz5AEvv3wPP0AGU6GmIY4YypfX8iZzcTqp2XJOWgBuJ9kKjgyr3Tlq96R-Wj0pIsfYCRXlMSYlWwV44g07riMMau4u6HL2KJYOIqNHhpQ15Rak\/s1600\/0F7smhMzqoU.jpg\" style=\"margin-left: 1em; margin-right: 1em;\"><img loading=\"lazy\" decoding=\"async\" border=\"0\" src=\"https:\/\/blogger.googleusercontent.com\/img\/b\/R29vZ2xl\/AVvXsEhoRVCY3_EuUDcRCrgBGb0GilcdZaiDgjz5AEvv3wPP0AGU6GmIY4YypfX8iZzcTqp2XJOWgBuJ9kKjgyr3Tlq96R-Wj0pIsfYCRXlMSYlWwV44g07riMMau4u6HL2KJYOIqNHhpQ15Rak\/s1600\/0F7smhMzqoU.jpg\" height=\"225\" width=\"400\" \/><\/a><\/div>\n<p><b>Depuis l\u2019arriv\u00e9e des Qataris, le PSG a recrut\u00e9 des grandes stars lors de chaque mercato estival. Le PSG peut-il vraiment encore enr\u00f4ler Leo Messi ou Cristiano Ronaldo cet \u00e9t\u00e9 ?<\/b><\/p>\n<p>Apr\u00e8s Zlatan Ibrahimovic et Thiago Silva lors de l\u2019\u00e9t\u00e9 2012, Edinson Cavani en 2013, le PSG aspire, de nouveau, \u00e0 r\u00e9aliser un gros coup cet \u00e9t\u00e9 lors du march\u00e9 des transferts. Mais le PSG va-t-il avoir les mains libres ? La menace du fair-play financier plane au-dessus du PSG. Le PSG va-t-il \u00eatre sanctionn\u00e9 ? Paris va-t-il \u00eatre frein\u00e9 dans ses grandes man\u0153uvres ? \u00ab Le fair-play financier ? On respecte le r\u00e8glement, il n\u2019y a aucune raison d\u2019avoir des sanctions. J\u2019ai confiance \u00bb, a assur\u00e9 r\u00e9cemment sur Canal + le pr\u00e9sident du club, Nasser Al-Khela\u00effi.<br \/>&nbsp;<\/p>\n<p>UN ACCORD AVEC L\u2019UEFA ?<br \/>Selon Le Parisien, ce mardi, le PSG aurait d\u2019ores et d\u00e9j\u00e0, et ce depuis quelques temps, n\u00e9goci\u00e9 \u00ab son sort \u00bb avec l\u2019UEFA. Le PSG et Manchester City sont notamment dans le viseur de l\u2019instance europ\u00e9enne. D\u2019apr\u00e8s le quotidien, les discussions auraient abouti \u00e0 une amende de plusieurs dizaines de millions d\u2019euros \u00e0 verser par le PSG pour r\u00e9gulariser sa situation. Une somme qui pourrait contraindre le PSG \u00e0 revoir ses ambitions estivales \u00e0 la baisse. Le PSG peut-il, par exemple, enr\u00f4ler l\u2019un des deux meilleurs joueurs du monde (Cristiano Ronaldo ou Leo Messi) d\u00e8s cet \u00e9t\u00e9 ? Cela para\u00eet difficile.<\/p>\n<p>LE PSG CONTINUE DE LES SUIVRE MAIS\u2026<br \/>Ce week-end, L\u2019Equipe assurait dans ses colonnes que le club parisien avait d\u2019ores et d\u00e9j\u00e0 tirer une croix sur ces deux joueurs cet \u00e9t\u00e9\u2026 Paris est pourtant int\u00e9ress\u00e9 et continue de suivre de pr\u00e8s la situation des deux hommes, comme expliqu\u00e9 par le 10 Sport. Mais cet \u00e9t\u00e9, c\u2019est s\u00fbrement trop t\u00f4t. Paris va recruter, Paris vise des joueurs de tr\u00e8s haut niveau mais Paris va prendre le soin de ne pas trop attirer l\u2019attention. \u00ab Ce genre de d\u00e9cision (fair-play financier, ndlr) est autant \u00e9conomique que politique, je pense que Nasser Al-Khelaifi et Jean-Claude Blanc vont finir par convaincre l&rsquo;UEFA de rester mesur\u00e9 dans les sanctions. Je suis plut\u00f4t optimiste. En revanche, Paris ne pourra pas recruter Messi ou Ronaldo, \u00e7a c&rsquo;est pour moi une certitude \u00bb , a expliqu\u00e9 il y a quelques jours le journaliste Laurent Perrin dans un chat organis\u00e9 par Le Parisien.<\/p>\n<p>LE PSG NE DOIT PAS ATTIRER L\u2019ATTENTION<br \/>En gros, le PSG devrait \u00e9viter les sanctions les plus lourdes mais le PSG, pour prouver sa bonne foi, pour aussi montrer qu\u2019il respecte l\u2019institution europ\u00e9enne et ses adversaires, devrait rester \u00ab sage \u00bb dans une certaine mesure. L\u2019arriv\u00e9e de l\u2019un des deux meilleurs joueurs du monde au PSG cet \u00e9t\u00e9 para\u00eet plus qu\u2019improbable. Le PSG a tout int\u00e9r\u00eat \u00e0 \u00ab se faire petit \u00bb lors des prochaines semaines.<\/p>\n<p>.le10sport.<\/p>\n","protected":false},"excerpt":{"rendered":"<p>Depuis l\u2019arriv\u00e9e des Qataris, le PSG a recrut\u00e9 des grandes stars lors de chaque mercato estival. Le PSG peut-il vraiment encore enr\u00f4ler Leo Messi ou Cristiano Ronaldo cet \u00e9t\u00e9 ? Apr\u00e8s Zlatan Ibrahimovic et Thiago Silva lors de l\u2019\u00e9t\u00e9 2012, Edinson Cavani en 2013, le PSG aspire, de nouveau, \u00e0 r\u00e9aliser un gros coup cet [&hellip;]<\/p>\n","protected":false},"author":2,"featured_media":0,"comment_status":"open","ping_status":"open","sticky":false,"template":"","format":"standard","meta":{"footnotes":""},"categories":[3],"tags":[],"class_list":{"0":"post-684","1":"post","2":"type-post","3":"status-publish","4":"format-standard","6":"category-news"},"yoast_head":"<!-- This site is optimized with the Yoast SEO plugin v27.4 - https:\/\/yoast.com\/product\/yoast-seo-wordpress\/ -->\n<title>Le PSG doit-il d\u00e9j\u00e0 oublier Leo Messi et Cristiano Ronaldo cet \u00e9t\u00e9 ? - PSG FANS<\/title>\n<meta name=\"robots\" content=\"index, follow, max-snippet:-1, max-image-preview:large, max-video-preview:-1\" \/>\n<link rel=\"canonical\" href=\"https:\/\/psgfans.fr\/?p=684\" \/>\n<meta property=\"og:locale\" content=\"fr_FR\" \/>\n<meta property=\"og:type\" content=\"article\" \/>\n<meta property=\"og:title\" content=\"Le PSG doit-il d\u00e9j\u00e0 oublier Leo Messi et Cristiano Ronaldo cet \u00e9t\u00e9 ? - PSG FANS\" \/>\n<meta property=\"og:description\" content=\"Depuis l\u2019arriv\u00e9e des Qataris, le PSG a recrut\u00e9 des grandes stars lors de chaque mercato estival. Le PSG peut-il vraiment encore enr\u00f4ler Leo Messi ou Cristiano Ronaldo cet \u00e9t\u00e9 ? Apr\u00e8s Zlatan Ibrahimovic et Thiago Silva lors de l\u2019\u00e9t\u00e9 2012, Edinson Cavani en 2013, le PSG aspire, de nouveau, \u00e0 r\u00e9aliser un gros coup cet [&hellip;]\" \/>\n<meta property=\"og:url\" content=\"https:\/\/psgfans.fr\/?p=684\" \/>\n<meta property=\"og:site_name\" content=\"PSG FANS\" \/>\n<meta property=\"article:published_time\" content=\"2014-04-30T00:09:00+00:00\" \/>\n<meta property=\"og:image\" content=\"https:\/\/blogger.googleusercontent.com\/img\/b\/R29vZ2xl\/AVvXsEhoRVCY3_EuUDcRCrgBGb0GilcdZaiDgjz5AEvv3wPP0AGU6GmIY4YypfX8iZzcTqp2XJOWgBuJ9kKjgyr3Tlq96R-Wj0pIsfYCRXlMSYlWwV44g07riMMau4u6HL2KJYOIqNHhpQ15Rak\/s1600\/0F7smhMzqoU.jpg\" \/>\n<meta name=\"author\" content=\"psgfans\" \/>\n<meta name=\"twitter:card\" content=\"summary_large_image\" \/>\n<meta name=\"twitter:label1\" content=\"\u00c9crit par\" \/>\n\t<meta name=\"twitter:data1\" content=\"psgfans\" \/>\n\t<meta name=\"twitter:label2\" content=\"Dur\u00e9e de lecture estim\u00e9e\" \/>\n\t<meta name=\"twitter:data2\" content=\"2 minutes\" \/>\n<script type=\"application\/ld+json\" class=\"yoast-schema-graph\">{\"@context\":\"https:\\\/\\\/schema.org\",\"@graph\":[{\"@type\":\"Article\",\"@id\":\"https:\\\/\\\/psgfans.fr\\\/?p=684#article\",\"isPartOf\":{\"@id\":\"https:\\\/\\\/psgfans.fr\\\/?p=684\"},\"author\":{\"name\":\"psgfans\",\"@id\":\"https:\\\/\\\/psgfans.fr\\\/#\\\/schema\\\/person\\\/be2237e7a0237af2f29cb344b3c55e6c\"},\"headline\":\"Le PSG doit-il d\u00e9j\u00e0 oublier Leo Messi et Cristiano Ronaldo cet \u00e9t\u00e9 ?\",\"datePublished\":\"2014-04-30T00:09:00+00:00\",\"mainEntityOfPage\":{\"@id\":\"https:\\\/\\\/psgfans.fr\\\/?p=684\"},\"wordCount\":503,\"commentCount\":0,\"image\":{\"@id\":\"https:\\\/\\\/psgfans.fr\\\/?p=684#primaryimage\"},\"thumbnailUrl\":\"https:\\\/\\\/blogger.googleusercontent.com\\\/img\\\/b\\\/R29vZ2xl\\\/AVvXsEhoRVCY3_EuUDcRCrgBGb0GilcdZaiDgjz5AEvv3wPP0AGU6GmIY4YypfX8iZzcTqp2XJOWgBuJ9kKjgyr3Tlq96R-Wj0pIsfYCRXlMSYlWwV44g07riMMau4u6HL2KJYOIqNHhpQ15Rak\\\/s1600\\\/0F7smhMzqoU.jpg\",\"articleSection\":[\"News\"],\"inLanguage\":\"fr-FR\",\"potentialAction\":[{\"@type\":\"CommentAction\",\"name\":\"Comment\",\"target\":[\"https:\\\/\\\/psgfans.fr\\\/?p=684#respond\"]}]},{\"@type\":\"WebPage\",\"@id\":\"https:\\\/\\\/psgfans.fr\\\/?p=684\",\"url\":\"https:\\\/\\\/psgfans.fr\\\/?p=684\",\"name\":\"Le PSG doit-il d\u00e9j\u00e0 oublier Leo Messi et Cristiano Ronaldo cet \u00e9t\u00e9 ? - PSG FANS\",\"isPartOf\":{\"@id\":\"https:\\\/\\\/psgfans.fr\\\/#website\"},\"primaryImageOfPage\":{\"@id\":\"https:\\\/\\\/psgfans.fr\\\/?p=684#primaryimage\"},\"image\":{\"@id\":\"https:\\\/\\\/psgfans.fr\\\/?p=684#primaryimage\"},\"thumbnailUrl\":\"https:\\\/\\\/blogger.googleusercontent.com\\\/img\\\/b\\\/R29vZ2xl\\\/AVvXsEhoRVCY3_EuUDcRCrgBGb0GilcdZaiDgjz5AEvv3wPP0AGU6GmIY4YypfX8iZzcTqp2XJOWgBuJ9kKjgyr3Tlq96R-Wj0pIsfYCRXlMSYlWwV44g07riMMau4u6HL2KJYOIqNHhpQ15Rak\\\/s1600\\\/0F7smhMzqoU.jpg\",\"datePublished\":\"2014-04-30T00:09:00+00:00\",\"author\":{\"@id\":\"https:\\\/\\\/psgfans.fr\\\/#\\\/schema\\\/person\\\/be2237e7a0237af2f29cb344b3c55e6c\"},\"breadcrumb\":{\"@id\":\"https:\\\/\\\/psgfans.fr\\\/?p=684#breadcrumb\"},\"inLanguage\":\"fr-FR\",\"potentialAction\":[{\"@type\":\"ReadAction\",\"target\":[\"https:\\\/\\\/psgfans.fr\\\/?p=684\"]}]},{\"@type\":\"ImageObject\",\"inLanguage\":\"fr-FR\",\"@id\":\"https:\\\/\\\/psgfans.fr\\\/?p=684#primaryimage\",\"url\":\"https:\\\/\\\/blogger.googleusercontent.com\\\/img\\\/b\\\/R29vZ2xl\\\/AVvXsEhoRVCY3_EuUDcRCrgBGb0GilcdZaiDgjz5AEvv3wPP0AGU6GmIY4YypfX8iZzcTqp2XJOWgBuJ9kKjgyr3Tlq96R-Wj0pIsfYCRXlMSYlWwV44g07riMMau4u6HL2KJYOIqNHhpQ15Rak\\\/s1600\\\/0F7smhMzqoU.jpg\",\"contentUrl\":\"https:\\\/\\\/blogger.googleusercontent.com\\\/img\\\/b\\\/R29vZ2xl\\\/AVvXsEhoRVCY3_EuUDcRCrgBGb0GilcdZaiDgjz5AEvv3wPP0AGU6GmIY4YypfX8iZzcTqp2XJOWgBuJ9kKjgyr3Tlq96R-Wj0pIsfYCRXlMSYlWwV44g07riMMau4u6HL2KJYOIqNHhpQ15Rak\\\/s1600\\\/0F7smhMzqoU.jpg\"},{\"@type\":\"BreadcrumbList\",\"@id\":\"https:\\\/\\\/psgfans.fr\\\/?p=684#breadcrumb\",\"itemListElement\":[{\"@type\":\"ListItem\",\"position\":1,\"name\":\"Accueil\",\"item\":\"https:\\\/\\\/psgfans.fr\\\/\"},{\"@type\":\"ListItem\",\"position\":2,\"name\":\"Le PSG doit-il d\u00e9j\u00e0 oublier Leo Messi et Cristiano Ronaldo cet \u00e9t\u00e9 ?\"}]},{\"@type\":\"WebSite\",\"@id\":\"https:\\\/\\\/psgfans.fr\\\/#website\",\"url\":\"https:\\\/\\\/psgfans.fr\\\/\",\"name\":\"PSG FANS\",\"description\":\"Unit\u00e9, Passion, Victoire : Au C\u0153ur du Paris Saint-Germain!\",\"potentialAction\":[{\"@type\":\"SearchAction\",\"target\":{\"@type\":\"EntryPoint\",\"urlTemplate\":\"https:\\\/\\\/psgfans.fr\\\/?s={search_term_string}\"},\"query-input\":{\"@type\":\"PropertyValueSpecification\",\"valueRequired\":true,\"valueName\":\"search_term_string\"}}],\"inLanguage\":\"fr-FR\"},{\"@type\":\"Person\",\"@id\":\"https:\\\/\\\/psgfans.fr\\\/#\\\/schema\\\/person\\\/be2237e7a0237af2f29cb344b3c55e6c\",\"name\":\"psgfans\",\"image\":{\"@type\":\"ImageObject\",\"inLanguage\":\"fr-FR\",\"@id\":\"https:\\\/\\\/secure.gravatar.com\\\/avatar\\\/?s=96&d=mm&r=g\",\"url\":\"https:\\\/\\\/secure.gravatar.com\\\/avatar\\\/?s=96&d=mm&r=g\",\"contentUrl\":\"https:\\\/\\\/secure.gravatar.com\\\/avatar\\\/?s=96&d=mm&r=g\",\"caption\":\"psgfans\"},\"url\":\"https:\\\/\\\/psgfans.fr\\\/?author=2\"}]}<\/script>\n<!-- \/ Yoast SEO plugin. -->","yoast_head_json":{"title":"Le PSG doit-il d\u00e9j\u00e0 oublier Leo Messi et Cristiano Ronaldo cet \u00e9t\u00e9 ? - PSG FANS","robots":{"index":"index","follow":"follow","max-snippet":"max-snippet:-1","max-image-preview":"max-image-preview:large","max-video-preview":"max-video-preview:-1"},"canonical":"https:\/\/psgfans.fr\/?p=684","og_locale":"fr_FR","og_type":"article","og_title":"Le PSG doit-il d\u00e9j\u00e0 oublier Leo Messi et Cristiano Ronaldo cet \u00e9t\u00e9 ? - PSG FANS","og_description":"Depuis l\u2019arriv\u00e9e des Qataris, le PSG a recrut\u00e9 des grandes stars lors de chaque mercato estival. Le PSG peut-il vraiment encore enr\u00f4ler Leo Messi ou Cristiano Ronaldo cet \u00e9t\u00e9 ? Apr\u00e8s Zlatan Ibrahimovic et Thiago Silva lors de l\u2019\u00e9t\u00e9 2012, Edinson Cavani en 2013, le PSG aspire, de nouveau, \u00e0 r\u00e9aliser un gros coup cet [&hellip;]","og_url":"https:\/\/psgfans.fr\/?p=684","og_site_name":"PSG FANS","article_published_time":"2014-04-30T00:09:00+00:00","og_image":[{"url":"https:\/\/blogger.googleusercontent.com\/img\/b\/R29vZ2xl\/AVvXsEhoRVCY3_EuUDcRCrgBGb0GilcdZaiDgjz5AEvv3wPP0AGU6GmIY4YypfX8iZzcTqp2XJOWgBuJ9kKjgyr3Tlq96R-Wj0pIsfYCRXlMSYlWwV44g07riMMau4u6HL2KJYOIqNHhpQ15Rak\/s1600\/0F7smhMzqoU.jpg","type":"","width":"","height":""}],"author":"psgfans","twitter_card":"summary_large_image","twitter_misc":{"\u00c9crit par":"psgfans","Dur\u00e9e de lecture estim\u00e9e":"2 minutes"},"schema":{"@context":"https:\/\/schema.org","@graph":[{"@type":"Article","@id":"https:\/\/psgfans.fr\/?p=684#article","isPartOf":{"@id":"https:\/\/psgfans.fr\/?p=684"},"author":{"name":"psgfans","@id":"https:\/\/psgfans.fr\/#\/schema\/person\/be2237e7a0237af2f29cb344b3c55e6c"},"headline":"Le PSG doit-il d\u00e9j\u00e0 oublier Leo Messi et Cristiano Ronaldo cet \u00e9t\u00e9 ?","datePublished":"2014-04-30T00:09:00+00:00","mainEntityOfPage":{"@id":"https:\/\/psgfans.fr\/?p=684"},"wordCount":503,"commentCount":0,"image":{"@id":"https:\/\/psgfans.fr\/?p=684#primaryimage"},"thumbnailUrl":"https:\/\/blogger.googleusercontent.com\/img\/b\/R29vZ2xl\/AVvXsEhoRVCY3_EuUDcRCrgBGb0GilcdZaiDgjz5AEvv3wPP0AGU6GmIY4YypfX8iZzcTqp2XJOWgBuJ9kKjgyr3Tlq96R-Wj0pIsfYCRXlMSYlWwV44g07riMMau4u6HL2KJYOIqNHhpQ15Rak\/s1600\/0F7smhMzqoU.jpg","articleSection":["News"],"inLanguage":"fr-FR","potentialAction":[{"@type":"CommentAction","name":"Comment","target":["https:\/\/psgfans.fr\/?p=684#respond"]}]},{"@type":"WebPage","@id":"https:\/\/psgfans.fr\/?p=684","url":"https:\/\/psgfans.fr\/?p=684","name":"Le PSG doit-il d\u00e9j\u00e0 oublier Leo Messi et Cristiano Ronaldo cet \u00e9t\u00e9 ? - PSG FANS","isPartOf":{"@id":"https:\/\/psgfans.fr\/#website"},"primaryImageOfPage":{"@id":"https:\/\/psgfans.fr\/?p=684#primaryimage"},"image":{"@id":"https:\/\/psgfans.fr\/?p=684#primaryimage"},"thumbnailUrl":"https:\/\/blogger.googleusercontent.com\/img\/b\/R29vZ2xl\/AVvXsEhoRVCY3_EuUDcRCrgBGb0GilcdZaiDgjz5AEvv3wPP0AGU6GmIY4YypfX8iZzcTqp2XJOWgBuJ9kKjgyr3Tlq96R-Wj0pIsfYCRXlMSYlWwV44g07riMMau4u6HL2KJYOIqNHhpQ15Rak\/s1600\/0F7smhMzqoU.jpg","datePublished":"2014-04-30T00:09:00+00:00","author":{"@id":"https:\/\/psgfans.fr\/#\/schema\/person\/be2237e7a0237af2f29cb344b3c55e6c"},"breadcrumb":{"@id":"https:\/\/psgfans.fr\/?p=684#breadcrumb"},"inLanguage":"fr-FR","potentialAction":[{"@type":"ReadAction","target":["https:\/\/psgfans.fr\/?p=684"]}]},{"@type":"ImageObject","inLanguage":"fr-FR","@id":"https:\/\/psgfans.fr\/?p=684#primaryimage","url":"https:\/\/blogger.googleusercontent.com\/img\/b\/R29vZ2xl\/AVvXsEhoRVCY3_EuUDcRCrgBGb0GilcdZaiDgjz5AEvv3wPP0AGU6GmIY4YypfX8iZzcTqp2XJOWgBuJ9kKjgyr3Tlq96R-Wj0pIsfYCRXlMSYlWwV44g07riMMau4u6HL2KJYOIqNHhpQ15Rak\/s1600\/0F7smhMzqoU.jpg","contentUrl":"https:\/\/blogger.googleusercontent.com\/img\/b\/R29vZ2xl\/AVvXsEhoRVCY3_EuUDcRCrgBGb0GilcdZaiDgjz5AEvv3wPP0AGU6GmIY4YypfX8iZzcTqp2XJOWgBuJ9kKjgyr3Tlq96R-Wj0pIsfYCRXlMSYlWwV44g07riMMau4u6HL2KJYOIqNHhpQ15Rak\/s1600\/0F7smhMzqoU.jpg"},{"@type":"BreadcrumbList","@id":"https:\/\/psgfans.fr\/?p=684#breadcrumb","itemListElement":[{"@type":"ListItem","position":1,"name":"Accueil","item":"https:\/\/psgfans.fr\/"},{"@type":"ListItem","position":2,"name":"Le PSG doit-il d\u00e9j\u00e0 oublier Leo Messi et Cristiano Ronaldo cet \u00e9t\u00e9 ?"}]},{"@type":"WebSite","@id":"https:\/\/psgfans.fr\/#website","url":"https:\/\/psgfans.fr\/","name":"PSG FANS","description":"Unit\u00e9, Passion, Victoire : Au C\u0153ur du Paris Saint-Germain!","potentialAction":[{"@type":"SearchAction","target":{"@type":"EntryPoint","urlTemplate":"https:\/\/psgfans.fr\/?s={search_term_string}"},"query-input":{"@type":"PropertyValueSpecification","valueRequired":true,"valueName":"search_term_string"}}],"inLanguage":"fr-FR"},{"@type":"Person","@id":"https:\/\/psgfans.fr\/#\/schema\/person\/be2237e7a0237af2f29cb344b3c55e6c","name":"psgfans","image":{"@type":"ImageObject","inLanguage":"fr-FR","@id":"https:\/\/secure.gravatar.com\/avatar\/?s=96&d=mm&r=g","url":"https:\/\/secure.gravatar.com\/avatar\/?s=96&d=mm&r=g","contentUrl":"https:\/\/secure.gravatar.com\/avatar\/?s=96&d=mm&r=g","caption":"psgfans"},"url":"https:\/\/psgfans.fr\/?author=2"}]}},"_links":{"self":[{"href":"https:\/\/psgfans.fr\/index.php?rest_route=\/wp\/v2\/posts\/684","targetHints":{"allow":["GET"]}}],"collection":[{"href":"https:\/\/psgfans.fr\/index.php?rest_route=\/wp\/v2\/posts"}],"about":[{"href":"https:\/\/psgfans.fr\/index.php?rest_route=\/wp\/v2\/types\/post"}],"author":[{"embeddable":true,"href":"https:\/\/psgfans.fr\/index.php?rest_route=\/wp\/v2\/users\/2"}],"replies":[{"embeddable":true,"href":"https:\/\/psgfans.fr\/index.php?rest_route=%2Fwp%2Fv2%2Fcomments&post=684"}],"version-history":[{"count":0,"href":"https:\/\/psgfans.fr\/index.php?rest_route=\/wp\/v2\/posts\/684\/revisions"}],"wp:attachment":[{"href":"https:\/\/psgfans.fr\/index.php?rest_route=%2Fwp%2Fv2%2Fmedia&parent=684"}],"wp:term":[{"taxonomy":"category","embeddable":true,"href":"https:\/\/psgfans.fr\/index.php?rest_route=%2Fwp%2Fv2%2Fcategories&post=684"},{"taxonomy":"post_tag","embeddable":true,"href":"https:\/\/psgfans.fr\/index.php?rest_route=%2Fwp%2Fv2%2Ftags&post=684"}],"curies":[{"name":"wp","href":"https:\/\/api.w.org\/{rel}","templated":true}]}}