{"id":589,"date":"2014-06-02T19:39:00","date_gmt":"2014-06-02T18:39:00","guid":{"rendered":"https:\/\/psgfans.fr\/?p=589"},"modified":"2014-06-02T19:39:00","modified_gmt":"2014-06-02T18:39:00","slug":"psg-transfert-barcelone-vers-le-package-marquinhos","status":"publish","type":"post","link":"https:\/\/psgfans.fr\/?p=589","title":{"rendered":"PSG \u2013 Transfert : Barcelone, vers le package Marquinhos ?"},"content":{"rendered":"<div style=\"clear: both; text-align: center;\"><a href=\"https:\/\/blogger.googleusercontent.com\/img\/b\/R29vZ2xl\/AVvXsEhhq2sSKVS6feeUtdt-w38vP4ls4fl2BpwdPr2EvHNqHZ9pwPtYpLhg8S4F07Aa34d_RBzEHKPGH5RezvCfpIVV6h4n-aWj5uT-v84Zd6M3YHrQMO22qfOm_ru9voIakLYfupJxBrWv2oE\/s1600\/&amp;.jpg\" style=\"margin-left: 1em; margin-right: 1em;\"><img loading=\"lazy\" decoding=\"async\" border=\"0\" src=\"https:\/\/blogger.googleusercontent.com\/img\/b\/R29vZ2xl\/AVvXsEhhq2sSKVS6feeUtdt-w38vP4ls4fl2BpwdPr2EvHNqHZ9pwPtYpLhg8S4F07Aa34d_RBzEHKPGH5RezvCfpIVV6h4n-aWj5uT-v84Zd6M3YHrQMO22qfOm_ru9voIakLYfupJxBrWv2oE\/s1600\/&amp;.jpg\" height=\"246\" width=\"400\" \/><\/a><\/div>\n<p><b>Pour le d\u00e9part de Marquinhos au FC Barcelone, le Paris Saint-Germain pourrait r\u00e9aliser une belle affaire en s&rsquo;offrant le package Daniel Alves &#8211; Alexis Sanchez, tous deux dans son viseur et sur le d\u00e9part au club espagnol.<\/b><br \/>Le PSG, bien que retissent \u00e0 l\u2019id\u00e9e de l\u00e2cher certains de ses joueurs aux autres grands clubs europ\u00e9ens, est souvent \u00e0 la man\u0153uvre pour priver ces derniers de certains de leurs atouts. Paris a r\u00e9cemment refus\u00e9 Lavezzi \u00e0 Chelsea, idem pour Lucas Moura que Mourinho voulait inclure dans la transaction pour David Luiz. Comme nous l\u2019\u00e9voquions de source Sport, le Paris Saint-Germain aurait fait une offre concr\u00e8te au FC Barcelone pour le recrutement du chilien Alexis Sanchez. Seulement, les dirigeants blaugranas refusent de c\u00e9der celui qui a marqu\u00e9 19 buts en 34 matchs de Liga sous leurs couleurs cette saison, malgr\u00e9 une offre tr\u00e8s all\u00e9chante de l\u2019\u00e9curie parisienne.<\/p>\n<p><b>Marquinhos = Alves + Sanchez ?<\/b><\/p>\n<p>Mais m\u00eame s\u2019il a refus\u00e9 de c\u00e9der Sanchez au PSG, le FC Barcelone cherche \u00e0 recruter Marquinhos, le jeune d\u00e9fenseur br\u00e9silien du Paris Saint-Germain, en danger depuis l\u2019annonce de l\u2019arriv\u00e9e prochaine de David Luiz. Le club espagnol travail au corps l\u2019ancien joueur de la Roma pour le convaincre de rejoindre ses rangs. La demande d\u2019une discussion de Marquinhos \u00e0 ses dirigeants pour \u00e9voquer la question de son avenir montre que le joueur n\u2019envisage pas forc\u00e9ment son avenir au Parc des Princes. Pour convaincre Paris de c\u00e9der Marquinhos, le Bar\u00e7a offre aussi 25 millions d\u2019euros plus Daniel Alves. Si cette offre parait elle aussi tr\u00e8s all\u00e9chante, elle n\u2019a jusque-l\u00e0 pas d\u00e9cid\u00e9 les dirigeants du PSG \u00e0 c\u00e9der le br\u00e9silien. D\u2019apr\u00e8s les derni\u00e8res informations concernant le renforcement du groupe de Laurent Blanc cet \u00e9t\u00e9, les dirigeants chercheraient \u00e0 se servir de Marquinhos pour arracher le package Daniel Alves &#8211; Alexis Sanchez au FC Barcelone.<br \/>Le FC Barcelone, bien que dans la n\u00e9cessit\u00e9 de recruter un d\u00e9fenseur central, acceptera-t-il une telle offre ? Marquinhos, m\u00eame si la d\u00e9cision finale ne lui viendra pas forcement, a expliqu\u00e9 qu&rsquo;il s&rsquo;entait bien \u00e0 Paris et qu&rsquo;il allait \u00ab\u00a0continuer \u00e0 travailler.\u00a0\u00bb<\/p>\n<p>foot-sur7.fr<\/p>\n","protected":false},"excerpt":{"rendered":"<p>Pour le d\u00e9part de Marquinhos au FC Barcelone, le Paris Saint-Germain pourrait r\u00e9aliser une belle affaire en s&rsquo;offrant le package Daniel Alves &#8211; Alexis Sanchez, tous deux dans son viseur et sur le d\u00e9part au club espagnol.Le PSG, bien que retissent \u00e0 l\u2019id\u00e9e de l\u00e2cher certains de ses joueurs aux autres grands clubs europ\u00e9ens, est [&hellip;]<\/p>\n","protected":false},"author":2,"featured_media":0,"comment_status":"open","ping_status":"open","sticky":false,"template":"","format":"standard","meta":{"footnotes":""},"categories":[3],"tags":[],"class_list":{"0":"post-589","1":"post","2":"type-post","3":"status-publish","4":"format-standard","6":"category-news"},"yoast_head":"<!-- This site is optimized with the Yoast SEO plugin v27.4 - https:\/\/yoast.com\/product\/yoast-seo-wordpress\/ -->\n<title>PSG \u2013 Transfert : Barcelone, vers le package Marquinhos ? - PSG FANS<\/title>\n<meta name=\"robots\" content=\"index, follow, max-snippet:-1, max-image-preview:large, max-video-preview:-1\" \/>\n<link rel=\"canonical\" href=\"https:\/\/psgfans.fr\/?p=589\" \/>\n<meta property=\"og:locale\" content=\"fr_FR\" \/>\n<meta property=\"og:type\" content=\"article\" \/>\n<meta property=\"og:title\" content=\"PSG \u2013 Transfert : Barcelone, vers le package Marquinhos ? - PSG FANS\" \/>\n<meta property=\"og:description\" content=\"Pour le d\u00e9part de Marquinhos au FC Barcelone, le Paris Saint-Germain pourrait r\u00e9aliser une belle affaire en s&rsquo;offrant le package Daniel Alves &#8211; Alexis Sanchez, tous deux dans son viseur et sur le d\u00e9part au club espagnol.Le PSG, bien que retissent \u00e0 l\u2019id\u00e9e de l\u00e2cher certains de ses joueurs aux autres grands clubs europ\u00e9ens, est [&hellip;]\" \/>\n<meta property=\"og:url\" content=\"https:\/\/psgfans.fr\/?p=589\" \/>\n<meta property=\"og:site_name\" content=\"PSG FANS\" \/>\n<meta property=\"article:published_time\" content=\"2014-06-02T18:39:00+00:00\" \/>\n<meta property=\"og:image\" content=\"https:\/\/blogger.googleusercontent.com\/img\/b\/R29vZ2xl\/AVvXsEhhq2sSKVS6feeUtdt-w38vP4ls4fl2BpwdPr2EvHNqHZ9pwPtYpLhg8S4F07Aa34d_RBzEHKPGH5RezvCfpIVV6h4n-aWj5uT-v84Zd6M3YHrQMO22qfOm_ru9voIakLYfupJxBrWv2oE\/s1600\/&amp;.jpg\" \/>\n<meta name=\"author\" content=\"psgfans\" \/>\n<meta name=\"twitter:card\" content=\"summary_large_image\" \/>\n<meta name=\"twitter:label1\" content=\"\u00c9crit par\" \/>\n\t<meta name=\"twitter:data1\" content=\"psgfans\" \/>\n\t<meta name=\"twitter:label2\" content=\"Dur\u00e9e de lecture estim\u00e9e\" \/>\n\t<meta name=\"twitter:data2\" content=\"2 minutes\" \/>\n<script type=\"application\/ld+json\" class=\"yoast-schema-graph\">{\"@context\":\"https:\\\/\\\/schema.org\",\"@graph\":[{\"@type\":\"Article\",\"@id\":\"https:\\\/\\\/psgfans.fr\\\/?p=589#article\",\"isPartOf\":{\"@id\":\"https:\\\/\\\/psgfans.fr\\\/?p=589\"},\"author\":{\"name\":\"psgfans\",\"@id\":\"https:\\\/\\\/psgfans.fr\\\/#\\\/schema\\\/person\\\/be2237e7a0237af2f29cb344b3c55e6c\"},\"headline\":\"PSG \u2013 Transfert : Barcelone, vers le package Marquinhos ?\",\"datePublished\":\"2014-06-02T18:39:00+00:00\",\"mainEntityOfPage\":{\"@id\":\"https:\\\/\\\/psgfans.fr\\\/?p=589\"},\"wordCount\":385,\"commentCount\":0,\"image\":{\"@id\":\"https:\\\/\\\/psgfans.fr\\\/?p=589#primaryimage\"},\"thumbnailUrl\":\"https:\\\/\\\/blogger.googleusercontent.com\\\/img\\\/b\\\/R29vZ2xl\\\/AVvXsEhhq2sSKVS6feeUtdt-w38vP4ls4fl2BpwdPr2EvHNqHZ9pwPtYpLhg8S4F07Aa34d_RBzEHKPGH5RezvCfpIVV6h4n-aWj5uT-v84Zd6M3YHrQMO22qfOm_ru9voIakLYfupJxBrWv2oE\\\/s1600\\\/&amp;.jpg\",\"articleSection\":[\"News\"],\"inLanguage\":\"fr-FR\",\"potentialAction\":[{\"@type\":\"CommentAction\",\"name\":\"Comment\",\"target\":[\"https:\\\/\\\/psgfans.fr\\\/?p=589#respond\"]}]},{\"@type\":\"WebPage\",\"@id\":\"https:\\\/\\\/psgfans.fr\\\/?p=589\",\"url\":\"https:\\\/\\\/psgfans.fr\\\/?p=589\",\"name\":\"PSG \u2013 Transfert : Barcelone, vers le package Marquinhos ? - PSG FANS\",\"isPartOf\":{\"@id\":\"https:\\\/\\\/psgfans.fr\\\/#website\"},\"primaryImageOfPage\":{\"@id\":\"https:\\\/\\\/psgfans.fr\\\/?p=589#primaryimage\"},\"image\":{\"@id\":\"https:\\\/\\\/psgfans.fr\\\/?p=589#primaryimage\"},\"thumbnailUrl\":\"https:\\\/\\\/blogger.googleusercontent.com\\\/img\\\/b\\\/R29vZ2xl\\\/AVvXsEhhq2sSKVS6feeUtdt-w38vP4ls4fl2BpwdPr2EvHNqHZ9pwPtYpLhg8S4F07Aa34d_RBzEHKPGH5RezvCfpIVV6h4n-aWj5uT-v84Zd6M3YHrQMO22qfOm_ru9voIakLYfupJxBrWv2oE\\\/s1600\\\/&amp;.jpg\",\"datePublished\":\"2014-06-02T18:39:00+00:00\",\"author\":{\"@id\":\"https:\\\/\\\/psgfans.fr\\\/#\\\/schema\\\/person\\\/be2237e7a0237af2f29cb344b3c55e6c\"},\"breadcrumb\":{\"@id\":\"https:\\\/\\\/psgfans.fr\\\/?p=589#breadcrumb\"},\"inLanguage\":\"fr-FR\",\"potentialAction\":[{\"@type\":\"ReadAction\",\"target\":[\"https:\\\/\\\/psgfans.fr\\\/?p=589\"]}]},{\"@type\":\"ImageObject\",\"inLanguage\":\"fr-FR\",\"@id\":\"https:\\\/\\\/psgfans.fr\\\/?p=589#primaryimage\",\"url\":\"https:\\\/\\\/blogger.googleusercontent.com\\\/img\\\/b\\\/R29vZ2xl\\\/AVvXsEhhq2sSKVS6feeUtdt-w38vP4ls4fl2BpwdPr2EvHNqHZ9pwPtYpLhg8S4F07Aa34d_RBzEHKPGH5RezvCfpIVV6h4n-aWj5uT-v84Zd6M3YHrQMO22qfOm_ru9voIakLYfupJxBrWv2oE\\\/s1600\\\/&amp;.jpg\",\"contentUrl\":\"https:\\\/\\\/blogger.googleusercontent.com\\\/img\\\/b\\\/R29vZ2xl\\\/AVvXsEhhq2sSKVS6feeUtdt-w38vP4ls4fl2BpwdPr2EvHNqHZ9pwPtYpLhg8S4F07Aa34d_RBzEHKPGH5RezvCfpIVV6h4n-aWj5uT-v84Zd6M3YHrQMO22qfOm_ru9voIakLYfupJxBrWv2oE\\\/s1600\\\/&amp;.jpg\"},{\"@type\":\"BreadcrumbList\",\"@id\":\"https:\\\/\\\/psgfans.fr\\\/?p=589#breadcrumb\",\"itemListElement\":[{\"@type\":\"ListItem\",\"position\":1,\"name\":\"Accueil\",\"item\":\"https:\\\/\\\/psgfans.fr\\\/\"},{\"@type\":\"ListItem\",\"position\":2,\"name\":\"PSG \u2013 Transfert : Barcelone, vers le package Marquinhos ?\"}]},{\"@type\":\"WebSite\",\"@id\":\"https:\\\/\\\/psgfans.fr\\\/#website\",\"url\":\"https:\\\/\\\/psgfans.fr\\\/\",\"name\":\"PSG FANS\",\"description\":\"Unit\u00e9, Passion, Victoire : Au C\u0153ur du Paris Saint-Germain!\",\"potentialAction\":[{\"@type\":\"SearchAction\",\"target\":{\"@type\":\"EntryPoint\",\"urlTemplate\":\"https:\\\/\\\/psgfans.fr\\\/?s={search_term_string}\"},\"query-input\":{\"@type\":\"PropertyValueSpecification\",\"valueRequired\":true,\"valueName\":\"search_term_string\"}}],\"inLanguage\":\"fr-FR\"},{\"@type\":\"Person\",\"@id\":\"https:\\\/\\\/psgfans.fr\\\/#\\\/schema\\\/person\\\/be2237e7a0237af2f29cb344b3c55e6c\",\"name\":\"psgfans\",\"image\":{\"@type\":\"ImageObject\",\"inLanguage\":\"fr-FR\",\"@id\":\"https:\\\/\\\/secure.gravatar.com\\\/avatar\\\/?s=96&d=mm&r=g\",\"url\":\"https:\\\/\\\/secure.gravatar.com\\\/avatar\\\/?s=96&d=mm&r=g\",\"contentUrl\":\"https:\\\/\\\/secure.gravatar.com\\\/avatar\\\/?s=96&d=mm&r=g\",\"caption\":\"psgfans\"},\"url\":\"https:\\\/\\\/psgfans.fr\\\/?author=2\"}]}<\/script>\n<!-- \/ Yoast SEO plugin. -->","yoast_head_json":{"title":"PSG \u2013 Transfert : Barcelone, vers le package Marquinhos ? - PSG FANS","robots":{"index":"index","follow":"follow","max-snippet":"max-snippet:-1","max-image-preview":"max-image-preview:large","max-video-preview":"max-video-preview:-1"},"canonical":"https:\/\/psgfans.fr\/?p=589","og_locale":"fr_FR","og_type":"article","og_title":"PSG \u2013 Transfert : Barcelone, vers le package Marquinhos ? - PSG FANS","og_description":"Pour le d\u00e9part de Marquinhos au FC Barcelone, le Paris Saint-Germain pourrait r\u00e9aliser une belle affaire en s&rsquo;offrant le package Daniel Alves &#8211; Alexis Sanchez, tous deux dans son viseur et sur le d\u00e9part au club espagnol.Le PSG, bien que retissent \u00e0 l\u2019id\u00e9e de l\u00e2cher certains de ses joueurs aux autres grands clubs europ\u00e9ens, est [&hellip;]","og_url":"https:\/\/psgfans.fr\/?p=589","og_site_name":"PSG FANS","article_published_time":"2014-06-02T18:39:00+00:00","og_image":[{"url":"https:\/\/blogger.googleusercontent.com\/img\/b\/R29vZ2xl\/AVvXsEhhq2sSKVS6feeUtdt-w38vP4ls4fl2BpwdPr2EvHNqHZ9pwPtYpLhg8S4F07Aa34d_RBzEHKPGH5RezvCfpIVV6h4n-aWj5uT-v84Zd6M3YHrQMO22qfOm_ru9voIakLYfupJxBrWv2oE\/s1600\/&amp;.jpg","type":"","width":"","height":""}],"author":"psgfans","twitter_card":"summary_large_image","twitter_misc":{"\u00c9crit par":"psgfans","Dur\u00e9e de lecture estim\u00e9e":"2 minutes"},"schema":{"@context":"https:\/\/schema.org","@graph":[{"@type":"Article","@id":"https:\/\/psgfans.fr\/?p=589#article","isPartOf":{"@id":"https:\/\/psgfans.fr\/?p=589"},"author":{"name":"psgfans","@id":"https:\/\/psgfans.fr\/#\/schema\/person\/be2237e7a0237af2f29cb344b3c55e6c"},"headline":"PSG \u2013 Transfert : Barcelone, vers le package Marquinhos ?","datePublished":"2014-06-02T18:39:00+00:00","mainEntityOfPage":{"@id":"https:\/\/psgfans.fr\/?p=589"},"wordCount":385,"commentCount":0,"image":{"@id":"https:\/\/psgfans.fr\/?p=589#primaryimage"},"thumbnailUrl":"https:\/\/blogger.googleusercontent.com\/img\/b\/R29vZ2xl\/AVvXsEhhq2sSKVS6feeUtdt-w38vP4ls4fl2BpwdPr2EvHNqHZ9pwPtYpLhg8S4F07Aa34d_RBzEHKPGH5RezvCfpIVV6h4n-aWj5uT-v84Zd6M3YHrQMO22qfOm_ru9voIakLYfupJxBrWv2oE\/s1600\/&amp;.jpg","articleSection":["News"],"inLanguage":"fr-FR","potentialAction":[{"@type":"CommentAction","name":"Comment","target":["https:\/\/psgfans.fr\/?p=589#respond"]}]},{"@type":"WebPage","@id":"https:\/\/psgfans.fr\/?p=589","url":"https:\/\/psgfans.fr\/?p=589","name":"PSG \u2013 Transfert : Barcelone, vers le package Marquinhos ? - PSG FANS","isPartOf":{"@id":"https:\/\/psgfans.fr\/#website"},"primaryImageOfPage":{"@id":"https:\/\/psgfans.fr\/?p=589#primaryimage"},"image":{"@id":"https:\/\/psgfans.fr\/?p=589#primaryimage"},"thumbnailUrl":"https:\/\/blogger.googleusercontent.com\/img\/b\/R29vZ2xl\/AVvXsEhhq2sSKVS6feeUtdt-w38vP4ls4fl2BpwdPr2EvHNqHZ9pwPtYpLhg8S4F07Aa34d_RBzEHKPGH5RezvCfpIVV6h4n-aWj5uT-v84Zd6M3YHrQMO22qfOm_ru9voIakLYfupJxBrWv2oE\/s1600\/&amp;.jpg","datePublished":"2014-06-02T18:39:00+00:00","author":{"@id":"https:\/\/psgfans.fr\/#\/schema\/person\/be2237e7a0237af2f29cb344b3c55e6c"},"breadcrumb":{"@id":"https:\/\/psgfans.fr\/?p=589#breadcrumb"},"inLanguage":"fr-FR","potentialAction":[{"@type":"ReadAction","target":["https:\/\/psgfans.fr\/?p=589"]}]},{"@type":"ImageObject","inLanguage":"fr-FR","@id":"https:\/\/psgfans.fr\/?p=589#primaryimage","url":"https:\/\/blogger.googleusercontent.com\/img\/b\/R29vZ2xl\/AVvXsEhhq2sSKVS6feeUtdt-w38vP4ls4fl2BpwdPr2EvHNqHZ9pwPtYpLhg8S4F07Aa34d_RBzEHKPGH5RezvCfpIVV6h4n-aWj5uT-v84Zd6M3YHrQMO22qfOm_ru9voIakLYfupJxBrWv2oE\/s1600\/&amp;.jpg","contentUrl":"https:\/\/blogger.googleusercontent.com\/img\/b\/R29vZ2xl\/AVvXsEhhq2sSKVS6feeUtdt-w38vP4ls4fl2BpwdPr2EvHNqHZ9pwPtYpLhg8S4F07Aa34d_RBzEHKPGH5RezvCfpIVV6h4n-aWj5uT-v84Zd6M3YHrQMO22qfOm_ru9voIakLYfupJxBrWv2oE\/s1600\/&amp;.jpg"},{"@type":"BreadcrumbList","@id":"https:\/\/psgfans.fr\/?p=589#breadcrumb","itemListElement":[{"@type":"ListItem","position":1,"name":"Accueil","item":"https:\/\/psgfans.fr\/"},{"@type":"ListItem","position":2,"name":"PSG \u2013 Transfert : Barcelone, vers le package Marquinhos ?"}]},{"@type":"WebSite","@id":"https:\/\/psgfans.fr\/#website","url":"https:\/\/psgfans.fr\/","name":"PSG FANS","description":"Unit\u00e9, Passion, Victoire : Au C\u0153ur du Paris Saint-Germain!","potentialAction":[{"@type":"SearchAction","target":{"@type":"EntryPoint","urlTemplate":"https:\/\/psgfans.fr\/?s={search_term_string}"},"query-input":{"@type":"PropertyValueSpecification","valueRequired":true,"valueName":"search_term_string"}}],"inLanguage":"fr-FR"},{"@type":"Person","@id":"https:\/\/psgfans.fr\/#\/schema\/person\/be2237e7a0237af2f29cb344b3c55e6c","name":"psgfans","image":{"@type":"ImageObject","inLanguage":"fr-FR","@id":"https:\/\/secure.gravatar.com\/avatar\/?s=96&d=mm&r=g","url":"https:\/\/secure.gravatar.com\/avatar\/?s=96&d=mm&r=g","contentUrl":"https:\/\/secure.gravatar.com\/avatar\/?s=96&d=mm&r=g","caption":"psgfans"},"url":"https:\/\/psgfans.fr\/?author=2"}]}},"_links":{"self":[{"href":"https:\/\/psgfans.fr\/index.php?rest_route=\/wp\/v2\/posts\/589","targetHints":{"allow":["GET"]}}],"collection":[{"href":"https:\/\/psgfans.fr\/index.php?rest_route=\/wp\/v2\/posts"}],"about":[{"href":"https:\/\/psgfans.fr\/index.php?rest_route=\/wp\/v2\/types\/post"}],"author":[{"embeddable":true,"href":"https:\/\/psgfans.fr\/index.php?rest_route=\/wp\/v2\/users\/2"}],"replies":[{"embeddable":true,"href":"https:\/\/psgfans.fr\/index.php?rest_route=%2Fwp%2Fv2%2Fcomments&post=589"}],"version-history":[{"count":0,"href":"https:\/\/psgfans.fr\/index.php?rest_route=\/wp\/v2\/posts\/589\/revisions"}],"wp:attachment":[{"href":"https:\/\/psgfans.fr\/index.php?rest_route=%2Fwp%2Fv2%2Fmedia&parent=589"}],"wp:term":[{"taxonomy":"category","embeddable":true,"href":"https:\/\/psgfans.fr\/index.php?rest_route=%2Fwp%2Fv2%2Fcategories&post=589"},{"taxonomy":"post_tag","embeddable":true,"href":"https:\/\/psgfans.fr\/index.php?rest_route=%2Fwp%2Fv2%2Ftags&post=589"}],"curies":[{"name":"wp","href":"https:\/\/api.w.org\/{rel}","templated":true}]}}