{"id":588,"date":"2014-06-02T19:44:00","date_gmt":"2014-06-02T18:44:00","guid":{"rendered":"https:\/\/psgfans.fr\/?p=588"},"modified":"2014-06-02T19:44:00","modified_gmt":"2014-06-02T18:44:00","slug":"d1-feminine-le-psg-rejoint-lol-en-ligue-des-champions","status":"publish","type":"post","link":"https:\/\/psgfans.fr\/?p=588","title":{"rendered":"D1 f\u00e9minine : Le PSG rejoint l&#39;OL en Ligue des champions"},"content":{"rendered":"<div style=\"clear: both; text-align: center;\"><a href=\"https:\/\/blogger.googleusercontent.com\/img\/b\/R29vZ2xl\/AVvXsEiHQ1tI3N0TThffXqdUDCLlLXhWPtAeAb4tlZMGcXp_Nrk4h3pSBTi_3lki5b8YIS-U9Jl3maR96mMOFYLkcAGOQdbPU4ubOQx_14EHoHUcbJSiHMLQGrr1OU6mD4MVJ-8oNmBh74UEot0\/s1600\/&amp;.jpg\" style=\"margin-left: 1em; margin-right: 1em;\"><img loading=\"lazy\" decoding=\"async\" border=\"0\" src=\"https:\/\/blogger.googleusercontent.com\/img\/b\/R29vZ2xl\/AVvXsEiHQ1tI3N0TThffXqdUDCLlLXhWPtAeAb4tlZMGcXp_Nrk4h3pSBTi_3lki5b8YIS-U9Jl3maR96mMOFYLkcAGOQdbPU4ubOQx_14EHoHUcbJSiHMLQGrr1OU6mD4MVJ-8oNmBh74UEot0\/s1600\/&amp;.jpg\" height=\"266\" width=\"400\" \/><\/a><\/div>\n<p>Comme la saison derni\u00e8re, le PSG accompagnera l&rsquo;Olympique lyonnais en Ligue des champions f\u00e9minine la saison prochaine. A la lutte avec Juvisy pour la deuxi\u00e8me place, les Parisiennes ont conserv\u00e9 leur avantage en s&rsquo;imposant (4-0) contre Yzeure lors de la 22e et derni\u00e8re journ\u00e9e, dimanche. Les Essonniennes, sans piti\u00e9 pour Muret (10-0), terminent \u00e0 la 3e place, \u00e0 un point.<br \/>Soubeyrand raccroche<\/p>\n<p>Pour la capitaine de Juvisy, Sandrine Soubeyrand, ce match constituait le point final de sa carri\u00e8re en club. La recordwoman des s\u00e9lections en \u00e9quipe de France (198, 17 buts), va rester dans le milieu du foot f\u00e9minin puisqu&rsquo;elle occupe depuis janvier le poste de directrice des \u00e9quipes f\u00e9minines \u00e0 la FFF.<br \/>H\u00e9nin-Beaumont rel\u00e9gu\u00e9<\/p>\n<p>La lutte pour le maintien, qui concernait encore cinq \u00e9quipes, n&rsquo;a pas souri \u00e0 H\u00e9nin-Beaumont, liqu\u00e9fi\u00e9 par l&rsquo;OL (7-0). et condamn\u00e9 comme l&rsquo;\u00e9taient d\u00e9j\u00e0 Yzeure et Muret. Saint-Etienne (1-1 contre Montpellier), Rodez et Soyaux (1-1) ainsi qu&rsquo;Arras (0-0 contre Guingamp) se sauvent sur le fil. Les promus sont connus : Albi (Tarn), Algrange (Moselle) et Issy-les-Moulineaux (Hauts-de-Seine).<br \/>Thiney coiffe Delie<\/p>\n<p>Ga\u00ebtane Thiney, auteure d&rsquo;un tripl\u00e9 avec Juvisy contre les Auvergnates, termine meilleure buteuse du Championnat avec 25 r\u00e9alisations. R\u00e9compens\u00e9e du Troph\u00e9e UNFP de meilleure joueuse de la saison, elle coiffe sur le fil la Parisienne Marie-Laure Delie (24 buts apr\u00e8s son doubl\u00e9 de l&rsquo;apr\u00e8s-midi).<\/p>\n<p>lequipe.fr<\/p>\n","protected":false},"excerpt":{"rendered":"<p>Comme la saison derni\u00e8re, le PSG accompagnera l&rsquo;Olympique lyonnais en Ligue des champions f\u00e9minine la saison prochaine. A la lutte avec Juvisy pour la deuxi\u00e8me place, les Parisiennes ont conserv\u00e9 leur avantage en s&rsquo;imposant (4-0) contre Yzeure lors de la 22e et derni\u00e8re journ\u00e9e, dimanche. Les Essonniennes, sans piti\u00e9 pour Muret (10-0), terminent \u00e0 la [&hellip;]<\/p>\n","protected":false},"author":2,"featured_media":0,"comment_status":"open","ping_status":"open","sticky":false,"template":"","format":"standard","meta":{"footnotes":""},"categories":[3],"tags":[],"class_list":{"0":"post-588","1":"post","2":"type-post","3":"status-publish","4":"format-standard","6":"category-news"},"yoast_head":"<!-- This site is optimized with the Yoast SEO plugin v27.4 - https:\/\/yoast.com\/product\/yoast-seo-wordpress\/ -->\n<title>D1 f\u00e9minine : Le PSG rejoint l&#039;OL en Ligue des champions - PSG FANS<\/title>\n<meta name=\"robots\" content=\"index, follow, max-snippet:-1, max-image-preview:large, max-video-preview:-1\" \/>\n<link rel=\"canonical\" href=\"https:\/\/psgfans.fr\/?p=588\" \/>\n<meta property=\"og:locale\" content=\"fr_FR\" \/>\n<meta property=\"og:type\" content=\"article\" \/>\n<meta property=\"og:title\" content=\"D1 f\u00e9minine : Le PSG rejoint l&#039;OL en Ligue des champions - PSG FANS\" \/>\n<meta property=\"og:description\" content=\"Comme la saison derni\u00e8re, le PSG accompagnera l&rsquo;Olympique lyonnais en Ligue des champions f\u00e9minine la saison prochaine. A la lutte avec Juvisy pour la deuxi\u00e8me place, les Parisiennes ont conserv\u00e9 leur avantage en s&rsquo;imposant (4-0) contre Yzeure lors de la 22e et derni\u00e8re journ\u00e9e, dimanche. Les Essonniennes, sans piti\u00e9 pour Muret (10-0), terminent \u00e0 la [&hellip;]\" \/>\n<meta property=\"og:url\" content=\"https:\/\/psgfans.fr\/?p=588\" \/>\n<meta property=\"og:site_name\" content=\"PSG FANS\" \/>\n<meta property=\"article:published_time\" content=\"2014-06-02T18:44:00+00:00\" \/>\n<meta property=\"og:image\" content=\"https:\/\/blogger.googleusercontent.com\/img\/b\/R29vZ2xl\/AVvXsEiHQ1tI3N0TThffXqdUDCLlLXhWPtAeAb4tlZMGcXp_Nrk4h3pSBTi_3lki5b8YIS-U9Jl3maR96mMOFYLkcAGOQdbPU4ubOQx_14EHoHUcbJSiHMLQGrr1OU6mD4MVJ-8oNmBh74UEot0\/s1600\/&amp;.jpg\" \/>\n<meta name=\"author\" content=\"psgfans\" \/>\n<meta name=\"twitter:card\" content=\"summary_large_image\" \/>\n<meta name=\"twitter:label1\" content=\"\u00c9crit par\" \/>\n\t<meta name=\"twitter:data1\" content=\"psgfans\" \/>\n\t<meta name=\"twitter:label2\" content=\"Dur\u00e9e de lecture estim\u00e9e\" \/>\n\t<meta name=\"twitter:data2\" content=\"1 minute\" \/>\n<script type=\"application\/ld+json\" class=\"yoast-schema-graph\">{\"@context\":\"https:\\\/\\\/schema.org\",\"@graph\":[{\"@type\":\"Article\",\"@id\":\"https:\\\/\\\/psgfans.fr\\\/?p=588#article\",\"isPartOf\":{\"@id\":\"https:\\\/\\\/psgfans.fr\\\/?p=588\"},\"author\":{\"name\":\"psgfans\",\"@id\":\"https:\\\/\\\/psgfans.fr\\\/#\\\/schema\\\/person\\\/be2237e7a0237af2f29cb344b3c55e6c\"},\"headline\":\"D1 f\u00e9minine : Le PSG rejoint l&#39;OL en Ligue des champions\",\"datePublished\":\"2014-06-02T18:44:00+00:00\",\"mainEntityOfPage\":{\"@id\":\"https:\\\/\\\/psgfans.fr\\\/?p=588\"},\"wordCount\":254,\"commentCount\":0,\"image\":{\"@id\":\"https:\\\/\\\/psgfans.fr\\\/?p=588#primaryimage\"},\"thumbnailUrl\":\"https:\\\/\\\/blogger.googleusercontent.com\\\/img\\\/b\\\/R29vZ2xl\\\/AVvXsEiHQ1tI3N0TThffXqdUDCLlLXhWPtAeAb4tlZMGcXp_Nrk4h3pSBTi_3lki5b8YIS-U9Jl3maR96mMOFYLkcAGOQdbPU4ubOQx_14EHoHUcbJSiHMLQGrr1OU6mD4MVJ-8oNmBh74UEot0\\\/s1600\\\/&amp;.jpg\",\"articleSection\":[\"News\"],\"inLanguage\":\"fr-FR\",\"potentialAction\":[{\"@type\":\"CommentAction\",\"name\":\"Comment\",\"target\":[\"https:\\\/\\\/psgfans.fr\\\/?p=588#respond\"]}]},{\"@type\":\"WebPage\",\"@id\":\"https:\\\/\\\/psgfans.fr\\\/?p=588\",\"url\":\"https:\\\/\\\/psgfans.fr\\\/?p=588\",\"name\":\"D1 f\u00e9minine : Le PSG rejoint l&#39;OL en Ligue des champions - PSG FANS\",\"isPartOf\":{\"@id\":\"https:\\\/\\\/psgfans.fr\\\/#website\"},\"primaryImageOfPage\":{\"@id\":\"https:\\\/\\\/psgfans.fr\\\/?p=588#primaryimage\"},\"image\":{\"@id\":\"https:\\\/\\\/psgfans.fr\\\/?p=588#primaryimage\"},\"thumbnailUrl\":\"https:\\\/\\\/blogger.googleusercontent.com\\\/img\\\/b\\\/R29vZ2xl\\\/AVvXsEiHQ1tI3N0TThffXqdUDCLlLXhWPtAeAb4tlZMGcXp_Nrk4h3pSBTi_3lki5b8YIS-U9Jl3maR96mMOFYLkcAGOQdbPU4ubOQx_14EHoHUcbJSiHMLQGrr1OU6mD4MVJ-8oNmBh74UEot0\\\/s1600\\\/&amp;.jpg\",\"datePublished\":\"2014-06-02T18:44:00+00:00\",\"author\":{\"@id\":\"https:\\\/\\\/psgfans.fr\\\/#\\\/schema\\\/person\\\/be2237e7a0237af2f29cb344b3c55e6c\"},\"breadcrumb\":{\"@id\":\"https:\\\/\\\/psgfans.fr\\\/?p=588#breadcrumb\"},\"inLanguage\":\"fr-FR\",\"potentialAction\":[{\"@type\":\"ReadAction\",\"target\":[\"https:\\\/\\\/psgfans.fr\\\/?p=588\"]}]},{\"@type\":\"ImageObject\",\"inLanguage\":\"fr-FR\",\"@id\":\"https:\\\/\\\/psgfans.fr\\\/?p=588#primaryimage\",\"url\":\"https:\\\/\\\/blogger.googleusercontent.com\\\/img\\\/b\\\/R29vZ2xl\\\/AVvXsEiHQ1tI3N0TThffXqdUDCLlLXhWPtAeAb4tlZMGcXp_Nrk4h3pSBTi_3lki5b8YIS-U9Jl3maR96mMOFYLkcAGOQdbPU4ubOQx_14EHoHUcbJSiHMLQGrr1OU6mD4MVJ-8oNmBh74UEot0\\\/s1600\\\/&amp;.jpg\",\"contentUrl\":\"https:\\\/\\\/blogger.googleusercontent.com\\\/img\\\/b\\\/R29vZ2xl\\\/AVvXsEiHQ1tI3N0TThffXqdUDCLlLXhWPtAeAb4tlZMGcXp_Nrk4h3pSBTi_3lki5b8YIS-U9Jl3maR96mMOFYLkcAGOQdbPU4ubOQx_14EHoHUcbJSiHMLQGrr1OU6mD4MVJ-8oNmBh74UEot0\\\/s1600\\\/&amp;.jpg\"},{\"@type\":\"BreadcrumbList\",\"@id\":\"https:\\\/\\\/psgfans.fr\\\/?p=588#breadcrumb\",\"itemListElement\":[{\"@type\":\"ListItem\",\"position\":1,\"name\":\"Accueil\",\"item\":\"https:\\\/\\\/psgfans.fr\\\/\"},{\"@type\":\"ListItem\",\"position\":2,\"name\":\"D1 f\u00e9minine : Le PSG rejoint l&#39;OL en Ligue des champions\"}]},{\"@type\":\"WebSite\",\"@id\":\"https:\\\/\\\/psgfans.fr\\\/#website\",\"url\":\"https:\\\/\\\/psgfans.fr\\\/\",\"name\":\"PSG FANS\",\"description\":\"Unit\u00e9, Passion, Victoire : Au C\u0153ur du Paris Saint-Germain!\",\"potentialAction\":[{\"@type\":\"SearchAction\",\"target\":{\"@type\":\"EntryPoint\",\"urlTemplate\":\"https:\\\/\\\/psgfans.fr\\\/?s={search_term_string}\"},\"query-input\":{\"@type\":\"PropertyValueSpecification\",\"valueRequired\":true,\"valueName\":\"search_term_string\"}}],\"inLanguage\":\"fr-FR\"},{\"@type\":\"Person\",\"@id\":\"https:\\\/\\\/psgfans.fr\\\/#\\\/schema\\\/person\\\/be2237e7a0237af2f29cb344b3c55e6c\",\"name\":\"psgfans\",\"image\":{\"@type\":\"ImageObject\",\"inLanguage\":\"fr-FR\",\"@id\":\"https:\\\/\\\/secure.gravatar.com\\\/avatar\\\/?s=96&d=mm&r=g\",\"url\":\"https:\\\/\\\/secure.gravatar.com\\\/avatar\\\/?s=96&d=mm&r=g\",\"contentUrl\":\"https:\\\/\\\/secure.gravatar.com\\\/avatar\\\/?s=96&d=mm&r=g\",\"caption\":\"psgfans\"},\"url\":\"https:\\\/\\\/psgfans.fr\\\/?author=2\"}]}<\/script>\n<!-- \/ Yoast SEO plugin. -->","yoast_head_json":{"title":"D1 f\u00e9minine : Le PSG rejoint l&#39;OL en Ligue des champions - PSG FANS","robots":{"index":"index","follow":"follow","max-snippet":"max-snippet:-1","max-image-preview":"max-image-preview:large","max-video-preview":"max-video-preview:-1"},"canonical":"https:\/\/psgfans.fr\/?p=588","og_locale":"fr_FR","og_type":"article","og_title":"D1 f\u00e9minine : Le PSG rejoint l&#39;OL en Ligue des champions - PSG FANS","og_description":"Comme la saison derni\u00e8re, le PSG accompagnera l&rsquo;Olympique lyonnais en Ligue des champions f\u00e9minine la saison prochaine. A la lutte avec Juvisy pour la deuxi\u00e8me place, les Parisiennes ont conserv\u00e9 leur avantage en s&rsquo;imposant (4-0) contre Yzeure lors de la 22e et derni\u00e8re journ\u00e9e, dimanche. Les Essonniennes, sans piti\u00e9 pour Muret (10-0), terminent \u00e0 la [&hellip;]","og_url":"https:\/\/psgfans.fr\/?p=588","og_site_name":"PSG FANS","article_published_time":"2014-06-02T18:44:00+00:00","og_image":[{"url":"https:\/\/blogger.googleusercontent.com\/img\/b\/R29vZ2xl\/AVvXsEiHQ1tI3N0TThffXqdUDCLlLXhWPtAeAb4tlZMGcXp_Nrk4h3pSBTi_3lki5b8YIS-U9Jl3maR96mMOFYLkcAGOQdbPU4ubOQx_14EHoHUcbJSiHMLQGrr1OU6mD4MVJ-8oNmBh74UEot0\/s1600\/&amp;.jpg","type":"","width":"","height":""}],"author":"psgfans","twitter_card":"summary_large_image","twitter_misc":{"\u00c9crit par":"psgfans","Dur\u00e9e de lecture estim\u00e9e":"1 minute"},"schema":{"@context":"https:\/\/schema.org","@graph":[{"@type":"Article","@id":"https:\/\/psgfans.fr\/?p=588#article","isPartOf":{"@id":"https:\/\/psgfans.fr\/?p=588"},"author":{"name":"psgfans","@id":"https:\/\/psgfans.fr\/#\/schema\/person\/be2237e7a0237af2f29cb344b3c55e6c"},"headline":"D1 f\u00e9minine : Le PSG rejoint l&#39;OL en Ligue des champions","datePublished":"2014-06-02T18:44:00+00:00","mainEntityOfPage":{"@id":"https:\/\/psgfans.fr\/?p=588"},"wordCount":254,"commentCount":0,"image":{"@id":"https:\/\/psgfans.fr\/?p=588#primaryimage"},"thumbnailUrl":"https:\/\/blogger.googleusercontent.com\/img\/b\/R29vZ2xl\/AVvXsEiHQ1tI3N0TThffXqdUDCLlLXhWPtAeAb4tlZMGcXp_Nrk4h3pSBTi_3lki5b8YIS-U9Jl3maR96mMOFYLkcAGOQdbPU4ubOQx_14EHoHUcbJSiHMLQGrr1OU6mD4MVJ-8oNmBh74UEot0\/s1600\/&amp;.jpg","articleSection":["News"],"inLanguage":"fr-FR","potentialAction":[{"@type":"CommentAction","name":"Comment","target":["https:\/\/psgfans.fr\/?p=588#respond"]}]},{"@type":"WebPage","@id":"https:\/\/psgfans.fr\/?p=588","url":"https:\/\/psgfans.fr\/?p=588","name":"D1 f\u00e9minine : Le PSG rejoint l&#39;OL en Ligue des champions - PSG FANS","isPartOf":{"@id":"https:\/\/psgfans.fr\/#website"},"primaryImageOfPage":{"@id":"https:\/\/psgfans.fr\/?p=588#primaryimage"},"image":{"@id":"https:\/\/psgfans.fr\/?p=588#primaryimage"},"thumbnailUrl":"https:\/\/blogger.googleusercontent.com\/img\/b\/R29vZ2xl\/AVvXsEiHQ1tI3N0TThffXqdUDCLlLXhWPtAeAb4tlZMGcXp_Nrk4h3pSBTi_3lki5b8YIS-U9Jl3maR96mMOFYLkcAGOQdbPU4ubOQx_14EHoHUcbJSiHMLQGrr1OU6mD4MVJ-8oNmBh74UEot0\/s1600\/&amp;.jpg","datePublished":"2014-06-02T18:44:00+00:00","author":{"@id":"https:\/\/psgfans.fr\/#\/schema\/person\/be2237e7a0237af2f29cb344b3c55e6c"},"breadcrumb":{"@id":"https:\/\/psgfans.fr\/?p=588#breadcrumb"},"inLanguage":"fr-FR","potentialAction":[{"@type":"ReadAction","target":["https:\/\/psgfans.fr\/?p=588"]}]},{"@type":"ImageObject","inLanguage":"fr-FR","@id":"https:\/\/psgfans.fr\/?p=588#primaryimage","url":"https:\/\/blogger.googleusercontent.com\/img\/b\/R29vZ2xl\/AVvXsEiHQ1tI3N0TThffXqdUDCLlLXhWPtAeAb4tlZMGcXp_Nrk4h3pSBTi_3lki5b8YIS-U9Jl3maR96mMOFYLkcAGOQdbPU4ubOQx_14EHoHUcbJSiHMLQGrr1OU6mD4MVJ-8oNmBh74UEot0\/s1600\/&amp;.jpg","contentUrl":"https:\/\/blogger.googleusercontent.com\/img\/b\/R29vZ2xl\/AVvXsEiHQ1tI3N0TThffXqdUDCLlLXhWPtAeAb4tlZMGcXp_Nrk4h3pSBTi_3lki5b8YIS-U9Jl3maR96mMOFYLkcAGOQdbPU4ubOQx_14EHoHUcbJSiHMLQGrr1OU6mD4MVJ-8oNmBh74UEot0\/s1600\/&amp;.jpg"},{"@type":"BreadcrumbList","@id":"https:\/\/psgfans.fr\/?p=588#breadcrumb","itemListElement":[{"@type":"ListItem","position":1,"name":"Accueil","item":"https:\/\/psgfans.fr\/"},{"@type":"ListItem","position":2,"name":"D1 f\u00e9minine : Le PSG rejoint l&#39;OL en Ligue des champions"}]},{"@type":"WebSite","@id":"https:\/\/psgfans.fr\/#website","url":"https:\/\/psgfans.fr\/","name":"PSG FANS","description":"Unit\u00e9, Passion, Victoire : Au C\u0153ur du Paris Saint-Germain!","potentialAction":[{"@type":"SearchAction","target":{"@type":"EntryPoint","urlTemplate":"https:\/\/psgfans.fr\/?s={search_term_string}"},"query-input":{"@type":"PropertyValueSpecification","valueRequired":true,"valueName":"search_term_string"}}],"inLanguage":"fr-FR"},{"@type":"Person","@id":"https:\/\/psgfans.fr\/#\/schema\/person\/be2237e7a0237af2f29cb344b3c55e6c","name":"psgfans","image":{"@type":"ImageObject","inLanguage":"fr-FR","@id":"https:\/\/secure.gravatar.com\/avatar\/?s=96&d=mm&r=g","url":"https:\/\/secure.gravatar.com\/avatar\/?s=96&d=mm&r=g","contentUrl":"https:\/\/secure.gravatar.com\/avatar\/?s=96&d=mm&r=g","caption":"psgfans"},"url":"https:\/\/psgfans.fr\/?author=2"}]}},"_links":{"self":[{"href":"https:\/\/psgfans.fr\/index.php?rest_route=\/wp\/v2\/posts\/588","targetHints":{"allow":["GET"]}}],"collection":[{"href":"https:\/\/psgfans.fr\/index.php?rest_route=\/wp\/v2\/posts"}],"about":[{"href":"https:\/\/psgfans.fr\/index.php?rest_route=\/wp\/v2\/types\/post"}],"author":[{"embeddable":true,"href":"https:\/\/psgfans.fr\/index.php?rest_route=\/wp\/v2\/users\/2"}],"replies":[{"embeddable":true,"href":"https:\/\/psgfans.fr\/index.php?rest_route=%2Fwp%2Fv2%2Fcomments&post=588"}],"version-history":[{"count":0,"href":"https:\/\/psgfans.fr\/index.php?rest_route=\/wp\/v2\/posts\/588\/revisions"}],"wp:attachment":[{"href":"https:\/\/psgfans.fr\/index.php?rest_route=%2Fwp%2Fv2%2Fmedia&parent=588"}],"wp:term":[{"taxonomy":"category","embeddable":true,"href":"https:\/\/psgfans.fr\/index.php?rest_route=%2Fwp%2Fv2%2Fcategories&post=588"},{"taxonomy":"post_tag","embeddable":true,"href":"https:\/\/psgfans.fr\/index.php?rest_route=%2Fwp%2Fv2%2Ftags&post=588"}],"curies":[{"name":"wp","href":"https:\/\/api.w.org\/{rel}","templated":true}]}}