{"id":586,"date":"2014-06-02T19:52:00","date_gmt":"2014-06-02T18:52:00","guid":{"rendered":"https:\/\/psgfans.fr\/?p=586"},"modified":"2014-06-02T19:52:00","modified_gmt":"2014-06-02T18:52:00","slug":"zlatan-ibrahimovic-ou-thiago-silva-qui-est-le-patron","status":"publish","type":"post","link":"https:\/\/psgfans.fr\/?p=586","title":{"rendered":"Zlatan Ibrahimovic ou Thiago Silva\u2026 Qui est le patron ?"},"content":{"rendered":"<div style=\"clear: both; text-align: center;\"><a href=\"https:\/\/blogger.googleusercontent.com\/img\/b\/R29vZ2xl\/AVvXsEgRIti-_rKQmS59SzBsbG-aXA5yLljDiGJMc5GVXmzKz3Vx9tvTveeAqgmP3Eq_jrI7J8D-dSz5gR1P1qClsOZoGTyRl6vBHktfhTUUwx5NCF8ZLsOCsU8P4PxzhfvwAiXEjXMOBBG-RAc\/s1600\/&amp;.jpg\" style=\"margin-left: 1em; margin-right: 1em;\"><img loading=\"lazy\" decoding=\"async\" border=\"0\" src=\"https:\/\/blogger.googleusercontent.com\/img\/b\/R29vZ2xl\/AVvXsEgRIti-_rKQmS59SzBsbG-aXA5yLljDiGJMc5GVXmzKz3Vx9tvTveeAqgmP3Eq_jrI7J8D-dSz5gR1P1qClsOZoGTyRl6vBHktfhTUUwx5NCF8ZLsOCsU8P4PxzhfvwAiXEjXMOBBG-RAc\/s1600\/&amp;.jpg\" height=\"227\" width=\"400\" \/><\/a><\/div>\n<p><i><b>Zlatan Ibrahimovic et Thiago Silva sont arriv\u00e9s en m\u00eame temps au PSG, lors de l\u2019\u00e9t\u00e9 2012. Ce sont les deux stars du club, les deux meilleurs joueurs aussi. Mais qui est vraiment le patron ?<\/b><\/i><\/p>\n<p>L\u2019un est attaquant, l\u2019autre est d\u00e9fenseur. Difficile de comparer deux joueurs aux caract\u00e9ristiques sportives aussi diff\u00e9rentes, deux joueurs qui ne jouent pas du tout au m\u00eame poste. En revanche, il est question ici de l\u2019influence des deux hommes au quotidien au PSG. Qui est le vrai patron ? Qui a son mot \u00e0 dire dans le recrutement ? Qui est le plus \u00e9cout\u00e9 par ses co\u00e9quipiers ? Qui est le plus \u00e9cout\u00e9 par Nasser Al-Khela\u00effi, le pr\u00e9sident parisien ? Zlatan Ibrahimovic et Thiago Silva sont arriv\u00e9s en m\u00eame temps, en 2012. Aucun des deux n\u2019a le \u00ab pouvoir \u00bb de l\u2019anciennet\u00e9. Les deux hommes sont plus que de simples joueurs. Ils participent \u00e0 la bonne vie du PSG, ils donnent leur avis, ils veulent faire progresser le club.<\/p>\n<p>&nbsp;<\/p>\n<p>MAXWELL, CAMARA&#8230; IBRA A \u00c9T\u00c9 \u00c9COUT\u00c9<br \/>Zlatan Ibrahimovic est l\u2019un des meilleurs attaquants du monde. Depuis son arriv\u00e9e au PSG, il excelle. C\u2019est la star du championnat de France. Il \u00e9volue, en plus, \u00e0 un poste plus expos\u00e9. C\u2019est lui qui marque, qui fait la diff\u00e9rence. En plus, Ibrahimovic, c\u2019est un temp\u00e9rament de feu, c\u2019est le spectacle garanti. Il a une voix, un charisme. Il est respect\u00e9 par ses co\u00e9quipiers, \u00e9cout\u00e9 par son pr\u00e9sident. En 2012, Zlatan Ibrahimovic d\u00e9barque \u00e0 Paris avec son ami et co\u00e9quipier de toujours Maxwell. Ce dernier a d\u00e9j\u00e0 \u00e9t\u00e9 le co\u00e9quipier d\u2019Ibrahimovic \u00e0 l\u2019Ajax, \u00e0 l\u2019Inter, au Bar\u00e7a\u2026 Autre exemple de l\u2019influence d\u2019Ibra, la prolongation de contrat du d\u00e9fenseur Zoumana Camara, 35 ans. Camara joue peu au PSG depuis des mois mais il est proche de Zlatan Ibrahimovic.<\/p>\n<p>DAVID LUIZ, LE CHOIX DE THIAGO SILVA ?<br \/>Zlatan Ibrahimovic n\u2019est pas le seul \u00e0 jouer de son influence au club. Thiago Silva, consid\u00e9r\u00e9 par beaucoup d\u2019observateurs comme l\u2019actuel meilleur d\u00e9fenseur central du monde, est capitaine du PSG depuis des mois. Lui aussi n\u2019h\u00e9site pas \u00e0 discuter \u00ab mercato \u00bb avec son pr\u00e9sident. \u00ab Il est normal qu\u2019un pr\u00e9sident discute avec ses joueurs, avec le capitaine, avec l\u2019entra\u00eeneur. Nasser est tr\u00e8s pr\u00e9sent. Quand la presse sort le nom d\u2019une possible recrue, on dialogue avec lui, oui, bien s\u00fbr \u00bb, a expliqu\u00e9 &nbsp;Thiago Silva il y a quelques semaines dans L\u2019Equipe. L\u2019international br\u00e9silien vient d\u2019ailleurs de voir son proche et partenaire en s\u00e9lection br\u00e9silienne, David Luiz, rejoindre le PSG pour pr\u00e8s de 50M d\u2019euros. \u00ab Je ne me suis peut-\u00eatre jamais senti aussi bien que dans ce club. Ici, les joueurs se sentent importants \u00bb, avait ajout\u00e9 Thiago Silva.<\/p>\n<p>DANI ALVES OU ABATE, SYMBOLE DE LEUR LUTTE D\u2019INFLUENCE ?<br \/>Au PSG, les cadres sont \u00e9cout\u00e9s. Un cas pourrait diviser les deux hommes et aussi montrer qui a le plus d\u2019influence. C\u2019est la situation au poste d\u2019arri\u00e8re droit. Apr\u00e8s David Luiz, un autre br\u00e9silien, Dani Alves, pourrait prochainement rejoindre le PSG. Lui aussi conna\u00eet tr\u00e8s bien Thiago Silva. Selon La Gazzetta dello Sport, Ibrahimovic milite de son c\u00f4t\u00e9 pour Ignazio Abate, le lat\u00e9ral droit du Milan AC. Le Su\u00e9dois aurait recommand\u00e9 l\u2019Italien \u00e0 la direction du PSG. Qui, finalement, aura le dernier mot ? Car selon Le Mundo Deportivo, Thiago Silva serait en froid avec Zlatan Ibrahimovic. D\u2019apr\u00e8s les indiscr\u00e9tions de la presse ib\u00e9rique, la cohabitation entre les deux stars serait devenue de plus en plus compliqu\u00e9e. Au point qu&rsquo;ils ne se parleraient presque plus\u2026<\/p>\n<p>le10sport<\/p>\n","protected":false},"excerpt":{"rendered":"<p>Zlatan Ibrahimovic et Thiago Silva sont arriv\u00e9s en m\u00eame temps au PSG, lors de l\u2019\u00e9t\u00e9 2012. Ce sont les deux stars du club, les deux meilleurs joueurs aussi. Mais qui est vraiment le patron ? L\u2019un est attaquant, l\u2019autre est d\u00e9fenseur. Difficile de comparer deux joueurs aux caract\u00e9ristiques sportives aussi diff\u00e9rentes, deux joueurs qui ne [&hellip;]<\/p>\n","protected":false},"author":2,"featured_media":0,"comment_status":"open","ping_status":"open","sticky":false,"template":"","format":"standard","meta":{"footnotes":""},"categories":[3],"tags":[],"class_list":{"0":"post-586","1":"post","2":"type-post","3":"status-publish","4":"format-standard","6":"category-news"},"yoast_head":"<!-- This site is optimized with the Yoast SEO plugin v27.4 - https:\/\/yoast.com\/product\/yoast-seo-wordpress\/ -->\n<title>Zlatan Ibrahimovic ou Thiago Silva\u2026 Qui est le patron ? - PSG FANS<\/title>\n<meta name=\"robots\" content=\"index, follow, max-snippet:-1, max-image-preview:large, max-video-preview:-1\" \/>\n<link rel=\"canonical\" href=\"https:\/\/psgfans.fr\/?p=586\" \/>\n<meta property=\"og:locale\" content=\"fr_FR\" \/>\n<meta property=\"og:type\" content=\"article\" \/>\n<meta property=\"og:title\" content=\"Zlatan Ibrahimovic ou Thiago Silva\u2026 Qui est le patron ? - PSG FANS\" \/>\n<meta property=\"og:description\" content=\"Zlatan Ibrahimovic et Thiago Silva sont arriv\u00e9s en m\u00eame temps au PSG, lors de l\u2019\u00e9t\u00e9 2012. Ce sont les deux stars du club, les deux meilleurs joueurs aussi. Mais qui est vraiment le patron ? L\u2019un est attaquant, l\u2019autre est d\u00e9fenseur. Difficile de comparer deux joueurs aux caract\u00e9ristiques sportives aussi diff\u00e9rentes, deux joueurs qui ne [&hellip;]\" \/>\n<meta property=\"og:url\" content=\"https:\/\/psgfans.fr\/?p=586\" \/>\n<meta property=\"og:site_name\" content=\"PSG FANS\" \/>\n<meta property=\"article:published_time\" content=\"2014-06-02T18:52:00+00:00\" \/>\n<meta property=\"og:image\" content=\"https:\/\/blogger.googleusercontent.com\/img\/b\/R29vZ2xl\/AVvXsEgRIti-_rKQmS59SzBsbG-aXA5yLljDiGJMc5GVXmzKz3Vx9tvTveeAqgmP3Eq_jrI7J8D-dSz5gR1P1qClsOZoGTyRl6vBHktfhTUUwx5NCF8ZLsOCsU8P4PxzhfvwAiXEjXMOBBG-RAc\/s1600\/&amp;.jpg\" \/>\n<meta name=\"author\" content=\"psgfans\" \/>\n<meta name=\"twitter:card\" content=\"summary_large_image\" \/>\n<meta name=\"twitter:label1\" content=\"\u00c9crit par\" \/>\n\t<meta name=\"twitter:data1\" content=\"psgfans\" \/>\n\t<meta name=\"twitter:label2\" content=\"Dur\u00e9e de lecture estim\u00e9e\" \/>\n\t<meta name=\"twitter:data2\" content=\"3 minutes\" \/>\n<script type=\"application\/ld+json\" class=\"yoast-schema-graph\">{\"@context\":\"https:\\\/\\\/schema.org\",\"@graph\":[{\"@type\":\"Article\",\"@id\":\"https:\\\/\\\/psgfans.fr\\\/?p=586#article\",\"isPartOf\":{\"@id\":\"https:\\\/\\\/psgfans.fr\\\/?p=586\"},\"author\":{\"name\":\"psgfans\",\"@id\":\"https:\\\/\\\/psgfans.fr\\\/#\\\/schema\\\/person\\\/be2237e7a0237af2f29cb344b3c55e6c\"},\"headline\":\"Zlatan Ibrahimovic ou Thiago Silva\u2026 Qui est le patron ?\",\"datePublished\":\"2014-06-02T18:52:00+00:00\",\"mainEntityOfPage\":{\"@id\":\"https:\\\/\\\/psgfans.fr\\\/?p=586\"},\"wordCount\":646,\"commentCount\":0,\"image\":{\"@id\":\"https:\\\/\\\/psgfans.fr\\\/?p=586#primaryimage\"},\"thumbnailUrl\":\"https:\\\/\\\/blogger.googleusercontent.com\\\/img\\\/b\\\/R29vZ2xl\\\/AVvXsEgRIti-_rKQmS59SzBsbG-aXA5yLljDiGJMc5GVXmzKz3Vx9tvTveeAqgmP3Eq_jrI7J8D-dSz5gR1P1qClsOZoGTyRl6vBHktfhTUUwx5NCF8ZLsOCsU8P4PxzhfvwAiXEjXMOBBG-RAc\\\/s1600\\\/&amp;.jpg\",\"articleSection\":[\"News\"],\"inLanguage\":\"fr-FR\",\"potentialAction\":[{\"@type\":\"CommentAction\",\"name\":\"Comment\",\"target\":[\"https:\\\/\\\/psgfans.fr\\\/?p=586#respond\"]}]},{\"@type\":\"WebPage\",\"@id\":\"https:\\\/\\\/psgfans.fr\\\/?p=586\",\"url\":\"https:\\\/\\\/psgfans.fr\\\/?p=586\",\"name\":\"Zlatan Ibrahimovic ou Thiago Silva\u2026 Qui est le patron ? - PSG FANS\",\"isPartOf\":{\"@id\":\"https:\\\/\\\/psgfans.fr\\\/#website\"},\"primaryImageOfPage\":{\"@id\":\"https:\\\/\\\/psgfans.fr\\\/?p=586#primaryimage\"},\"image\":{\"@id\":\"https:\\\/\\\/psgfans.fr\\\/?p=586#primaryimage\"},\"thumbnailUrl\":\"https:\\\/\\\/blogger.googleusercontent.com\\\/img\\\/b\\\/R29vZ2xl\\\/AVvXsEgRIti-_rKQmS59SzBsbG-aXA5yLljDiGJMc5GVXmzKz3Vx9tvTveeAqgmP3Eq_jrI7J8D-dSz5gR1P1qClsOZoGTyRl6vBHktfhTUUwx5NCF8ZLsOCsU8P4PxzhfvwAiXEjXMOBBG-RAc\\\/s1600\\\/&amp;.jpg\",\"datePublished\":\"2014-06-02T18:52:00+00:00\",\"author\":{\"@id\":\"https:\\\/\\\/psgfans.fr\\\/#\\\/schema\\\/person\\\/be2237e7a0237af2f29cb344b3c55e6c\"},\"breadcrumb\":{\"@id\":\"https:\\\/\\\/psgfans.fr\\\/?p=586#breadcrumb\"},\"inLanguage\":\"fr-FR\",\"potentialAction\":[{\"@type\":\"ReadAction\",\"target\":[\"https:\\\/\\\/psgfans.fr\\\/?p=586\"]}]},{\"@type\":\"ImageObject\",\"inLanguage\":\"fr-FR\",\"@id\":\"https:\\\/\\\/psgfans.fr\\\/?p=586#primaryimage\",\"url\":\"https:\\\/\\\/blogger.googleusercontent.com\\\/img\\\/b\\\/R29vZ2xl\\\/AVvXsEgRIti-_rKQmS59SzBsbG-aXA5yLljDiGJMc5GVXmzKz3Vx9tvTveeAqgmP3Eq_jrI7J8D-dSz5gR1P1qClsOZoGTyRl6vBHktfhTUUwx5NCF8ZLsOCsU8P4PxzhfvwAiXEjXMOBBG-RAc\\\/s1600\\\/&amp;.jpg\",\"contentUrl\":\"https:\\\/\\\/blogger.googleusercontent.com\\\/img\\\/b\\\/R29vZ2xl\\\/AVvXsEgRIti-_rKQmS59SzBsbG-aXA5yLljDiGJMc5GVXmzKz3Vx9tvTveeAqgmP3Eq_jrI7J8D-dSz5gR1P1qClsOZoGTyRl6vBHktfhTUUwx5NCF8ZLsOCsU8P4PxzhfvwAiXEjXMOBBG-RAc\\\/s1600\\\/&amp;.jpg\"},{\"@type\":\"BreadcrumbList\",\"@id\":\"https:\\\/\\\/psgfans.fr\\\/?p=586#breadcrumb\",\"itemListElement\":[{\"@type\":\"ListItem\",\"position\":1,\"name\":\"Accueil\",\"item\":\"https:\\\/\\\/psgfans.fr\\\/\"},{\"@type\":\"ListItem\",\"position\":2,\"name\":\"Zlatan Ibrahimovic ou Thiago Silva\u2026 Qui est le patron ?\"}]},{\"@type\":\"WebSite\",\"@id\":\"https:\\\/\\\/psgfans.fr\\\/#website\",\"url\":\"https:\\\/\\\/psgfans.fr\\\/\",\"name\":\"PSG FANS\",\"description\":\"Unit\u00e9, Passion, Victoire : Au C\u0153ur du Paris Saint-Germain!\",\"potentialAction\":[{\"@type\":\"SearchAction\",\"target\":{\"@type\":\"EntryPoint\",\"urlTemplate\":\"https:\\\/\\\/psgfans.fr\\\/?s={search_term_string}\"},\"query-input\":{\"@type\":\"PropertyValueSpecification\",\"valueRequired\":true,\"valueName\":\"search_term_string\"}}],\"inLanguage\":\"fr-FR\"},{\"@type\":\"Person\",\"@id\":\"https:\\\/\\\/psgfans.fr\\\/#\\\/schema\\\/person\\\/be2237e7a0237af2f29cb344b3c55e6c\",\"name\":\"psgfans\",\"image\":{\"@type\":\"ImageObject\",\"inLanguage\":\"fr-FR\",\"@id\":\"https:\\\/\\\/secure.gravatar.com\\\/avatar\\\/?s=96&d=mm&r=g\",\"url\":\"https:\\\/\\\/secure.gravatar.com\\\/avatar\\\/?s=96&d=mm&r=g\",\"contentUrl\":\"https:\\\/\\\/secure.gravatar.com\\\/avatar\\\/?s=96&d=mm&r=g\",\"caption\":\"psgfans\"},\"url\":\"https:\\\/\\\/psgfans.fr\\\/?author=2\"}]}<\/script>\n<!-- \/ Yoast SEO plugin. -->","yoast_head_json":{"title":"Zlatan Ibrahimovic ou Thiago Silva\u2026 Qui est le patron ? - PSG FANS","robots":{"index":"index","follow":"follow","max-snippet":"max-snippet:-1","max-image-preview":"max-image-preview:large","max-video-preview":"max-video-preview:-1"},"canonical":"https:\/\/psgfans.fr\/?p=586","og_locale":"fr_FR","og_type":"article","og_title":"Zlatan Ibrahimovic ou Thiago Silva\u2026 Qui est le patron ? - PSG FANS","og_description":"Zlatan Ibrahimovic et Thiago Silva sont arriv\u00e9s en m\u00eame temps au PSG, lors de l\u2019\u00e9t\u00e9 2012. Ce sont les deux stars du club, les deux meilleurs joueurs aussi. Mais qui est vraiment le patron ? L\u2019un est attaquant, l\u2019autre est d\u00e9fenseur. Difficile de comparer deux joueurs aux caract\u00e9ristiques sportives aussi diff\u00e9rentes, deux joueurs qui ne [&hellip;]","og_url":"https:\/\/psgfans.fr\/?p=586","og_site_name":"PSG FANS","article_published_time":"2014-06-02T18:52:00+00:00","og_image":[{"url":"https:\/\/blogger.googleusercontent.com\/img\/b\/R29vZ2xl\/AVvXsEgRIti-_rKQmS59SzBsbG-aXA5yLljDiGJMc5GVXmzKz3Vx9tvTveeAqgmP3Eq_jrI7J8D-dSz5gR1P1qClsOZoGTyRl6vBHktfhTUUwx5NCF8ZLsOCsU8P4PxzhfvwAiXEjXMOBBG-RAc\/s1600\/&amp;.jpg","type":"","width":"","height":""}],"author":"psgfans","twitter_card":"summary_large_image","twitter_misc":{"\u00c9crit par":"psgfans","Dur\u00e9e de lecture estim\u00e9e":"3 minutes"},"schema":{"@context":"https:\/\/schema.org","@graph":[{"@type":"Article","@id":"https:\/\/psgfans.fr\/?p=586#article","isPartOf":{"@id":"https:\/\/psgfans.fr\/?p=586"},"author":{"name":"psgfans","@id":"https:\/\/psgfans.fr\/#\/schema\/person\/be2237e7a0237af2f29cb344b3c55e6c"},"headline":"Zlatan Ibrahimovic ou Thiago Silva\u2026 Qui est le patron ?","datePublished":"2014-06-02T18:52:00+00:00","mainEntityOfPage":{"@id":"https:\/\/psgfans.fr\/?p=586"},"wordCount":646,"commentCount":0,"image":{"@id":"https:\/\/psgfans.fr\/?p=586#primaryimage"},"thumbnailUrl":"https:\/\/blogger.googleusercontent.com\/img\/b\/R29vZ2xl\/AVvXsEgRIti-_rKQmS59SzBsbG-aXA5yLljDiGJMc5GVXmzKz3Vx9tvTveeAqgmP3Eq_jrI7J8D-dSz5gR1P1qClsOZoGTyRl6vBHktfhTUUwx5NCF8ZLsOCsU8P4PxzhfvwAiXEjXMOBBG-RAc\/s1600\/&amp;.jpg","articleSection":["News"],"inLanguage":"fr-FR","potentialAction":[{"@type":"CommentAction","name":"Comment","target":["https:\/\/psgfans.fr\/?p=586#respond"]}]},{"@type":"WebPage","@id":"https:\/\/psgfans.fr\/?p=586","url":"https:\/\/psgfans.fr\/?p=586","name":"Zlatan Ibrahimovic ou Thiago Silva\u2026 Qui est le patron ? - PSG FANS","isPartOf":{"@id":"https:\/\/psgfans.fr\/#website"},"primaryImageOfPage":{"@id":"https:\/\/psgfans.fr\/?p=586#primaryimage"},"image":{"@id":"https:\/\/psgfans.fr\/?p=586#primaryimage"},"thumbnailUrl":"https:\/\/blogger.googleusercontent.com\/img\/b\/R29vZ2xl\/AVvXsEgRIti-_rKQmS59SzBsbG-aXA5yLljDiGJMc5GVXmzKz3Vx9tvTveeAqgmP3Eq_jrI7J8D-dSz5gR1P1qClsOZoGTyRl6vBHktfhTUUwx5NCF8ZLsOCsU8P4PxzhfvwAiXEjXMOBBG-RAc\/s1600\/&amp;.jpg","datePublished":"2014-06-02T18:52:00+00:00","author":{"@id":"https:\/\/psgfans.fr\/#\/schema\/person\/be2237e7a0237af2f29cb344b3c55e6c"},"breadcrumb":{"@id":"https:\/\/psgfans.fr\/?p=586#breadcrumb"},"inLanguage":"fr-FR","potentialAction":[{"@type":"ReadAction","target":["https:\/\/psgfans.fr\/?p=586"]}]},{"@type":"ImageObject","inLanguage":"fr-FR","@id":"https:\/\/psgfans.fr\/?p=586#primaryimage","url":"https:\/\/blogger.googleusercontent.com\/img\/b\/R29vZ2xl\/AVvXsEgRIti-_rKQmS59SzBsbG-aXA5yLljDiGJMc5GVXmzKz3Vx9tvTveeAqgmP3Eq_jrI7J8D-dSz5gR1P1qClsOZoGTyRl6vBHktfhTUUwx5NCF8ZLsOCsU8P4PxzhfvwAiXEjXMOBBG-RAc\/s1600\/&amp;.jpg","contentUrl":"https:\/\/blogger.googleusercontent.com\/img\/b\/R29vZ2xl\/AVvXsEgRIti-_rKQmS59SzBsbG-aXA5yLljDiGJMc5GVXmzKz3Vx9tvTveeAqgmP3Eq_jrI7J8D-dSz5gR1P1qClsOZoGTyRl6vBHktfhTUUwx5NCF8ZLsOCsU8P4PxzhfvwAiXEjXMOBBG-RAc\/s1600\/&amp;.jpg"},{"@type":"BreadcrumbList","@id":"https:\/\/psgfans.fr\/?p=586#breadcrumb","itemListElement":[{"@type":"ListItem","position":1,"name":"Accueil","item":"https:\/\/psgfans.fr\/"},{"@type":"ListItem","position":2,"name":"Zlatan Ibrahimovic ou Thiago Silva\u2026 Qui est le patron ?"}]},{"@type":"WebSite","@id":"https:\/\/psgfans.fr\/#website","url":"https:\/\/psgfans.fr\/","name":"PSG FANS","description":"Unit\u00e9, Passion, Victoire : Au C\u0153ur du Paris Saint-Germain!","potentialAction":[{"@type":"SearchAction","target":{"@type":"EntryPoint","urlTemplate":"https:\/\/psgfans.fr\/?s={search_term_string}"},"query-input":{"@type":"PropertyValueSpecification","valueRequired":true,"valueName":"search_term_string"}}],"inLanguage":"fr-FR"},{"@type":"Person","@id":"https:\/\/psgfans.fr\/#\/schema\/person\/be2237e7a0237af2f29cb344b3c55e6c","name":"psgfans","image":{"@type":"ImageObject","inLanguage":"fr-FR","@id":"https:\/\/secure.gravatar.com\/avatar\/?s=96&d=mm&r=g","url":"https:\/\/secure.gravatar.com\/avatar\/?s=96&d=mm&r=g","contentUrl":"https:\/\/secure.gravatar.com\/avatar\/?s=96&d=mm&r=g","caption":"psgfans"},"url":"https:\/\/psgfans.fr\/?author=2"}]}},"_links":{"self":[{"href":"https:\/\/psgfans.fr\/index.php?rest_route=\/wp\/v2\/posts\/586","targetHints":{"allow":["GET"]}}],"collection":[{"href":"https:\/\/psgfans.fr\/index.php?rest_route=\/wp\/v2\/posts"}],"about":[{"href":"https:\/\/psgfans.fr\/index.php?rest_route=\/wp\/v2\/types\/post"}],"author":[{"embeddable":true,"href":"https:\/\/psgfans.fr\/index.php?rest_route=\/wp\/v2\/users\/2"}],"replies":[{"embeddable":true,"href":"https:\/\/psgfans.fr\/index.php?rest_route=%2Fwp%2Fv2%2Fcomments&post=586"}],"version-history":[{"count":0,"href":"https:\/\/psgfans.fr\/index.php?rest_route=\/wp\/v2\/posts\/586\/revisions"}],"wp:attachment":[{"href":"https:\/\/psgfans.fr\/index.php?rest_route=%2Fwp%2Fv2%2Fmedia&parent=586"}],"wp:term":[{"taxonomy":"category","embeddable":true,"href":"https:\/\/psgfans.fr\/index.php?rest_route=%2Fwp%2Fv2%2Fcategories&post=586"},{"taxonomy":"post_tag","embeddable":true,"href":"https:\/\/psgfans.fr\/index.php?rest_route=%2Fwp%2Fv2%2Ftags&post=586"}],"curies":[{"name":"wp","href":"https:\/\/api.w.org\/{rel}","templated":true}]}}