{"id":585,"date":"2014-06-02T19:55:00","date_gmt":"2014-06-02T18:55:00","guid":{"rendered":"https:\/\/psgfans.fr\/?p=585"},"modified":"2014-06-02T19:55:00","modified_gmt":"2014-06-02T18:55:00","slug":"david-luiz-tres-heureux-de-rejoindre-le-psg","status":"publish","type":"post","link":"https:\/\/psgfans.fr\/?p=585","title":{"rendered":"David Luiz \u00abtr\u00e8s heureux\u00bb de rejoindre le PSG"},"content":{"rendered":"<div style=\"clear: both; text-align: center;\"><a href=\"https:\/\/blogger.googleusercontent.com\/img\/b\/R29vZ2xl\/AVvXsEgmk59TioDvJlpcUl-x35_Jv3NWF_tsJiR5BGrZv8v-bR6uAnrnQlbCO6QG_Kap6EOUjVjdFV-R3-Nybg87FK1xOlVD-1EItWxLDtJAiEhLIenT5fv86FVt4a9Wp-SLliIawjPcLPjBsvw\/s1600\/%2526.jpg\" style=\"margin-left: 1em; margin-right: 1em;\"><img loading=\"lazy\" decoding=\"async\" border=\"0\" src=\"https:\/\/blogger.googleusercontent.com\/img\/b\/R29vZ2xl\/AVvXsEgmk59TioDvJlpcUl-x35_Jv3NWF_tsJiR5BGrZv8v-bR6uAnrnQlbCO6QG_Kap6EOUjVjdFV-R3-Nybg87FK1xOlVD-1EItWxLDtJAiEhLIenT5fv86FVt4a9Wp-SLliIawjPcLPjBsvw\/s1600\/%2526.jpg\" height=\"235\" width=\"400\" \/><\/a><\/div>\n<p><b>Le d\u00e9fenseur central de l&rsquo;\u00e9quipe du Br\u00e9sil David Luiz, s\u2019est exprim\u00e9 sur son nouveau club, lors du rassemblement avec la s\u00e9lection br\u00e9silienne.<\/b><\/p>\n<p>&nbsp;David Luiz, qui s&rsquo;est mis d&rsquo;accord pour s&rsquo;engager avec le Paris SG la saison prochaine, s&rsquo;est dit vendredi \u00abtr\u00e8s heureux\u00bb de son \u00abnouveau cycle\u00bb, d\u00e9sireux de \u00abmontrer le vrai David Luiz, comme joueur et \u00eatre humain\u00bb. \u00abJe me suis efforc\u00e9 de tout r\u00e9gler avant de venir en s\u00e9lection, a-t-il d\u00e9clar\u00e9 en conf\u00e9rence de presse au camp de base de son \u00e9quipe nationale pour le Mondial-2014 \u00e0 Teresopolis (sud-est). C&rsquo;est une nouvelle \u00e9tape, un nouveau projet, un nouveau pays, une nouvelle langue&#8230; J&rsquo;\u00e9tais tr\u00e8s heureux \u00e0 Chelsea, j&rsquo;y ai gagn\u00e9 des titres, mais la fin du cycle est arriv\u00e9e. Je vais commencer un nouveau cycle \u00e0 Paris. Ce sera annonc\u00e9 quand la fen\u00eatre (de transferts) s&rsquo;ouvrira. Mais je peux d\u00e9j\u00e0 dire que tout est conclu avec Paris et je suis tr\u00e8s heureux\u00bb.<br \/>Le PSG avait annonc\u00e9 le 23 mai un accord pour recruter le d\u00e9fenseur de 27 ans (34 s\u00e9lections), pour un transfert estim\u00e9 \u00e0 50 millions d&rsquo;euros par des m\u00e9dias anglais et fran\u00e7ais.<br \/>Complice avec Thiago Silva<br \/>\u00abJe suis privil\u00e9gi\u00e9, j&rsquo;ai jou\u00e9 dans de grands clubs, de grandes villes du monde, a ajout\u00e9 le Br\u00e9silien qui avait \u00e9volu\u00e9 auparavant au Benfica Lisbonne. Je ne peux pas me plaindre. Je veux repr\u00e9senter paris du mieux possible. Atteindre les objectifs du club, conqu\u00e9rir des titres, et surtout montrer le vrai David Luiz, comme joueur et \u00eatre humain\u00bb. Interrog\u00e9 sur le duo qu&rsquo;il sera amen\u00e9 \u00e0 former en Ligue 1 avec Thiago Silva, son capitaine et partenaire de la charni\u00e8re centrale de la Sele\u00e7ao, il a r\u00e9pondu: \u00abThiago est quelqu&rsquo;un de merveilleux et qui me rend toujours heureux. Nous n&rsquo;avons jamais \u00e9t\u00e9 rivaux. c&rsquo;est un grand leader, parfois s\u00e9rieux, parfois bougon, mais nous nous disons toujours les choses de mani\u00e8re tr\u00e8s naturelle et cela me donne la certitude que Thiago a les m\u00eames principes que moi\u00bb.Au fait, David Luiz parle-t-il d\u00e9j\u00e0 fran\u00e7ais ? \u00abUn petit peu\u00bb, a-t-il simplement l\u00e2ch\u00e9 dans la langue de Laurent Blanc.<\/p>\n<p>sport24.lefigaro<\/p>\n","protected":false},"excerpt":{"rendered":"<p>Le d\u00e9fenseur central de l&rsquo;\u00e9quipe du Br\u00e9sil David Luiz, s\u2019est exprim\u00e9 sur son nouveau club, lors du rassemblement avec la s\u00e9lection br\u00e9silienne. &nbsp;David Luiz, qui s&rsquo;est mis d&rsquo;accord pour s&rsquo;engager avec le Paris SG la saison prochaine, s&rsquo;est dit vendredi \u00abtr\u00e8s heureux\u00bb de son \u00abnouveau cycle\u00bb, d\u00e9sireux de \u00abmontrer le vrai David Luiz, comme joueur [&hellip;]<\/p>\n","protected":false},"author":2,"featured_media":0,"comment_status":"open","ping_status":"open","sticky":false,"template":"","format":"standard","meta":{"footnotes":""},"categories":[3],"tags":[],"class_list":{"0":"post-585","1":"post","2":"type-post","3":"status-publish","4":"format-standard","6":"category-news"},"yoast_head":"<!-- This site is optimized with the Yoast SEO plugin v27.4 - https:\/\/yoast.com\/product\/yoast-seo-wordpress\/ -->\n<title>David Luiz \u00abtr\u00e8s heureux\u00bb de rejoindre le PSG - PSG FANS<\/title>\n<meta name=\"robots\" content=\"index, follow, max-snippet:-1, max-image-preview:large, max-video-preview:-1\" \/>\n<link rel=\"canonical\" href=\"https:\/\/psgfans.fr\/?p=585\" \/>\n<meta property=\"og:locale\" content=\"fr_FR\" \/>\n<meta property=\"og:type\" content=\"article\" \/>\n<meta property=\"og:title\" content=\"David Luiz \u00abtr\u00e8s heureux\u00bb de rejoindre le PSG - PSG FANS\" \/>\n<meta property=\"og:description\" content=\"Le d\u00e9fenseur central de l&rsquo;\u00e9quipe du Br\u00e9sil David Luiz, s\u2019est exprim\u00e9 sur son nouveau club, lors du rassemblement avec la s\u00e9lection br\u00e9silienne. &nbsp;David Luiz, qui s&rsquo;est mis d&rsquo;accord pour s&rsquo;engager avec le Paris SG la saison prochaine, s&rsquo;est dit vendredi \u00abtr\u00e8s heureux\u00bb de son \u00abnouveau cycle\u00bb, d\u00e9sireux de \u00abmontrer le vrai David Luiz, comme joueur [&hellip;]\" \/>\n<meta property=\"og:url\" content=\"https:\/\/psgfans.fr\/?p=585\" \/>\n<meta property=\"og:site_name\" content=\"PSG FANS\" \/>\n<meta property=\"article:published_time\" content=\"2014-06-02T18:55:00+00:00\" \/>\n<meta property=\"og:image\" content=\"https:\/\/blogger.googleusercontent.com\/img\/b\/R29vZ2xl\/AVvXsEgmk59TioDvJlpcUl-x35_Jv3NWF_tsJiR5BGrZv8v-bR6uAnrnQlbCO6QG_Kap6EOUjVjdFV-R3-Nybg87FK1xOlVD-1EItWxLDtJAiEhLIenT5fv86FVt4a9Wp-SLliIawjPcLPjBsvw\/s1600\/%2526.jpg\" \/>\n<meta name=\"author\" content=\"psgfans\" \/>\n<meta name=\"twitter:card\" content=\"summary_large_image\" \/>\n<meta name=\"twitter:label1\" content=\"\u00c9crit par\" \/>\n\t<meta name=\"twitter:data1\" content=\"psgfans\" \/>\n\t<meta name=\"twitter:label2\" content=\"Dur\u00e9e de lecture estim\u00e9e\" \/>\n\t<meta name=\"twitter:data2\" content=\"2 minutes\" \/>\n<script type=\"application\/ld+json\" class=\"yoast-schema-graph\">{\"@context\":\"https:\\\/\\\/schema.org\",\"@graph\":[{\"@type\":\"Article\",\"@id\":\"https:\\\/\\\/psgfans.fr\\\/?p=585#article\",\"isPartOf\":{\"@id\":\"https:\\\/\\\/psgfans.fr\\\/?p=585\"},\"author\":{\"name\":\"psgfans\",\"@id\":\"https:\\\/\\\/psgfans.fr\\\/#\\\/schema\\\/person\\\/be2237e7a0237af2f29cb344b3c55e6c\"},\"headline\":\"David Luiz \u00abtr\u00e8s heureux\u00bb de rejoindre le PSG\",\"datePublished\":\"2014-06-02T18:55:00+00:00\",\"mainEntityOfPage\":{\"@id\":\"https:\\\/\\\/psgfans.fr\\\/?p=585\"},\"wordCount\":395,\"commentCount\":0,\"image\":{\"@id\":\"https:\\\/\\\/psgfans.fr\\\/?p=585#primaryimage\"},\"thumbnailUrl\":\"https:\\\/\\\/blogger.googleusercontent.com\\\/img\\\/b\\\/R29vZ2xl\\\/AVvXsEgmk59TioDvJlpcUl-x35_Jv3NWF_tsJiR5BGrZv8v-bR6uAnrnQlbCO6QG_Kap6EOUjVjdFV-R3-Nybg87FK1xOlVD-1EItWxLDtJAiEhLIenT5fv86FVt4a9Wp-SLliIawjPcLPjBsvw\\\/s1600\\\/%2526.jpg\",\"articleSection\":[\"News\"],\"inLanguage\":\"fr-FR\",\"potentialAction\":[{\"@type\":\"CommentAction\",\"name\":\"Comment\",\"target\":[\"https:\\\/\\\/psgfans.fr\\\/?p=585#respond\"]}]},{\"@type\":\"WebPage\",\"@id\":\"https:\\\/\\\/psgfans.fr\\\/?p=585\",\"url\":\"https:\\\/\\\/psgfans.fr\\\/?p=585\",\"name\":\"David Luiz \u00abtr\u00e8s heureux\u00bb de rejoindre le PSG - PSG FANS\",\"isPartOf\":{\"@id\":\"https:\\\/\\\/psgfans.fr\\\/#website\"},\"primaryImageOfPage\":{\"@id\":\"https:\\\/\\\/psgfans.fr\\\/?p=585#primaryimage\"},\"image\":{\"@id\":\"https:\\\/\\\/psgfans.fr\\\/?p=585#primaryimage\"},\"thumbnailUrl\":\"https:\\\/\\\/blogger.googleusercontent.com\\\/img\\\/b\\\/R29vZ2xl\\\/AVvXsEgmk59TioDvJlpcUl-x35_Jv3NWF_tsJiR5BGrZv8v-bR6uAnrnQlbCO6QG_Kap6EOUjVjdFV-R3-Nybg87FK1xOlVD-1EItWxLDtJAiEhLIenT5fv86FVt4a9Wp-SLliIawjPcLPjBsvw\\\/s1600\\\/%2526.jpg\",\"datePublished\":\"2014-06-02T18:55:00+00:00\",\"author\":{\"@id\":\"https:\\\/\\\/psgfans.fr\\\/#\\\/schema\\\/person\\\/be2237e7a0237af2f29cb344b3c55e6c\"},\"breadcrumb\":{\"@id\":\"https:\\\/\\\/psgfans.fr\\\/?p=585#breadcrumb\"},\"inLanguage\":\"fr-FR\",\"potentialAction\":[{\"@type\":\"ReadAction\",\"target\":[\"https:\\\/\\\/psgfans.fr\\\/?p=585\"]}]},{\"@type\":\"ImageObject\",\"inLanguage\":\"fr-FR\",\"@id\":\"https:\\\/\\\/psgfans.fr\\\/?p=585#primaryimage\",\"url\":\"https:\\\/\\\/blogger.googleusercontent.com\\\/img\\\/b\\\/R29vZ2xl\\\/AVvXsEgmk59TioDvJlpcUl-x35_Jv3NWF_tsJiR5BGrZv8v-bR6uAnrnQlbCO6QG_Kap6EOUjVjdFV-R3-Nybg87FK1xOlVD-1EItWxLDtJAiEhLIenT5fv86FVt4a9Wp-SLliIawjPcLPjBsvw\\\/s1600\\\/%2526.jpg\",\"contentUrl\":\"https:\\\/\\\/blogger.googleusercontent.com\\\/img\\\/b\\\/R29vZ2xl\\\/AVvXsEgmk59TioDvJlpcUl-x35_Jv3NWF_tsJiR5BGrZv8v-bR6uAnrnQlbCO6QG_Kap6EOUjVjdFV-R3-Nybg87FK1xOlVD-1EItWxLDtJAiEhLIenT5fv86FVt4a9Wp-SLliIawjPcLPjBsvw\\\/s1600\\\/%2526.jpg\"},{\"@type\":\"BreadcrumbList\",\"@id\":\"https:\\\/\\\/psgfans.fr\\\/?p=585#breadcrumb\",\"itemListElement\":[{\"@type\":\"ListItem\",\"position\":1,\"name\":\"Accueil\",\"item\":\"https:\\\/\\\/psgfans.fr\\\/\"},{\"@type\":\"ListItem\",\"position\":2,\"name\":\"David Luiz \u00abtr\u00e8s heureux\u00bb de rejoindre le PSG\"}]},{\"@type\":\"WebSite\",\"@id\":\"https:\\\/\\\/psgfans.fr\\\/#website\",\"url\":\"https:\\\/\\\/psgfans.fr\\\/\",\"name\":\"PSG FANS\",\"description\":\"Unit\u00e9, Passion, Victoire : Au C\u0153ur du Paris Saint-Germain!\",\"potentialAction\":[{\"@type\":\"SearchAction\",\"target\":{\"@type\":\"EntryPoint\",\"urlTemplate\":\"https:\\\/\\\/psgfans.fr\\\/?s={search_term_string}\"},\"query-input\":{\"@type\":\"PropertyValueSpecification\",\"valueRequired\":true,\"valueName\":\"search_term_string\"}}],\"inLanguage\":\"fr-FR\"},{\"@type\":\"Person\",\"@id\":\"https:\\\/\\\/psgfans.fr\\\/#\\\/schema\\\/person\\\/be2237e7a0237af2f29cb344b3c55e6c\",\"name\":\"psgfans\",\"image\":{\"@type\":\"ImageObject\",\"inLanguage\":\"fr-FR\",\"@id\":\"https:\\\/\\\/secure.gravatar.com\\\/avatar\\\/?s=96&d=mm&r=g\",\"url\":\"https:\\\/\\\/secure.gravatar.com\\\/avatar\\\/?s=96&d=mm&r=g\",\"contentUrl\":\"https:\\\/\\\/secure.gravatar.com\\\/avatar\\\/?s=96&d=mm&r=g\",\"caption\":\"psgfans\"},\"url\":\"https:\\\/\\\/psgfans.fr\\\/?author=2\"}]}<\/script>\n<!-- \/ Yoast SEO plugin. -->","yoast_head_json":{"title":"David Luiz \u00abtr\u00e8s heureux\u00bb de rejoindre le PSG - PSG FANS","robots":{"index":"index","follow":"follow","max-snippet":"max-snippet:-1","max-image-preview":"max-image-preview:large","max-video-preview":"max-video-preview:-1"},"canonical":"https:\/\/psgfans.fr\/?p=585","og_locale":"fr_FR","og_type":"article","og_title":"David Luiz \u00abtr\u00e8s heureux\u00bb de rejoindre le PSG - PSG FANS","og_description":"Le d\u00e9fenseur central de l&rsquo;\u00e9quipe du Br\u00e9sil David Luiz, s\u2019est exprim\u00e9 sur son nouveau club, lors du rassemblement avec la s\u00e9lection br\u00e9silienne. &nbsp;David Luiz, qui s&rsquo;est mis d&rsquo;accord pour s&rsquo;engager avec le Paris SG la saison prochaine, s&rsquo;est dit vendredi \u00abtr\u00e8s heureux\u00bb de son \u00abnouveau cycle\u00bb, d\u00e9sireux de \u00abmontrer le vrai David Luiz, comme joueur [&hellip;]","og_url":"https:\/\/psgfans.fr\/?p=585","og_site_name":"PSG FANS","article_published_time":"2014-06-02T18:55:00+00:00","og_image":[{"url":"https:\/\/blogger.googleusercontent.com\/img\/b\/R29vZ2xl\/AVvXsEgmk59TioDvJlpcUl-x35_Jv3NWF_tsJiR5BGrZv8v-bR6uAnrnQlbCO6QG_Kap6EOUjVjdFV-R3-Nybg87FK1xOlVD-1EItWxLDtJAiEhLIenT5fv86FVt4a9Wp-SLliIawjPcLPjBsvw\/s1600\/%2526.jpg","type":"","width":"","height":""}],"author":"psgfans","twitter_card":"summary_large_image","twitter_misc":{"\u00c9crit par":"psgfans","Dur\u00e9e de lecture estim\u00e9e":"2 minutes"},"schema":{"@context":"https:\/\/schema.org","@graph":[{"@type":"Article","@id":"https:\/\/psgfans.fr\/?p=585#article","isPartOf":{"@id":"https:\/\/psgfans.fr\/?p=585"},"author":{"name":"psgfans","@id":"https:\/\/psgfans.fr\/#\/schema\/person\/be2237e7a0237af2f29cb344b3c55e6c"},"headline":"David Luiz \u00abtr\u00e8s heureux\u00bb de rejoindre le PSG","datePublished":"2014-06-02T18:55:00+00:00","mainEntityOfPage":{"@id":"https:\/\/psgfans.fr\/?p=585"},"wordCount":395,"commentCount":0,"image":{"@id":"https:\/\/psgfans.fr\/?p=585#primaryimage"},"thumbnailUrl":"https:\/\/blogger.googleusercontent.com\/img\/b\/R29vZ2xl\/AVvXsEgmk59TioDvJlpcUl-x35_Jv3NWF_tsJiR5BGrZv8v-bR6uAnrnQlbCO6QG_Kap6EOUjVjdFV-R3-Nybg87FK1xOlVD-1EItWxLDtJAiEhLIenT5fv86FVt4a9Wp-SLliIawjPcLPjBsvw\/s1600\/%2526.jpg","articleSection":["News"],"inLanguage":"fr-FR","potentialAction":[{"@type":"CommentAction","name":"Comment","target":["https:\/\/psgfans.fr\/?p=585#respond"]}]},{"@type":"WebPage","@id":"https:\/\/psgfans.fr\/?p=585","url":"https:\/\/psgfans.fr\/?p=585","name":"David Luiz \u00abtr\u00e8s heureux\u00bb de rejoindre le PSG - PSG FANS","isPartOf":{"@id":"https:\/\/psgfans.fr\/#website"},"primaryImageOfPage":{"@id":"https:\/\/psgfans.fr\/?p=585#primaryimage"},"image":{"@id":"https:\/\/psgfans.fr\/?p=585#primaryimage"},"thumbnailUrl":"https:\/\/blogger.googleusercontent.com\/img\/b\/R29vZ2xl\/AVvXsEgmk59TioDvJlpcUl-x35_Jv3NWF_tsJiR5BGrZv8v-bR6uAnrnQlbCO6QG_Kap6EOUjVjdFV-R3-Nybg87FK1xOlVD-1EItWxLDtJAiEhLIenT5fv86FVt4a9Wp-SLliIawjPcLPjBsvw\/s1600\/%2526.jpg","datePublished":"2014-06-02T18:55:00+00:00","author":{"@id":"https:\/\/psgfans.fr\/#\/schema\/person\/be2237e7a0237af2f29cb344b3c55e6c"},"breadcrumb":{"@id":"https:\/\/psgfans.fr\/?p=585#breadcrumb"},"inLanguage":"fr-FR","potentialAction":[{"@type":"ReadAction","target":["https:\/\/psgfans.fr\/?p=585"]}]},{"@type":"ImageObject","inLanguage":"fr-FR","@id":"https:\/\/psgfans.fr\/?p=585#primaryimage","url":"https:\/\/blogger.googleusercontent.com\/img\/b\/R29vZ2xl\/AVvXsEgmk59TioDvJlpcUl-x35_Jv3NWF_tsJiR5BGrZv8v-bR6uAnrnQlbCO6QG_Kap6EOUjVjdFV-R3-Nybg87FK1xOlVD-1EItWxLDtJAiEhLIenT5fv86FVt4a9Wp-SLliIawjPcLPjBsvw\/s1600\/%2526.jpg","contentUrl":"https:\/\/blogger.googleusercontent.com\/img\/b\/R29vZ2xl\/AVvXsEgmk59TioDvJlpcUl-x35_Jv3NWF_tsJiR5BGrZv8v-bR6uAnrnQlbCO6QG_Kap6EOUjVjdFV-R3-Nybg87FK1xOlVD-1EItWxLDtJAiEhLIenT5fv86FVt4a9Wp-SLliIawjPcLPjBsvw\/s1600\/%2526.jpg"},{"@type":"BreadcrumbList","@id":"https:\/\/psgfans.fr\/?p=585#breadcrumb","itemListElement":[{"@type":"ListItem","position":1,"name":"Accueil","item":"https:\/\/psgfans.fr\/"},{"@type":"ListItem","position":2,"name":"David Luiz \u00abtr\u00e8s heureux\u00bb de rejoindre le PSG"}]},{"@type":"WebSite","@id":"https:\/\/psgfans.fr\/#website","url":"https:\/\/psgfans.fr\/","name":"PSG FANS","description":"Unit\u00e9, Passion, Victoire : Au C\u0153ur du Paris Saint-Germain!","potentialAction":[{"@type":"SearchAction","target":{"@type":"EntryPoint","urlTemplate":"https:\/\/psgfans.fr\/?s={search_term_string}"},"query-input":{"@type":"PropertyValueSpecification","valueRequired":true,"valueName":"search_term_string"}}],"inLanguage":"fr-FR"},{"@type":"Person","@id":"https:\/\/psgfans.fr\/#\/schema\/person\/be2237e7a0237af2f29cb344b3c55e6c","name":"psgfans","image":{"@type":"ImageObject","inLanguage":"fr-FR","@id":"https:\/\/secure.gravatar.com\/avatar\/?s=96&d=mm&r=g","url":"https:\/\/secure.gravatar.com\/avatar\/?s=96&d=mm&r=g","contentUrl":"https:\/\/secure.gravatar.com\/avatar\/?s=96&d=mm&r=g","caption":"psgfans"},"url":"https:\/\/psgfans.fr\/?author=2"}]}},"_links":{"self":[{"href":"https:\/\/psgfans.fr\/index.php?rest_route=\/wp\/v2\/posts\/585","targetHints":{"allow":["GET"]}}],"collection":[{"href":"https:\/\/psgfans.fr\/index.php?rest_route=\/wp\/v2\/posts"}],"about":[{"href":"https:\/\/psgfans.fr\/index.php?rest_route=\/wp\/v2\/types\/post"}],"author":[{"embeddable":true,"href":"https:\/\/psgfans.fr\/index.php?rest_route=\/wp\/v2\/users\/2"}],"replies":[{"embeddable":true,"href":"https:\/\/psgfans.fr\/index.php?rest_route=%2Fwp%2Fv2%2Fcomments&post=585"}],"version-history":[{"count":0,"href":"https:\/\/psgfans.fr\/index.php?rest_route=\/wp\/v2\/posts\/585\/revisions"}],"wp:attachment":[{"href":"https:\/\/psgfans.fr\/index.php?rest_route=%2Fwp%2Fv2%2Fmedia&parent=585"}],"wp:term":[{"taxonomy":"category","embeddable":true,"href":"https:\/\/psgfans.fr\/index.php?rest_route=%2Fwp%2Fv2%2Fcategories&post=585"},{"taxonomy":"post_tag","embeddable":true,"href":"https:\/\/psgfans.fr\/index.php?rest_route=%2Fwp%2Fv2%2Ftags&post=585"}],"curies":[{"name":"wp","href":"https:\/\/api.w.org\/{rel}","templated":true}]}}