{"id":584,"date":"2014-06-02T19:58:00","date_gmt":"2014-06-02T18:58:00","guid":{"rendered":"https:\/\/psgfans.fr\/?p=584"},"modified":"2014-06-02T19:58:00","modified_gmt":"2014-06-02T18:58:00","slug":"psg-la-premiere-photo-de-david-luiz-avec-le-maillot-du-club","status":"publish","type":"post","link":"https:\/\/psgfans.fr\/?p=584","title":{"rendered":"PSG : la premi\u00e8re photo de David Luiz avec le maillot du club"},"content":{"rendered":"<div style=\"clear: both; text-align: center;\"><a href=\"https:\/\/blogger.googleusercontent.com\/img\/b\/R29vZ2xl\/AVvXsEjEixdJW1DUFLOrzQh0F-0qSrzsDhiFERj85kQNogPNldHw-jARdL7_-ohRTbEYghxCMX9S9bvOIjMZHqOIe6KPmGU3bw7beBbqZVSGghZwyCpkiR3TCh4eWeWMKE8cO8Pus2xSqwlioGA\/s1600\/&amp;11111.jpg\" style=\"margin-left: 1em; margin-right: 1em;\"><img loading=\"lazy\" decoding=\"async\" border=\"0\" src=\"https:\/\/blogger.googleusercontent.com\/img\/b\/R29vZ2xl\/AVvXsEjEixdJW1DUFLOrzQh0F-0qSrzsDhiFERj85kQNogPNldHw-jARdL7_-ohRTbEYghxCMX9S9bvOIjMZHqOIe6KPmGU3bw7beBbqZVSGghZwyCpkiR3TCh4eWeWMKE8cO8Pus2xSqwlioGA\/s1600\/&amp;11111.jpg\" height=\"262\" width=\"400\" \/><\/a><\/div>\n<p>L\u2019origine du clich\u00e9 reste floue. Cela n\u2019emp\u00eachera sans doute pas les supporters du PSG d\u2019esquisser un sourire en le voyant. Actuellement en stage au Br\u00e9sil avec son \u00e9quipe nationale pour pr\u00e9parer la Coupe du monde, le d\u00e9fenseur de Chelsea David Luiz, qui signera un contrat de 4 ans avec le club de la capitale d\u00e8s l\u2019ouverture du march\u00e9 des transferts (fix\u00e9e au 10 juin), a pris la pose aux c\u00f4t\u00e9s d\u2019un jeune admirateur et du maillot parisien.<\/p>\n<p>L\u2019international auriverde, \u00e2g\u00e9 de 27 ans, devrait former la saison prochaine la charni\u00e8re centrale du PSG aux c\u00f4t\u00e9s de son compatriote et capitaine Thiago Silva. Les dirigeants du club champion de France auraient d\u00e9pens\u00e9 pr\u00e8s de 50 millions d\u2019euros pour l\u2019arracher des griffes des Blues, ce qui fait de David Luiz le d\u00e9fenseur le plus cher de l\u2019histoire.<\/p>\n<p><\/p>\n<div style=\"clear: both; text-align: center;\"><a href=\"https:\/\/blogger.googleusercontent.com\/img\/b\/R29vZ2xl\/AVvXsEjyDYMuiNETart0P16kotTfbs8di_s_DzfsyGtIMyoH_qOfoD9h0ghUyTRJkVmEkvKjCB12-m89wZ2C3NwZq9jo794z3Pr_k4gIj1wU19YpSZ0U5ErGkcAf5SehZYQdHWUvRvJlA2wxT7Y\/s1600\/&amp;.jpg\" style=\"margin-left: 1em; margin-right: 1em;\"><img decoding=\"async\" border=\"0\" src=\"https:\/\/blogger.googleusercontent.com\/img\/b\/R29vZ2xl\/AVvXsEjyDYMuiNETart0P16kotTfbs8di_s_DzfsyGtIMyoH_qOfoD9h0ghUyTRJkVmEkvKjCB12-m89wZ2C3NwZq9jo794z3Pr_k4gIj1wU19YpSZ0U5ErGkcAf5SehZYQdHWUvRvJlA2wxT7Y\/s1600\/&amp;.jpg\" \/><\/a><\/div>\n<p>.butfootballclub<\/p>\n","protected":false},"excerpt":{"rendered":"<p>L\u2019origine du clich\u00e9 reste floue. Cela n\u2019emp\u00eachera sans doute pas les supporters du PSG d\u2019esquisser un sourire en le voyant. Actuellement en stage au Br\u00e9sil avec son \u00e9quipe nationale pour pr\u00e9parer la Coupe du monde, le d\u00e9fenseur de Chelsea David Luiz, qui signera un contrat de 4 ans avec le club de la capitale d\u00e8s [&hellip;]<\/p>\n","protected":false},"author":2,"featured_media":0,"comment_status":"open","ping_status":"open","sticky":false,"template":"","format":"standard","meta":{"footnotes":""},"categories":[3,4],"tags":[],"class_list":{"0":"post-584","1":"post","2":"type-post","3":"status-publish","4":"format-standard","6":"category-news","7":"category-photos"},"yoast_head":"<!-- This site is optimized with the Yoast SEO plugin v27.4 - https:\/\/yoast.com\/product\/yoast-seo-wordpress\/ -->\n<title>PSG : la premi\u00e8re photo de David Luiz avec le maillot du club - PSG FANS<\/title>\n<meta name=\"robots\" content=\"index, follow, max-snippet:-1, max-image-preview:large, max-video-preview:-1\" \/>\n<link rel=\"canonical\" href=\"https:\/\/psgfans.fr\/?p=584\" \/>\n<meta property=\"og:locale\" content=\"fr_FR\" \/>\n<meta property=\"og:type\" content=\"article\" \/>\n<meta property=\"og:title\" content=\"PSG : la premi\u00e8re photo de David Luiz avec le maillot du club - PSG FANS\" \/>\n<meta property=\"og:description\" content=\"L\u2019origine du clich\u00e9 reste floue. Cela n\u2019emp\u00eachera sans doute pas les supporters du PSG d\u2019esquisser un sourire en le voyant. Actuellement en stage au Br\u00e9sil avec son \u00e9quipe nationale pour pr\u00e9parer la Coupe du monde, le d\u00e9fenseur de Chelsea David Luiz, qui signera un contrat de 4 ans avec le club de la capitale d\u00e8s [&hellip;]\" \/>\n<meta property=\"og:url\" content=\"https:\/\/psgfans.fr\/?p=584\" \/>\n<meta property=\"og:site_name\" content=\"PSG FANS\" \/>\n<meta property=\"article:published_time\" content=\"2014-06-02T18:58:00+00:00\" \/>\n<meta property=\"og:image\" content=\"https:\/\/blogger.googleusercontent.com\/img\/b\/R29vZ2xl\/AVvXsEjEixdJW1DUFLOrzQh0F-0qSrzsDhiFERj85kQNogPNldHw-jARdL7_-ohRTbEYghxCMX9S9bvOIjMZHqOIe6KPmGU3bw7beBbqZVSGghZwyCpkiR3TCh4eWeWMKE8cO8Pus2xSqwlioGA\/s1600\/&amp;11111.jpg\" \/>\n<meta name=\"author\" content=\"psgfans\" \/>\n<meta name=\"twitter:card\" content=\"summary_large_image\" \/>\n<meta name=\"twitter:label1\" content=\"\u00c9crit par\" \/>\n\t<meta name=\"twitter:data1\" content=\"psgfans\" \/>\n\t<meta name=\"twitter:label2\" content=\"Dur\u00e9e de lecture estim\u00e9e\" \/>\n\t<meta name=\"twitter:data2\" content=\"1 minute\" \/>\n<script type=\"application\/ld+json\" class=\"yoast-schema-graph\">{\"@context\":\"https:\\\/\\\/schema.org\",\"@graph\":[{\"@type\":\"Article\",\"@id\":\"https:\\\/\\\/psgfans.fr\\\/?p=584#article\",\"isPartOf\":{\"@id\":\"https:\\\/\\\/psgfans.fr\\\/?p=584\"},\"author\":{\"name\":\"psgfans\",\"@id\":\"https:\\\/\\\/psgfans.fr\\\/#\\\/schema\\\/person\\\/be2237e7a0237af2f29cb344b3c55e6c\"},\"headline\":\"PSG : la premi\u00e8re photo de David Luiz avec le maillot du club\",\"datePublished\":\"2014-06-02T18:58:00+00:00\",\"mainEntityOfPage\":{\"@id\":\"https:\\\/\\\/psgfans.fr\\\/?p=584\"},\"wordCount\":168,\"commentCount\":0,\"image\":{\"@id\":\"https:\\\/\\\/psgfans.fr\\\/?p=584#primaryimage\"},\"thumbnailUrl\":\"https:\\\/\\\/blogger.googleusercontent.com\\\/img\\\/b\\\/R29vZ2xl\\\/AVvXsEjEixdJW1DUFLOrzQh0F-0qSrzsDhiFERj85kQNogPNldHw-jARdL7_-ohRTbEYghxCMX9S9bvOIjMZHqOIe6KPmGU3bw7beBbqZVSGghZwyCpkiR3TCh4eWeWMKE8cO8Pus2xSqwlioGA\\\/s1600\\\/&amp;11111.jpg\",\"articleSection\":[\"News\",\"Photos\"],\"inLanguage\":\"fr-FR\",\"potentialAction\":[{\"@type\":\"CommentAction\",\"name\":\"Comment\",\"target\":[\"https:\\\/\\\/psgfans.fr\\\/?p=584#respond\"]}]},{\"@type\":\"WebPage\",\"@id\":\"https:\\\/\\\/psgfans.fr\\\/?p=584\",\"url\":\"https:\\\/\\\/psgfans.fr\\\/?p=584\",\"name\":\"PSG : la premi\u00e8re photo de David Luiz avec le maillot du club - PSG FANS\",\"isPartOf\":{\"@id\":\"https:\\\/\\\/psgfans.fr\\\/#website\"},\"primaryImageOfPage\":{\"@id\":\"https:\\\/\\\/psgfans.fr\\\/?p=584#primaryimage\"},\"image\":{\"@id\":\"https:\\\/\\\/psgfans.fr\\\/?p=584#primaryimage\"},\"thumbnailUrl\":\"https:\\\/\\\/blogger.googleusercontent.com\\\/img\\\/b\\\/R29vZ2xl\\\/AVvXsEjEixdJW1DUFLOrzQh0F-0qSrzsDhiFERj85kQNogPNldHw-jARdL7_-ohRTbEYghxCMX9S9bvOIjMZHqOIe6KPmGU3bw7beBbqZVSGghZwyCpkiR3TCh4eWeWMKE8cO8Pus2xSqwlioGA\\\/s1600\\\/&amp;11111.jpg\",\"datePublished\":\"2014-06-02T18:58:00+00:00\",\"author\":{\"@id\":\"https:\\\/\\\/psgfans.fr\\\/#\\\/schema\\\/person\\\/be2237e7a0237af2f29cb344b3c55e6c\"},\"breadcrumb\":{\"@id\":\"https:\\\/\\\/psgfans.fr\\\/?p=584#breadcrumb\"},\"inLanguage\":\"fr-FR\",\"potentialAction\":[{\"@type\":\"ReadAction\",\"target\":[\"https:\\\/\\\/psgfans.fr\\\/?p=584\"]}]},{\"@type\":\"ImageObject\",\"inLanguage\":\"fr-FR\",\"@id\":\"https:\\\/\\\/psgfans.fr\\\/?p=584#primaryimage\",\"url\":\"https:\\\/\\\/blogger.googleusercontent.com\\\/img\\\/b\\\/R29vZ2xl\\\/AVvXsEjEixdJW1DUFLOrzQh0F-0qSrzsDhiFERj85kQNogPNldHw-jARdL7_-ohRTbEYghxCMX9S9bvOIjMZHqOIe6KPmGU3bw7beBbqZVSGghZwyCpkiR3TCh4eWeWMKE8cO8Pus2xSqwlioGA\\\/s1600\\\/&amp;11111.jpg\",\"contentUrl\":\"https:\\\/\\\/blogger.googleusercontent.com\\\/img\\\/b\\\/R29vZ2xl\\\/AVvXsEjEixdJW1DUFLOrzQh0F-0qSrzsDhiFERj85kQNogPNldHw-jARdL7_-ohRTbEYghxCMX9S9bvOIjMZHqOIe6KPmGU3bw7beBbqZVSGghZwyCpkiR3TCh4eWeWMKE8cO8Pus2xSqwlioGA\\\/s1600\\\/&amp;11111.jpg\"},{\"@type\":\"BreadcrumbList\",\"@id\":\"https:\\\/\\\/psgfans.fr\\\/?p=584#breadcrumb\",\"itemListElement\":[{\"@type\":\"ListItem\",\"position\":1,\"name\":\"Accueil\",\"item\":\"https:\\\/\\\/psgfans.fr\\\/\"},{\"@type\":\"ListItem\",\"position\":2,\"name\":\"PSG : la premi\u00e8re photo de David Luiz avec le maillot du club\"}]},{\"@type\":\"WebSite\",\"@id\":\"https:\\\/\\\/psgfans.fr\\\/#website\",\"url\":\"https:\\\/\\\/psgfans.fr\\\/\",\"name\":\"PSG FANS\",\"description\":\"Unit\u00e9, Passion, Victoire : Au C\u0153ur du Paris Saint-Germain!\",\"potentialAction\":[{\"@type\":\"SearchAction\",\"target\":{\"@type\":\"EntryPoint\",\"urlTemplate\":\"https:\\\/\\\/psgfans.fr\\\/?s={search_term_string}\"},\"query-input\":{\"@type\":\"PropertyValueSpecification\",\"valueRequired\":true,\"valueName\":\"search_term_string\"}}],\"inLanguage\":\"fr-FR\"},{\"@type\":\"Person\",\"@id\":\"https:\\\/\\\/psgfans.fr\\\/#\\\/schema\\\/person\\\/be2237e7a0237af2f29cb344b3c55e6c\",\"name\":\"psgfans\",\"image\":{\"@type\":\"ImageObject\",\"inLanguage\":\"fr-FR\",\"@id\":\"https:\\\/\\\/secure.gravatar.com\\\/avatar\\\/?s=96&d=mm&r=g\",\"url\":\"https:\\\/\\\/secure.gravatar.com\\\/avatar\\\/?s=96&d=mm&r=g\",\"contentUrl\":\"https:\\\/\\\/secure.gravatar.com\\\/avatar\\\/?s=96&d=mm&r=g\",\"caption\":\"psgfans\"},\"url\":\"https:\\\/\\\/psgfans.fr\\\/?author=2\"}]}<\/script>\n<!-- \/ Yoast SEO plugin. -->","yoast_head_json":{"title":"PSG : la premi\u00e8re photo de David Luiz avec le maillot du club - PSG FANS","robots":{"index":"index","follow":"follow","max-snippet":"max-snippet:-1","max-image-preview":"max-image-preview:large","max-video-preview":"max-video-preview:-1"},"canonical":"https:\/\/psgfans.fr\/?p=584","og_locale":"fr_FR","og_type":"article","og_title":"PSG : la premi\u00e8re photo de David Luiz avec le maillot du club - PSG FANS","og_description":"L\u2019origine du clich\u00e9 reste floue. Cela n\u2019emp\u00eachera sans doute pas les supporters du PSG d\u2019esquisser un sourire en le voyant. Actuellement en stage au Br\u00e9sil avec son \u00e9quipe nationale pour pr\u00e9parer la Coupe du monde, le d\u00e9fenseur de Chelsea David Luiz, qui signera un contrat de 4 ans avec le club de la capitale d\u00e8s [&hellip;]","og_url":"https:\/\/psgfans.fr\/?p=584","og_site_name":"PSG FANS","article_published_time":"2014-06-02T18:58:00+00:00","og_image":[{"url":"https:\/\/blogger.googleusercontent.com\/img\/b\/R29vZ2xl\/AVvXsEjEixdJW1DUFLOrzQh0F-0qSrzsDhiFERj85kQNogPNldHw-jARdL7_-ohRTbEYghxCMX9S9bvOIjMZHqOIe6KPmGU3bw7beBbqZVSGghZwyCpkiR3TCh4eWeWMKE8cO8Pus2xSqwlioGA\/s1600\/&amp;11111.jpg","type":"","width":"","height":""}],"author":"psgfans","twitter_card":"summary_large_image","twitter_misc":{"\u00c9crit par":"psgfans","Dur\u00e9e de lecture estim\u00e9e":"1 minute"},"schema":{"@context":"https:\/\/schema.org","@graph":[{"@type":"Article","@id":"https:\/\/psgfans.fr\/?p=584#article","isPartOf":{"@id":"https:\/\/psgfans.fr\/?p=584"},"author":{"name":"psgfans","@id":"https:\/\/psgfans.fr\/#\/schema\/person\/be2237e7a0237af2f29cb344b3c55e6c"},"headline":"PSG : la premi\u00e8re photo de David Luiz avec le maillot du club","datePublished":"2014-06-02T18:58:00+00:00","mainEntityOfPage":{"@id":"https:\/\/psgfans.fr\/?p=584"},"wordCount":168,"commentCount":0,"image":{"@id":"https:\/\/psgfans.fr\/?p=584#primaryimage"},"thumbnailUrl":"https:\/\/blogger.googleusercontent.com\/img\/b\/R29vZ2xl\/AVvXsEjEixdJW1DUFLOrzQh0F-0qSrzsDhiFERj85kQNogPNldHw-jARdL7_-ohRTbEYghxCMX9S9bvOIjMZHqOIe6KPmGU3bw7beBbqZVSGghZwyCpkiR3TCh4eWeWMKE8cO8Pus2xSqwlioGA\/s1600\/&amp;11111.jpg","articleSection":["News","Photos"],"inLanguage":"fr-FR","potentialAction":[{"@type":"CommentAction","name":"Comment","target":["https:\/\/psgfans.fr\/?p=584#respond"]}]},{"@type":"WebPage","@id":"https:\/\/psgfans.fr\/?p=584","url":"https:\/\/psgfans.fr\/?p=584","name":"PSG : la premi\u00e8re photo de David Luiz avec le maillot du club - PSG FANS","isPartOf":{"@id":"https:\/\/psgfans.fr\/#website"},"primaryImageOfPage":{"@id":"https:\/\/psgfans.fr\/?p=584#primaryimage"},"image":{"@id":"https:\/\/psgfans.fr\/?p=584#primaryimage"},"thumbnailUrl":"https:\/\/blogger.googleusercontent.com\/img\/b\/R29vZ2xl\/AVvXsEjEixdJW1DUFLOrzQh0F-0qSrzsDhiFERj85kQNogPNldHw-jARdL7_-ohRTbEYghxCMX9S9bvOIjMZHqOIe6KPmGU3bw7beBbqZVSGghZwyCpkiR3TCh4eWeWMKE8cO8Pus2xSqwlioGA\/s1600\/&amp;11111.jpg","datePublished":"2014-06-02T18:58:00+00:00","author":{"@id":"https:\/\/psgfans.fr\/#\/schema\/person\/be2237e7a0237af2f29cb344b3c55e6c"},"breadcrumb":{"@id":"https:\/\/psgfans.fr\/?p=584#breadcrumb"},"inLanguage":"fr-FR","potentialAction":[{"@type":"ReadAction","target":["https:\/\/psgfans.fr\/?p=584"]}]},{"@type":"ImageObject","inLanguage":"fr-FR","@id":"https:\/\/psgfans.fr\/?p=584#primaryimage","url":"https:\/\/blogger.googleusercontent.com\/img\/b\/R29vZ2xl\/AVvXsEjEixdJW1DUFLOrzQh0F-0qSrzsDhiFERj85kQNogPNldHw-jARdL7_-ohRTbEYghxCMX9S9bvOIjMZHqOIe6KPmGU3bw7beBbqZVSGghZwyCpkiR3TCh4eWeWMKE8cO8Pus2xSqwlioGA\/s1600\/&amp;11111.jpg","contentUrl":"https:\/\/blogger.googleusercontent.com\/img\/b\/R29vZ2xl\/AVvXsEjEixdJW1DUFLOrzQh0F-0qSrzsDhiFERj85kQNogPNldHw-jARdL7_-ohRTbEYghxCMX9S9bvOIjMZHqOIe6KPmGU3bw7beBbqZVSGghZwyCpkiR3TCh4eWeWMKE8cO8Pus2xSqwlioGA\/s1600\/&amp;11111.jpg"},{"@type":"BreadcrumbList","@id":"https:\/\/psgfans.fr\/?p=584#breadcrumb","itemListElement":[{"@type":"ListItem","position":1,"name":"Accueil","item":"https:\/\/psgfans.fr\/"},{"@type":"ListItem","position":2,"name":"PSG : la premi\u00e8re photo de David Luiz avec le maillot du club"}]},{"@type":"WebSite","@id":"https:\/\/psgfans.fr\/#website","url":"https:\/\/psgfans.fr\/","name":"PSG FANS","description":"Unit\u00e9, Passion, Victoire : Au C\u0153ur du Paris Saint-Germain!","potentialAction":[{"@type":"SearchAction","target":{"@type":"EntryPoint","urlTemplate":"https:\/\/psgfans.fr\/?s={search_term_string}"},"query-input":{"@type":"PropertyValueSpecification","valueRequired":true,"valueName":"search_term_string"}}],"inLanguage":"fr-FR"},{"@type":"Person","@id":"https:\/\/psgfans.fr\/#\/schema\/person\/be2237e7a0237af2f29cb344b3c55e6c","name":"psgfans","image":{"@type":"ImageObject","inLanguage":"fr-FR","@id":"https:\/\/secure.gravatar.com\/avatar\/?s=96&d=mm&r=g","url":"https:\/\/secure.gravatar.com\/avatar\/?s=96&d=mm&r=g","contentUrl":"https:\/\/secure.gravatar.com\/avatar\/?s=96&d=mm&r=g","caption":"psgfans"},"url":"https:\/\/psgfans.fr\/?author=2"}]}},"_links":{"self":[{"href":"https:\/\/psgfans.fr\/index.php?rest_route=\/wp\/v2\/posts\/584","targetHints":{"allow":["GET"]}}],"collection":[{"href":"https:\/\/psgfans.fr\/index.php?rest_route=\/wp\/v2\/posts"}],"about":[{"href":"https:\/\/psgfans.fr\/index.php?rest_route=\/wp\/v2\/types\/post"}],"author":[{"embeddable":true,"href":"https:\/\/psgfans.fr\/index.php?rest_route=\/wp\/v2\/users\/2"}],"replies":[{"embeddable":true,"href":"https:\/\/psgfans.fr\/index.php?rest_route=%2Fwp%2Fv2%2Fcomments&post=584"}],"version-history":[{"count":0,"href":"https:\/\/psgfans.fr\/index.php?rest_route=\/wp\/v2\/posts\/584\/revisions"}],"wp:attachment":[{"href":"https:\/\/psgfans.fr\/index.php?rest_route=%2Fwp%2Fv2%2Fmedia&parent=584"}],"wp:term":[{"taxonomy":"category","embeddable":true,"href":"https:\/\/psgfans.fr\/index.php?rest_route=%2Fwp%2Fv2%2Fcategories&post=584"},{"taxonomy":"post_tag","embeddable":true,"href":"https:\/\/psgfans.fr\/index.php?rest_route=%2Fwp%2Fv2%2Ftags&post=584"}],"curies":[{"name":"wp","href":"https:\/\/api.w.org\/{rel}","templated":true}]}}