{"id":582,"date":"2014-06-03T14:31:00","date_gmt":"2014-06-03T13:31:00","guid":{"rendered":"https:\/\/psgfans.fr\/?p=582"},"modified":"2014-06-03T14:31:00","modified_gmt":"2014-06-03T13:31:00","slug":"zlatan-ibrahimovic-dans-leffectif-de-la-saison","status":"publish","type":"post","link":"https:\/\/psgfans.fr\/?p=582","title":{"rendered":"Zlatan Ibrahimovic dans l&#39;effectif de la saison"},"content":{"rendered":"<div style=\"clear: both; text-align: center;\"><a href=\"https:\/\/blogger.googleusercontent.com\/img\/b\/R29vZ2xl\/AVvXsEiXWXEDl70FeBxfwPKjRBaNTG-GMvju-VJiqaoUiWBdMv-mStLzBDepBpdmV6F10MrMr9f13EergaPAas2IKVZsFU7bxQRWG_TXOpvSolAQd2dru0M5m66hm2gnrsZ4fYzNfIjFmtMIO4U\/s1600\/&amp;dc.jpg\" style=\"margin-left: 1em; margin-right: 1em;\"><img loading=\"lazy\" decoding=\"async\" border=\"0\" src=\"https:\/\/blogger.googleusercontent.com\/img\/b\/R29vZ2xl\/AVvXsEiXWXEDl70FeBxfwPKjRBaNTG-GMvju-VJiqaoUiWBdMv-mStLzBDepBpdmV6F10MrMr9f13EergaPAas2IKVZsFU7bxQRWG_TXOpvSolAQd2dru0M5m66hm2gnrsZ4fYzNfIjFmtMIO4U\/s1600\/&amp;dc.jpg\" height=\"400\" width=\"400\" \/><\/a><\/div>\n<p><b>Zlatan Ibrahimovic est le seul joueur du PSG \u00e0 figurer dans l&rsquo;effectif de la saison en Ligue des champions. Sept joueurs du Real Madrid sont r\u00e9compens\u00e9s.<\/b><br \/><b><br \/><\/b><\/p>\n<div>\n<div>L&rsquo;UEFA a d\u00e9voil\u00e9 lundi l&rsquo;effectif de la saison 2013\/2014 de la Ligue des champions, d\u00e9cid\u00e9e par le groupe d&rsquo;\u00e9tude technique de l&rsquo;UEFA. La liste compte 18 noms, dont celui du Parisien Zlatan Ibrahimovic, \u00e9limin\u00e9 en quart de finale avec ses \u00e9quipiers par Chelsea mais qui a termin\u00e9 \u00e0 la deuxi\u00e8me place du classement des buteurs derri\u00e8re l&rsquo;intouchable Cristiano Ronaldo. Parmi cette s\u00e9lection, on retrouve sept joueurs du Real Madrid, vainqueur de la dixi\u00e8me C1 de son histoire il y a dix jours face \u00e0 l&rsquo;Atl\u00e9tico Madrid. : Daniel Carvajal, Sergio Ramos, Pepe, Angel Di Maria, Luka Modric, Xabi Alonso, Cristiano Ronaldo. Le finaliste malheureux, l&rsquo;Atl\u00e9tico Madrid, place quatre joueurs.<\/div>\n<div>La s\u00e9lection<\/div>\n<div><\/div>\n<div>Gardiens : Thibaut Courtois (Atl\u00e9tico de Madrid), Manuel Neuer (Bayern Munich)<\/div>\n<div><\/div>\n<div>D\u00e9fenseurs : Diego God\u00edn (Atl\u00e9tico de Madrid), Philipp Lahm (Bayern Munich), Daniel Carvajal (Real Madrid CF), Pepe (Real Madrid CF), Sergio Ramos (Real Madrid CF)<\/div>\n<div><\/div>\n<div>Milieux : Gabi (Atl\u00e9tico de Madrid), Andr\u00e9s Iniesta (FC Barcelone), Toni Kroos (Bayern Munich), \u00c1ngel Di Mar\u00eda (Real Madrid CF), Luka Modric (Real Madrid CF), Xabi Alonso (Real Madrid CF)<\/div>\n<div><\/div>\n<div>Attaquants : Marco Reus (Borussia Dortmund), Diego Costa (Atl\u00e9tico de Madrid), Arjen Robben (Bayern Munich), Zlatan Ibrahimovic (Paris Saint Germain FC), Cristiano Ronaldo (Real Madrid CF)<\/div>\n<\/div>\n<div><\/div>\n<div><\/div>\n<div><\/div>\n","protected":false},"excerpt":{"rendered":"<p>Zlatan Ibrahimovic est le seul joueur du PSG \u00e0 figurer dans l&rsquo;effectif de la saison en Ligue des champions. Sept joueurs du Real Madrid sont r\u00e9compens\u00e9s. L&rsquo;UEFA a d\u00e9voil\u00e9 lundi l&rsquo;effectif de la saison 2013\/2014 de la Ligue des champions, d\u00e9cid\u00e9e par le groupe d&rsquo;\u00e9tude technique de l&rsquo;UEFA. La liste compte 18 noms, dont celui [&hellip;]<\/p>\n","protected":false},"author":2,"featured_media":0,"comment_status":"open","ping_status":"open","sticky":false,"template":"","format":"standard","meta":{"footnotes":""},"categories":[3],"tags":[],"class_list":{"0":"post-582","1":"post","2":"type-post","3":"status-publish","4":"format-standard","6":"category-news"},"yoast_head":"<!-- This site is optimized with the Yoast SEO plugin v27.4 - https:\/\/yoast.com\/product\/yoast-seo-wordpress\/ -->\n<title>Zlatan Ibrahimovic dans l&#039;effectif de la saison - PSG FANS<\/title>\n<meta name=\"robots\" content=\"index, follow, max-snippet:-1, max-image-preview:large, max-video-preview:-1\" \/>\n<link rel=\"canonical\" href=\"https:\/\/psgfans.fr\/?p=582\" \/>\n<meta property=\"og:locale\" content=\"fr_FR\" \/>\n<meta property=\"og:type\" content=\"article\" \/>\n<meta property=\"og:title\" content=\"Zlatan Ibrahimovic dans l&#039;effectif de la saison - PSG FANS\" \/>\n<meta property=\"og:description\" content=\"Zlatan Ibrahimovic est le seul joueur du PSG \u00e0 figurer dans l&rsquo;effectif de la saison en Ligue des champions. Sept joueurs du Real Madrid sont r\u00e9compens\u00e9s. L&rsquo;UEFA a d\u00e9voil\u00e9 lundi l&rsquo;effectif de la saison 2013\/2014 de la Ligue des champions, d\u00e9cid\u00e9e par le groupe d&rsquo;\u00e9tude technique de l&rsquo;UEFA. La liste compte 18 noms, dont celui [&hellip;]\" \/>\n<meta property=\"og:url\" content=\"https:\/\/psgfans.fr\/?p=582\" \/>\n<meta property=\"og:site_name\" content=\"PSG FANS\" \/>\n<meta property=\"article:published_time\" content=\"2014-06-03T13:31:00+00:00\" \/>\n<meta property=\"og:image\" content=\"https:\/\/blogger.googleusercontent.com\/img\/b\/R29vZ2xl\/AVvXsEiXWXEDl70FeBxfwPKjRBaNTG-GMvju-VJiqaoUiWBdMv-mStLzBDepBpdmV6F10MrMr9f13EergaPAas2IKVZsFU7bxQRWG_TXOpvSolAQd2dru0M5m66hm2gnrsZ4fYzNfIjFmtMIO4U\/s1600\/&amp;dc.jpg\" \/>\n<meta name=\"author\" content=\"psgfans\" \/>\n<meta name=\"twitter:card\" content=\"summary_large_image\" \/>\n<meta name=\"twitter:label1\" content=\"\u00c9crit par\" \/>\n\t<meta name=\"twitter:data1\" content=\"psgfans\" \/>\n\t<meta name=\"twitter:label2\" content=\"Dur\u00e9e de lecture estim\u00e9e\" \/>\n\t<meta name=\"twitter:data2\" content=\"1 minute\" \/>\n<script type=\"application\/ld+json\" class=\"yoast-schema-graph\">{\"@context\":\"https:\\\/\\\/schema.org\",\"@graph\":[{\"@type\":\"Article\",\"@id\":\"https:\\\/\\\/psgfans.fr\\\/?p=582#article\",\"isPartOf\":{\"@id\":\"https:\\\/\\\/psgfans.fr\\\/?p=582\"},\"author\":{\"name\":\"psgfans\",\"@id\":\"https:\\\/\\\/psgfans.fr\\\/#\\\/schema\\\/person\\\/be2237e7a0237af2f29cb344b3c55e6c\"},\"headline\":\"Zlatan Ibrahimovic dans l&#39;effectif de la saison\",\"datePublished\":\"2014-06-03T13:31:00+00:00\",\"mainEntityOfPage\":{\"@id\":\"https:\\\/\\\/psgfans.fr\\\/?p=582\"},\"wordCount\":255,\"commentCount\":0,\"image\":{\"@id\":\"https:\\\/\\\/psgfans.fr\\\/?p=582#primaryimage\"},\"thumbnailUrl\":\"https:\\\/\\\/blogger.googleusercontent.com\\\/img\\\/b\\\/R29vZ2xl\\\/AVvXsEiXWXEDl70FeBxfwPKjRBaNTG-GMvju-VJiqaoUiWBdMv-mStLzBDepBpdmV6F10MrMr9f13EergaPAas2IKVZsFU7bxQRWG_TXOpvSolAQd2dru0M5m66hm2gnrsZ4fYzNfIjFmtMIO4U\\\/s1600\\\/&amp;dc.jpg\",\"articleSection\":[\"News\"],\"inLanguage\":\"fr-FR\",\"potentialAction\":[{\"@type\":\"CommentAction\",\"name\":\"Comment\",\"target\":[\"https:\\\/\\\/psgfans.fr\\\/?p=582#respond\"]}]},{\"@type\":\"WebPage\",\"@id\":\"https:\\\/\\\/psgfans.fr\\\/?p=582\",\"url\":\"https:\\\/\\\/psgfans.fr\\\/?p=582\",\"name\":\"Zlatan Ibrahimovic dans l&#39;effectif de la saison - PSG FANS\",\"isPartOf\":{\"@id\":\"https:\\\/\\\/psgfans.fr\\\/#website\"},\"primaryImageOfPage\":{\"@id\":\"https:\\\/\\\/psgfans.fr\\\/?p=582#primaryimage\"},\"image\":{\"@id\":\"https:\\\/\\\/psgfans.fr\\\/?p=582#primaryimage\"},\"thumbnailUrl\":\"https:\\\/\\\/blogger.googleusercontent.com\\\/img\\\/b\\\/R29vZ2xl\\\/AVvXsEiXWXEDl70FeBxfwPKjRBaNTG-GMvju-VJiqaoUiWBdMv-mStLzBDepBpdmV6F10MrMr9f13EergaPAas2IKVZsFU7bxQRWG_TXOpvSolAQd2dru0M5m66hm2gnrsZ4fYzNfIjFmtMIO4U\\\/s1600\\\/&amp;dc.jpg\",\"datePublished\":\"2014-06-03T13:31:00+00:00\",\"author\":{\"@id\":\"https:\\\/\\\/psgfans.fr\\\/#\\\/schema\\\/person\\\/be2237e7a0237af2f29cb344b3c55e6c\"},\"breadcrumb\":{\"@id\":\"https:\\\/\\\/psgfans.fr\\\/?p=582#breadcrumb\"},\"inLanguage\":\"fr-FR\",\"potentialAction\":[{\"@type\":\"ReadAction\",\"target\":[\"https:\\\/\\\/psgfans.fr\\\/?p=582\"]}]},{\"@type\":\"ImageObject\",\"inLanguage\":\"fr-FR\",\"@id\":\"https:\\\/\\\/psgfans.fr\\\/?p=582#primaryimage\",\"url\":\"https:\\\/\\\/blogger.googleusercontent.com\\\/img\\\/b\\\/R29vZ2xl\\\/AVvXsEiXWXEDl70FeBxfwPKjRBaNTG-GMvju-VJiqaoUiWBdMv-mStLzBDepBpdmV6F10MrMr9f13EergaPAas2IKVZsFU7bxQRWG_TXOpvSolAQd2dru0M5m66hm2gnrsZ4fYzNfIjFmtMIO4U\\\/s1600\\\/&amp;dc.jpg\",\"contentUrl\":\"https:\\\/\\\/blogger.googleusercontent.com\\\/img\\\/b\\\/R29vZ2xl\\\/AVvXsEiXWXEDl70FeBxfwPKjRBaNTG-GMvju-VJiqaoUiWBdMv-mStLzBDepBpdmV6F10MrMr9f13EergaPAas2IKVZsFU7bxQRWG_TXOpvSolAQd2dru0M5m66hm2gnrsZ4fYzNfIjFmtMIO4U\\\/s1600\\\/&amp;dc.jpg\"},{\"@type\":\"BreadcrumbList\",\"@id\":\"https:\\\/\\\/psgfans.fr\\\/?p=582#breadcrumb\",\"itemListElement\":[{\"@type\":\"ListItem\",\"position\":1,\"name\":\"Accueil\",\"item\":\"https:\\\/\\\/psgfans.fr\\\/\"},{\"@type\":\"ListItem\",\"position\":2,\"name\":\"Zlatan Ibrahimovic dans l&#39;effectif de la saison\"}]},{\"@type\":\"WebSite\",\"@id\":\"https:\\\/\\\/psgfans.fr\\\/#website\",\"url\":\"https:\\\/\\\/psgfans.fr\\\/\",\"name\":\"PSG FANS\",\"description\":\"Unit\u00e9, Passion, Victoire : Au C\u0153ur du Paris Saint-Germain!\",\"potentialAction\":[{\"@type\":\"SearchAction\",\"target\":{\"@type\":\"EntryPoint\",\"urlTemplate\":\"https:\\\/\\\/psgfans.fr\\\/?s={search_term_string}\"},\"query-input\":{\"@type\":\"PropertyValueSpecification\",\"valueRequired\":true,\"valueName\":\"search_term_string\"}}],\"inLanguage\":\"fr-FR\"},{\"@type\":\"Person\",\"@id\":\"https:\\\/\\\/psgfans.fr\\\/#\\\/schema\\\/person\\\/be2237e7a0237af2f29cb344b3c55e6c\",\"name\":\"psgfans\",\"image\":{\"@type\":\"ImageObject\",\"inLanguage\":\"fr-FR\",\"@id\":\"https:\\\/\\\/secure.gravatar.com\\\/avatar\\\/?s=96&d=mm&r=g\",\"url\":\"https:\\\/\\\/secure.gravatar.com\\\/avatar\\\/?s=96&d=mm&r=g\",\"contentUrl\":\"https:\\\/\\\/secure.gravatar.com\\\/avatar\\\/?s=96&d=mm&r=g\",\"caption\":\"psgfans\"},\"url\":\"https:\\\/\\\/psgfans.fr\\\/?author=2\"}]}<\/script>\n<!-- \/ Yoast SEO plugin. -->","yoast_head_json":{"title":"Zlatan Ibrahimovic dans l&#39;effectif de la saison - PSG FANS","robots":{"index":"index","follow":"follow","max-snippet":"max-snippet:-1","max-image-preview":"max-image-preview:large","max-video-preview":"max-video-preview:-1"},"canonical":"https:\/\/psgfans.fr\/?p=582","og_locale":"fr_FR","og_type":"article","og_title":"Zlatan Ibrahimovic dans l&#39;effectif de la saison - PSG FANS","og_description":"Zlatan Ibrahimovic est le seul joueur du PSG \u00e0 figurer dans l&rsquo;effectif de la saison en Ligue des champions. Sept joueurs du Real Madrid sont r\u00e9compens\u00e9s. L&rsquo;UEFA a d\u00e9voil\u00e9 lundi l&rsquo;effectif de la saison 2013\/2014 de la Ligue des champions, d\u00e9cid\u00e9e par le groupe d&rsquo;\u00e9tude technique de l&rsquo;UEFA. La liste compte 18 noms, dont celui [&hellip;]","og_url":"https:\/\/psgfans.fr\/?p=582","og_site_name":"PSG FANS","article_published_time":"2014-06-03T13:31:00+00:00","og_image":[{"url":"https:\/\/blogger.googleusercontent.com\/img\/b\/R29vZ2xl\/AVvXsEiXWXEDl70FeBxfwPKjRBaNTG-GMvju-VJiqaoUiWBdMv-mStLzBDepBpdmV6F10MrMr9f13EergaPAas2IKVZsFU7bxQRWG_TXOpvSolAQd2dru0M5m66hm2gnrsZ4fYzNfIjFmtMIO4U\/s1600\/&amp;dc.jpg","type":"","width":"","height":""}],"author":"psgfans","twitter_card":"summary_large_image","twitter_misc":{"\u00c9crit par":"psgfans","Dur\u00e9e de lecture estim\u00e9e":"1 minute"},"schema":{"@context":"https:\/\/schema.org","@graph":[{"@type":"Article","@id":"https:\/\/psgfans.fr\/?p=582#article","isPartOf":{"@id":"https:\/\/psgfans.fr\/?p=582"},"author":{"name":"psgfans","@id":"https:\/\/psgfans.fr\/#\/schema\/person\/be2237e7a0237af2f29cb344b3c55e6c"},"headline":"Zlatan Ibrahimovic dans l&#39;effectif de la saison","datePublished":"2014-06-03T13:31:00+00:00","mainEntityOfPage":{"@id":"https:\/\/psgfans.fr\/?p=582"},"wordCount":255,"commentCount":0,"image":{"@id":"https:\/\/psgfans.fr\/?p=582#primaryimage"},"thumbnailUrl":"https:\/\/blogger.googleusercontent.com\/img\/b\/R29vZ2xl\/AVvXsEiXWXEDl70FeBxfwPKjRBaNTG-GMvju-VJiqaoUiWBdMv-mStLzBDepBpdmV6F10MrMr9f13EergaPAas2IKVZsFU7bxQRWG_TXOpvSolAQd2dru0M5m66hm2gnrsZ4fYzNfIjFmtMIO4U\/s1600\/&amp;dc.jpg","articleSection":["News"],"inLanguage":"fr-FR","potentialAction":[{"@type":"CommentAction","name":"Comment","target":["https:\/\/psgfans.fr\/?p=582#respond"]}]},{"@type":"WebPage","@id":"https:\/\/psgfans.fr\/?p=582","url":"https:\/\/psgfans.fr\/?p=582","name":"Zlatan Ibrahimovic dans l&#39;effectif de la saison - PSG FANS","isPartOf":{"@id":"https:\/\/psgfans.fr\/#website"},"primaryImageOfPage":{"@id":"https:\/\/psgfans.fr\/?p=582#primaryimage"},"image":{"@id":"https:\/\/psgfans.fr\/?p=582#primaryimage"},"thumbnailUrl":"https:\/\/blogger.googleusercontent.com\/img\/b\/R29vZ2xl\/AVvXsEiXWXEDl70FeBxfwPKjRBaNTG-GMvju-VJiqaoUiWBdMv-mStLzBDepBpdmV6F10MrMr9f13EergaPAas2IKVZsFU7bxQRWG_TXOpvSolAQd2dru0M5m66hm2gnrsZ4fYzNfIjFmtMIO4U\/s1600\/&amp;dc.jpg","datePublished":"2014-06-03T13:31:00+00:00","author":{"@id":"https:\/\/psgfans.fr\/#\/schema\/person\/be2237e7a0237af2f29cb344b3c55e6c"},"breadcrumb":{"@id":"https:\/\/psgfans.fr\/?p=582#breadcrumb"},"inLanguage":"fr-FR","potentialAction":[{"@type":"ReadAction","target":["https:\/\/psgfans.fr\/?p=582"]}]},{"@type":"ImageObject","inLanguage":"fr-FR","@id":"https:\/\/psgfans.fr\/?p=582#primaryimage","url":"https:\/\/blogger.googleusercontent.com\/img\/b\/R29vZ2xl\/AVvXsEiXWXEDl70FeBxfwPKjRBaNTG-GMvju-VJiqaoUiWBdMv-mStLzBDepBpdmV6F10MrMr9f13EergaPAas2IKVZsFU7bxQRWG_TXOpvSolAQd2dru0M5m66hm2gnrsZ4fYzNfIjFmtMIO4U\/s1600\/&amp;dc.jpg","contentUrl":"https:\/\/blogger.googleusercontent.com\/img\/b\/R29vZ2xl\/AVvXsEiXWXEDl70FeBxfwPKjRBaNTG-GMvju-VJiqaoUiWBdMv-mStLzBDepBpdmV6F10MrMr9f13EergaPAas2IKVZsFU7bxQRWG_TXOpvSolAQd2dru0M5m66hm2gnrsZ4fYzNfIjFmtMIO4U\/s1600\/&amp;dc.jpg"},{"@type":"BreadcrumbList","@id":"https:\/\/psgfans.fr\/?p=582#breadcrumb","itemListElement":[{"@type":"ListItem","position":1,"name":"Accueil","item":"https:\/\/psgfans.fr\/"},{"@type":"ListItem","position":2,"name":"Zlatan Ibrahimovic dans l&#39;effectif de la saison"}]},{"@type":"WebSite","@id":"https:\/\/psgfans.fr\/#website","url":"https:\/\/psgfans.fr\/","name":"PSG FANS","description":"Unit\u00e9, Passion, Victoire : Au C\u0153ur du Paris Saint-Germain!","potentialAction":[{"@type":"SearchAction","target":{"@type":"EntryPoint","urlTemplate":"https:\/\/psgfans.fr\/?s={search_term_string}"},"query-input":{"@type":"PropertyValueSpecification","valueRequired":true,"valueName":"search_term_string"}}],"inLanguage":"fr-FR"},{"@type":"Person","@id":"https:\/\/psgfans.fr\/#\/schema\/person\/be2237e7a0237af2f29cb344b3c55e6c","name":"psgfans","image":{"@type":"ImageObject","inLanguage":"fr-FR","@id":"https:\/\/secure.gravatar.com\/avatar\/?s=96&d=mm&r=g","url":"https:\/\/secure.gravatar.com\/avatar\/?s=96&d=mm&r=g","contentUrl":"https:\/\/secure.gravatar.com\/avatar\/?s=96&d=mm&r=g","caption":"psgfans"},"url":"https:\/\/psgfans.fr\/?author=2"}]}},"_links":{"self":[{"href":"https:\/\/psgfans.fr\/index.php?rest_route=\/wp\/v2\/posts\/582","targetHints":{"allow":["GET"]}}],"collection":[{"href":"https:\/\/psgfans.fr\/index.php?rest_route=\/wp\/v2\/posts"}],"about":[{"href":"https:\/\/psgfans.fr\/index.php?rest_route=\/wp\/v2\/types\/post"}],"author":[{"embeddable":true,"href":"https:\/\/psgfans.fr\/index.php?rest_route=\/wp\/v2\/users\/2"}],"replies":[{"embeddable":true,"href":"https:\/\/psgfans.fr\/index.php?rest_route=%2Fwp%2Fv2%2Fcomments&post=582"}],"version-history":[{"count":0,"href":"https:\/\/psgfans.fr\/index.php?rest_route=\/wp\/v2\/posts\/582\/revisions"}],"wp:attachment":[{"href":"https:\/\/psgfans.fr\/index.php?rest_route=%2Fwp%2Fv2%2Fmedia&parent=582"}],"wp:term":[{"taxonomy":"category","embeddable":true,"href":"https:\/\/psgfans.fr\/index.php?rest_route=%2Fwp%2Fv2%2Fcategories&post=582"},{"taxonomy":"post_tag","embeddable":true,"href":"https:\/\/psgfans.fr\/index.php?rest_route=%2Fwp%2Fv2%2Ftags&post=582"}],"curies":[{"name":"wp","href":"https:\/\/api.w.org\/{rel}","templated":true}]}}