{"id":581,"date":"2014-06-03T14:33:00","date_gmt":"2014-06-03T13:33:00","guid":{"rendered":"https:\/\/psgfans.fr\/?p=581"},"modified":"2014-06-03T14:33:00","modified_gmt":"2014-06-03T13:33:00","slug":"comment-thiago-silva-evite-les-embrouilles-avec-ibrahimovic","status":"publish","type":"post","link":"https:\/\/psgfans.fr\/?p=581","title":{"rendered":"Comment Thiago Silva \u00e9vite les embrouilles avec Ibrahimovic"},"content":{"rendered":"<div style=\"clear: both; text-align: center;\"><a href=\"https:\/\/blogger.googleusercontent.com\/img\/b\/R29vZ2xl\/AVvXsEi4d-rPsg4SYwaTNb_4Fqae4lxqhTBfJNQTWjppgLr2HXXfqHb99HSFWqcOV6vHcFHaVbyBQUBNriL0CxWbAmRRmL3t4HRTR3dArBiu72dSAn3F4tWjvzYm9NhvEQq1-wtTcgStvN3SmOs\/s1600\/&amp;dc.jpg\" style=\"margin-left: 1em; margin-right: 1em;\"><img loading=\"lazy\" decoding=\"async\" border=\"0\" src=\"https:\/\/blogger.googleusercontent.com\/img\/b\/R29vZ2xl\/AVvXsEi4d-rPsg4SYwaTNb_4Fqae4lxqhTBfJNQTWjppgLr2HXXfqHb99HSFWqcOV6vHcFHaVbyBQUBNriL0CxWbAmRRmL3t4HRTR3dArBiu72dSAn3F4tWjvzYm9NhvEQq1-wtTcgStvN3SmOs\/s1600\/&amp;dc.jpg\" height=\"266\" width=\"400\" \/><\/a><\/div>\n<p>La cohabitation avec Zlatan Ibrahimovic n\u2019est jamais simple\u2026 M\u00eame quand on s\u2019appelle Thiago Silva et qu\u2019on est consid\u00e9r\u00e9 comme le meilleur d\u00e9fenseur du Monde. Dans un entretien au magazine br\u00e9silien Placar, \u00abO Monstro\u00bb a racont\u00e9 une \u00e9tonnante prise de bec avec son co\u00e9quipier su\u00e9dois lors d\u2019un entra\u00eenement.<\/p>\n<p>\u00ab Il a rat\u00e9 cinq passes pendant l\u2019entra\u00eenement et je ne lui ai rien dit. Mais quand j\u2019en ai rat\u00e9 une, il m\u2019a cri\u00e9 dessus. Imaginez une r\u00e9primande d\u2019Ibra\u2026 Nous nous sommes expliqu\u00e9s et l\u2019entra\u00eenement s\u2019est termin\u00e9. Il est devenu plus doux dans le vestiaire et il m\u2019a dit : \u00ab Thiago, excuse-moi, c\u2019est la premi\u00e8re fois dans ma vie que je fais une erreur \u00bb. Nous n\u2019avons jamais eu de friction, notre relation est tr\u00e8s bonne. Quand Ibra parle, je pr\u00e9f\u00e8re ne pas r\u00e9pondre car je sais comment il est. Je compte jusqu\u2019\u00e0 dix pour ne pas exploser. \u00bb<\/p>\n<p>Une petite dispute sans suite entre les deux anciens Milanais qui a cependant occasionn\u00e9 quelques remous et des rumeurs de d\u00e9part de Silva vers le FC Barcelone\u2026<\/p>\n<p>butfootballclub<\/p>\n","protected":false},"excerpt":{"rendered":"<p>La cohabitation avec Zlatan Ibrahimovic n\u2019est jamais simple\u2026 M\u00eame quand on s\u2019appelle Thiago Silva et qu\u2019on est consid\u00e9r\u00e9 comme le meilleur d\u00e9fenseur du Monde. Dans un entretien au magazine br\u00e9silien Placar, \u00abO Monstro\u00bb a racont\u00e9 une \u00e9tonnante prise de bec avec son co\u00e9quipier su\u00e9dois lors d\u2019un entra\u00eenement. \u00ab Il a rat\u00e9 cinq passes pendant l\u2019entra\u00eenement [&hellip;]<\/p>\n","protected":false},"author":2,"featured_media":0,"comment_status":"open","ping_status":"open","sticky":false,"template":"","format":"standard","meta":{"footnotes":""},"categories":[3],"tags":[],"class_list":{"0":"post-581","1":"post","2":"type-post","3":"status-publish","4":"format-standard","6":"category-news"},"yoast_head":"<!-- This site is optimized with the Yoast SEO plugin v27.4 - https:\/\/yoast.com\/product\/yoast-seo-wordpress\/ -->\n<title>Comment Thiago Silva \u00e9vite les embrouilles avec Ibrahimovic - PSG FANS<\/title>\n<meta name=\"robots\" content=\"index, follow, max-snippet:-1, max-image-preview:large, max-video-preview:-1\" \/>\n<link rel=\"canonical\" href=\"https:\/\/psgfans.fr\/?p=581\" \/>\n<meta property=\"og:locale\" content=\"fr_FR\" \/>\n<meta property=\"og:type\" content=\"article\" \/>\n<meta property=\"og:title\" content=\"Comment Thiago Silva \u00e9vite les embrouilles avec Ibrahimovic - PSG FANS\" \/>\n<meta property=\"og:description\" content=\"La cohabitation avec Zlatan Ibrahimovic n\u2019est jamais simple\u2026 M\u00eame quand on s\u2019appelle Thiago Silva et qu\u2019on est consid\u00e9r\u00e9 comme le meilleur d\u00e9fenseur du Monde. Dans un entretien au magazine br\u00e9silien Placar, \u00abO Monstro\u00bb a racont\u00e9 une \u00e9tonnante prise de bec avec son co\u00e9quipier su\u00e9dois lors d\u2019un entra\u00eenement. \u00ab Il a rat\u00e9 cinq passes pendant l\u2019entra\u00eenement [&hellip;]\" \/>\n<meta property=\"og:url\" content=\"https:\/\/psgfans.fr\/?p=581\" \/>\n<meta property=\"og:site_name\" content=\"PSG FANS\" \/>\n<meta property=\"article:published_time\" content=\"2014-06-03T13:33:00+00:00\" \/>\n<meta property=\"og:image\" content=\"https:\/\/blogger.googleusercontent.com\/img\/b\/R29vZ2xl\/AVvXsEi4d-rPsg4SYwaTNb_4Fqae4lxqhTBfJNQTWjppgLr2HXXfqHb99HSFWqcOV6vHcFHaVbyBQUBNriL0CxWbAmRRmL3t4HRTR3dArBiu72dSAn3F4tWjvzYm9NhvEQq1-wtTcgStvN3SmOs\/s1600\/&amp;dc.jpg\" \/>\n<meta name=\"author\" content=\"psgfans\" \/>\n<meta name=\"twitter:card\" content=\"summary_large_image\" \/>\n<meta name=\"twitter:label1\" content=\"\u00c9crit par\" \/>\n\t<meta name=\"twitter:data1\" content=\"psgfans\" \/>\n\t<meta name=\"twitter:label2\" content=\"Dur\u00e9e de lecture estim\u00e9e\" \/>\n\t<meta name=\"twitter:data2\" content=\"1 minute\" \/>\n<script type=\"application\/ld+json\" class=\"yoast-schema-graph\">{\"@context\":\"https:\\\/\\\/schema.org\",\"@graph\":[{\"@type\":\"Article\",\"@id\":\"https:\\\/\\\/psgfans.fr\\\/?p=581#article\",\"isPartOf\":{\"@id\":\"https:\\\/\\\/psgfans.fr\\\/?p=581\"},\"author\":{\"name\":\"psgfans\",\"@id\":\"https:\\\/\\\/psgfans.fr\\\/#\\\/schema\\\/person\\\/be2237e7a0237af2f29cb344b3c55e6c\"},\"headline\":\"Comment Thiago Silva \u00e9vite les embrouilles avec Ibrahimovic\",\"datePublished\":\"2014-06-03T13:33:00+00:00\",\"mainEntityOfPage\":{\"@id\":\"https:\\\/\\\/psgfans.fr\\\/?p=581\"},\"wordCount\":208,\"commentCount\":0,\"image\":{\"@id\":\"https:\\\/\\\/psgfans.fr\\\/?p=581#primaryimage\"},\"thumbnailUrl\":\"https:\\\/\\\/blogger.googleusercontent.com\\\/img\\\/b\\\/R29vZ2xl\\\/AVvXsEi4d-rPsg4SYwaTNb_4Fqae4lxqhTBfJNQTWjppgLr2HXXfqHb99HSFWqcOV6vHcFHaVbyBQUBNriL0CxWbAmRRmL3t4HRTR3dArBiu72dSAn3F4tWjvzYm9NhvEQq1-wtTcgStvN3SmOs\\\/s1600\\\/&amp;dc.jpg\",\"articleSection\":[\"News\"],\"inLanguage\":\"fr-FR\",\"potentialAction\":[{\"@type\":\"CommentAction\",\"name\":\"Comment\",\"target\":[\"https:\\\/\\\/psgfans.fr\\\/?p=581#respond\"]}]},{\"@type\":\"WebPage\",\"@id\":\"https:\\\/\\\/psgfans.fr\\\/?p=581\",\"url\":\"https:\\\/\\\/psgfans.fr\\\/?p=581\",\"name\":\"Comment Thiago Silva \u00e9vite les embrouilles avec Ibrahimovic - PSG FANS\",\"isPartOf\":{\"@id\":\"https:\\\/\\\/psgfans.fr\\\/#website\"},\"primaryImageOfPage\":{\"@id\":\"https:\\\/\\\/psgfans.fr\\\/?p=581#primaryimage\"},\"image\":{\"@id\":\"https:\\\/\\\/psgfans.fr\\\/?p=581#primaryimage\"},\"thumbnailUrl\":\"https:\\\/\\\/blogger.googleusercontent.com\\\/img\\\/b\\\/R29vZ2xl\\\/AVvXsEi4d-rPsg4SYwaTNb_4Fqae4lxqhTBfJNQTWjppgLr2HXXfqHb99HSFWqcOV6vHcFHaVbyBQUBNriL0CxWbAmRRmL3t4HRTR3dArBiu72dSAn3F4tWjvzYm9NhvEQq1-wtTcgStvN3SmOs\\\/s1600\\\/&amp;dc.jpg\",\"datePublished\":\"2014-06-03T13:33:00+00:00\",\"author\":{\"@id\":\"https:\\\/\\\/psgfans.fr\\\/#\\\/schema\\\/person\\\/be2237e7a0237af2f29cb344b3c55e6c\"},\"breadcrumb\":{\"@id\":\"https:\\\/\\\/psgfans.fr\\\/?p=581#breadcrumb\"},\"inLanguage\":\"fr-FR\",\"potentialAction\":[{\"@type\":\"ReadAction\",\"target\":[\"https:\\\/\\\/psgfans.fr\\\/?p=581\"]}]},{\"@type\":\"ImageObject\",\"inLanguage\":\"fr-FR\",\"@id\":\"https:\\\/\\\/psgfans.fr\\\/?p=581#primaryimage\",\"url\":\"https:\\\/\\\/blogger.googleusercontent.com\\\/img\\\/b\\\/R29vZ2xl\\\/AVvXsEi4d-rPsg4SYwaTNb_4Fqae4lxqhTBfJNQTWjppgLr2HXXfqHb99HSFWqcOV6vHcFHaVbyBQUBNriL0CxWbAmRRmL3t4HRTR3dArBiu72dSAn3F4tWjvzYm9NhvEQq1-wtTcgStvN3SmOs\\\/s1600\\\/&amp;dc.jpg\",\"contentUrl\":\"https:\\\/\\\/blogger.googleusercontent.com\\\/img\\\/b\\\/R29vZ2xl\\\/AVvXsEi4d-rPsg4SYwaTNb_4Fqae4lxqhTBfJNQTWjppgLr2HXXfqHb99HSFWqcOV6vHcFHaVbyBQUBNriL0CxWbAmRRmL3t4HRTR3dArBiu72dSAn3F4tWjvzYm9NhvEQq1-wtTcgStvN3SmOs\\\/s1600\\\/&amp;dc.jpg\"},{\"@type\":\"BreadcrumbList\",\"@id\":\"https:\\\/\\\/psgfans.fr\\\/?p=581#breadcrumb\",\"itemListElement\":[{\"@type\":\"ListItem\",\"position\":1,\"name\":\"Accueil\",\"item\":\"https:\\\/\\\/psgfans.fr\\\/\"},{\"@type\":\"ListItem\",\"position\":2,\"name\":\"Comment Thiago Silva \u00e9vite les embrouilles avec Ibrahimovic\"}]},{\"@type\":\"WebSite\",\"@id\":\"https:\\\/\\\/psgfans.fr\\\/#website\",\"url\":\"https:\\\/\\\/psgfans.fr\\\/\",\"name\":\"PSG FANS\",\"description\":\"Unit\u00e9, Passion, Victoire : Au C\u0153ur du Paris Saint-Germain!\",\"potentialAction\":[{\"@type\":\"SearchAction\",\"target\":{\"@type\":\"EntryPoint\",\"urlTemplate\":\"https:\\\/\\\/psgfans.fr\\\/?s={search_term_string}\"},\"query-input\":{\"@type\":\"PropertyValueSpecification\",\"valueRequired\":true,\"valueName\":\"search_term_string\"}}],\"inLanguage\":\"fr-FR\"},{\"@type\":\"Person\",\"@id\":\"https:\\\/\\\/psgfans.fr\\\/#\\\/schema\\\/person\\\/be2237e7a0237af2f29cb344b3c55e6c\",\"name\":\"psgfans\",\"image\":{\"@type\":\"ImageObject\",\"inLanguage\":\"fr-FR\",\"@id\":\"https:\\\/\\\/secure.gravatar.com\\\/avatar\\\/?s=96&d=mm&r=g\",\"url\":\"https:\\\/\\\/secure.gravatar.com\\\/avatar\\\/?s=96&d=mm&r=g\",\"contentUrl\":\"https:\\\/\\\/secure.gravatar.com\\\/avatar\\\/?s=96&d=mm&r=g\",\"caption\":\"psgfans\"},\"url\":\"https:\\\/\\\/psgfans.fr\\\/?author=2\"}]}<\/script>\n<!-- \/ Yoast SEO plugin. -->","yoast_head_json":{"title":"Comment Thiago Silva \u00e9vite les embrouilles avec Ibrahimovic - PSG FANS","robots":{"index":"index","follow":"follow","max-snippet":"max-snippet:-1","max-image-preview":"max-image-preview:large","max-video-preview":"max-video-preview:-1"},"canonical":"https:\/\/psgfans.fr\/?p=581","og_locale":"fr_FR","og_type":"article","og_title":"Comment Thiago Silva \u00e9vite les embrouilles avec Ibrahimovic - PSG FANS","og_description":"La cohabitation avec Zlatan Ibrahimovic n\u2019est jamais simple\u2026 M\u00eame quand on s\u2019appelle Thiago Silva et qu\u2019on est consid\u00e9r\u00e9 comme le meilleur d\u00e9fenseur du Monde. Dans un entretien au magazine br\u00e9silien Placar, \u00abO Monstro\u00bb a racont\u00e9 une \u00e9tonnante prise de bec avec son co\u00e9quipier su\u00e9dois lors d\u2019un entra\u00eenement. \u00ab Il a rat\u00e9 cinq passes pendant l\u2019entra\u00eenement [&hellip;]","og_url":"https:\/\/psgfans.fr\/?p=581","og_site_name":"PSG FANS","article_published_time":"2014-06-03T13:33:00+00:00","og_image":[{"url":"https:\/\/blogger.googleusercontent.com\/img\/b\/R29vZ2xl\/AVvXsEi4d-rPsg4SYwaTNb_4Fqae4lxqhTBfJNQTWjppgLr2HXXfqHb99HSFWqcOV6vHcFHaVbyBQUBNriL0CxWbAmRRmL3t4HRTR3dArBiu72dSAn3F4tWjvzYm9NhvEQq1-wtTcgStvN3SmOs\/s1600\/&amp;dc.jpg","type":"","width":"","height":""}],"author":"psgfans","twitter_card":"summary_large_image","twitter_misc":{"\u00c9crit par":"psgfans","Dur\u00e9e de lecture estim\u00e9e":"1 minute"},"schema":{"@context":"https:\/\/schema.org","@graph":[{"@type":"Article","@id":"https:\/\/psgfans.fr\/?p=581#article","isPartOf":{"@id":"https:\/\/psgfans.fr\/?p=581"},"author":{"name":"psgfans","@id":"https:\/\/psgfans.fr\/#\/schema\/person\/be2237e7a0237af2f29cb344b3c55e6c"},"headline":"Comment Thiago Silva \u00e9vite les embrouilles avec Ibrahimovic","datePublished":"2014-06-03T13:33:00+00:00","mainEntityOfPage":{"@id":"https:\/\/psgfans.fr\/?p=581"},"wordCount":208,"commentCount":0,"image":{"@id":"https:\/\/psgfans.fr\/?p=581#primaryimage"},"thumbnailUrl":"https:\/\/blogger.googleusercontent.com\/img\/b\/R29vZ2xl\/AVvXsEi4d-rPsg4SYwaTNb_4Fqae4lxqhTBfJNQTWjppgLr2HXXfqHb99HSFWqcOV6vHcFHaVbyBQUBNriL0CxWbAmRRmL3t4HRTR3dArBiu72dSAn3F4tWjvzYm9NhvEQq1-wtTcgStvN3SmOs\/s1600\/&amp;dc.jpg","articleSection":["News"],"inLanguage":"fr-FR","potentialAction":[{"@type":"CommentAction","name":"Comment","target":["https:\/\/psgfans.fr\/?p=581#respond"]}]},{"@type":"WebPage","@id":"https:\/\/psgfans.fr\/?p=581","url":"https:\/\/psgfans.fr\/?p=581","name":"Comment Thiago Silva \u00e9vite les embrouilles avec Ibrahimovic - PSG FANS","isPartOf":{"@id":"https:\/\/psgfans.fr\/#website"},"primaryImageOfPage":{"@id":"https:\/\/psgfans.fr\/?p=581#primaryimage"},"image":{"@id":"https:\/\/psgfans.fr\/?p=581#primaryimage"},"thumbnailUrl":"https:\/\/blogger.googleusercontent.com\/img\/b\/R29vZ2xl\/AVvXsEi4d-rPsg4SYwaTNb_4Fqae4lxqhTBfJNQTWjppgLr2HXXfqHb99HSFWqcOV6vHcFHaVbyBQUBNriL0CxWbAmRRmL3t4HRTR3dArBiu72dSAn3F4tWjvzYm9NhvEQq1-wtTcgStvN3SmOs\/s1600\/&amp;dc.jpg","datePublished":"2014-06-03T13:33:00+00:00","author":{"@id":"https:\/\/psgfans.fr\/#\/schema\/person\/be2237e7a0237af2f29cb344b3c55e6c"},"breadcrumb":{"@id":"https:\/\/psgfans.fr\/?p=581#breadcrumb"},"inLanguage":"fr-FR","potentialAction":[{"@type":"ReadAction","target":["https:\/\/psgfans.fr\/?p=581"]}]},{"@type":"ImageObject","inLanguage":"fr-FR","@id":"https:\/\/psgfans.fr\/?p=581#primaryimage","url":"https:\/\/blogger.googleusercontent.com\/img\/b\/R29vZ2xl\/AVvXsEi4d-rPsg4SYwaTNb_4Fqae4lxqhTBfJNQTWjppgLr2HXXfqHb99HSFWqcOV6vHcFHaVbyBQUBNriL0CxWbAmRRmL3t4HRTR3dArBiu72dSAn3F4tWjvzYm9NhvEQq1-wtTcgStvN3SmOs\/s1600\/&amp;dc.jpg","contentUrl":"https:\/\/blogger.googleusercontent.com\/img\/b\/R29vZ2xl\/AVvXsEi4d-rPsg4SYwaTNb_4Fqae4lxqhTBfJNQTWjppgLr2HXXfqHb99HSFWqcOV6vHcFHaVbyBQUBNriL0CxWbAmRRmL3t4HRTR3dArBiu72dSAn3F4tWjvzYm9NhvEQq1-wtTcgStvN3SmOs\/s1600\/&amp;dc.jpg"},{"@type":"BreadcrumbList","@id":"https:\/\/psgfans.fr\/?p=581#breadcrumb","itemListElement":[{"@type":"ListItem","position":1,"name":"Accueil","item":"https:\/\/psgfans.fr\/"},{"@type":"ListItem","position":2,"name":"Comment Thiago Silva \u00e9vite les embrouilles avec Ibrahimovic"}]},{"@type":"WebSite","@id":"https:\/\/psgfans.fr\/#website","url":"https:\/\/psgfans.fr\/","name":"PSG FANS","description":"Unit\u00e9, Passion, Victoire : Au C\u0153ur du Paris Saint-Germain!","potentialAction":[{"@type":"SearchAction","target":{"@type":"EntryPoint","urlTemplate":"https:\/\/psgfans.fr\/?s={search_term_string}"},"query-input":{"@type":"PropertyValueSpecification","valueRequired":true,"valueName":"search_term_string"}}],"inLanguage":"fr-FR"},{"@type":"Person","@id":"https:\/\/psgfans.fr\/#\/schema\/person\/be2237e7a0237af2f29cb344b3c55e6c","name":"psgfans","image":{"@type":"ImageObject","inLanguage":"fr-FR","@id":"https:\/\/secure.gravatar.com\/avatar\/?s=96&d=mm&r=g","url":"https:\/\/secure.gravatar.com\/avatar\/?s=96&d=mm&r=g","contentUrl":"https:\/\/secure.gravatar.com\/avatar\/?s=96&d=mm&r=g","caption":"psgfans"},"url":"https:\/\/psgfans.fr\/?author=2"}]}},"_links":{"self":[{"href":"https:\/\/psgfans.fr\/index.php?rest_route=\/wp\/v2\/posts\/581","targetHints":{"allow":["GET"]}}],"collection":[{"href":"https:\/\/psgfans.fr\/index.php?rest_route=\/wp\/v2\/posts"}],"about":[{"href":"https:\/\/psgfans.fr\/index.php?rest_route=\/wp\/v2\/types\/post"}],"author":[{"embeddable":true,"href":"https:\/\/psgfans.fr\/index.php?rest_route=\/wp\/v2\/users\/2"}],"replies":[{"embeddable":true,"href":"https:\/\/psgfans.fr\/index.php?rest_route=%2Fwp%2Fv2%2Fcomments&post=581"}],"version-history":[{"count":0,"href":"https:\/\/psgfans.fr\/index.php?rest_route=\/wp\/v2\/posts\/581\/revisions"}],"wp:attachment":[{"href":"https:\/\/psgfans.fr\/index.php?rest_route=%2Fwp%2Fv2%2Fmedia&parent=581"}],"wp:term":[{"taxonomy":"category","embeddable":true,"href":"https:\/\/psgfans.fr\/index.php?rest_route=%2Fwp%2Fv2%2Fcategories&post=581"},{"taxonomy":"post_tag","embeddable":true,"href":"https:\/\/psgfans.fr\/index.php?rest_route=%2Fwp%2Fv2%2Ftags&post=581"}],"curies":[{"name":"wp","href":"https:\/\/api.w.org\/{rel}","templated":true}]}}