{"id":580,"date":"2014-06-03T14:36:00","date_gmt":"2014-06-03T13:36:00","guid":{"rendered":"https:\/\/psgfans.fr\/?p=580"},"modified":"2014-06-03T14:36:00","modified_gmt":"2014-06-03T13:36:00","slug":"quand-zlatan-ibrahimovic-et-eden-hazard-se-chambrent-sur-twitter","status":"publish","type":"post","link":"https:\/\/psgfans.fr\/?p=580","title":{"rendered":"Quand Zlatan Ibrahimovic et Eden Hazard se chambrent sur Twitter"},"content":{"rendered":"<div style=\"clear: both; text-align: center;\"><a href=\"https:\/\/blogger.googleusercontent.com\/img\/b\/R29vZ2xl\/AVvXsEhL-JQnDnoOk5jlxALHecmUzC1nY8zzsy2WNMxnZUc_XA1LweR8vNQ2_i7blBmBPxwHdtO3OYtiioWAqAoWdfbjvxzHffkJSZL1buahlgVkq1ViuV8ldMaqlbWMZnnlqaJx5V2TrsH4Ks4\/s1600\/&amp;dc.jpg\" style=\"margin-left: 1em; margin-right: 1em;\"><img loading=\"lazy\" decoding=\"async\" border=\"0\" src=\"https:\/\/blogger.googleusercontent.com\/img\/b\/R29vZ2xl\/AVvXsEhL-JQnDnoOk5jlxALHecmUzC1nY8zzsy2WNMxnZUc_XA1LweR8vNQ2_i7blBmBPxwHdtO3OYtiioWAqAoWdfbjvxzHffkJSZL1buahlgVkq1ViuV8ldMaqlbWMZnnlqaJx5V2TrsH4Ks4\/s1600\/&amp;dc.jpg\" height=\"175\" width=\"400\" \/><\/a><\/div>\n<p>Une fois n&rsquo;est pas coutume, c&rsquo;est Eden Hazard qui a lanc\u00e9 les hostilit\u00e9s. Alors que la Belgique doit affronter la Su\u00e8de, dimanche en match amical, le joueur de Chelsea, fra\u00eechement arriv\u00e9 sur les terres de Zlatan Ibrahimovic, en a profit\u00e9 pour adresser, sur Twitter, un petit message \u00e0 la star du PSG. Des mots auxquels \u00e9videmment, le g\u00e9ant su\u00e9dois a r\u00e9pondu, avec l&rsquo;humilit\u00e9 qu&rsquo;on lui conna\u00eet.<\/p>\n<p>Arriv\u00e9 en terres scandinaves, l&rsquo;attaquant des Diables Rouges Eden Hazard a fait une proposition \u00e0 son adversaire su\u00e9dois. \u00abSympa d&rsquo;\u00eatre en Su\u00e8de ! Ibra, veux-tu que je passe pour un rapide cours de fran\u00e7ais ?\u00bb, a chambr\u00e9 l&rsquo;ancien Lillois.<\/p>\n<div style=\"clear: both; text-align: center;\"><a href=\"https:\/\/blogger.googleusercontent.com\/img\/b\/R29vZ2xl\/AVvXsEgRxGNYq7AfgohRH0Yv5N9sIQ6_6_hiQ8XctBbmOzFnWumgmRQAyNgzvXeT2Ymk8-nP1NKgcR_OyqTe0RDRGSJeT0pGntoFgJEebgW68-EXQiA6vmW71gHDZjA5cWiP60Ghr3rkhxOiXQg\/s1600\/&amp;dc.jpg\" style=\"margin-left: 1em; margin-right: 1em;\"><img decoding=\"async\" border=\"0\" src=\"https:\/\/blogger.googleusercontent.com\/img\/b\/R29vZ2xl\/AVvXsEgRxGNYq7AfgohRH0Yv5N9sIQ6_6_hiQ8XctBbmOzFnWumgmRQAyNgzvXeT2Ymk8-nP1NKgcR_OyqTe0RDRGSJeT0pGntoFgJEebgW68-EXQiA6vmW71gHDZjA5cWiP60Ghr3rkhxOiXQg\/s1600\/&amp;dc.jpg\" \/><\/a><\/div>\n<p>Une heure plus tard, l&rsquo;attaquant du PSG r\u00e9pondait favorablement \u00e0 la proposition du belge, mais en profitait pour lui glisser \u00e0 son tour un petit \u00abtacle\u00bb verbal. \u00abHaha, peut-\u00eatre demain Eden. En \u00e9change, je t&rsquo;apprendrai comment marquer un but \u00e0 la mode Mercurial\u00bb, \u00e9crit le joueur Parisien, sans oublier de citer \u00abMercurial\u00bb, le mod\u00e8le de chaussures Nike port\u00e9es, notamment, par les deux joueurs.<\/p>\n<div style=\"clear: both; text-align: center;\"><a href=\"https:\/\/blogger.googleusercontent.com\/img\/b\/R29vZ2xl\/AVvXsEgK4L0yTB04nLLO_6tVCzITqhTncqZ6qIrl_51EHfP0OKr508rXwmklsNlqsW58Z-akHs0MO3KQfZS6XJ0P2KWSMWpgGV4fY3BWGxCfEM4Q8OWdWB4jV4huKaNWuR1lpJ2Cs7eKUNhtDKE\/s1600\/&amp;%C3%A91.jpg\" style=\"margin-left: 1em; margin-right: 1em;\"><img decoding=\"async\" border=\"0\" src=\"https:\/\/blogger.googleusercontent.com\/img\/b\/R29vZ2xl\/AVvXsEgK4L0yTB04nLLO_6tVCzITqhTncqZ6qIrl_51EHfP0OKr508rXwmklsNlqsW58Z-akHs0MO3KQfZS6XJ0P2KWSMWpgGV4fY3BWGxCfEM4Q8OWdWB4jV4huKaNWuR1lpJ2Cs7eKUNhtDKE\/s1600\/&amp;%C3%A91.jpg\" \/><\/a><\/div>\n<p>Un humour que Zlatan Ibrahimovic et ses 48 buts en 98 s\u00e9lections peut en effet se permettre aupr\u00e8s d&rsquo;Eden Hazard, auteur de \u00abseulement\u00bb 5 buts en 44 matchs avec les Diables rouges.<\/p>\n<p>L&rsquo;ambiance promet dans les vestiaires si les deux joueurs sont un jour amen\u00e9s \u00e0 \u00e9voluer ensemble sous les couleurs du PSG alors qu&rsquo;on conna\u00eet l&rsquo;int\u00e9r\u00eat de Laurent Blanc pour le jeune belge.<\/p>\n<p>LeParisien.fr<\/p>\n","protected":false},"excerpt":{"rendered":"<p>Une fois n&rsquo;est pas coutume, c&rsquo;est Eden Hazard qui a lanc\u00e9 les hostilit\u00e9s. Alors que la Belgique doit affronter la Su\u00e8de, dimanche en match amical, le joueur de Chelsea, fra\u00eechement arriv\u00e9 sur les terres de Zlatan Ibrahimovic, en a profit\u00e9 pour adresser, sur Twitter, un petit message \u00e0 la star du PSG. Des mots auxquels [&hellip;]<\/p>\n","protected":false},"author":2,"featured_media":0,"comment_status":"open","ping_status":"open","sticky":false,"template":"","format":"standard","meta":{"footnotes":""},"categories":[3],"tags":[],"class_list":{"0":"post-580","1":"post","2":"type-post","3":"status-publish","4":"format-standard","6":"category-news"},"yoast_head":"<!-- This site is optimized with the Yoast SEO plugin v27.4 - https:\/\/yoast.com\/product\/yoast-seo-wordpress\/ -->\n<title>Quand Zlatan Ibrahimovic et Eden Hazard se chambrent sur Twitter - PSG FANS<\/title>\n<meta name=\"robots\" content=\"index, follow, max-snippet:-1, max-image-preview:large, max-video-preview:-1\" \/>\n<link rel=\"canonical\" href=\"https:\/\/psgfans.fr\/?p=580\" \/>\n<meta property=\"og:locale\" content=\"fr_FR\" \/>\n<meta property=\"og:type\" content=\"article\" \/>\n<meta property=\"og:title\" content=\"Quand Zlatan Ibrahimovic et Eden Hazard se chambrent sur Twitter - PSG FANS\" \/>\n<meta property=\"og:description\" content=\"Une fois n&rsquo;est pas coutume, c&rsquo;est Eden Hazard qui a lanc\u00e9 les hostilit\u00e9s. Alors que la Belgique doit affronter la Su\u00e8de, dimanche en match amical, le joueur de Chelsea, fra\u00eechement arriv\u00e9 sur les terres de Zlatan Ibrahimovic, en a profit\u00e9 pour adresser, sur Twitter, un petit message \u00e0 la star du PSG. Des mots auxquels [&hellip;]\" \/>\n<meta property=\"og:url\" content=\"https:\/\/psgfans.fr\/?p=580\" \/>\n<meta property=\"og:site_name\" content=\"PSG FANS\" \/>\n<meta property=\"article:published_time\" content=\"2014-06-03T13:36:00+00:00\" \/>\n<meta property=\"og:image\" content=\"https:\/\/blogger.googleusercontent.com\/img\/b\/R29vZ2xl\/AVvXsEhL-JQnDnoOk5jlxALHecmUzC1nY8zzsy2WNMxnZUc_XA1LweR8vNQ2_i7blBmBPxwHdtO3OYtiioWAqAoWdfbjvxzHffkJSZL1buahlgVkq1ViuV8ldMaqlbWMZnnlqaJx5V2TrsH4Ks4\/s1600\/&amp;dc.jpg\" \/>\n<meta name=\"author\" content=\"psgfans\" \/>\n<meta name=\"twitter:card\" content=\"summary_large_image\" \/>\n<meta name=\"twitter:label1\" content=\"\u00c9crit par\" \/>\n\t<meta name=\"twitter:data1\" content=\"psgfans\" \/>\n\t<meta name=\"twitter:label2\" content=\"Dur\u00e9e de lecture estim\u00e9e\" \/>\n\t<meta name=\"twitter:data2\" content=\"1 minute\" \/>\n<script type=\"application\/ld+json\" class=\"yoast-schema-graph\">{\"@context\":\"https:\\\/\\\/schema.org\",\"@graph\":[{\"@type\":\"Article\",\"@id\":\"https:\\\/\\\/psgfans.fr\\\/?p=580#article\",\"isPartOf\":{\"@id\":\"https:\\\/\\\/psgfans.fr\\\/?p=580\"},\"author\":{\"name\":\"psgfans\",\"@id\":\"https:\\\/\\\/psgfans.fr\\\/#\\\/schema\\\/person\\\/be2237e7a0237af2f29cb344b3c55e6c\"},\"headline\":\"Quand Zlatan Ibrahimovic et Eden Hazard se chambrent sur Twitter\",\"datePublished\":\"2014-06-03T13:36:00+00:00\",\"mainEntityOfPage\":{\"@id\":\"https:\\\/\\\/psgfans.fr\\\/?p=580\"},\"wordCount\":265,\"commentCount\":0,\"image\":{\"@id\":\"https:\\\/\\\/psgfans.fr\\\/?p=580#primaryimage\"},\"thumbnailUrl\":\"https:\\\/\\\/blogger.googleusercontent.com\\\/img\\\/b\\\/R29vZ2xl\\\/AVvXsEhL-JQnDnoOk5jlxALHecmUzC1nY8zzsy2WNMxnZUc_XA1LweR8vNQ2_i7blBmBPxwHdtO3OYtiioWAqAoWdfbjvxzHffkJSZL1buahlgVkq1ViuV8ldMaqlbWMZnnlqaJx5V2TrsH4Ks4\\\/s1600\\\/&amp;dc.jpg\",\"articleSection\":[\"News\"],\"inLanguage\":\"fr-FR\",\"potentialAction\":[{\"@type\":\"CommentAction\",\"name\":\"Comment\",\"target\":[\"https:\\\/\\\/psgfans.fr\\\/?p=580#respond\"]}]},{\"@type\":\"WebPage\",\"@id\":\"https:\\\/\\\/psgfans.fr\\\/?p=580\",\"url\":\"https:\\\/\\\/psgfans.fr\\\/?p=580\",\"name\":\"Quand Zlatan Ibrahimovic et Eden Hazard se chambrent sur Twitter - PSG FANS\",\"isPartOf\":{\"@id\":\"https:\\\/\\\/psgfans.fr\\\/#website\"},\"primaryImageOfPage\":{\"@id\":\"https:\\\/\\\/psgfans.fr\\\/?p=580#primaryimage\"},\"image\":{\"@id\":\"https:\\\/\\\/psgfans.fr\\\/?p=580#primaryimage\"},\"thumbnailUrl\":\"https:\\\/\\\/blogger.googleusercontent.com\\\/img\\\/b\\\/R29vZ2xl\\\/AVvXsEhL-JQnDnoOk5jlxALHecmUzC1nY8zzsy2WNMxnZUc_XA1LweR8vNQ2_i7blBmBPxwHdtO3OYtiioWAqAoWdfbjvxzHffkJSZL1buahlgVkq1ViuV8ldMaqlbWMZnnlqaJx5V2TrsH4Ks4\\\/s1600\\\/&amp;dc.jpg\",\"datePublished\":\"2014-06-03T13:36:00+00:00\",\"author\":{\"@id\":\"https:\\\/\\\/psgfans.fr\\\/#\\\/schema\\\/person\\\/be2237e7a0237af2f29cb344b3c55e6c\"},\"breadcrumb\":{\"@id\":\"https:\\\/\\\/psgfans.fr\\\/?p=580#breadcrumb\"},\"inLanguage\":\"fr-FR\",\"potentialAction\":[{\"@type\":\"ReadAction\",\"target\":[\"https:\\\/\\\/psgfans.fr\\\/?p=580\"]}]},{\"@type\":\"ImageObject\",\"inLanguage\":\"fr-FR\",\"@id\":\"https:\\\/\\\/psgfans.fr\\\/?p=580#primaryimage\",\"url\":\"https:\\\/\\\/blogger.googleusercontent.com\\\/img\\\/b\\\/R29vZ2xl\\\/AVvXsEhL-JQnDnoOk5jlxALHecmUzC1nY8zzsy2WNMxnZUc_XA1LweR8vNQ2_i7blBmBPxwHdtO3OYtiioWAqAoWdfbjvxzHffkJSZL1buahlgVkq1ViuV8ldMaqlbWMZnnlqaJx5V2TrsH4Ks4\\\/s1600\\\/&amp;dc.jpg\",\"contentUrl\":\"https:\\\/\\\/blogger.googleusercontent.com\\\/img\\\/b\\\/R29vZ2xl\\\/AVvXsEhL-JQnDnoOk5jlxALHecmUzC1nY8zzsy2WNMxnZUc_XA1LweR8vNQ2_i7blBmBPxwHdtO3OYtiioWAqAoWdfbjvxzHffkJSZL1buahlgVkq1ViuV8ldMaqlbWMZnnlqaJx5V2TrsH4Ks4\\\/s1600\\\/&amp;dc.jpg\"},{\"@type\":\"BreadcrumbList\",\"@id\":\"https:\\\/\\\/psgfans.fr\\\/?p=580#breadcrumb\",\"itemListElement\":[{\"@type\":\"ListItem\",\"position\":1,\"name\":\"Accueil\",\"item\":\"https:\\\/\\\/psgfans.fr\\\/\"},{\"@type\":\"ListItem\",\"position\":2,\"name\":\"Quand Zlatan Ibrahimovic et Eden Hazard se chambrent sur Twitter\"}]},{\"@type\":\"WebSite\",\"@id\":\"https:\\\/\\\/psgfans.fr\\\/#website\",\"url\":\"https:\\\/\\\/psgfans.fr\\\/\",\"name\":\"PSG FANS\",\"description\":\"Unit\u00e9, Passion, Victoire : Au C\u0153ur du Paris Saint-Germain!\",\"potentialAction\":[{\"@type\":\"SearchAction\",\"target\":{\"@type\":\"EntryPoint\",\"urlTemplate\":\"https:\\\/\\\/psgfans.fr\\\/?s={search_term_string}\"},\"query-input\":{\"@type\":\"PropertyValueSpecification\",\"valueRequired\":true,\"valueName\":\"search_term_string\"}}],\"inLanguage\":\"fr-FR\"},{\"@type\":\"Person\",\"@id\":\"https:\\\/\\\/psgfans.fr\\\/#\\\/schema\\\/person\\\/be2237e7a0237af2f29cb344b3c55e6c\",\"name\":\"psgfans\",\"image\":{\"@type\":\"ImageObject\",\"inLanguage\":\"fr-FR\",\"@id\":\"https:\\\/\\\/secure.gravatar.com\\\/avatar\\\/?s=96&d=mm&r=g\",\"url\":\"https:\\\/\\\/secure.gravatar.com\\\/avatar\\\/?s=96&d=mm&r=g\",\"contentUrl\":\"https:\\\/\\\/secure.gravatar.com\\\/avatar\\\/?s=96&d=mm&r=g\",\"caption\":\"psgfans\"},\"url\":\"https:\\\/\\\/psgfans.fr\\\/?author=2\"}]}<\/script>\n<!-- \/ Yoast SEO plugin. -->","yoast_head_json":{"title":"Quand Zlatan Ibrahimovic et Eden Hazard se chambrent sur Twitter - PSG FANS","robots":{"index":"index","follow":"follow","max-snippet":"max-snippet:-1","max-image-preview":"max-image-preview:large","max-video-preview":"max-video-preview:-1"},"canonical":"https:\/\/psgfans.fr\/?p=580","og_locale":"fr_FR","og_type":"article","og_title":"Quand Zlatan Ibrahimovic et Eden Hazard se chambrent sur Twitter - PSG FANS","og_description":"Une fois n&rsquo;est pas coutume, c&rsquo;est Eden Hazard qui a lanc\u00e9 les hostilit\u00e9s. Alors que la Belgique doit affronter la Su\u00e8de, dimanche en match amical, le joueur de Chelsea, fra\u00eechement arriv\u00e9 sur les terres de Zlatan Ibrahimovic, en a profit\u00e9 pour adresser, sur Twitter, un petit message \u00e0 la star du PSG. Des mots auxquels [&hellip;]","og_url":"https:\/\/psgfans.fr\/?p=580","og_site_name":"PSG FANS","article_published_time":"2014-06-03T13:36:00+00:00","og_image":[{"url":"https:\/\/blogger.googleusercontent.com\/img\/b\/R29vZ2xl\/AVvXsEhL-JQnDnoOk5jlxALHecmUzC1nY8zzsy2WNMxnZUc_XA1LweR8vNQ2_i7blBmBPxwHdtO3OYtiioWAqAoWdfbjvxzHffkJSZL1buahlgVkq1ViuV8ldMaqlbWMZnnlqaJx5V2TrsH4Ks4\/s1600\/&amp;dc.jpg","type":"","width":"","height":""}],"author":"psgfans","twitter_card":"summary_large_image","twitter_misc":{"\u00c9crit par":"psgfans","Dur\u00e9e de lecture estim\u00e9e":"1 minute"},"schema":{"@context":"https:\/\/schema.org","@graph":[{"@type":"Article","@id":"https:\/\/psgfans.fr\/?p=580#article","isPartOf":{"@id":"https:\/\/psgfans.fr\/?p=580"},"author":{"name":"psgfans","@id":"https:\/\/psgfans.fr\/#\/schema\/person\/be2237e7a0237af2f29cb344b3c55e6c"},"headline":"Quand Zlatan Ibrahimovic et Eden Hazard se chambrent sur Twitter","datePublished":"2014-06-03T13:36:00+00:00","mainEntityOfPage":{"@id":"https:\/\/psgfans.fr\/?p=580"},"wordCount":265,"commentCount":0,"image":{"@id":"https:\/\/psgfans.fr\/?p=580#primaryimage"},"thumbnailUrl":"https:\/\/blogger.googleusercontent.com\/img\/b\/R29vZ2xl\/AVvXsEhL-JQnDnoOk5jlxALHecmUzC1nY8zzsy2WNMxnZUc_XA1LweR8vNQ2_i7blBmBPxwHdtO3OYtiioWAqAoWdfbjvxzHffkJSZL1buahlgVkq1ViuV8ldMaqlbWMZnnlqaJx5V2TrsH4Ks4\/s1600\/&amp;dc.jpg","articleSection":["News"],"inLanguage":"fr-FR","potentialAction":[{"@type":"CommentAction","name":"Comment","target":["https:\/\/psgfans.fr\/?p=580#respond"]}]},{"@type":"WebPage","@id":"https:\/\/psgfans.fr\/?p=580","url":"https:\/\/psgfans.fr\/?p=580","name":"Quand Zlatan Ibrahimovic et Eden Hazard se chambrent sur Twitter - PSG FANS","isPartOf":{"@id":"https:\/\/psgfans.fr\/#website"},"primaryImageOfPage":{"@id":"https:\/\/psgfans.fr\/?p=580#primaryimage"},"image":{"@id":"https:\/\/psgfans.fr\/?p=580#primaryimage"},"thumbnailUrl":"https:\/\/blogger.googleusercontent.com\/img\/b\/R29vZ2xl\/AVvXsEhL-JQnDnoOk5jlxALHecmUzC1nY8zzsy2WNMxnZUc_XA1LweR8vNQ2_i7blBmBPxwHdtO3OYtiioWAqAoWdfbjvxzHffkJSZL1buahlgVkq1ViuV8ldMaqlbWMZnnlqaJx5V2TrsH4Ks4\/s1600\/&amp;dc.jpg","datePublished":"2014-06-03T13:36:00+00:00","author":{"@id":"https:\/\/psgfans.fr\/#\/schema\/person\/be2237e7a0237af2f29cb344b3c55e6c"},"breadcrumb":{"@id":"https:\/\/psgfans.fr\/?p=580#breadcrumb"},"inLanguage":"fr-FR","potentialAction":[{"@type":"ReadAction","target":["https:\/\/psgfans.fr\/?p=580"]}]},{"@type":"ImageObject","inLanguage":"fr-FR","@id":"https:\/\/psgfans.fr\/?p=580#primaryimage","url":"https:\/\/blogger.googleusercontent.com\/img\/b\/R29vZ2xl\/AVvXsEhL-JQnDnoOk5jlxALHecmUzC1nY8zzsy2WNMxnZUc_XA1LweR8vNQ2_i7blBmBPxwHdtO3OYtiioWAqAoWdfbjvxzHffkJSZL1buahlgVkq1ViuV8ldMaqlbWMZnnlqaJx5V2TrsH4Ks4\/s1600\/&amp;dc.jpg","contentUrl":"https:\/\/blogger.googleusercontent.com\/img\/b\/R29vZ2xl\/AVvXsEhL-JQnDnoOk5jlxALHecmUzC1nY8zzsy2WNMxnZUc_XA1LweR8vNQ2_i7blBmBPxwHdtO3OYtiioWAqAoWdfbjvxzHffkJSZL1buahlgVkq1ViuV8ldMaqlbWMZnnlqaJx5V2TrsH4Ks4\/s1600\/&amp;dc.jpg"},{"@type":"BreadcrumbList","@id":"https:\/\/psgfans.fr\/?p=580#breadcrumb","itemListElement":[{"@type":"ListItem","position":1,"name":"Accueil","item":"https:\/\/psgfans.fr\/"},{"@type":"ListItem","position":2,"name":"Quand Zlatan Ibrahimovic et Eden Hazard se chambrent sur Twitter"}]},{"@type":"WebSite","@id":"https:\/\/psgfans.fr\/#website","url":"https:\/\/psgfans.fr\/","name":"PSG FANS","description":"Unit\u00e9, Passion, Victoire : Au C\u0153ur du Paris Saint-Germain!","potentialAction":[{"@type":"SearchAction","target":{"@type":"EntryPoint","urlTemplate":"https:\/\/psgfans.fr\/?s={search_term_string}"},"query-input":{"@type":"PropertyValueSpecification","valueRequired":true,"valueName":"search_term_string"}}],"inLanguage":"fr-FR"},{"@type":"Person","@id":"https:\/\/psgfans.fr\/#\/schema\/person\/be2237e7a0237af2f29cb344b3c55e6c","name":"psgfans","image":{"@type":"ImageObject","inLanguage":"fr-FR","@id":"https:\/\/secure.gravatar.com\/avatar\/?s=96&d=mm&r=g","url":"https:\/\/secure.gravatar.com\/avatar\/?s=96&d=mm&r=g","contentUrl":"https:\/\/secure.gravatar.com\/avatar\/?s=96&d=mm&r=g","caption":"psgfans"},"url":"https:\/\/psgfans.fr\/?author=2"}]}},"_links":{"self":[{"href":"https:\/\/psgfans.fr\/index.php?rest_route=\/wp\/v2\/posts\/580","targetHints":{"allow":["GET"]}}],"collection":[{"href":"https:\/\/psgfans.fr\/index.php?rest_route=\/wp\/v2\/posts"}],"about":[{"href":"https:\/\/psgfans.fr\/index.php?rest_route=\/wp\/v2\/types\/post"}],"author":[{"embeddable":true,"href":"https:\/\/psgfans.fr\/index.php?rest_route=\/wp\/v2\/users\/2"}],"replies":[{"embeddable":true,"href":"https:\/\/psgfans.fr\/index.php?rest_route=%2Fwp%2Fv2%2Fcomments&post=580"}],"version-history":[{"count":0,"href":"https:\/\/psgfans.fr\/index.php?rest_route=\/wp\/v2\/posts\/580\/revisions"}],"wp:attachment":[{"href":"https:\/\/psgfans.fr\/index.php?rest_route=%2Fwp%2Fv2%2Fmedia&parent=580"}],"wp:term":[{"taxonomy":"category","embeddable":true,"href":"https:\/\/psgfans.fr\/index.php?rest_route=%2Fwp%2Fv2%2Fcategories&post=580"},{"taxonomy":"post_tag","embeddable":true,"href":"https:\/\/psgfans.fr\/index.php?rest_route=%2Fwp%2Fv2%2Ftags&post=580"}],"curies":[{"name":"wp","href":"https:\/\/api.w.org\/{rel}","templated":true}]}}