{"id":579,"date":"2014-06-03T18:14:00","date_gmt":"2014-06-03T17:14:00","guid":{"rendered":"https:\/\/psgfans.fr\/?p=579"},"modified":"2014-06-03T18:14:00","modified_gmt":"2014-06-03T17:14:00","slug":"mercato-psg-un-espoir-parisien-en-route-pour-arsenal","status":"publish","type":"post","link":"https:\/\/psgfans.fr\/?p=579","title":{"rendered":"Mercato &#8211; PSG : Un espoir parisien en route pour Arsenal ?"},"content":{"rendered":"<div dir=\"ltr\" style=\"text-align: left;\">\n<div style=\"clear: both; text-align: center;\"><a href=\"https:\/\/blogger.googleusercontent.com\/img\/b\/R29vZ2xl\/AVvXsEiTdPas4YkmhOYJTNDpvdT1vmIUolmcj4F4oWm9GO1ph310Lff3-GH7A8_jgUehXceHy3JfosihPQiFegx6Kk_CMcnNWuo_uXmC2jZhFYkdXUqdAenIB6TKPfvmoNufcdCx7M1faY7IqO4\/s1600\/&amp;dc.jpg\" style=\"margin-left: 1em; margin-right: 1em;\"><img loading=\"lazy\" decoding=\"async\" border=\"0\" src=\"https:\/\/blogger.googleusercontent.com\/img\/b\/R29vZ2xl\/AVvXsEiTdPas4YkmhOYJTNDpvdT1vmIUolmcj4F4oWm9GO1ph310Lff3-GH7A8_jgUehXceHy3JfosihPQiFegx6Kk_CMcnNWuo_uXmC2jZhFYkdXUqdAenIB6TKPfvmoNufcdCx7M1faY7IqO4\/s1600\/&amp;dc.jpg\" height=\"198\" width=\"400\" \/><\/a><\/div>\n<p>Auteur d&rsquo;une grosse prestation contre le Br\u00e9sil, en finale du Tournoi de Toulon (perdue 5-2), Jean-Christophe Bahebeck serait dans le viseur d&rsquo;Arsenal. Le Fran\u00e7ais pourrait \u00eatre laiss\u00e9 libre par le PSG mais \u00e0 une condition pr\u00e9cise.<\/p>\n<p>Jean-Christophe Bahebeck va-t-il d\u00e9couvrir la Premier League la saison prochaine ? Pr\u00eat\u00e9 cette ann\u00e9e par le PSG \u00e0 Valenciennes, rel\u00e9gu\u00e9 en Ligue 2, le Fran\u00e7ais aurait tap\u00e9 dans l&rsquo;oeil de nombreux clubs outre-Manche. Il pourrait d&rsquo;ailleurs quitter Paris avec qui il ne semble avoir aucun avenir. Notamment en raison de la forte concurrence \u00e0 son poste.<\/p>\n<p>\u00c7a peut vous int\u00e9resser :<br \/>Valenciennes : Pr\u00eat\u00e9 par le PSG, il est pris \u00e0 partie par les supporters !<\/p>\n<p>LE PSG PR\u00caT \u00c0 LE LACHER \u00c0 UNE CONDITION ?<br \/>A en croire le Daily Mail, qui relaie l&rsquo;information sur son site internet mardi, Arsenal suivrait avec attention Bahebeck. Le Fran\u00e7ais, buteur par deux fois contre le Br\u00e9sil en finale du Tournoi de Toulon (5-2). Les Gunners appr\u00e9cieraient fortement son profil, similaire \u00e0 celui de Yaya Sanogo recrut\u00e9 l&rsquo;\u00e9t\u00e9 dernier. Le PSG serait pr\u00eat \u00e0 le laisser partir libre \u00e0 condition d&rsquo;obtenir 50% de la somme per\u00e7ue sur un probable futur transfert.<\/p>\n<p>\u00ab C&rsquo;EST UNE TR\u00c8S BONNE AFFAIRE \u00bb<br \/>Interrog\u00e9 par le tablo\u00efd britannique lors du Tournoi de Toulon, son agent Willie McKay a confi\u00e9 que Jean-Christophe Bahebeck pourrait \u00eatre le bon coup du mercato estival. \u00ab Quand vous consid\u00e9rez les prix demand\u00e9s pour des joueurs anglais d\u2019un niveau comparable, c\u2019est une tr\u00e8s bonne affaire, a-t-il d\u00e9clar\u00e9 selon le Daily Mail qui rapporte ses propos. Nous avons beaucoup d\u2019int\u00e9r\u00eats de la part des clubs anglais. \u00bb<\/p>\n<p>.le10sport<\/p><\/div>\n","protected":false},"excerpt":{"rendered":"<p>Auteur d&rsquo;une grosse prestation contre le Br\u00e9sil, en finale du Tournoi de Toulon (perdue 5-2), Jean-Christophe Bahebeck serait dans le viseur d&rsquo;Arsenal. Le Fran\u00e7ais pourrait \u00eatre laiss\u00e9 libre par le PSG mais \u00e0 une condition pr\u00e9cise. Jean-Christophe Bahebeck va-t-il d\u00e9couvrir la Premier League la saison prochaine ? Pr\u00eat\u00e9 cette ann\u00e9e par le PSG \u00e0 Valenciennes, [&hellip;]<\/p>\n","protected":false},"author":2,"featured_media":0,"comment_status":"open","ping_status":"open","sticky":false,"template":"","format":"standard","meta":{"footnotes":""},"categories":[3],"tags":[],"class_list":{"0":"post-579","1":"post","2":"type-post","3":"status-publish","4":"format-standard","6":"category-news"},"yoast_head":"<!-- This site is optimized with the Yoast SEO plugin v27.4 - https:\/\/yoast.com\/product\/yoast-seo-wordpress\/ -->\n<title>Mercato - PSG : Un espoir parisien en route pour Arsenal ? - PSG FANS<\/title>\n<meta name=\"robots\" content=\"index, follow, max-snippet:-1, max-image-preview:large, max-video-preview:-1\" \/>\n<link rel=\"canonical\" href=\"https:\/\/psgfans.fr\/?p=579\" \/>\n<meta property=\"og:locale\" content=\"fr_FR\" \/>\n<meta property=\"og:type\" content=\"article\" \/>\n<meta property=\"og:title\" content=\"Mercato - PSG : Un espoir parisien en route pour Arsenal ? - PSG FANS\" \/>\n<meta property=\"og:description\" content=\"Auteur d&rsquo;une grosse prestation contre le Br\u00e9sil, en finale du Tournoi de Toulon (perdue 5-2), Jean-Christophe Bahebeck serait dans le viseur d&rsquo;Arsenal. Le Fran\u00e7ais pourrait \u00eatre laiss\u00e9 libre par le PSG mais \u00e0 une condition pr\u00e9cise. Jean-Christophe Bahebeck va-t-il d\u00e9couvrir la Premier League la saison prochaine ? Pr\u00eat\u00e9 cette ann\u00e9e par le PSG \u00e0 Valenciennes, [&hellip;]\" \/>\n<meta property=\"og:url\" content=\"https:\/\/psgfans.fr\/?p=579\" \/>\n<meta property=\"og:site_name\" content=\"PSG FANS\" \/>\n<meta property=\"article:published_time\" content=\"2014-06-03T17:14:00+00:00\" \/>\n<meta property=\"og:image\" content=\"https:\/\/blogger.googleusercontent.com\/img\/b\/R29vZ2xl\/AVvXsEiTdPas4YkmhOYJTNDpvdT1vmIUolmcj4F4oWm9GO1ph310Lff3-GH7A8_jgUehXceHy3JfosihPQiFegx6Kk_CMcnNWuo_uXmC2jZhFYkdXUqdAenIB6TKPfvmoNufcdCx7M1faY7IqO4\/s1600\/&amp;dc.jpg\" \/>\n<meta name=\"author\" content=\"psgfans\" \/>\n<meta name=\"twitter:card\" content=\"summary_large_image\" \/>\n<meta name=\"twitter:label1\" content=\"\u00c9crit par\" \/>\n\t<meta name=\"twitter:data1\" content=\"psgfans\" \/>\n\t<meta name=\"twitter:label2\" content=\"Dur\u00e9e de lecture estim\u00e9e\" \/>\n\t<meta name=\"twitter:data2\" content=\"1 minute\" \/>\n<script type=\"application\/ld+json\" class=\"yoast-schema-graph\">{\"@context\":\"https:\\\/\\\/schema.org\",\"@graph\":[{\"@type\":\"Article\",\"@id\":\"https:\\\/\\\/psgfans.fr\\\/?p=579#article\",\"isPartOf\":{\"@id\":\"https:\\\/\\\/psgfans.fr\\\/?p=579\"},\"author\":{\"name\":\"psgfans\",\"@id\":\"https:\\\/\\\/psgfans.fr\\\/#\\\/schema\\\/person\\\/be2237e7a0237af2f29cb344b3c55e6c\"},\"headline\":\"Mercato &#8211; PSG : Un espoir parisien en route pour Arsenal ?\",\"datePublished\":\"2014-06-03T17:14:00+00:00\",\"mainEntityOfPage\":{\"@id\":\"https:\\\/\\\/psgfans.fr\\\/?p=579\"},\"wordCount\":295,\"commentCount\":0,\"image\":{\"@id\":\"https:\\\/\\\/psgfans.fr\\\/?p=579#primaryimage\"},\"thumbnailUrl\":\"https:\\\/\\\/blogger.googleusercontent.com\\\/img\\\/b\\\/R29vZ2xl\\\/AVvXsEiTdPas4YkmhOYJTNDpvdT1vmIUolmcj4F4oWm9GO1ph310Lff3-GH7A8_jgUehXceHy3JfosihPQiFegx6Kk_CMcnNWuo_uXmC2jZhFYkdXUqdAenIB6TKPfvmoNufcdCx7M1faY7IqO4\\\/s1600\\\/&amp;dc.jpg\",\"articleSection\":[\"News\"],\"inLanguage\":\"fr-FR\",\"potentialAction\":[{\"@type\":\"CommentAction\",\"name\":\"Comment\",\"target\":[\"https:\\\/\\\/psgfans.fr\\\/?p=579#respond\"]}]},{\"@type\":\"WebPage\",\"@id\":\"https:\\\/\\\/psgfans.fr\\\/?p=579\",\"url\":\"https:\\\/\\\/psgfans.fr\\\/?p=579\",\"name\":\"Mercato - PSG : Un espoir parisien en route pour Arsenal ? - PSG FANS\",\"isPartOf\":{\"@id\":\"https:\\\/\\\/psgfans.fr\\\/#website\"},\"primaryImageOfPage\":{\"@id\":\"https:\\\/\\\/psgfans.fr\\\/?p=579#primaryimage\"},\"image\":{\"@id\":\"https:\\\/\\\/psgfans.fr\\\/?p=579#primaryimage\"},\"thumbnailUrl\":\"https:\\\/\\\/blogger.googleusercontent.com\\\/img\\\/b\\\/R29vZ2xl\\\/AVvXsEiTdPas4YkmhOYJTNDpvdT1vmIUolmcj4F4oWm9GO1ph310Lff3-GH7A8_jgUehXceHy3JfosihPQiFegx6Kk_CMcnNWuo_uXmC2jZhFYkdXUqdAenIB6TKPfvmoNufcdCx7M1faY7IqO4\\\/s1600\\\/&amp;dc.jpg\",\"datePublished\":\"2014-06-03T17:14:00+00:00\",\"author\":{\"@id\":\"https:\\\/\\\/psgfans.fr\\\/#\\\/schema\\\/person\\\/be2237e7a0237af2f29cb344b3c55e6c\"},\"breadcrumb\":{\"@id\":\"https:\\\/\\\/psgfans.fr\\\/?p=579#breadcrumb\"},\"inLanguage\":\"fr-FR\",\"potentialAction\":[{\"@type\":\"ReadAction\",\"target\":[\"https:\\\/\\\/psgfans.fr\\\/?p=579\"]}]},{\"@type\":\"ImageObject\",\"inLanguage\":\"fr-FR\",\"@id\":\"https:\\\/\\\/psgfans.fr\\\/?p=579#primaryimage\",\"url\":\"https:\\\/\\\/blogger.googleusercontent.com\\\/img\\\/b\\\/R29vZ2xl\\\/AVvXsEiTdPas4YkmhOYJTNDpvdT1vmIUolmcj4F4oWm9GO1ph310Lff3-GH7A8_jgUehXceHy3JfosihPQiFegx6Kk_CMcnNWuo_uXmC2jZhFYkdXUqdAenIB6TKPfvmoNufcdCx7M1faY7IqO4\\\/s1600\\\/&amp;dc.jpg\",\"contentUrl\":\"https:\\\/\\\/blogger.googleusercontent.com\\\/img\\\/b\\\/R29vZ2xl\\\/AVvXsEiTdPas4YkmhOYJTNDpvdT1vmIUolmcj4F4oWm9GO1ph310Lff3-GH7A8_jgUehXceHy3JfosihPQiFegx6Kk_CMcnNWuo_uXmC2jZhFYkdXUqdAenIB6TKPfvmoNufcdCx7M1faY7IqO4\\\/s1600\\\/&amp;dc.jpg\"},{\"@type\":\"BreadcrumbList\",\"@id\":\"https:\\\/\\\/psgfans.fr\\\/?p=579#breadcrumb\",\"itemListElement\":[{\"@type\":\"ListItem\",\"position\":1,\"name\":\"Accueil\",\"item\":\"https:\\\/\\\/psgfans.fr\\\/\"},{\"@type\":\"ListItem\",\"position\":2,\"name\":\"Mercato &#8211; PSG : Un espoir parisien en route pour Arsenal ?\"}]},{\"@type\":\"WebSite\",\"@id\":\"https:\\\/\\\/psgfans.fr\\\/#website\",\"url\":\"https:\\\/\\\/psgfans.fr\\\/\",\"name\":\"PSG FANS\",\"description\":\"Unit\u00e9, Passion, Victoire : Au C\u0153ur du Paris Saint-Germain!\",\"potentialAction\":[{\"@type\":\"SearchAction\",\"target\":{\"@type\":\"EntryPoint\",\"urlTemplate\":\"https:\\\/\\\/psgfans.fr\\\/?s={search_term_string}\"},\"query-input\":{\"@type\":\"PropertyValueSpecification\",\"valueRequired\":true,\"valueName\":\"search_term_string\"}}],\"inLanguage\":\"fr-FR\"},{\"@type\":\"Person\",\"@id\":\"https:\\\/\\\/psgfans.fr\\\/#\\\/schema\\\/person\\\/be2237e7a0237af2f29cb344b3c55e6c\",\"name\":\"psgfans\",\"image\":{\"@type\":\"ImageObject\",\"inLanguage\":\"fr-FR\",\"@id\":\"https:\\\/\\\/secure.gravatar.com\\\/avatar\\\/?s=96&d=mm&r=g\",\"url\":\"https:\\\/\\\/secure.gravatar.com\\\/avatar\\\/?s=96&d=mm&r=g\",\"contentUrl\":\"https:\\\/\\\/secure.gravatar.com\\\/avatar\\\/?s=96&d=mm&r=g\",\"caption\":\"psgfans\"},\"url\":\"https:\\\/\\\/psgfans.fr\\\/?author=2\"}]}<\/script>\n<!-- \/ Yoast SEO plugin. -->","yoast_head_json":{"title":"Mercato - PSG : Un espoir parisien en route pour Arsenal ? - PSG FANS","robots":{"index":"index","follow":"follow","max-snippet":"max-snippet:-1","max-image-preview":"max-image-preview:large","max-video-preview":"max-video-preview:-1"},"canonical":"https:\/\/psgfans.fr\/?p=579","og_locale":"fr_FR","og_type":"article","og_title":"Mercato - PSG : Un espoir parisien en route pour Arsenal ? - PSG FANS","og_description":"Auteur d&rsquo;une grosse prestation contre le Br\u00e9sil, en finale du Tournoi de Toulon (perdue 5-2), Jean-Christophe Bahebeck serait dans le viseur d&rsquo;Arsenal. Le Fran\u00e7ais pourrait \u00eatre laiss\u00e9 libre par le PSG mais \u00e0 une condition pr\u00e9cise. Jean-Christophe Bahebeck va-t-il d\u00e9couvrir la Premier League la saison prochaine ? Pr\u00eat\u00e9 cette ann\u00e9e par le PSG \u00e0 Valenciennes, [&hellip;]","og_url":"https:\/\/psgfans.fr\/?p=579","og_site_name":"PSG FANS","article_published_time":"2014-06-03T17:14:00+00:00","og_image":[{"url":"https:\/\/blogger.googleusercontent.com\/img\/b\/R29vZ2xl\/AVvXsEiTdPas4YkmhOYJTNDpvdT1vmIUolmcj4F4oWm9GO1ph310Lff3-GH7A8_jgUehXceHy3JfosihPQiFegx6Kk_CMcnNWuo_uXmC2jZhFYkdXUqdAenIB6TKPfvmoNufcdCx7M1faY7IqO4\/s1600\/&amp;dc.jpg","type":"","width":"","height":""}],"author":"psgfans","twitter_card":"summary_large_image","twitter_misc":{"\u00c9crit par":"psgfans","Dur\u00e9e de lecture estim\u00e9e":"1 minute"},"schema":{"@context":"https:\/\/schema.org","@graph":[{"@type":"Article","@id":"https:\/\/psgfans.fr\/?p=579#article","isPartOf":{"@id":"https:\/\/psgfans.fr\/?p=579"},"author":{"name":"psgfans","@id":"https:\/\/psgfans.fr\/#\/schema\/person\/be2237e7a0237af2f29cb344b3c55e6c"},"headline":"Mercato &#8211; PSG : Un espoir parisien en route pour Arsenal ?","datePublished":"2014-06-03T17:14:00+00:00","mainEntityOfPage":{"@id":"https:\/\/psgfans.fr\/?p=579"},"wordCount":295,"commentCount":0,"image":{"@id":"https:\/\/psgfans.fr\/?p=579#primaryimage"},"thumbnailUrl":"https:\/\/blogger.googleusercontent.com\/img\/b\/R29vZ2xl\/AVvXsEiTdPas4YkmhOYJTNDpvdT1vmIUolmcj4F4oWm9GO1ph310Lff3-GH7A8_jgUehXceHy3JfosihPQiFegx6Kk_CMcnNWuo_uXmC2jZhFYkdXUqdAenIB6TKPfvmoNufcdCx7M1faY7IqO4\/s1600\/&amp;dc.jpg","articleSection":["News"],"inLanguage":"fr-FR","potentialAction":[{"@type":"CommentAction","name":"Comment","target":["https:\/\/psgfans.fr\/?p=579#respond"]}]},{"@type":"WebPage","@id":"https:\/\/psgfans.fr\/?p=579","url":"https:\/\/psgfans.fr\/?p=579","name":"Mercato - PSG : Un espoir parisien en route pour Arsenal ? - PSG FANS","isPartOf":{"@id":"https:\/\/psgfans.fr\/#website"},"primaryImageOfPage":{"@id":"https:\/\/psgfans.fr\/?p=579#primaryimage"},"image":{"@id":"https:\/\/psgfans.fr\/?p=579#primaryimage"},"thumbnailUrl":"https:\/\/blogger.googleusercontent.com\/img\/b\/R29vZ2xl\/AVvXsEiTdPas4YkmhOYJTNDpvdT1vmIUolmcj4F4oWm9GO1ph310Lff3-GH7A8_jgUehXceHy3JfosihPQiFegx6Kk_CMcnNWuo_uXmC2jZhFYkdXUqdAenIB6TKPfvmoNufcdCx7M1faY7IqO4\/s1600\/&amp;dc.jpg","datePublished":"2014-06-03T17:14:00+00:00","author":{"@id":"https:\/\/psgfans.fr\/#\/schema\/person\/be2237e7a0237af2f29cb344b3c55e6c"},"breadcrumb":{"@id":"https:\/\/psgfans.fr\/?p=579#breadcrumb"},"inLanguage":"fr-FR","potentialAction":[{"@type":"ReadAction","target":["https:\/\/psgfans.fr\/?p=579"]}]},{"@type":"ImageObject","inLanguage":"fr-FR","@id":"https:\/\/psgfans.fr\/?p=579#primaryimage","url":"https:\/\/blogger.googleusercontent.com\/img\/b\/R29vZ2xl\/AVvXsEiTdPas4YkmhOYJTNDpvdT1vmIUolmcj4F4oWm9GO1ph310Lff3-GH7A8_jgUehXceHy3JfosihPQiFegx6Kk_CMcnNWuo_uXmC2jZhFYkdXUqdAenIB6TKPfvmoNufcdCx7M1faY7IqO4\/s1600\/&amp;dc.jpg","contentUrl":"https:\/\/blogger.googleusercontent.com\/img\/b\/R29vZ2xl\/AVvXsEiTdPas4YkmhOYJTNDpvdT1vmIUolmcj4F4oWm9GO1ph310Lff3-GH7A8_jgUehXceHy3JfosihPQiFegx6Kk_CMcnNWuo_uXmC2jZhFYkdXUqdAenIB6TKPfvmoNufcdCx7M1faY7IqO4\/s1600\/&amp;dc.jpg"},{"@type":"BreadcrumbList","@id":"https:\/\/psgfans.fr\/?p=579#breadcrumb","itemListElement":[{"@type":"ListItem","position":1,"name":"Accueil","item":"https:\/\/psgfans.fr\/"},{"@type":"ListItem","position":2,"name":"Mercato &#8211; PSG : Un espoir parisien en route pour Arsenal ?"}]},{"@type":"WebSite","@id":"https:\/\/psgfans.fr\/#website","url":"https:\/\/psgfans.fr\/","name":"PSG FANS","description":"Unit\u00e9, Passion, Victoire : Au C\u0153ur du Paris Saint-Germain!","potentialAction":[{"@type":"SearchAction","target":{"@type":"EntryPoint","urlTemplate":"https:\/\/psgfans.fr\/?s={search_term_string}"},"query-input":{"@type":"PropertyValueSpecification","valueRequired":true,"valueName":"search_term_string"}}],"inLanguage":"fr-FR"},{"@type":"Person","@id":"https:\/\/psgfans.fr\/#\/schema\/person\/be2237e7a0237af2f29cb344b3c55e6c","name":"psgfans","image":{"@type":"ImageObject","inLanguage":"fr-FR","@id":"https:\/\/secure.gravatar.com\/avatar\/?s=96&d=mm&r=g","url":"https:\/\/secure.gravatar.com\/avatar\/?s=96&d=mm&r=g","contentUrl":"https:\/\/secure.gravatar.com\/avatar\/?s=96&d=mm&r=g","caption":"psgfans"},"url":"https:\/\/psgfans.fr\/?author=2"}]}},"_links":{"self":[{"href":"https:\/\/psgfans.fr\/index.php?rest_route=\/wp\/v2\/posts\/579","targetHints":{"allow":["GET"]}}],"collection":[{"href":"https:\/\/psgfans.fr\/index.php?rest_route=\/wp\/v2\/posts"}],"about":[{"href":"https:\/\/psgfans.fr\/index.php?rest_route=\/wp\/v2\/types\/post"}],"author":[{"embeddable":true,"href":"https:\/\/psgfans.fr\/index.php?rest_route=\/wp\/v2\/users\/2"}],"replies":[{"embeddable":true,"href":"https:\/\/psgfans.fr\/index.php?rest_route=%2Fwp%2Fv2%2Fcomments&post=579"}],"version-history":[{"count":0,"href":"https:\/\/psgfans.fr\/index.php?rest_route=\/wp\/v2\/posts\/579\/revisions"}],"wp:attachment":[{"href":"https:\/\/psgfans.fr\/index.php?rest_route=%2Fwp%2Fv2%2Fmedia&parent=579"}],"wp:term":[{"taxonomy":"category","embeddable":true,"href":"https:\/\/psgfans.fr\/index.php?rest_route=%2Fwp%2Fv2%2Fcategories&post=579"},{"taxonomy":"post_tag","embeddable":true,"href":"https:\/\/psgfans.fr\/index.php?rest_route=%2Fwp%2Fv2%2Ftags&post=579"}],"curies":[{"name":"wp","href":"https:\/\/api.w.org\/{rel}","templated":true}]}}