{"id":560,"date":"2014-06-14T12:57:00","date_gmt":"2014-06-14T11:57:00","guid":{"rendered":"https:\/\/psgfans.fr\/?p=560"},"modified":"2014-06-14T12:57:00","modified_gmt":"2014-06-14T11:57:00","slug":"record-dabonnes-pour-le-psg","status":"publish","type":"post","link":"https:\/\/psgfans.fr\/?p=560","title":{"rendered":"Record d&#39;abonn\u00e9s pour le PSG"},"content":{"rendered":"<div style=\"clear: both; text-align: center;\"><a href=\"https:\/\/blogger.googleusercontent.com\/img\/b\/R29vZ2xl\/AVvXsEjZjmAr2KkxMwHMjH44frhn0JVHb4AAA33n1ji2Uiw5z7qMHz-zJiH8dbI-PCi0ZwJtmMxweDUtHc0ztqwERCFm5KZVmZss0kykhPfwoGuJdMb22xz1i95O7-NUUTE-GP7Ba8LBQ-ljjNg\/s1600\/67nxmMxNL0g.jpg\" style=\"margin-left: 1em; margin-right: 1em;\"><img loading=\"lazy\" decoding=\"async\" border=\"0\" src=\"https:\/\/blogger.googleusercontent.com\/img\/b\/R29vZ2xl\/AVvXsEjZjmAr2KkxMwHMjH44frhn0JVHb4AAA33n1ji2Uiw5z7qMHz-zJiH8dbI-PCi0ZwJtmMxweDUtHc0ztqwERCFm5KZVmZss0kykhPfwoGuJdMb22xz1i95O7-NUUTE-GP7Ba8LBQ-ljjNg\/s1600\/67nxmMxNL0g.jpg\" height=\"400\" width=\"400\" \/><\/a><\/div>\n<p>Le PSG a annonc\u00e9 vendredi hier avoir cl\u00f4tur\u00e9 sa campagne d&rsquo;abonnement en c\u00e9dant le dernier abonnement disponible. Ibrahimovic et ses partenaires auront 32 500 abonn\u00e9s en 2014-2015, un record historique. Ce chiffre ne tient pas compte des places vip, \u00e9valu\u00e9es \u00e0 environ 4 000 la saison prochaine. Ainsi avec ces places dites d\u2019hospitalit\u00e9, le nombre d&rsquo;abonn\u00e9s d\u00e9passera les 35 000 si\u00e8ges soit environ 75% de la contenance totale du Parc des Princes (46 400 places).<br \/>Le prix d&rsquo;un abonnement \u00e0 l&rsquo;ann\u00e9e oscille entre 430 et 2700 euros. \u00ab Les abonn\u00e9s, tous lesabonn\u00e9s, sont l\u2019\u00e2me du club. Pour le montrer et en d\u00e9pit des tr\u00e8s nombreuses demandes de souscription re\u00e7ues, nous avons souhait\u00e9 \u00e0 la fois maintenir une politique d\u2019abonnement \u00e0 des prix accessibles et promouvoir un r\u00e8glement mensuel\u00bb, a confi\u00e9 Fr\u00e9d\u00e9ric Longu\u00e9p\u00e9e, le directeur g\u00e9n\u00e9ral adjoint en charge des activit\u00e9s commerciales du PSG.<\/p>\n<p>LeParisien.fr<\/p>\n","protected":false},"excerpt":{"rendered":"<p>Le PSG a annonc\u00e9 vendredi hier avoir cl\u00f4tur\u00e9 sa campagne d&rsquo;abonnement en c\u00e9dant le dernier abonnement disponible. Ibrahimovic et ses partenaires auront 32 500 abonn\u00e9s en 2014-2015, un record historique. Ce chiffre ne tient pas compte des places vip, \u00e9valu\u00e9es \u00e0 environ 4 000 la saison prochaine. Ainsi avec ces places dites d\u2019hospitalit\u00e9, le nombre [&hellip;]<\/p>\n","protected":false},"author":2,"featured_media":0,"comment_status":"open","ping_status":"open","sticky":false,"template":"","format":"standard","meta":{"footnotes":""},"categories":[3],"tags":[],"class_list":{"0":"post-560","1":"post","2":"type-post","3":"status-publish","4":"format-standard","6":"category-news"},"yoast_head":"<!-- This site is optimized with the Yoast SEO plugin v27.4 - https:\/\/yoast.com\/product\/yoast-seo-wordpress\/ -->\n<title>Record d&#039;abonn\u00e9s pour le PSG - PSG FANS<\/title>\n<meta name=\"robots\" content=\"index, follow, max-snippet:-1, max-image-preview:large, max-video-preview:-1\" \/>\n<link rel=\"canonical\" href=\"https:\/\/psgfans.fr\/?p=560\" \/>\n<meta property=\"og:locale\" content=\"fr_FR\" \/>\n<meta property=\"og:type\" content=\"article\" \/>\n<meta property=\"og:title\" content=\"Record d&#039;abonn\u00e9s pour le PSG - PSG FANS\" \/>\n<meta property=\"og:description\" content=\"Le PSG a annonc\u00e9 vendredi hier avoir cl\u00f4tur\u00e9 sa campagne d&rsquo;abonnement en c\u00e9dant le dernier abonnement disponible. Ibrahimovic et ses partenaires auront 32 500 abonn\u00e9s en 2014-2015, un record historique. Ce chiffre ne tient pas compte des places vip, \u00e9valu\u00e9es \u00e0 environ 4 000 la saison prochaine. Ainsi avec ces places dites d\u2019hospitalit\u00e9, le nombre [&hellip;]\" \/>\n<meta property=\"og:url\" content=\"https:\/\/psgfans.fr\/?p=560\" \/>\n<meta property=\"og:site_name\" content=\"PSG FANS\" \/>\n<meta property=\"article:published_time\" content=\"2014-06-14T11:57:00+00:00\" \/>\n<meta property=\"og:image\" content=\"https:\/\/blogger.googleusercontent.com\/img\/b\/R29vZ2xl\/AVvXsEjZjmAr2KkxMwHMjH44frhn0JVHb4AAA33n1ji2Uiw5z7qMHz-zJiH8dbI-PCi0ZwJtmMxweDUtHc0ztqwERCFm5KZVmZss0kykhPfwoGuJdMb22xz1i95O7-NUUTE-GP7Ba8LBQ-ljjNg\/s1600\/67nxmMxNL0g.jpg\" \/>\n<meta name=\"author\" content=\"psgfans\" \/>\n<meta name=\"twitter:card\" content=\"summary_large_image\" \/>\n<meta name=\"twitter:label1\" content=\"\u00c9crit par\" \/>\n\t<meta name=\"twitter:data1\" content=\"psgfans\" \/>\n\t<meta name=\"twitter:label2\" content=\"Dur\u00e9e de lecture estim\u00e9e\" \/>\n\t<meta name=\"twitter:data2\" content=\"1 minute\" \/>\n<script type=\"application\/ld+json\" class=\"yoast-schema-graph\">{\"@context\":\"https:\\\/\\\/schema.org\",\"@graph\":[{\"@type\":\"Article\",\"@id\":\"https:\\\/\\\/psgfans.fr\\\/?p=560#article\",\"isPartOf\":{\"@id\":\"https:\\\/\\\/psgfans.fr\\\/?p=560\"},\"author\":{\"name\":\"psgfans\",\"@id\":\"https:\\\/\\\/psgfans.fr\\\/#\\\/schema\\\/person\\\/be2237e7a0237af2f29cb344b3c55e6c\"},\"headline\":\"Record d&#39;abonn\u00e9s pour le PSG\",\"datePublished\":\"2014-06-14T11:57:00+00:00\",\"mainEntityOfPage\":{\"@id\":\"https:\\\/\\\/psgfans.fr\\\/?p=560\"},\"wordCount\":164,\"commentCount\":0,\"image\":{\"@id\":\"https:\\\/\\\/psgfans.fr\\\/?p=560#primaryimage\"},\"thumbnailUrl\":\"https:\\\/\\\/blogger.googleusercontent.com\\\/img\\\/b\\\/R29vZ2xl\\\/AVvXsEjZjmAr2KkxMwHMjH44frhn0JVHb4AAA33n1ji2Uiw5z7qMHz-zJiH8dbI-PCi0ZwJtmMxweDUtHc0ztqwERCFm5KZVmZss0kykhPfwoGuJdMb22xz1i95O7-NUUTE-GP7Ba8LBQ-ljjNg\\\/s1600\\\/67nxmMxNL0g.jpg\",\"articleSection\":[\"News\"],\"inLanguage\":\"fr-FR\",\"potentialAction\":[{\"@type\":\"CommentAction\",\"name\":\"Comment\",\"target\":[\"https:\\\/\\\/psgfans.fr\\\/?p=560#respond\"]}]},{\"@type\":\"WebPage\",\"@id\":\"https:\\\/\\\/psgfans.fr\\\/?p=560\",\"url\":\"https:\\\/\\\/psgfans.fr\\\/?p=560\",\"name\":\"Record d&#39;abonn\u00e9s pour le PSG - PSG FANS\",\"isPartOf\":{\"@id\":\"https:\\\/\\\/psgfans.fr\\\/#website\"},\"primaryImageOfPage\":{\"@id\":\"https:\\\/\\\/psgfans.fr\\\/?p=560#primaryimage\"},\"image\":{\"@id\":\"https:\\\/\\\/psgfans.fr\\\/?p=560#primaryimage\"},\"thumbnailUrl\":\"https:\\\/\\\/blogger.googleusercontent.com\\\/img\\\/b\\\/R29vZ2xl\\\/AVvXsEjZjmAr2KkxMwHMjH44frhn0JVHb4AAA33n1ji2Uiw5z7qMHz-zJiH8dbI-PCi0ZwJtmMxweDUtHc0ztqwERCFm5KZVmZss0kykhPfwoGuJdMb22xz1i95O7-NUUTE-GP7Ba8LBQ-ljjNg\\\/s1600\\\/67nxmMxNL0g.jpg\",\"datePublished\":\"2014-06-14T11:57:00+00:00\",\"author\":{\"@id\":\"https:\\\/\\\/psgfans.fr\\\/#\\\/schema\\\/person\\\/be2237e7a0237af2f29cb344b3c55e6c\"},\"breadcrumb\":{\"@id\":\"https:\\\/\\\/psgfans.fr\\\/?p=560#breadcrumb\"},\"inLanguage\":\"fr-FR\",\"potentialAction\":[{\"@type\":\"ReadAction\",\"target\":[\"https:\\\/\\\/psgfans.fr\\\/?p=560\"]}]},{\"@type\":\"ImageObject\",\"inLanguage\":\"fr-FR\",\"@id\":\"https:\\\/\\\/psgfans.fr\\\/?p=560#primaryimage\",\"url\":\"https:\\\/\\\/blogger.googleusercontent.com\\\/img\\\/b\\\/R29vZ2xl\\\/AVvXsEjZjmAr2KkxMwHMjH44frhn0JVHb4AAA33n1ji2Uiw5z7qMHz-zJiH8dbI-PCi0ZwJtmMxweDUtHc0ztqwERCFm5KZVmZss0kykhPfwoGuJdMb22xz1i95O7-NUUTE-GP7Ba8LBQ-ljjNg\\\/s1600\\\/67nxmMxNL0g.jpg\",\"contentUrl\":\"https:\\\/\\\/blogger.googleusercontent.com\\\/img\\\/b\\\/R29vZ2xl\\\/AVvXsEjZjmAr2KkxMwHMjH44frhn0JVHb4AAA33n1ji2Uiw5z7qMHz-zJiH8dbI-PCi0ZwJtmMxweDUtHc0ztqwERCFm5KZVmZss0kykhPfwoGuJdMb22xz1i95O7-NUUTE-GP7Ba8LBQ-ljjNg\\\/s1600\\\/67nxmMxNL0g.jpg\"},{\"@type\":\"BreadcrumbList\",\"@id\":\"https:\\\/\\\/psgfans.fr\\\/?p=560#breadcrumb\",\"itemListElement\":[{\"@type\":\"ListItem\",\"position\":1,\"name\":\"Accueil\",\"item\":\"https:\\\/\\\/psgfans.fr\\\/\"},{\"@type\":\"ListItem\",\"position\":2,\"name\":\"Record d&#39;abonn\u00e9s pour le PSG\"}]},{\"@type\":\"WebSite\",\"@id\":\"https:\\\/\\\/psgfans.fr\\\/#website\",\"url\":\"https:\\\/\\\/psgfans.fr\\\/\",\"name\":\"PSG FANS\",\"description\":\"Unit\u00e9, Passion, Victoire : Au C\u0153ur du Paris Saint-Germain!\",\"potentialAction\":[{\"@type\":\"SearchAction\",\"target\":{\"@type\":\"EntryPoint\",\"urlTemplate\":\"https:\\\/\\\/psgfans.fr\\\/?s={search_term_string}\"},\"query-input\":{\"@type\":\"PropertyValueSpecification\",\"valueRequired\":true,\"valueName\":\"search_term_string\"}}],\"inLanguage\":\"fr-FR\"},{\"@type\":\"Person\",\"@id\":\"https:\\\/\\\/psgfans.fr\\\/#\\\/schema\\\/person\\\/be2237e7a0237af2f29cb344b3c55e6c\",\"name\":\"psgfans\",\"image\":{\"@type\":\"ImageObject\",\"inLanguage\":\"fr-FR\",\"@id\":\"https:\\\/\\\/secure.gravatar.com\\\/avatar\\\/?s=96&d=mm&r=g\",\"url\":\"https:\\\/\\\/secure.gravatar.com\\\/avatar\\\/?s=96&d=mm&r=g\",\"contentUrl\":\"https:\\\/\\\/secure.gravatar.com\\\/avatar\\\/?s=96&d=mm&r=g\",\"caption\":\"psgfans\"},\"url\":\"https:\\\/\\\/psgfans.fr\\\/?author=2\"}]}<\/script>\n<!-- \/ Yoast SEO plugin. -->","yoast_head_json":{"title":"Record d&#39;abonn\u00e9s pour le PSG - PSG FANS","robots":{"index":"index","follow":"follow","max-snippet":"max-snippet:-1","max-image-preview":"max-image-preview:large","max-video-preview":"max-video-preview:-1"},"canonical":"https:\/\/psgfans.fr\/?p=560","og_locale":"fr_FR","og_type":"article","og_title":"Record d&#39;abonn\u00e9s pour le PSG - PSG FANS","og_description":"Le PSG a annonc\u00e9 vendredi hier avoir cl\u00f4tur\u00e9 sa campagne d&rsquo;abonnement en c\u00e9dant le dernier abonnement disponible. Ibrahimovic et ses partenaires auront 32 500 abonn\u00e9s en 2014-2015, un record historique. Ce chiffre ne tient pas compte des places vip, \u00e9valu\u00e9es \u00e0 environ 4 000 la saison prochaine. Ainsi avec ces places dites d\u2019hospitalit\u00e9, le nombre [&hellip;]","og_url":"https:\/\/psgfans.fr\/?p=560","og_site_name":"PSG FANS","article_published_time":"2014-06-14T11:57:00+00:00","og_image":[{"url":"https:\/\/blogger.googleusercontent.com\/img\/b\/R29vZ2xl\/AVvXsEjZjmAr2KkxMwHMjH44frhn0JVHb4AAA33n1ji2Uiw5z7qMHz-zJiH8dbI-PCi0ZwJtmMxweDUtHc0ztqwERCFm5KZVmZss0kykhPfwoGuJdMb22xz1i95O7-NUUTE-GP7Ba8LBQ-ljjNg\/s1600\/67nxmMxNL0g.jpg","type":"","width":"","height":""}],"author":"psgfans","twitter_card":"summary_large_image","twitter_misc":{"\u00c9crit par":"psgfans","Dur\u00e9e de lecture estim\u00e9e":"1 minute"},"schema":{"@context":"https:\/\/schema.org","@graph":[{"@type":"Article","@id":"https:\/\/psgfans.fr\/?p=560#article","isPartOf":{"@id":"https:\/\/psgfans.fr\/?p=560"},"author":{"name":"psgfans","@id":"https:\/\/psgfans.fr\/#\/schema\/person\/be2237e7a0237af2f29cb344b3c55e6c"},"headline":"Record d&#39;abonn\u00e9s pour le PSG","datePublished":"2014-06-14T11:57:00+00:00","mainEntityOfPage":{"@id":"https:\/\/psgfans.fr\/?p=560"},"wordCount":164,"commentCount":0,"image":{"@id":"https:\/\/psgfans.fr\/?p=560#primaryimage"},"thumbnailUrl":"https:\/\/blogger.googleusercontent.com\/img\/b\/R29vZ2xl\/AVvXsEjZjmAr2KkxMwHMjH44frhn0JVHb4AAA33n1ji2Uiw5z7qMHz-zJiH8dbI-PCi0ZwJtmMxweDUtHc0ztqwERCFm5KZVmZss0kykhPfwoGuJdMb22xz1i95O7-NUUTE-GP7Ba8LBQ-ljjNg\/s1600\/67nxmMxNL0g.jpg","articleSection":["News"],"inLanguage":"fr-FR","potentialAction":[{"@type":"CommentAction","name":"Comment","target":["https:\/\/psgfans.fr\/?p=560#respond"]}]},{"@type":"WebPage","@id":"https:\/\/psgfans.fr\/?p=560","url":"https:\/\/psgfans.fr\/?p=560","name":"Record d&#39;abonn\u00e9s pour le PSG - PSG FANS","isPartOf":{"@id":"https:\/\/psgfans.fr\/#website"},"primaryImageOfPage":{"@id":"https:\/\/psgfans.fr\/?p=560#primaryimage"},"image":{"@id":"https:\/\/psgfans.fr\/?p=560#primaryimage"},"thumbnailUrl":"https:\/\/blogger.googleusercontent.com\/img\/b\/R29vZ2xl\/AVvXsEjZjmAr2KkxMwHMjH44frhn0JVHb4AAA33n1ji2Uiw5z7qMHz-zJiH8dbI-PCi0ZwJtmMxweDUtHc0ztqwERCFm5KZVmZss0kykhPfwoGuJdMb22xz1i95O7-NUUTE-GP7Ba8LBQ-ljjNg\/s1600\/67nxmMxNL0g.jpg","datePublished":"2014-06-14T11:57:00+00:00","author":{"@id":"https:\/\/psgfans.fr\/#\/schema\/person\/be2237e7a0237af2f29cb344b3c55e6c"},"breadcrumb":{"@id":"https:\/\/psgfans.fr\/?p=560#breadcrumb"},"inLanguage":"fr-FR","potentialAction":[{"@type":"ReadAction","target":["https:\/\/psgfans.fr\/?p=560"]}]},{"@type":"ImageObject","inLanguage":"fr-FR","@id":"https:\/\/psgfans.fr\/?p=560#primaryimage","url":"https:\/\/blogger.googleusercontent.com\/img\/b\/R29vZ2xl\/AVvXsEjZjmAr2KkxMwHMjH44frhn0JVHb4AAA33n1ji2Uiw5z7qMHz-zJiH8dbI-PCi0ZwJtmMxweDUtHc0ztqwERCFm5KZVmZss0kykhPfwoGuJdMb22xz1i95O7-NUUTE-GP7Ba8LBQ-ljjNg\/s1600\/67nxmMxNL0g.jpg","contentUrl":"https:\/\/blogger.googleusercontent.com\/img\/b\/R29vZ2xl\/AVvXsEjZjmAr2KkxMwHMjH44frhn0JVHb4AAA33n1ji2Uiw5z7qMHz-zJiH8dbI-PCi0ZwJtmMxweDUtHc0ztqwERCFm5KZVmZss0kykhPfwoGuJdMb22xz1i95O7-NUUTE-GP7Ba8LBQ-ljjNg\/s1600\/67nxmMxNL0g.jpg"},{"@type":"BreadcrumbList","@id":"https:\/\/psgfans.fr\/?p=560#breadcrumb","itemListElement":[{"@type":"ListItem","position":1,"name":"Accueil","item":"https:\/\/psgfans.fr\/"},{"@type":"ListItem","position":2,"name":"Record d&#39;abonn\u00e9s pour le PSG"}]},{"@type":"WebSite","@id":"https:\/\/psgfans.fr\/#website","url":"https:\/\/psgfans.fr\/","name":"PSG FANS","description":"Unit\u00e9, Passion, Victoire : Au C\u0153ur du Paris Saint-Germain!","potentialAction":[{"@type":"SearchAction","target":{"@type":"EntryPoint","urlTemplate":"https:\/\/psgfans.fr\/?s={search_term_string}"},"query-input":{"@type":"PropertyValueSpecification","valueRequired":true,"valueName":"search_term_string"}}],"inLanguage":"fr-FR"},{"@type":"Person","@id":"https:\/\/psgfans.fr\/#\/schema\/person\/be2237e7a0237af2f29cb344b3c55e6c","name":"psgfans","image":{"@type":"ImageObject","inLanguage":"fr-FR","@id":"https:\/\/secure.gravatar.com\/avatar\/?s=96&d=mm&r=g","url":"https:\/\/secure.gravatar.com\/avatar\/?s=96&d=mm&r=g","contentUrl":"https:\/\/secure.gravatar.com\/avatar\/?s=96&d=mm&r=g","caption":"psgfans"},"url":"https:\/\/psgfans.fr\/?author=2"}]}},"_links":{"self":[{"href":"https:\/\/psgfans.fr\/index.php?rest_route=\/wp\/v2\/posts\/560","targetHints":{"allow":["GET"]}}],"collection":[{"href":"https:\/\/psgfans.fr\/index.php?rest_route=\/wp\/v2\/posts"}],"about":[{"href":"https:\/\/psgfans.fr\/index.php?rest_route=\/wp\/v2\/types\/post"}],"author":[{"embeddable":true,"href":"https:\/\/psgfans.fr\/index.php?rest_route=\/wp\/v2\/users\/2"}],"replies":[{"embeddable":true,"href":"https:\/\/psgfans.fr\/index.php?rest_route=%2Fwp%2Fv2%2Fcomments&post=560"}],"version-history":[{"count":0,"href":"https:\/\/psgfans.fr\/index.php?rest_route=\/wp\/v2\/posts\/560\/revisions"}],"wp:attachment":[{"href":"https:\/\/psgfans.fr\/index.php?rest_route=%2Fwp%2Fv2%2Fmedia&parent=560"}],"wp:term":[{"taxonomy":"category","embeddable":true,"href":"https:\/\/psgfans.fr\/index.php?rest_route=%2Fwp%2Fv2%2Fcategories&post=560"},{"taxonomy":"post_tag","embeddable":true,"href":"https:\/\/psgfans.fr\/index.php?rest_route=%2Fwp%2Fv2%2Ftags&post=560"}],"curies":[{"name":"wp","href":"https:\/\/api.w.org\/{rel}","templated":true}]}}