{"id":559,"date":"2014-06-14T13:00:00","date_gmt":"2014-06-14T12:00:00","guid":{"rendered":"https:\/\/psgfans.fr\/?p=559"},"modified":"2014-06-14T13:00:00","modified_gmt":"2014-06-14T12:00:00","slug":"psg-fc-barcelone-marquinhos-vers-un-clash-avec-ses-dirigeants","status":"publish","type":"post","link":"https:\/\/psgfans.fr\/?p=559","title":{"rendered":"PSG, FC Barcelone : Marquinhos vers un clash avec ses dirigeants ?"},"content":{"rendered":"<div style=\"clear: both; text-align: center;\"><a href=\"https:\/\/blogger.googleusercontent.com\/img\/b\/R29vZ2xl\/AVvXsEipgZlBvYfr7bpvp-DARQc0bpvhi2rhXZZt43u4BbCJBqt-BIqWowIdbQ76Bx7y2i5PQ9MFxAbB0rH0diSTsU4Sba99K-N1flJ87jgIe4zd34ZfN1CnqM0Uxyyb3ieSSmPvJ-YTFxJRWgI\/s1600\/&amp;dc.jpg\" style=\"margin-left: 1em; margin-right: 1em;\"><img loading=\"lazy\" decoding=\"async\" border=\"0\" src=\"https:\/\/blogger.googleusercontent.com\/img\/b\/R29vZ2xl\/AVvXsEipgZlBvYfr7bpvp-DARQc0bpvhi2rhXZZt43u4BbCJBqt-BIqWowIdbQ76Bx7y2i5PQ9MFxAbB0rH0diSTsU4Sba99K-N1flJ87jgIe4zd34ZfN1CnqM0Uxyyb3ieSSmPvJ-YTFxJRWgI\/s1600\/&amp;dc.jpg\" height=\"266\" width=\"400\" \/><\/a><\/div>\n<p>S\u2019il n\u2019a pas encore atteint, sur le terrain, le niveau de Thiago Silva, le d\u00e9fenseur du PSG Marquinhos a trouv\u00e9 une autre fa\u00e7on de marcher dans les pas de son mod\u00e8le : lui aussi est au centre d\u2019un bras de fer entre le PSG et le FC Barcelone, comme cela avait \u00e9t\u00e9 le cas du \u00ab Monstre \u00bb il y a un an.<\/p>\n<p><b>Marquinhos et le FC Barcelone d\u00e9j\u00e0 d\u2019accord sur le contrat<\/b><\/p>\n<p>Pour rappel, les dirigeants Blaugrana ont fait du joueur de 21 ans l\u2019une de leurs cibles prioritaires afin de renforcer la d\u00e9fense. Mais le pr\u00e9sident du club de la capitale Nasser Al-Khela\u00effi semble r\u00e9ticent \u00e0 l\u2019id\u00e9e de l\u00e2cher celui qu\u2019il avait recrut\u00e9 pour 31 millions d\u2019euros \u00e0 l\u2019AS Rome en juillet 2013.<\/p>\n<p>La presse catalane se refuse pourtant \u00e0 enterrer la piste menant \u00e0 l\u2019international br\u00e9silien. Mieux, le quotidien El Mundo Deportivo assure ce samedi que Raul Sanllehi, l\u2019un des recruteurs du Bar\u00e7a, s\u2019est rendu au Br\u00e9sil en fin de semaine et a rencontr\u00e9 l\u2019entourage de Marquinhos, lequel passe ses vacances \u00e0 Guaruja, pr\u00e8s de Sao Paulo.<\/p>\n<p><b>Une strat\u00e9gie mise au point pour quitter le PSG<\/b><\/p>\n<p>\u00c0 cette occasion, les deux camps auraient mis au point une strat\u00e9gie visant \u00e0 faciliter le d\u00e9part de l\u2019ancien Romain, qui se serait d\u00e9j\u00e0 mis d\u2019accord avec le FC Barcelone au sujet de son salaire, des primes qu\u2019il percevra et de la dur\u00e9e de son contrat. De quelle strat\u00e9gie peut-il s\u2019agir ? El Mundo Deportivo ne le pr\u00e9cise pas. Mais si Nasser Al-Khela\u00effi reste inflexible, il ne restera plus au jeune Br\u00e9silien que la solution du bras de fer avec ses dirigeants pour forcer un d\u00e9part.<\/p>\n<p>Le quotidien pr\u00e9cise toutefois que le Bar\u00e7a est pr\u00eat \u00e0 se montrer patient, conscient que le PSG ne l\u00e2chera pas son joueur sans avoir au pr\u00e9alable recrut\u00e9 un stoppeur suppl\u00e9mentaire. Lequel pourrait \u00eatre, comme cela a d\u00e9j\u00e0 \u00e9t\u00e9 sugg\u00e9r\u00e9, le Milanais Philippe Mex\u00e8s.<\/p>\n<p>butfootballclub<\/p>\n","protected":false},"excerpt":{"rendered":"<p>S\u2019il n\u2019a pas encore atteint, sur le terrain, le niveau de Thiago Silva, le d\u00e9fenseur du PSG Marquinhos a trouv\u00e9 une autre fa\u00e7on de marcher dans les pas de son mod\u00e8le : lui aussi est au centre d\u2019un bras de fer entre le PSG et le FC Barcelone, comme cela avait \u00e9t\u00e9 le cas du [&hellip;]<\/p>\n","protected":false},"author":2,"featured_media":0,"comment_status":"open","ping_status":"open","sticky":false,"template":"","format":"standard","meta":{"footnotes":""},"categories":[3],"tags":[],"class_list":{"0":"post-559","1":"post","2":"type-post","3":"status-publish","4":"format-standard","6":"category-news"},"yoast_head":"<!-- This site is optimized with the Yoast SEO plugin v27.4 - https:\/\/yoast.com\/product\/yoast-seo-wordpress\/ -->\n<title>PSG, FC Barcelone : Marquinhos vers un clash avec ses dirigeants ? - PSG FANS<\/title>\n<meta name=\"robots\" content=\"index, follow, max-snippet:-1, max-image-preview:large, max-video-preview:-1\" \/>\n<link rel=\"canonical\" href=\"https:\/\/psgfans.fr\/?p=559\" \/>\n<meta property=\"og:locale\" content=\"fr_FR\" \/>\n<meta property=\"og:type\" content=\"article\" \/>\n<meta property=\"og:title\" content=\"PSG, FC Barcelone : Marquinhos vers un clash avec ses dirigeants ? - PSG FANS\" \/>\n<meta property=\"og:description\" content=\"S\u2019il n\u2019a pas encore atteint, sur le terrain, le niveau de Thiago Silva, le d\u00e9fenseur du PSG Marquinhos a trouv\u00e9 une autre fa\u00e7on de marcher dans les pas de son mod\u00e8le : lui aussi est au centre d\u2019un bras de fer entre le PSG et le FC Barcelone, comme cela avait \u00e9t\u00e9 le cas du [&hellip;]\" \/>\n<meta property=\"og:url\" content=\"https:\/\/psgfans.fr\/?p=559\" \/>\n<meta property=\"og:site_name\" content=\"PSG FANS\" \/>\n<meta property=\"article:published_time\" content=\"2014-06-14T12:00:00+00:00\" \/>\n<meta property=\"og:image\" content=\"https:\/\/blogger.googleusercontent.com\/img\/b\/R29vZ2xl\/AVvXsEipgZlBvYfr7bpvp-DARQc0bpvhi2rhXZZt43u4BbCJBqt-BIqWowIdbQ76Bx7y2i5PQ9MFxAbB0rH0diSTsU4Sba99K-N1flJ87jgIe4zd34ZfN1CnqM0Uxyyb3ieSSmPvJ-YTFxJRWgI\/s1600\/&amp;dc.jpg\" \/>\n<meta name=\"author\" content=\"psgfans\" \/>\n<meta name=\"twitter:card\" content=\"summary_large_image\" \/>\n<meta name=\"twitter:label1\" content=\"\u00c9crit par\" \/>\n\t<meta name=\"twitter:data1\" content=\"psgfans\" \/>\n\t<meta name=\"twitter:label2\" content=\"Dur\u00e9e de lecture estim\u00e9e\" \/>\n\t<meta name=\"twitter:data2\" content=\"2 minutes\" \/>\n<script type=\"application\/ld+json\" class=\"yoast-schema-graph\">{\"@context\":\"https:\\\/\\\/schema.org\",\"@graph\":[{\"@type\":\"Article\",\"@id\":\"https:\\\/\\\/psgfans.fr\\\/?p=559#article\",\"isPartOf\":{\"@id\":\"https:\\\/\\\/psgfans.fr\\\/?p=559\"},\"author\":{\"name\":\"psgfans\",\"@id\":\"https:\\\/\\\/psgfans.fr\\\/#\\\/schema\\\/person\\\/be2237e7a0237af2f29cb344b3c55e6c\"},\"headline\":\"PSG, FC Barcelone : Marquinhos vers un clash avec ses dirigeants ?\",\"datePublished\":\"2014-06-14T12:00:00+00:00\",\"mainEntityOfPage\":{\"@id\":\"https:\\\/\\\/psgfans.fr\\\/?p=559\"},\"wordCount\":364,\"commentCount\":0,\"image\":{\"@id\":\"https:\\\/\\\/psgfans.fr\\\/?p=559#primaryimage\"},\"thumbnailUrl\":\"https:\\\/\\\/blogger.googleusercontent.com\\\/img\\\/b\\\/R29vZ2xl\\\/AVvXsEipgZlBvYfr7bpvp-DARQc0bpvhi2rhXZZt43u4BbCJBqt-BIqWowIdbQ76Bx7y2i5PQ9MFxAbB0rH0diSTsU4Sba99K-N1flJ87jgIe4zd34ZfN1CnqM0Uxyyb3ieSSmPvJ-YTFxJRWgI\\\/s1600\\\/&amp;dc.jpg\",\"articleSection\":[\"News\"],\"inLanguage\":\"fr-FR\",\"potentialAction\":[{\"@type\":\"CommentAction\",\"name\":\"Comment\",\"target\":[\"https:\\\/\\\/psgfans.fr\\\/?p=559#respond\"]}]},{\"@type\":\"WebPage\",\"@id\":\"https:\\\/\\\/psgfans.fr\\\/?p=559\",\"url\":\"https:\\\/\\\/psgfans.fr\\\/?p=559\",\"name\":\"PSG, FC Barcelone : Marquinhos vers un clash avec ses dirigeants ? - PSG FANS\",\"isPartOf\":{\"@id\":\"https:\\\/\\\/psgfans.fr\\\/#website\"},\"primaryImageOfPage\":{\"@id\":\"https:\\\/\\\/psgfans.fr\\\/?p=559#primaryimage\"},\"image\":{\"@id\":\"https:\\\/\\\/psgfans.fr\\\/?p=559#primaryimage\"},\"thumbnailUrl\":\"https:\\\/\\\/blogger.googleusercontent.com\\\/img\\\/b\\\/R29vZ2xl\\\/AVvXsEipgZlBvYfr7bpvp-DARQc0bpvhi2rhXZZt43u4BbCJBqt-BIqWowIdbQ76Bx7y2i5PQ9MFxAbB0rH0diSTsU4Sba99K-N1flJ87jgIe4zd34ZfN1CnqM0Uxyyb3ieSSmPvJ-YTFxJRWgI\\\/s1600\\\/&amp;dc.jpg\",\"datePublished\":\"2014-06-14T12:00:00+00:00\",\"author\":{\"@id\":\"https:\\\/\\\/psgfans.fr\\\/#\\\/schema\\\/person\\\/be2237e7a0237af2f29cb344b3c55e6c\"},\"breadcrumb\":{\"@id\":\"https:\\\/\\\/psgfans.fr\\\/?p=559#breadcrumb\"},\"inLanguage\":\"fr-FR\",\"potentialAction\":[{\"@type\":\"ReadAction\",\"target\":[\"https:\\\/\\\/psgfans.fr\\\/?p=559\"]}]},{\"@type\":\"ImageObject\",\"inLanguage\":\"fr-FR\",\"@id\":\"https:\\\/\\\/psgfans.fr\\\/?p=559#primaryimage\",\"url\":\"https:\\\/\\\/blogger.googleusercontent.com\\\/img\\\/b\\\/R29vZ2xl\\\/AVvXsEipgZlBvYfr7bpvp-DARQc0bpvhi2rhXZZt43u4BbCJBqt-BIqWowIdbQ76Bx7y2i5PQ9MFxAbB0rH0diSTsU4Sba99K-N1flJ87jgIe4zd34ZfN1CnqM0Uxyyb3ieSSmPvJ-YTFxJRWgI\\\/s1600\\\/&amp;dc.jpg\",\"contentUrl\":\"https:\\\/\\\/blogger.googleusercontent.com\\\/img\\\/b\\\/R29vZ2xl\\\/AVvXsEipgZlBvYfr7bpvp-DARQc0bpvhi2rhXZZt43u4BbCJBqt-BIqWowIdbQ76Bx7y2i5PQ9MFxAbB0rH0diSTsU4Sba99K-N1flJ87jgIe4zd34ZfN1CnqM0Uxyyb3ieSSmPvJ-YTFxJRWgI\\\/s1600\\\/&amp;dc.jpg\"},{\"@type\":\"BreadcrumbList\",\"@id\":\"https:\\\/\\\/psgfans.fr\\\/?p=559#breadcrumb\",\"itemListElement\":[{\"@type\":\"ListItem\",\"position\":1,\"name\":\"Accueil\",\"item\":\"https:\\\/\\\/psgfans.fr\\\/\"},{\"@type\":\"ListItem\",\"position\":2,\"name\":\"PSG, FC Barcelone : Marquinhos vers un clash avec ses dirigeants ?\"}]},{\"@type\":\"WebSite\",\"@id\":\"https:\\\/\\\/psgfans.fr\\\/#website\",\"url\":\"https:\\\/\\\/psgfans.fr\\\/\",\"name\":\"PSG FANS\",\"description\":\"Unit\u00e9, Passion, Victoire : Au C\u0153ur du Paris Saint-Germain!\",\"potentialAction\":[{\"@type\":\"SearchAction\",\"target\":{\"@type\":\"EntryPoint\",\"urlTemplate\":\"https:\\\/\\\/psgfans.fr\\\/?s={search_term_string}\"},\"query-input\":{\"@type\":\"PropertyValueSpecification\",\"valueRequired\":true,\"valueName\":\"search_term_string\"}}],\"inLanguage\":\"fr-FR\"},{\"@type\":\"Person\",\"@id\":\"https:\\\/\\\/psgfans.fr\\\/#\\\/schema\\\/person\\\/be2237e7a0237af2f29cb344b3c55e6c\",\"name\":\"psgfans\",\"image\":{\"@type\":\"ImageObject\",\"inLanguage\":\"fr-FR\",\"@id\":\"https:\\\/\\\/secure.gravatar.com\\\/avatar\\\/?s=96&d=mm&r=g\",\"url\":\"https:\\\/\\\/secure.gravatar.com\\\/avatar\\\/?s=96&d=mm&r=g\",\"contentUrl\":\"https:\\\/\\\/secure.gravatar.com\\\/avatar\\\/?s=96&d=mm&r=g\",\"caption\":\"psgfans\"},\"url\":\"https:\\\/\\\/psgfans.fr\\\/?author=2\"}]}<\/script>\n<!-- \/ Yoast SEO plugin. -->","yoast_head_json":{"title":"PSG, FC Barcelone : Marquinhos vers un clash avec ses dirigeants ? - PSG FANS","robots":{"index":"index","follow":"follow","max-snippet":"max-snippet:-1","max-image-preview":"max-image-preview:large","max-video-preview":"max-video-preview:-1"},"canonical":"https:\/\/psgfans.fr\/?p=559","og_locale":"fr_FR","og_type":"article","og_title":"PSG, FC Barcelone : Marquinhos vers un clash avec ses dirigeants ? - PSG FANS","og_description":"S\u2019il n\u2019a pas encore atteint, sur le terrain, le niveau de Thiago Silva, le d\u00e9fenseur du PSG Marquinhos a trouv\u00e9 une autre fa\u00e7on de marcher dans les pas de son mod\u00e8le : lui aussi est au centre d\u2019un bras de fer entre le PSG et le FC Barcelone, comme cela avait \u00e9t\u00e9 le cas du [&hellip;]","og_url":"https:\/\/psgfans.fr\/?p=559","og_site_name":"PSG FANS","article_published_time":"2014-06-14T12:00:00+00:00","og_image":[{"url":"https:\/\/blogger.googleusercontent.com\/img\/b\/R29vZ2xl\/AVvXsEipgZlBvYfr7bpvp-DARQc0bpvhi2rhXZZt43u4BbCJBqt-BIqWowIdbQ76Bx7y2i5PQ9MFxAbB0rH0diSTsU4Sba99K-N1flJ87jgIe4zd34ZfN1CnqM0Uxyyb3ieSSmPvJ-YTFxJRWgI\/s1600\/&amp;dc.jpg","type":"","width":"","height":""}],"author":"psgfans","twitter_card":"summary_large_image","twitter_misc":{"\u00c9crit par":"psgfans","Dur\u00e9e de lecture estim\u00e9e":"2 minutes"},"schema":{"@context":"https:\/\/schema.org","@graph":[{"@type":"Article","@id":"https:\/\/psgfans.fr\/?p=559#article","isPartOf":{"@id":"https:\/\/psgfans.fr\/?p=559"},"author":{"name":"psgfans","@id":"https:\/\/psgfans.fr\/#\/schema\/person\/be2237e7a0237af2f29cb344b3c55e6c"},"headline":"PSG, FC Barcelone : Marquinhos vers un clash avec ses dirigeants ?","datePublished":"2014-06-14T12:00:00+00:00","mainEntityOfPage":{"@id":"https:\/\/psgfans.fr\/?p=559"},"wordCount":364,"commentCount":0,"image":{"@id":"https:\/\/psgfans.fr\/?p=559#primaryimage"},"thumbnailUrl":"https:\/\/blogger.googleusercontent.com\/img\/b\/R29vZ2xl\/AVvXsEipgZlBvYfr7bpvp-DARQc0bpvhi2rhXZZt43u4BbCJBqt-BIqWowIdbQ76Bx7y2i5PQ9MFxAbB0rH0diSTsU4Sba99K-N1flJ87jgIe4zd34ZfN1CnqM0Uxyyb3ieSSmPvJ-YTFxJRWgI\/s1600\/&amp;dc.jpg","articleSection":["News"],"inLanguage":"fr-FR","potentialAction":[{"@type":"CommentAction","name":"Comment","target":["https:\/\/psgfans.fr\/?p=559#respond"]}]},{"@type":"WebPage","@id":"https:\/\/psgfans.fr\/?p=559","url":"https:\/\/psgfans.fr\/?p=559","name":"PSG, FC Barcelone : Marquinhos vers un clash avec ses dirigeants ? - PSG FANS","isPartOf":{"@id":"https:\/\/psgfans.fr\/#website"},"primaryImageOfPage":{"@id":"https:\/\/psgfans.fr\/?p=559#primaryimage"},"image":{"@id":"https:\/\/psgfans.fr\/?p=559#primaryimage"},"thumbnailUrl":"https:\/\/blogger.googleusercontent.com\/img\/b\/R29vZ2xl\/AVvXsEipgZlBvYfr7bpvp-DARQc0bpvhi2rhXZZt43u4BbCJBqt-BIqWowIdbQ76Bx7y2i5PQ9MFxAbB0rH0diSTsU4Sba99K-N1flJ87jgIe4zd34ZfN1CnqM0Uxyyb3ieSSmPvJ-YTFxJRWgI\/s1600\/&amp;dc.jpg","datePublished":"2014-06-14T12:00:00+00:00","author":{"@id":"https:\/\/psgfans.fr\/#\/schema\/person\/be2237e7a0237af2f29cb344b3c55e6c"},"breadcrumb":{"@id":"https:\/\/psgfans.fr\/?p=559#breadcrumb"},"inLanguage":"fr-FR","potentialAction":[{"@type":"ReadAction","target":["https:\/\/psgfans.fr\/?p=559"]}]},{"@type":"ImageObject","inLanguage":"fr-FR","@id":"https:\/\/psgfans.fr\/?p=559#primaryimage","url":"https:\/\/blogger.googleusercontent.com\/img\/b\/R29vZ2xl\/AVvXsEipgZlBvYfr7bpvp-DARQc0bpvhi2rhXZZt43u4BbCJBqt-BIqWowIdbQ76Bx7y2i5PQ9MFxAbB0rH0diSTsU4Sba99K-N1flJ87jgIe4zd34ZfN1CnqM0Uxyyb3ieSSmPvJ-YTFxJRWgI\/s1600\/&amp;dc.jpg","contentUrl":"https:\/\/blogger.googleusercontent.com\/img\/b\/R29vZ2xl\/AVvXsEipgZlBvYfr7bpvp-DARQc0bpvhi2rhXZZt43u4BbCJBqt-BIqWowIdbQ76Bx7y2i5PQ9MFxAbB0rH0diSTsU4Sba99K-N1flJ87jgIe4zd34ZfN1CnqM0Uxyyb3ieSSmPvJ-YTFxJRWgI\/s1600\/&amp;dc.jpg"},{"@type":"BreadcrumbList","@id":"https:\/\/psgfans.fr\/?p=559#breadcrumb","itemListElement":[{"@type":"ListItem","position":1,"name":"Accueil","item":"https:\/\/psgfans.fr\/"},{"@type":"ListItem","position":2,"name":"PSG, FC Barcelone : Marquinhos vers un clash avec ses dirigeants ?"}]},{"@type":"WebSite","@id":"https:\/\/psgfans.fr\/#website","url":"https:\/\/psgfans.fr\/","name":"PSG FANS","description":"Unit\u00e9, Passion, Victoire : Au C\u0153ur du Paris Saint-Germain!","potentialAction":[{"@type":"SearchAction","target":{"@type":"EntryPoint","urlTemplate":"https:\/\/psgfans.fr\/?s={search_term_string}"},"query-input":{"@type":"PropertyValueSpecification","valueRequired":true,"valueName":"search_term_string"}}],"inLanguage":"fr-FR"},{"@type":"Person","@id":"https:\/\/psgfans.fr\/#\/schema\/person\/be2237e7a0237af2f29cb344b3c55e6c","name":"psgfans","image":{"@type":"ImageObject","inLanguage":"fr-FR","@id":"https:\/\/secure.gravatar.com\/avatar\/?s=96&d=mm&r=g","url":"https:\/\/secure.gravatar.com\/avatar\/?s=96&d=mm&r=g","contentUrl":"https:\/\/secure.gravatar.com\/avatar\/?s=96&d=mm&r=g","caption":"psgfans"},"url":"https:\/\/psgfans.fr\/?author=2"}]}},"_links":{"self":[{"href":"https:\/\/psgfans.fr\/index.php?rest_route=\/wp\/v2\/posts\/559","targetHints":{"allow":["GET"]}}],"collection":[{"href":"https:\/\/psgfans.fr\/index.php?rest_route=\/wp\/v2\/posts"}],"about":[{"href":"https:\/\/psgfans.fr\/index.php?rest_route=\/wp\/v2\/types\/post"}],"author":[{"embeddable":true,"href":"https:\/\/psgfans.fr\/index.php?rest_route=\/wp\/v2\/users\/2"}],"replies":[{"embeddable":true,"href":"https:\/\/psgfans.fr\/index.php?rest_route=%2Fwp%2Fv2%2Fcomments&post=559"}],"version-history":[{"count":0,"href":"https:\/\/psgfans.fr\/index.php?rest_route=\/wp\/v2\/posts\/559\/revisions"}],"wp:attachment":[{"href":"https:\/\/psgfans.fr\/index.php?rest_route=%2Fwp%2Fv2%2Fmedia&parent=559"}],"wp:term":[{"taxonomy":"category","embeddable":true,"href":"https:\/\/psgfans.fr\/index.php?rest_route=%2Fwp%2Fv2%2Fcategories&post=559"},{"taxonomy":"post_tag","embeddable":true,"href":"https:\/\/psgfans.fr\/index.php?rest_route=%2Fwp%2Fv2%2Ftags&post=559"}],"curies":[{"name":"wp","href":"https:\/\/api.w.org\/{rel}","templated":true}]}}