{"id":557,"date":"2014-06-19T16:26:00","date_gmt":"2014-06-19T15:26:00","guid":{"rendered":"https:\/\/psgfans.fr\/?p=557"},"modified":"2014-06-19T16:26:00","modified_gmt":"2014-06-19T15:26:00","slug":"marquinhos-reste-au-psg-alves-sen-eloigne","status":"publish","type":"post","link":"https:\/\/psgfans.fr\/?p=557","title":{"rendered":"Marquinhos reste au PSG, Alves s&#39;en \u00e9loigne"},"content":{"rendered":"<div style=\"clear: both; text-align: center;\"><a href=\"https:\/\/blogger.googleusercontent.com\/img\/b\/R29vZ2xl\/AVvXsEiWRFyhInTg8_Qj697q8E05FaSz8gNgPBjEv7LMDMn1sW8EK_Ho6ouId4xlf9NaxvEnpqViY5eu3DYJ50nDsODrtA9m4JYP0fign1jXRu_TG8LhIR2d-EmVc-0lJhVsf3QJOi87XUxZ6cA\/s1600\/&amp;azds.jpg\" style=\"margin-left: 1em; margin-right: 1em;\"><img loading=\"lazy\" decoding=\"async\" border=\"0\" src=\"https:\/\/blogger.googleusercontent.com\/img\/b\/R29vZ2xl\/AVvXsEiWRFyhInTg8_Qj697q8E05FaSz8gNgPBjEv7LMDMn1sW8EK_Ho6ouId4xlf9NaxvEnpqViY5eu3DYJ50nDsODrtA9m4JYP0fign1jXRu_TG8LhIR2d-EmVc-0lJhVsf3QJOi87XUxZ6cA\/s1600\/&amp;azds.jpg\" height=\"192\" width=\"320\" \/><\/a><\/div>\n<p><b><br \/><\/b><b>Annonc\u00e9 depuis plusieurs semaines au Paris Saint-Germain, Daniel Alves a d\u00e9menti tout d\u00e9part apr\u00e8s le match nul du Br\u00e9sil face au Mexique (0-0). En parall\u00e8le, Laurent Blanc a affirm\u00e9 que Marquinhos restera parisien la saison prochaine. La venue de l&rsquo;arri\u00e8re barcelonais se complique&#8230;<\/b><\/p>\n<p>Daniel Alves avait l\u00e2ch\u00e9 une petite bombe, mardi, apr\u00e8s le match nul du Br\u00e9sil face au Mexique (0-0). Alors que la presse espagnole \u00e9voquait avec insistance le transfert de Marquinhos au Bar\u00e7a pour 20 millions d\u2019euros plus le lat\u00e9ral br\u00e9silien en prime, Alves ne se voyait finalement plus changer de club cet \u00e9t\u00e9 : \u00abJ\u2019esp\u00e8re rester, je crois d\u2019ailleurs que je vais rester\u00bb. Il y a peu, le joueur barcelonais avait \u00e9voqu\u00e9 un possible d\u00e9part et avait m\u00eame lanc\u00e9 un appel du pied au Paris Saint-Germain dans le magazine Surface : \u00abJ\u2019aime jouer pour les grands clubs, \u00e7a fait partie de mes r\u00eaves. En fait je veux jouer pour ceux qui sont en capacit\u00e9 de m\u2019offrir des d\u00e9fis. Et le PSG est un excellent club\u00bb.<br \/>C\u2019\u00e9tait sans compter l\u2019envie du PSG de conserver le jeune Marquinhos. Le transfert du d\u00e9fenseur central \u00e9tait la seule condition \u00e0 la venue de Dani Alves au PSG. Laurent Blanc a affirm\u00e9, au micro de RMC, que son joueur ne bougera pas lors de ce mercato : \u00abSi Marquinhos va quitter le Paris Saint-Germain lors du mercato estival ? Non, il reste, c\u2019est s\u00fbr et certain\u00bb. Le club parisien conserve donc sa petite p\u00e9pite mais voit la piste Dani Alves s\u2019\u00e9carter. Laurent Blanc va devoir trouver d\u2019autres options pour l\u2019amener de l\u2019autre c\u00f4t\u00e9 des Pyr\u00e9n\u00e9es, surtout que le Br\u00e9silien n\u2019est plus s\u00fbr de rien\u2026 En effet, les rumeurs du d\u00e9part de Xavi \u00e0 Al-Saad, au Qatar, semble lui avoir mis le doute. Pas encore au courant de cette nouvelle avant son arriv\u00e9e en conf\u00e9rence de presse, Dani Alves est rest\u00e9 incr\u00e9dule : \u00abVous plaisantez ? Je ne peux pas y croire. Ce n\u2019est pas possible. Pas Xavi. Si lui s\u2019en va, lui qui est un embl\u00e8me, c\u2019est que tout le monde peut partir. Je ne comprends pas. \u00c7a me laisse en \u00e9tat de choc\u00bb.<br \/>Pouss\u00e9 vers la sortie au Bar\u00e7a ?<br \/>Dani Alves ne croit pas si bien dire puisqu\u2019avec l\u2019arriv\u00e9e de Luis Enrique sur le banc blaugrana, les cadres ne sont plus \u00e0 l\u2019abri : Fabregas est parti \u00e0 Chelsea, les deux gardiens, Victor Valdes et Jos\u00e9 Manuel Pinto, sont donn\u00e9s sur le d\u00e9part et Carles Puyol a raccroch\u00e9 les crampons. L\u2019ancien entra\u00eeneur du Celta Vigo s\u2019active sur le march\u00e9 des transferts pour rajeunir l\u2019\u00e9quipe. Un choix difficile qu\u2019il a, n\u00e9anmoins, assum\u00e9 : \u00abPour reconstruire, il faut affronter la r\u00e9alit\u00e9 et la r\u00e9alit\u00e9 actuelle est un besoin de changement. Le club prendra des d\u00e9cisions et l\u2019\u00e9quipe redeviendra comp\u00e9titive\u00bb. Barcelone n\u2019a plus \u00e9t\u00e9 aussi pr\u00e9sent d\u00e8s le d\u00e9but de mercato depuis de nombreuses ann\u00e9es. Le club catalan a d\u00e9j\u00e0 sign\u00e9 Ivan Rakitic, pour une dur\u00e9e de cinq ans, et les journaux hispaniques \u00e9voquent les noms de Marc-Andr\u00e9 Ter Stegen, Gonzalo Higuain et de Guillermo Cuadrado, dont le profil polyvalent pourrait mettre en danger Dani Alves. Le Br\u00e9silien, \u00e2g\u00e9 de 31 ans, n\u2019a plus qu\u2019un an de contrat et son club ne serait pas si press\u00e9 pour le prolonger. Le PSG, qui refuserait donc d&rsquo;inclure Marquinhos dans la transaction, pourrait donc faire le forcing et convaincre le Barcelonais avec ses atouts bien connus.<\/p>\n<p>sport24.lefigaro.fr<\/p>\n","protected":false},"excerpt":{"rendered":"<p>Annonc\u00e9 depuis plusieurs semaines au Paris Saint-Germain, Daniel Alves a d\u00e9menti tout d\u00e9part apr\u00e8s le match nul du Br\u00e9sil face au Mexique (0-0). En parall\u00e8le, Laurent Blanc a affirm\u00e9 que Marquinhos restera parisien la saison prochaine. La venue de l&rsquo;arri\u00e8re barcelonais se complique&#8230; Daniel Alves avait l\u00e2ch\u00e9 une petite bombe, mardi, apr\u00e8s le match nul [&hellip;]<\/p>\n","protected":false},"author":2,"featured_media":0,"comment_status":"open","ping_status":"open","sticky":false,"template":"","format":"standard","meta":{"footnotes":""},"categories":[3],"tags":[],"class_list":{"0":"post-557","1":"post","2":"type-post","3":"status-publish","4":"format-standard","6":"category-news"},"yoast_head":"<!-- This site is optimized with the Yoast SEO plugin v27.4 - https:\/\/yoast.com\/product\/yoast-seo-wordpress\/ -->\n<title>Marquinhos reste au PSG, Alves s&#039;en \u00e9loigne - PSG FANS<\/title>\n<meta name=\"robots\" content=\"index, follow, max-snippet:-1, max-image-preview:large, max-video-preview:-1\" \/>\n<link rel=\"canonical\" href=\"https:\/\/psgfans.fr\/?p=557\" \/>\n<meta property=\"og:locale\" content=\"fr_FR\" \/>\n<meta property=\"og:type\" content=\"article\" \/>\n<meta property=\"og:title\" content=\"Marquinhos reste au PSG, Alves s&#039;en \u00e9loigne - PSG FANS\" \/>\n<meta property=\"og:description\" content=\"Annonc\u00e9 depuis plusieurs semaines au Paris Saint-Germain, Daniel Alves a d\u00e9menti tout d\u00e9part apr\u00e8s le match nul du Br\u00e9sil face au Mexique (0-0). En parall\u00e8le, Laurent Blanc a affirm\u00e9 que Marquinhos restera parisien la saison prochaine. La venue de l&rsquo;arri\u00e8re barcelonais se complique&#8230; Daniel Alves avait l\u00e2ch\u00e9 une petite bombe, mardi, apr\u00e8s le match nul [&hellip;]\" \/>\n<meta property=\"og:url\" content=\"https:\/\/psgfans.fr\/?p=557\" \/>\n<meta property=\"og:site_name\" content=\"PSG FANS\" \/>\n<meta property=\"article:published_time\" content=\"2014-06-19T15:26:00+00:00\" \/>\n<meta property=\"og:image\" content=\"https:\/\/blogger.googleusercontent.com\/img\/b\/R29vZ2xl\/AVvXsEiWRFyhInTg8_Qj697q8E05FaSz8gNgPBjEv7LMDMn1sW8EK_Ho6ouId4xlf9NaxvEnpqViY5eu3DYJ50nDsODrtA9m4JYP0fign1jXRu_TG8LhIR2d-EmVc-0lJhVsf3QJOi87XUxZ6cA\/s1600\/&amp;azds.jpg\" \/>\n<meta name=\"author\" content=\"psgfans\" \/>\n<meta name=\"twitter:card\" content=\"summary_large_image\" \/>\n<meta name=\"twitter:label1\" content=\"\u00c9crit par\" \/>\n\t<meta name=\"twitter:data1\" content=\"psgfans\" \/>\n\t<meta name=\"twitter:label2\" content=\"Dur\u00e9e de lecture estim\u00e9e\" \/>\n\t<meta name=\"twitter:data2\" content=\"3 minutes\" \/>\n<script type=\"application\/ld+json\" class=\"yoast-schema-graph\">{\"@context\":\"https:\\\/\\\/schema.org\",\"@graph\":[{\"@type\":\"Article\",\"@id\":\"https:\\\/\\\/psgfans.fr\\\/?p=557#article\",\"isPartOf\":{\"@id\":\"https:\\\/\\\/psgfans.fr\\\/?p=557\"},\"author\":{\"name\":\"psgfans\",\"@id\":\"https:\\\/\\\/psgfans.fr\\\/#\\\/schema\\\/person\\\/be2237e7a0237af2f29cb344b3c55e6c\"},\"headline\":\"Marquinhos reste au PSG, Alves s&#39;en \u00e9loigne\",\"datePublished\":\"2014-06-19T15:26:00+00:00\",\"mainEntityOfPage\":{\"@id\":\"https:\\\/\\\/psgfans.fr\\\/?p=557\"},\"wordCount\":632,\"commentCount\":0,\"image\":{\"@id\":\"https:\\\/\\\/psgfans.fr\\\/?p=557#primaryimage\"},\"thumbnailUrl\":\"https:\\\/\\\/blogger.googleusercontent.com\\\/img\\\/b\\\/R29vZ2xl\\\/AVvXsEiWRFyhInTg8_Qj697q8E05FaSz8gNgPBjEv7LMDMn1sW8EK_Ho6ouId4xlf9NaxvEnpqViY5eu3DYJ50nDsODrtA9m4JYP0fign1jXRu_TG8LhIR2d-EmVc-0lJhVsf3QJOi87XUxZ6cA\\\/s1600\\\/&amp;azds.jpg\",\"articleSection\":[\"News\"],\"inLanguage\":\"fr-FR\",\"potentialAction\":[{\"@type\":\"CommentAction\",\"name\":\"Comment\",\"target\":[\"https:\\\/\\\/psgfans.fr\\\/?p=557#respond\"]}]},{\"@type\":\"WebPage\",\"@id\":\"https:\\\/\\\/psgfans.fr\\\/?p=557\",\"url\":\"https:\\\/\\\/psgfans.fr\\\/?p=557\",\"name\":\"Marquinhos reste au PSG, Alves s&#39;en \u00e9loigne - PSG FANS\",\"isPartOf\":{\"@id\":\"https:\\\/\\\/psgfans.fr\\\/#website\"},\"primaryImageOfPage\":{\"@id\":\"https:\\\/\\\/psgfans.fr\\\/?p=557#primaryimage\"},\"image\":{\"@id\":\"https:\\\/\\\/psgfans.fr\\\/?p=557#primaryimage\"},\"thumbnailUrl\":\"https:\\\/\\\/blogger.googleusercontent.com\\\/img\\\/b\\\/R29vZ2xl\\\/AVvXsEiWRFyhInTg8_Qj697q8E05FaSz8gNgPBjEv7LMDMn1sW8EK_Ho6ouId4xlf9NaxvEnpqViY5eu3DYJ50nDsODrtA9m4JYP0fign1jXRu_TG8LhIR2d-EmVc-0lJhVsf3QJOi87XUxZ6cA\\\/s1600\\\/&amp;azds.jpg\",\"datePublished\":\"2014-06-19T15:26:00+00:00\",\"author\":{\"@id\":\"https:\\\/\\\/psgfans.fr\\\/#\\\/schema\\\/person\\\/be2237e7a0237af2f29cb344b3c55e6c\"},\"breadcrumb\":{\"@id\":\"https:\\\/\\\/psgfans.fr\\\/?p=557#breadcrumb\"},\"inLanguage\":\"fr-FR\",\"potentialAction\":[{\"@type\":\"ReadAction\",\"target\":[\"https:\\\/\\\/psgfans.fr\\\/?p=557\"]}]},{\"@type\":\"ImageObject\",\"inLanguage\":\"fr-FR\",\"@id\":\"https:\\\/\\\/psgfans.fr\\\/?p=557#primaryimage\",\"url\":\"https:\\\/\\\/blogger.googleusercontent.com\\\/img\\\/b\\\/R29vZ2xl\\\/AVvXsEiWRFyhInTg8_Qj697q8E05FaSz8gNgPBjEv7LMDMn1sW8EK_Ho6ouId4xlf9NaxvEnpqViY5eu3DYJ50nDsODrtA9m4JYP0fign1jXRu_TG8LhIR2d-EmVc-0lJhVsf3QJOi87XUxZ6cA\\\/s1600\\\/&amp;azds.jpg\",\"contentUrl\":\"https:\\\/\\\/blogger.googleusercontent.com\\\/img\\\/b\\\/R29vZ2xl\\\/AVvXsEiWRFyhInTg8_Qj697q8E05FaSz8gNgPBjEv7LMDMn1sW8EK_Ho6ouId4xlf9NaxvEnpqViY5eu3DYJ50nDsODrtA9m4JYP0fign1jXRu_TG8LhIR2d-EmVc-0lJhVsf3QJOi87XUxZ6cA\\\/s1600\\\/&amp;azds.jpg\"},{\"@type\":\"BreadcrumbList\",\"@id\":\"https:\\\/\\\/psgfans.fr\\\/?p=557#breadcrumb\",\"itemListElement\":[{\"@type\":\"ListItem\",\"position\":1,\"name\":\"Accueil\",\"item\":\"https:\\\/\\\/psgfans.fr\\\/\"},{\"@type\":\"ListItem\",\"position\":2,\"name\":\"Marquinhos reste au PSG, Alves s&#39;en \u00e9loigne\"}]},{\"@type\":\"WebSite\",\"@id\":\"https:\\\/\\\/psgfans.fr\\\/#website\",\"url\":\"https:\\\/\\\/psgfans.fr\\\/\",\"name\":\"PSG FANS\",\"description\":\"Unit\u00e9, Passion, Victoire : Au C\u0153ur du Paris Saint-Germain!\",\"potentialAction\":[{\"@type\":\"SearchAction\",\"target\":{\"@type\":\"EntryPoint\",\"urlTemplate\":\"https:\\\/\\\/psgfans.fr\\\/?s={search_term_string}\"},\"query-input\":{\"@type\":\"PropertyValueSpecification\",\"valueRequired\":true,\"valueName\":\"search_term_string\"}}],\"inLanguage\":\"fr-FR\"},{\"@type\":\"Person\",\"@id\":\"https:\\\/\\\/psgfans.fr\\\/#\\\/schema\\\/person\\\/be2237e7a0237af2f29cb344b3c55e6c\",\"name\":\"psgfans\",\"image\":{\"@type\":\"ImageObject\",\"inLanguage\":\"fr-FR\",\"@id\":\"https:\\\/\\\/secure.gravatar.com\\\/avatar\\\/?s=96&d=mm&r=g\",\"url\":\"https:\\\/\\\/secure.gravatar.com\\\/avatar\\\/?s=96&d=mm&r=g\",\"contentUrl\":\"https:\\\/\\\/secure.gravatar.com\\\/avatar\\\/?s=96&d=mm&r=g\",\"caption\":\"psgfans\"},\"url\":\"https:\\\/\\\/psgfans.fr\\\/?author=2\"}]}<\/script>\n<!-- \/ Yoast SEO plugin. -->","yoast_head_json":{"title":"Marquinhos reste au PSG, Alves s&#39;en \u00e9loigne - PSG FANS","robots":{"index":"index","follow":"follow","max-snippet":"max-snippet:-1","max-image-preview":"max-image-preview:large","max-video-preview":"max-video-preview:-1"},"canonical":"https:\/\/psgfans.fr\/?p=557","og_locale":"fr_FR","og_type":"article","og_title":"Marquinhos reste au PSG, Alves s&#39;en \u00e9loigne - PSG FANS","og_description":"Annonc\u00e9 depuis plusieurs semaines au Paris Saint-Germain, Daniel Alves a d\u00e9menti tout d\u00e9part apr\u00e8s le match nul du Br\u00e9sil face au Mexique (0-0). En parall\u00e8le, Laurent Blanc a affirm\u00e9 que Marquinhos restera parisien la saison prochaine. La venue de l&rsquo;arri\u00e8re barcelonais se complique&#8230; Daniel Alves avait l\u00e2ch\u00e9 une petite bombe, mardi, apr\u00e8s le match nul [&hellip;]","og_url":"https:\/\/psgfans.fr\/?p=557","og_site_name":"PSG FANS","article_published_time":"2014-06-19T15:26:00+00:00","og_image":[{"url":"https:\/\/blogger.googleusercontent.com\/img\/b\/R29vZ2xl\/AVvXsEiWRFyhInTg8_Qj697q8E05FaSz8gNgPBjEv7LMDMn1sW8EK_Ho6ouId4xlf9NaxvEnpqViY5eu3DYJ50nDsODrtA9m4JYP0fign1jXRu_TG8LhIR2d-EmVc-0lJhVsf3QJOi87XUxZ6cA\/s1600\/&amp;azds.jpg","type":"","width":"","height":""}],"author":"psgfans","twitter_card":"summary_large_image","twitter_misc":{"\u00c9crit par":"psgfans","Dur\u00e9e de lecture estim\u00e9e":"3 minutes"},"schema":{"@context":"https:\/\/schema.org","@graph":[{"@type":"Article","@id":"https:\/\/psgfans.fr\/?p=557#article","isPartOf":{"@id":"https:\/\/psgfans.fr\/?p=557"},"author":{"name":"psgfans","@id":"https:\/\/psgfans.fr\/#\/schema\/person\/be2237e7a0237af2f29cb344b3c55e6c"},"headline":"Marquinhos reste au PSG, Alves s&#39;en \u00e9loigne","datePublished":"2014-06-19T15:26:00+00:00","mainEntityOfPage":{"@id":"https:\/\/psgfans.fr\/?p=557"},"wordCount":632,"commentCount":0,"image":{"@id":"https:\/\/psgfans.fr\/?p=557#primaryimage"},"thumbnailUrl":"https:\/\/blogger.googleusercontent.com\/img\/b\/R29vZ2xl\/AVvXsEiWRFyhInTg8_Qj697q8E05FaSz8gNgPBjEv7LMDMn1sW8EK_Ho6ouId4xlf9NaxvEnpqViY5eu3DYJ50nDsODrtA9m4JYP0fign1jXRu_TG8LhIR2d-EmVc-0lJhVsf3QJOi87XUxZ6cA\/s1600\/&amp;azds.jpg","articleSection":["News"],"inLanguage":"fr-FR","potentialAction":[{"@type":"CommentAction","name":"Comment","target":["https:\/\/psgfans.fr\/?p=557#respond"]}]},{"@type":"WebPage","@id":"https:\/\/psgfans.fr\/?p=557","url":"https:\/\/psgfans.fr\/?p=557","name":"Marquinhos reste au PSG, Alves s&#39;en \u00e9loigne - PSG FANS","isPartOf":{"@id":"https:\/\/psgfans.fr\/#website"},"primaryImageOfPage":{"@id":"https:\/\/psgfans.fr\/?p=557#primaryimage"},"image":{"@id":"https:\/\/psgfans.fr\/?p=557#primaryimage"},"thumbnailUrl":"https:\/\/blogger.googleusercontent.com\/img\/b\/R29vZ2xl\/AVvXsEiWRFyhInTg8_Qj697q8E05FaSz8gNgPBjEv7LMDMn1sW8EK_Ho6ouId4xlf9NaxvEnpqViY5eu3DYJ50nDsODrtA9m4JYP0fign1jXRu_TG8LhIR2d-EmVc-0lJhVsf3QJOi87XUxZ6cA\/s1600\/&amp;azds.jpg","datePublished":"2014-06-19T15:26:00+00:00","author":{"@id":"https:\/\/psgfans.fr\/#\/schema\/person\/be2237e7a0237af2f29cb344b3c55e6c"},"breadcrumb":{"@id":"https:\/\/psgfans.fr\/?p=557#breadcrumb"},"inLanguage":"fr-FR","potentialAction":[{"@type":"ReadAction","target":["https:\/\/psgfans.fr\/?p=557"]}]},{"@type":"ImageObject","inLanguage":"fr-FR","@id":"https:\/\/psgfans.fr\/?p=557#primaryimage","url":"https:\/\/blogger.googleusercontent.com\/img\/b\/R29vZ2xl\/AVvXsEiWRFyhInTg8_Qj697q8E05FaSz8gNgPBjEv7LMDMn1sW8EK_Ho6ouId4xlf9NaxvEnpqViY5eu3DYJ50nDsODrtA9m4JYP0fign1jXRu_TG8LhIR2d-EmVc-0lJhVsf3QJOi87XUxZ6cA\/s1600\/&amp;azds.jpg","contentUrl":"https:\/\/blogger.googleusercontent.com\/img\/b\/R29vZ2xl\/AVvXsEiWRFyhInTg8_Qj697q8E05FaSz8gNgPBjEv7LMDMn1sW8EK_Ho6ouId4xlf9NaxvEnpqViY5eu3DYJ50nDsODrtA9m4JYP0fign1jXRu_TG8LhIR2d-EmVc-0lJhVsf3QJOi87XUxZ6cA\/s1600\/&amp;azds.jpg"},{"@type":"BreadcrumbList","@id":"https:\/\/psgfans.fr\/?p=557#breadcrumb","itemListElement":[{"@type":"ListItem","position":1,"name":"Accueil","item":"https:\/\/psgfans.fr\/"},{"@type":"ListItem","position":2,"name":"Marquinhos reste au PSG, Alves s&#39;en \u00e9loigne"}]},{"@type":"WebSite","@id":"https:\/\/psgfans.fr\/#website","url":"https:\/\/psgfans.fr\/","name":"PSG FANS","description":"Unit\u00e9, Passion, Victoire : Au C\u0153ur du Paris Saint-Germain!","potentialAction":[{"@type":"SearchAction","target":{"@type":"EntryPoint","urlTemplate":"https:\/\/psgfans.fr\/?s={search_term_string}"},"query-input":{"@type":"PropertyValueSpecification","valueRequired":true,"valueName":"search_term_string"}}],"inLanguage":"fr-FR"},{"@type":"Person","@id":"https:\/\/psgfans.fr\/#\/schema\/person\/be2237e7a0237af2f29cb344b3c55e6c","name":"psgfans","image":{"@type":"ImageObject","inLanguage":"fr-FR","@id":"https:\/\/secure.gravatar.com\/avatar\/?s=96&d=mm&r=g","url":"https:\/\/secure.gravatar.com\/avatar\/?s=96&d=mm&r=g","contentUrl":"https:\/\/secure.gravatar.com\/avatar\/?s=96&d=mm&r=g","caption":"psgfans"},"url":"https:\/\/psgfans.fr\/?author=2"}]}},"_links":{"self":[{"href":"https:\/\/psgfans.fr\/index.php?rest_route=\/wp\/v2\/posts\/557","targetHints":{"allow":["GET"]}}],"collection":[{"href":"https:\/\/psgfans.fr\/index.php?rest_route=\/wp\/v2\/posts"}],"about":[{"href":"https:\/\/psgfans.fr\/index.php?rest_route=\/wp\/v2\/types\/post"}],"author":[{"embeddable":true,"href":"https:\/\/psgfans.fr\/index.php?rest_route=\/wp\/v2\/users\/2"}],"replies":[{"embeddable":true,"href":"https:\/\/psgfans.fr\/index.php?rest_route=%2Fwp%2Fv2%2Fcomments&post=557"}],"version-history":[{"count":0,"href":"https:\/\/psgfans.fr\/index.php?rest_route=\/wp\/v2\/posts\/557\/revisions"}],"wp:attachment":[{"href":"https:\/\/psgfans.fr\/index.php?rest_route=%2Fwp%2Fv2%2Fmedia&parent=557"}],"wp:term":[{"taxonomy":"category","embeddable":true,"href":"https:\/\/psgfans.fr\/index.php?rest_route=%2Fwp%2Fv2%2Fcategories&post=557"},{"taxonomy":"post_tag","embeddable":true,"href":"https:\/\/psgfans.fr\/index.php?rest_route=%2Fwp%2Fv2%2Ftags&post=557"}],"curies":[{"name":"wp","href":"https:\/\/api.w.org\/{rel}","templated":true}]}}