{"id":552,"date":"2014-06-19T16:42:00","date_gmt":"2014-06-19T15:42:00","guid":{"rendered":"https:\/\/psgfans.fr\/?p=552"},"modified":"2014-06-19T16:42:00","modified_gmt":"2014-06-19T15:42:00","slug":"mercato-psg-lavezzi-ne-partira-peut-etre-pas","status":"publish","type":"post","link":"https:\/\/psgfans.fr\/?p=552","title":{"rendered":"Mercato PSG : Lavezzi ne partira peut \u00eatre pas"},"content":{"rendered":"<div style=\"clear: both; text-align: center;\"><a href=\"https:\/\/blogger.googleusercontent.com\/img\/b\/R29vZ2xl\/AVvXsEg_EvNU3wEXT8pSIubGk5-uLLCXxk4TrnBCJ5Y1-AmIZoCv4ce0BeTxEpEAeIR0W99wk8xzVqgLetBwPXP2Ts72Mshk3gEYyQ5KoXuod1B84O0VD1h8aPKcfsMnCEztwqgzCYM5OXgEgk4\/s1600\/n-Zj147tQZY.jpg\" style=\"margin-left: 1em; margin-right: 1em;\"><img loading=\"lazy\" decoding=\"async\" border=\"0\" src=\"https:\/\/blogger.googleusercontent.com\/img\/b\/R29vZ2xl\/AVvXsEg_EvNU3wEXT8pSIubGk5-uLLCXxk4TrnBCJ5Y1-AmIZoCv4ce0BeTxEpEAeIR0W99wk8xzVqgLetBwPXP2Ts72Mshk3gEYyQ5KoXuod1B84O0VD1h8aPKcfsMnCEztwqgzCYM5OXgEgk4\/s1600\/n-Zj147tQZY.jpg\" height=\"400\" width=\"282\" \/><\/a><\/div>\n<p>Depuis qu\u2019il a quitt\u00e9 Naples pour le PSG, \u00e0 l\u2019\u00e9t\u00e9 2012, on parle beaucoup, en Italie, d\u2019Ezequiel Lavezzi pour \u00e9voquer\u2026 son possible retour ! \u00c0 chaque mercato, la possibilit\u00e9 de voir l\u2019international argentin retrouver la Serie A est avanc\u00e9e et ce march\u00e9 d\u2019\u00e9t\u00e9 ne devait pas \u00e9chapper \u00e0 la r\u00e8gle.<\/p>\n<p>Pourtant, selon le m\u00e9dia italien Tutto Mercato Web, les agents d\u2019Ezequiel Lavezzi auraient un rendez-vous de fix\u00e9 avec les dirigeants du PSG, d\u00e8s son retour de Coupe du Monde. Lavezzi, 29 ans, est sous contrat jusqu\u2019en juin 2016 avec le PSG et devrait discuter prolongation avec les dirigeants parisiens.<\/p>\n<p>europe-mercato.<\/p>\n","protected":false},"excerpt":{"rendered":"<p>Depuis qu\u2019il a quitt\u00e9 Naples pour le PSG, \u00e0 l\u2019\u00e9t\u00e9 2012, on parle beaucoup, en Italie, d\u2019Ezequiel Lavezzi pour \u00e9voquer\u2026 son possible retour ! \u00c0 chaque mercato, la possibilit\u00e9 de voir l\u2019international argentin retrouver la Serie A est avanc\u00e9e et ce march\u00e9 d\u2019\u00e9t\u00e9 ne devait pas \u00e9chapper \u00e0 la r\u00e8gle. Pourtant, selon le m\u00e9dia italien [&hellip;]<\/p>\n","protected":false},"author":2,"featured_media":0,"comment_status":"open","ping_status":"open","sticky":false,"template":"","format":"standard","meta":{"footnotes":""},"categories":[3],"tags":[],"class_list":{"0":"post-552","1":"post","2":"type-post","3":"status-publish","4":"format-standard","6":"category-news"},"yoast_head":"<!-- This site is optimized with the Yoast SEO plugin v27.4 - https:\/\/yoast.com\/product\/yoast-seo-wordpress\/ -->\n<title>Mercato PSG : Lavezzi ne partira peut \u00eatre pas - PSG FANS<\/title>\n<meta name=\"robots\" content=\"index, follow, max-snippet:-1, max-image-preview:large, max-video-preview:-1\" \/>\n<link rel=\"canonical\" href=\"https:\/\/psgfans.fr\/?p=552\" \/>\n<meta property=\"og:locale\" content=\"fr_FR\" \/>\n<meta property=\"og:type\" content=\"article\" \/>\n<meta property=\"og:title\" content=\"Mercato PSG : Lavezzi ne partira peut \u00eatre pas - PSG FANS\" \/>\n<meta property=\"og:description\" content=\"Depuis qu\u2019il a quitt\u00e9 Naples pour le PSG, \u00e0 l\u2019\u00e9t\u00e9 2012, on parle beaucoup, en Italie, d\u2019Ezequiel Lavezzi pour \u00e9voquer\u2026 son possible retour ! \u00c0 chaque mercato, la possibilit\u00e9 de voir l\u2019international argentin retrouver la Serie A est avanc\u00e9e et ce march\u00e9 d\u2019\u00e9t\u00e9 ne devait pas \u00e9chapper \u00e0 la r\u00e8gle. Pourtant, selon le m\u00e9dia italien [&hellip;]\" \/>\n<meta property=\"og:url\" content=\"https:\/\/psgfans.fr\/?p=552\" \/>\n<meta property=\"og:site_name\" content=\"PSG FANS\" \/>\n<meta property=\"article:published_time\" content=\"2014-06-19T15:42:00+00:00\" \/>\n<meta property=\"og:image\" content=\"https:\/\/blogger.googleusercontent.com\/img\/b\/R29vZ2xl\/AVvXsEg_EvNU3wEXT8pSIubGk5-uLLCXxk4TrnBCJ5Y1-AmIZoCv4ce0BeTxEpEAeIR0W99wk8xzVqgLetBwPXP2Ts72Mshk3gEYyQ5KoXuod1B84O0VD1h8aPKcfsMnCEztwqgzCYM5OXgEgk4\/s1600\/n-Zj147tQZY.jpg\" \/>\n<meta name=\"author\" content=\"psgfans\" \/>\n<meta name=\"twitter:card\" content=\"summary_large_image\" \/>\n<meta name=\"twitter:label1\" content=\"\u00c9crit par\" \/>\n\t<meta name=\"twitter:data1\" content=\"psgfans\" \/>\n\t<meta name=\"twitter:label2\" content=\"Dur\u00e9e de lecture estim\u00e9e\" \/>\n\t<meta name=\"twitter:data2\" content=\"1 minute\" \/>\n<script type=\"application\/ld+json\" class=\"yoast-schema-graph\">{\"@context\":\"https:\\\/\\\/schema.org\",\"@graph\":[{\"@type\":\"Article\",\"@id\":\"https:\\\/\\\/psgfans.fr\\\/?p=552#article\",\"isPartOf\":{\"@id\":\"https:\\\/\\\/psgfans.fr\\\/?p=552\"},\"author\":{\"name\":\"psgfans\",\"@id\":\"https:\\\/\\\/psgfans.fr\\\/#\\\/schema\\\/person\\\/be2237e7a0237af2f29cb344b3c55e6c\"},\"headline\":\"Mercato PSG : Lavezzi ne partira peut \u00eatre pas\",\"datePublished\":\"2014-06-19T15:42:00+00:00\",\"mainEntityOfPage\":{\"@id\":\"https:\\\/\\\/psgfans.fr\\\/?p=552\"},\"wordCount\":112,\"commentCount\":0,\"image\":{\"@id\":\"https:\\\/\\\/psgfans.fr\\\/?p=552#primaryimage\"},\"thumbnailUrl\":\"https:\\\/\\\/blogger.googleusercontent.com\\\/img\\\/b\\\/R29vZ2xl\\\/AVvXsEg_EvNU3wEXT8pSIubGk5-uLLCXxk4TrnBCJ5Y1-AmIZoCv4ce0BeTxEpEAeIR0W99wk8xzVqgLetBwPXP2Ts72Mshk3gEYyQ5KoXuod1B84O0VD1h8aPKcfsMnCEztwqgzCYM5OXgEgk4\\\/s1600\\\/n-Zj147tQZY.jpg\",\"articleSection\":[\"News\"],\"inLanguage\":\"fr-FR\",\"potentialAction\":[{\"@type\":\"CommentAction\",\"name\":\"Comment\",\"target\":[\"https:\\\/\\\/psgfans.fr\\\/?p=552#respond\"]}]},{\"@type\":\"WebPage\",\"@id\":\"https:\\\/\\\/psgfans.fr\\\/?p=552\",\"url\":\"https:\\\/\\\/psgfans.fr\\\/?p=552\",\"name\":\"Mercato PSG : Lavezzi ne partira peut \u00eatre pas - PSG FANS\",\"isPartOf\":{\"@id\":\"https:\\\/\\\/psgfans.fr\\\/#website\"},\"primaryImageOfPage\":{\"@id\":\"https:\\\/\\\/psgfans.fr\\\/?p=552#primaryimage\"},\"image\":{\"@id\":\"https:\\\/\\\/psgfans.fr\\\/?p=552#primaryimage\"},\"thumbnailUrl\":\"https:\\\/\\\/blogger.googleusercontent.com\\\/img\\\/b\\\/R29vZ2xl\\\/AVvXsEg_EvNU3wEXT8pSIubGk5-uLLCXxk4TrnBCJ5Y1-AmIZoCv4ce0BeTxEpEAeIR0W99wk8xzVqgLetBwPXP2Ts72Mshk3gEYyQ5KoXuod1B84O0VD1h8aPKcfsMnCEztwqgzCYM5OXgEgk4\\\/s1600\\\/n-Zj147tQZY.jpg\",\"datePublished\":\"2014-06-19T15:42:00+00:00\",\"author\":{\"@id\":\"https:\\\/\\\/psgfans.fr\\\/#\\\/schema\\\/person\\\/be2237e7a0237af2f29cb344b3c55e6c\"},\"breadcrumb\":{\"@id\":\"https:\\\/\\\/psgfans.fr\\\/?p=552#breadcrumb\"},\"inLanguage\":\"fr-FR\",\"potentialAction\":[{\"@type\":\"ReadAction\",\"target\":[\"https:\\\/\\\/psgfans.fr\\\/?p=552\"]}]},{\"@type\":\"ImageObject\",\"inLanguage\":\"fr-FR\",\"@id\":\"https:\\\/\\\/psgfans.fr\\\/?p=552#primaryimage\",\"url\":\"https:\\\/\\\/blogger.googleusercontent.com\\\/img\\\/b\\\/R29vZ2xl\\\/AVvXsEg_EvNU3wEXT8pSIubGk5-uLLCXxk4TrnBCJ5Y1-AmIZoCv4ce0BeTxEpEAeIR0W99wk8xzVqgLetBwPXP2Ts72Mshk3gEYyQ5KoXuod1B84O0VD1h8aPKcfsMnCEztwqgzCYM5OXgEgk4\\\/s1600\\\/n-Zj147tQZY.jpg\",\"contentUrl\":\"https:\\\/\\\/blogger.googleusercontent.com\\\/img\\\/b\\\/R29vZ2xl\\\/AVvXsEg_EvNU3wEXT8pSIubGk5-uLLCXxk4TrnBCJ5Y1-AmIZoCv4ce0BeTxEpEAeIR0W99wk8xzVqgLetBwPXP2Ts72Mshk3gEYyQ5KoXuod1B84O0VD1h8aPKcfsMnCEztwqgzCYM5OXgEgk4\\\/s1600\\\/n-Zj147tQZY.jpg\"},{\"@type\":\"BreadcrumbList\",\"@id\":\"https:\\\/\\\/psgfans.fr\\\/?p=552#breadcrumb\",\"itemListElement\":[{\"@type\":\"ListItem\",\"position\":1,\"name\":\"Accueil\",\"item\":\"https:\\\/\\\/psgfans.fr\\\/\"},{\"@type\":\"ListItem\",\"position\":2,\"name\":\"Mercato PSG : Lavezzi ne partira peut \u00eatre pas\"}]},{\"@type\":\"WebSite\",\"@id\":\"https:\\\/\\\/psgfans.fr\\\/#website\",\"url\":\"https:\\\/\\\/psgfans.fr\\\/\",\"name\":\"PSG FANS\",\"description\":\"Unit\u00e9, Passion, Victoire : Au C\u0153ur du Paris Saint-Germain!\",\"potentialAction\":[{\"@type\":\"SearchAction\",\"target\":{\"@type\":\"EntryPoint\",\"urlTemplate\":\"https:\\\/\\\/psgfans.fr\\\/?s={search_term_string}\"},\"query-input\":{\"@type\":\"PropertyValueSpecification\",\"valueRequired\":true,\"valueName\":\"search_term_string\"}}],\"inLanguage\":\"fr-FR\"},{\"@type\":\"Person\",\"@id\":\"https:\\\/\\\/psgfans.fr\\\/#\\\/schema\\\/person\\\/be2237e7a0237af2f29cb344b3c55e6c\",\"name\":\"psgfans\",\"image\":{\"@type\":\"ImageObject\",\"inLanguage\":\"fr-FR\",\"@id\":\"https:\\\/\\\/secure.gravatar.com\\\/avatar\\\/?s=96&d=mm&r=g\",\"url\":\"https:\\\/\\\/secure.gravatar.com\\\/avatar\\\/?s=96&d=mm&r=g\",\"contentUrl\":\"https:\\\/\\\/secure.gravatar.com\\\/avatar\\\/?s=96&d=mm&r=g\",\"caption\":\"psgfans\"},\"url\":\"https:\\\/\\\/psgfans.fr\\\/?author=2\"}]}<\/script>\n<!-- \/ Yoast SEO plugin. -->","yoast_head_json":{"title":"Mercato PSG : Lavezzi ne partira peut \u00eatre pas - PSG FANS","robots":{"index":"index","follow":"follow","max-snippet":"max-snippet:-1","max-image-preview":"max-image-preview:large","max-video-preview":"max-video-preview:-1"},"canonical":"https:\/\/psgfans.fr\/?p=552","og_locale":"fr_FR","og_type":"article","og_title":"Mercato PSG : Lavezzi ne partira peut \u00eatre pas - PSG FANS","og_description":"Depuis qu\u2019il a quitt\u00e9 Naples pour le PSG, \u00e0 l\u2019\u00e9t\u00e9 2012, on parle beaucoup, en Italie, d\u2019Ezequiel Lavezzi pour \u00e9voquer\u2026 son possible retour ! \u00c0 chaque mercato, la possibilit\u00e9 de voir l\u2019international argentin retrouver la Serie A est avanc\u00e9e et ce march\u00e9 d\u2019\u00e9t\u00e9 ne devait pas \u00e9chapper \u00e0 la r\u00e8gle. Pourtant, selon le m\u00e9dia italien [&hellip;]","og_url":"https:\/\/psgfans.fr\/?p=552","og_site_name":"PSG FANS","article_published_time":"2014-06-19T15:42:00+00:00","og_image":[{"url":"https:\/\/blogger.googleusercontent.com\/img\/b\/R29vZ2xl\/AVvXsEg_EvNU3wEXT8pSIubGk5-uLLCXxk4TrnBCJ5Y1-AmIZoCv4ce0BeTxEpEAeIR0W99wk8xzVqgLetBwPXP2Ts72Mshk3gEYyQ5KoXuod1B84O0VD1h8aPKcfsMnCEztwqgzCYM5OXgEgk4\/s1600\/n-Zj147tQZY.jpg","type":"","width":"","height":""}],"author":"psgfans","twitter_card":"summary_large_image","twitter_misc":{"\u00c9crit par":"psgfans","Dur\u00e9e de lecture estim\u00e9e":"1 minute"},"schema":{"@context":"https:\/\/schema.org","@graph":[{"@type":"Article","@id":"https:\/\/psgfans.fr\/?p=552#article","isPartOf":{"@id":"https:\/\/psgfans.fr\/?p=552"},"author":{"name":"psgfans","@id":"https:\/\/psgfans.fr\/#\/schema\/person\/be2237e7a0237af2f29cb344b3c55e6c"},"headline":"Mercato PSG : Lavezzi ne partira peut \u00eatre pas","datePublished":"2014-06-19T15:42:00+00:00","mainEntityOfPage":{"@id":"https:\/\/psgfans.fr\/?p=552"},"wordCount":112,"commentCount":0,"image":{"@id":"https:\/\/psgfans.fr\/?p=552#primaryimage"},"thumbnailUrl":"https:\/\/blogger.googleusercontent.com\/img\/b\/R29vZ2xl\/AVvXsEg_EvNU3wEXT8pSIubGk5-uLLCXxk4TrnBCJ5Y1-AmIZoCv4ce0BeTxEpEAeIR0W99wk8xzVqgLetBwPXP2Ts72Mshk3gEYyQ5KoXuod1B84O0VD1h8aPKcfsMnCEztwqgzCYM5OXgEgk4\/s1600\/n-Zj147tQZY.jpg","articleSection":["News"],"inLanguage":"fr-FR","potentialAction":[{"@type":"CommentAction","name":"Comment","target":["https:\/\/psgfans.fr\/?p=552#respond"]}]},{"@type":"WebPage","@id":"https:\/\/psgfans.fr\/?p=552","url":"https:\/\/psgfans.fr\/?p=552","name":"Mercato PSG : Lavezzi ne partira peut \u00eatre pas - PSG FANS","isPartOf":{"@id":"https:\/\/psgfans.fr\/#website"},"primaryImageOfPage":{"@id":"https:\/\/psgfans.fr\/?p=552#primaryimage"},"image":{"@id":"https:\/\/psgfans.fr\/?p=552#primaryimage"},"thumbnailUrl":"https:\/\/blogger.googleusercontent.com\/img\/b\/R29vZ2xl\/AVvXsEg_EvNU3wEXT8pSIubGk5-uLLCXxk4TrnBCJ5Y1-AmIZoCv4ce0BeTxEpEAeIR0W99wk8xzVqgLetBwPXP2Ts72Mshk3gEYyQ5KoXuod1B84O0VD1h8aPKcfsMnCEztwqgzCYM5OXgEgk4\/s1600\/n-Zj147tQZY.jpg","datePublished":"2014-06-19T15:42:00+00:00","author":{"@id":"https:\/\/psgfans.fr\/#\/schema\/person\/be2237e7a0237af2f29cb344b3c55e6c"},"breadcrumb":{"@id":"https:\/\/psgfans.fr\/?p=552#breadcrumb"},"inLanguage":"fr-FR","potentialAction":[{"@type":"ReadAction","target":["https:\/\/psgfans.fr\/?p=552"]}]},{"@type":"ImageObject","inLanguage":"fr-FR","@id":"https:\/\/psgfans.fr\/?p=552#primaryimage","url":"https:\/\/blogger.googleusercontent.com\/img\/b\/R29vZ2xl\/AVvXsEg_EvNU3wEXT8pSIubGk5-uLLCXxk4TrnBCJ5Y1-AmIZoCv4ce0BeTxEpEAeIR0W99wk8xzVqgLetBwPXP2Ts72Mshk3gEYyQ5KoXuod1B84O0VD1h8aPKcfsMnCEztwqgzCYM5OXgEgk4\/s1600\/n-Zj147tQZY.jpg","contentUrl":"https:\/\/blogger.googleusercontent.com\/img\/b\/R29vZ2xl\/AVvXsEg_EvNU3wEXT8pSIubGk5-uLLCXxk4TrnBCJ5Y1-AmIZoCv4ce0BeTxEpEAeIR0W99wk8xzVqgLetBwPXP2Ts72Mshk3gEYyQ5KoXuod1B84O0VD1h8aPKcfsMnCEztwqgzCYM5OXgEgk4\/s1600\/n-Zj147tQZY.jpg"},{"@type":"BreadcrumbList","@id":"https:\/\/psgfans.fr\/?p=552#breadcrumb","itemListElement":[{"@type":"ListItem","position":1,"name":"Accueil","item":"https:\/\/psgfans.fr\/"},{"@type":"ListItem","position":2,"name":"Mercato PSG : Lavezzi ne partira peut \u00eatre pas"}]},{"@type":"WebSite","@id":"https:\/\/psgfans.fr\/#website","url":"https:\/\/psgfans.fr\/","name":"PSG FANS","description":"Unit\u00e9, Passion, Victoire : Au C\u0153ur du Paris Saint-Germain!","potentialAction":[{"@type":"SearchAction","target":{"@type":"EntryPoint","urlTemplate":"https:\/\/psgfans.fr\/?s={search_term_string}"},"query-input":{"@type":"PropertyValueSpecification","valueRequired":true,"valueName":"search_term_string"}}],"inLanguage":"fr-FR"},{"@type":"Person","@id":"https:\/\/psgfans.fr\/#\/schema\/person\/be2237e7a0237af2f29cb344b3c55e6c","name":"psgfans","image":{"@type":"ImageObject","inLanguage":"fr-FR","@id":"https:\/\/secure.gravatar.com\/avatar\/?s=96&d=mm&r=g","url":"https:\/\/secure.gravatar.com\/avatar\/?s=96&d=mm&r=g","contentUrl":"https:\/\/secure.gravatar.com\/avatar\/?s=96&d=mm&r=g","caption":"psgfans"},"url":"https:\/\/psgfans.fr\/?author=2"}]}},"_links":{"self":[{"href":"https:\/\/psgfans.fr\/index.php?rest_route=\/wp\/v2\/posts\/552","targetHints":{"allow":["GET"]}}],"collection":[{"href":"https:\/\/psgfans.fr\/index.php?rest_route=\/wp\/v2\/posts"}],"about":[{"href":"https:\/\/psgfans.fr\/index.php?rest_route=\/wp\/v2\/types\/post"}],"author":[{"embeddable":true,"href":"https:\/\/psgfans.fr\/index.php?rest_route=\/wp\/v2\/users\/2"}],"replies":[{"embeddable":true,"href":"https:\/\/psgfans.fr\/index.php?rest_route=%2Fwp%2Fv2%2Fcomments&post=552"}],"version-history":[{"count":0,"href":"https:\/\/psgfans.fr\/index.php?rest_route=\/wp\/v2\/posts\/552\/revisions"}],"wp:attachment":[{"href":"https:\/\/psgfans.fr\/index.php?rest_route=%2Fwp%2Fv2%2Fmedia&parent=552"}],"wp:term":[{"taxonomy":"category","embeddable":true,"href":"https:\/\/psgfans.fr\/index.php?rest_route=%2Fwp%2Fv2%2Fcategories&post=552"},{"taxonomy":"post_tag","embeddable":true,"href":"https:\/\/psgfans.fr\/index.php?rest_route=%2Fwp%2Fv2%2Ftags&post=552"}],"curies":[{"name":"wp","href":"https:\/\/api.w.org\/{rel}","templated":true}]}}