{"id":550,"date":"2014-06-22T12:07:00","date_gmt":"2014-06-22T11:07:00","guid":{"rendered":"https:\/\/psgfans.fr\/?p=550"},"modified":"2014-06-22T12:07:00","modified_gmt":"2014-06-22T11:07:00","slug":"fc-barcelone-psg-daniel-alves-les-deux-anecdotes-qui-relancent-son-avenir","status":"publish","type":"post","link":"https:\/\/psgfans.fr\/?p=550","title":{"rendered":"FC Barcelone, PSG : Daniel Alves, les deux anecdotes qui relancent son avenir"},"content":{"rendered":"<div style=\"clear: both; text-align: center;\"><a href=\"https:\/\/blogger.googleusercontent.com\/img\/b\/R29vZ2xl\/AVvXsEjeonptZn8m-ywM70MbZKC4NiL5ebjObULe-gZ_Vu5knHXScHExa0kpa73z3JcxJuFflEYFzR_pD-rNrzklwGSLGHHDUGXMjoFmmW8EcF27vDRImx5-rJ1N5-H2j_28N9WDtYT0vZ_9Mkg\/s1600\/&amp;.jpg\" style=\"margin-left: 1em; margin-right: 1em;\"><img loading=\"lazy\" decoding=\"async\" border=\"0\" src=\"https:\/\/blogger.googleusercontent.com\/img\/b\/R29vZ2xl\/AVvXsEjeonptZn8m-ywM70MbZKC4NiL5ebjObULe-gZ_Vu5knHXScHExa0kpa73z3JcxJuFflEYFzR_pD-rNrzklwGSLGHHDUGXMjoFmmW8EcF27vDRImx5-rJ1N5-H2j_28N9WDtYT0vZ_9Mkg\/s1600\/&amp;.jpg\" height=\"266\" width=\"400\" \/><\/a><\/div>\n<p>Il y a un mois, la signature de Daniel Alves au PSG \u00e9tait soi-disant effective \u00e0 99% selon L\u2019\u00c9quipe. Plus les jours avancent, plus ce pourcentage semble se r\u00e9duire. Certes, le lat\u00e9ral droit br\u00e9silien figure toujours en bonne place dans l\u2019esprit des recruteurs du club de la capitale mais son avenir n\u2019est plus aussi limpide.<\/p>\n<p><b>Alves veut d\u00e9montrer qu\u2019il a la qualit\u00e9 pour jouer au Bar\u00e7a<\/b><\/p>\n<p>Samedi, ce m\u00eame Daniel Alves a en effet donn\u00e9 quelques d\u00e9clarations surprenantes sur la possible arriv\u00e9e de Juan Guillermo Cuadrado au FC Barcelone lors du pr\u00e9sent mercato. \u00ab Ce serait une motivation pour moi. Si c\u2019est ce que le club d\u00e9sire, je le pousse \u00e0 le faire signer, a-t-il expliqu\u00e9 devant la presse au Br\u00e9sil. Cela me pousserait \u00e0 continuer de d\u00e9montrer que j\u2019ai la qualit\u00e9 pour faire partie de cette \u00e9quipe. Et puis les grands joueurs sont toujours les bienvenus \u00bb. Des phrases qui grandissent Daniel Alves mais qui n\u2019incitent pas forc\u00e9ment \u00e0 l\u2019optimisme b\u00e9at au Paris Saint-Germain.<\/p>\n<p><b>Le Bayern Munich s\u2019est plac\u00e9 pour Cuadrado<\/b><\/p>\n<p>Autre fait saisissant et qui ne plaide vraiment en faveur du PSG, le fait que l\u2019arriv\u00e9e de ce m\u00eame Cuadrado ait pu prendre du plomb dans l\u2019aile au FC Barcelone. Bien plac\u00e9 pour r\u00e9cup\u00e9rer le joueur de la Fiorentina, le club catalan a vu arriver la concurrence peu rassurante du Bayern Munich sur ce dossier. D\u2019apr\u00e8s La Repubblica, Josep Guardiola veut absolument le recruter cet \u00e9t\u00e9. Le conseiller du Colombien se serait donc r\u00e9uni ce vendredi avec les dirigeants du club bavarois \u00e0 Munich, qui ont propos\u00e9 un salaire de 4 millions d\u2019euros net par an \u00e0 son client. Le prix de d\u00e9part a toutefois \u00e9t\u00e9 fix\u00e9 \u00e0 40 millions d\u2019euros.<\/p>\n<p>butfootballclub<\/p>\n","protected":false},"excerpt":{"rendered":"<p>Il y a un mois, la signature de Daniel Alves au PSG \u00e9tait soi-disant effective \u00e0 99% selon L\u2019\u00c9quipe. Plus les jours avancent, plus ce pourcentage semble se r\u00e9duire. Certes, le lat\u00e9ral droit br\u00e9silien figure toujours en bonne place dans l\u2019esprit des recruteurs du club de la capitale mais son avenir n\u2019est plus aussi limpide. [&hellip;]<\/p>\n","protected":false},"author":2,"featured_media":0,"comment_status":"open","ping_status":"open","sticky":false,"template":"","format":"standard","meta":{"footnotes":""},"categories":[3],"tags":[],"class_list":{"0":"post-550","1":"post","2":"type-post","3":"status-publish","4":"format-standard","6":"category-news"},"yoast_head":"<!-- This site is optimized with the Yoast SEO plugin v27.4 - https:\/\/yoast.com\/product\/yoast-seo-wordpress\/ -->\n<title>FC Barcelone, PSG : Daniel Alves, les deux anecdotes qui relancent son avenir - PSG FANS<\/title>\n<meta name=\"robots\" content=\"index, follow, max-snippet:-1, max-image-preview:large, max-video-preview:-1\" \/>\n<link rel=\"canonical\" href=\"https:\/\/psgfans.fr\/?p=550\" \/>\n<meta property=\"og:locale\" content=\"fr_FR\" \/>\n<meta property=\"og:type\" content=\"article\" \/>\n<meta property=\"og:title\" content=\"FC Barcelone, PSG : Daniel Alves, les deux anecdotes qui relancent son avenir - PSG FANS\" \/>\n<meta property=\"og:description\" content=\"Il y a un mois, la signature de Daniel Alves au PSG \u00e9tait soi-disant effective \u00e0 99% selon L\u2019\u00c9quipe. Plus les jours avancent, plus ce pourcentage semble se r\u00e9duire. Certes, le lat\u00e9ral droit br\u00e9silien figure toujours en bonne place dans l\u2019esprit des recruteurs du club de la capitale mais son avenir n\u2019est plus aussi limpide. [&hellip;]\" \/>\n<meta property=\"og:url\" content=\"https:\/\/psgfans.fr\/?p=550\" \/>\n<meta property=\"og:site_name\" content=\"PSG FANS\" \/>\n<meta property=\"article:published_time\" content=\"2014-06-22T11:07:00+00:00\" \/>\n<meta property=\"og:image\" content=\"https:\/\/blogger.googleusercontent.com\/img\/b\/R29vZ2xl\/AVvXsEjeonptZn8m-ywM70MbZKC4NiL5ebjObULe-gZ_Vu5knHXScHExa0kpa73z3JcxJuFflEYFzR_pD-rNrzklwGSLGHHDUGXMjoFmmW8EcF27vDRImx5-rJ1N5-H2j_28N9WDtYT0vZ_9Mkg\/s1600\/&amp;.jpg\" \/>\n<meta name=\"author\" content=\"psgfans\" \/>\n<meta name=\"twitter:card\" content=\"summary_large_image\" \/>\n<meta name=\"twitter:label1\" content=\"\u00c9crit par\" \/>\n\t<meta name=\"twitter:data1\" content=\"psgfans\" \/>\n\t<meta name=\"twitter:label2\" content=\"Dur\u00e9e de lecture estim\u00e9e\" \/>\n\t<meta name=\"twitter:data2\" content=\"2 minutes\" \/>\n<script type=\"application\/ld+json\" class=\"yoast-schema-graph\">{\"@context\":\"https:\\\/\\\/schema.org\",\"@graph\":[{\"@type\":\"Article\",\"@id\":\"https:\\\/\\\/psgfans.fr\\\/?p=550#article\",\"isPartOf\":{\"@id\":\"https:\\\/\\\/psgfans.fr\\\/?p=550\"},\"author\":{\"name\":\"psgfans\",\"@id\":\"https:\\\/\\\/psgfans.fr\\\/#\\\/schema\\\/person\\\/be2237e7a0237af2f29cb344b3c55e6c\"},\"headline\":\"FC Barcelone, PSG : Daniel Alves, les deux anecdotes qui relancent son avenir\",\"datePublished\":\"2014-06-22T11:07:00+00:00\",\"mainEntityOfPage\":{\"@id\":\"https:\\\/\\\/psgfans.fr\\\/?p=550\"},\"wordCount\":319,\"commentCount\":0,\"image\":{\"@id\":\"https:\\\/\\\/psgfans.fr\\\/?p=550#primaryimage\"},\"thumbnailUrl\":\"https:\\\/\\\/blogger.googleusercontent.com\\\/img\\\/b\\\/R29vZ2xl\\\/AVvXsEjeonptZn8m-ywM70MbZKC4NiL5ebjObULe-gZ_Vu5knHXScHExa0kpa73z3JcxJuFflEYFzR_pD-rNrzklwGSLGHHDUGXMjoFmmW8EcF27vDRImx5-rJ1N5-H2j_28N9WDtYT0vZ_9Mkg\\\/s1600\\\/&amp;.jpg\",\"articleSection\":[\"News\"],\"inLanguage\":\"fr-FR\",\"potentialAction\":[{\"@type\":\"CommentAction\",\"name\":\"Comment\",\"target\":[\"https:\\\/\\\/psgfans.fr\\\/?p=550#respond\"]}]},{\"@type\":\"WebPage\",\"@id\":\"https:\\\/\\\/psgfans.fr\\\/?p=550\",\"url\":\"https:\\\/\\\/psgfans.fr\\\/?p=550\",\"name\":\"FC Barcelone, PSG : Daniel Alves, les deux anecdotes qui relancent son avenir - PSG FANS\",\"isPartOf\":{\"@id\":\"https:\\\/\\\/psgfans.fr\\\/#website\"},\"primaryImageOfPage\":{\"@id\":\"https:\\\/\\\/psgfans.fr\\\/?p=550#primaryimage\"},\"image\":{\"@id\":\"https:\\\/\\\/psgfans.fr\\\/?p=550#primaryimage\"},\"thumbnailUrl\":\"https:\\\/\\\/blogger.googleusercontent.com\\\/img\\\/b\\\/R29vZ2xl\\\/AVvXsEjeonptZn8m-ywM70MbZKC4NiL5ebjObULe-gZ_Vu5knHXScHExa0kpa73z3JcxJuFflEYFzR_pD-rNrzklwGSLGHHDUGXMjoFmmW8EcF27vDRImx5-rJ1N5-H2j_28N9WDtYT0vZ_9Mkg\\\/s1600\\\/&amp;.jpg\",\"datePublished\":\"2014-06-22T11:07:00+00:00\",\"author\":{\"@id\":\"https:\\\/\\\/psgfans.fr\\\/#\\\/schema\\\/person\\\/be2237e7a0237af2f29cb344b3c55e6c\"},\"breadcrumb\":{\"@id\":\"https:\\\/\\\/psgfans.fr\\\/?p=550#breadcrumb\"},\"inLanguage\":\"fr-FR\",\"potentialAction\":[{\"@type\":\"ReadAction\",\"target\":[\"https:\\\/\\\/psgfans.fr\\\/?p=550\"]}]},{\"@type\":\"ImageObject\",\"inLanguage\":\"fr-FR\",\"@id\":\"https:\\\/\\\/psgfans.fr\\\/?p=550#primaryimage\",\"url\":\"https:\\\/\\\/blogger.googleusercontent.com\\\/img\\\/b\\\/R29vZ2xl\\\/AVvXsEjeonptZn8m-ywM70MbZKC4NiL5ebjObULe-gZ_Vu5knHXScHExa0kpa73z3JcxJuFflEYFzR_pD-rNrzklwGSLGHHDUGXMjoFmmW8EcF27vDRImx5-rJ1N5-H2j_28N9WDtYT0vZ_9Mkg\\\/s1600\\\/&amp;.jpg\",\"contentUrl\":\"https:\\\/\\\/blogger.googleusercontent.com\\\/img\\\/b\\\/R29vZ2xl\\\/AVvXsEjeonptZn8m-ywM70MbZKC4NiL5ebjObULe-gZ_Vu5knHXScHExa0kpa73z3JcxJuFflEYFzR_pD-rNrzklwGSLGHHDUGXMjoFmmW8EcF27vDRImx5-rJ1N5-H2j_28N9WDtYT0vZ_9Mkg\\\/s1600\\\/&amp;.jpg\"},{\"@type\":\"BreadcrumbList\",\"@id\":\"https:\\\/\\\/psgfans.fr\\\/?p=550#breadcrumb\",\"itemListElement\":[{\"@type\":\"ListItem\",\"position\":1,\"name\":\"Accueil\",\"item\":\"https:\\\/\\\/psgfans.fr\\\/\"},{\"@type\":\"ListItem\",\"position\":2,\"name\":\"FC Barcelone, PSG : Daniel Alves, les deux anecdotes qui relancent son avenir\"}]},{\"@type\":\"WebSite\",\"@id\":\"https:\\\/\\\/psgfans.fr\\\/#website\",\"url\":\"https:\\\/\\\/psgfans.fr\\\/\",\"name\":\"PSG FANS\",\"description\":\"Unit\u00e9, Passion, Victoire : Au C\u0153ur du Paris Saint-Germain!\",\"potentialAction\":[{\"@type\":\"SearchAction\",\"target\":{\"@type\":\"EntryPoint\",\"urlTemplate\":\"https:\\\/\\\/psgfans.fr\\\/?s={search_term_string}\"},\"query-input\":{\"@type\":\"PropertyValueSpecification\",\"valueRequired\":true,\"valueName\":\"search_term_string\"}}],\"inLanguage\":\"fr-FR\"},{\"@type\":\"Person\",\"@id\":\"https:\\\/\\\/psgfans.fr\\\/#\\\/schema\\\/person\\\/be2237e7a0237af2f29cb344b3c55e6c\",\"name\":\"psgfans\",\"image\":{\"@type\":\"ImageObject\",\"inLanguage\":\"fr-FR\",\"@id\":\"https:\\\/\\\/secure.gravatar.com\\\/avatar\\\/?s=96&d=mm&r=g\",\"url\":\"https:\\\/\\\/secure.gravatar.com\\\/avatar\\\/?s=96&d=mm&r=g\",\"contentUrl\":\"https:\\\/\\\/secure.gravatar.com\\\/avatar\\\/?s=96&d=mm&r=g\",\"caption\":\"psgfans\"},\"url\":\"https:\\\/\\\/psgfans.fr\\\/?author=2\"}]}<\/script>\n<!-- \/ Yoast SEO plugin. -->","yoast_head_json":{"title":"FC Barcelone, PSG : Daniel Alves, les deux anecdotes qui relancent son avenir - PSG FANS","robots":{"index":"index","follow":"follow","max-snippet":"max-snippet:-1","max-image-preview":"max-image-preview:large","max-video-preview":"max-video-preview:-1"},"canonical":"https:\/\/psgfans.fr\/?p=550","og_locale":"fr_FR","og_type":"article","og_title":"FC Barcelone, PSG : Daniel Alves, les deux anecdotes qui relancent son avenir - PSG FANS","og_description":"Il y a un mois, la signature de Daniel Alves au PSG \u00e9tait soi-disant effective \u00e0 99% selon L\u2019\u00c9quipe. Plus les jours avancent, plus ce pourcentage semble se r\u00e9duire. Certes, le lat\u00e9ral droit br\u00e9silien figure toujours en bonne place dans l\u2019esprit des recruteurs du club de la capitale mais son avenir n\u2019est plus aussi limpide. [&hellip;]","og_url":"https:\/\/psgfans.fr\/?p=550","og_site_name":"PSG FANS","article_published_time":"2014-06-22T11:07:00+00:00","og_image":[{"url":"https:\/\/blogger.googleusercontent.com\/img\/b\/R29vZ2xl\/AVvXsEjeonptZn8m-ywM70MbZKC4NiL5ebjObULe-gZ_Vu5knHXScHExa0kpa73z3JcxJuFflEYFzR_pD-rNrzklwGSLGHHDUGXMjoFmmW8EcF27vDRImx5-rJ1N5-H2j_28N9WDtYT0vZ_9Mkg\/s1600\/&amp;.jpg","type":"","width":"","height":""}],"author":"psgfans","twitter_card":"summary_large_image","twitter_misc":{"\u00c9crit par":"psgfans","Dur\u00e9e de lecture estim\u00e9e":"2 minutes"},"schema":{"@context":"https:\/\/schema.org","@graph":[{"@type":"Article","@id":"https:\/\/psgfans.fr\/?p=550#article","isPartOf":{"@id":"https:\/\/psgfans.fr\/?p=550"},"author":{"name":"psgfans","@id":"https:\/\/psgfans.fr\/#\/schema\/person\/be2237e7a0237af2f29cb344b3c55e6c"},"headline":"FC Barcelone, PSG : Daniel Alves, les deux anecdotes qui relancent son avenir","datePublished":"2014-06-22T11:07:00+00:00","mainEntityOfPage":{"@id":"https:\/\/psgfans.fr\/?p=550"},"wordCount":319,"commentCount":0,"image":{"@id":"https:\/\/psgfans.fr\/?p=550#primaryimage"},"thumbnailUrl":"https:\/\/blogger.googleusercontent.com\/img\/b\/R29vZ2xl\/AVvXsEjeonptZn8m-ywM70MbZKC4NiL5ebjObULe-gZ_Vu5knHXScHExa0kpa73z3JcxJuFflEYFzR_pD-rNrzklwGSLGHHDUGXMjoFmmW8EcF27vDRImx5-rJ1N5-H2j_28N9WDtYT0vZ_9Mkg\/s1600\/&amp;.jpg","articleSection":["News"],"inLanguage":"fr-FR","potentialAction":[{"@type":"CommentAction","name":"Comment","target":["https:\/\/psgfans.fr\/?p=550#respond"]}]},{"@type":"WebPage","@id":"https:\/\/psgfans.fr\/?p=550","url":"https:\/\/psgfans.fr\/?p=550","name":"FC Barcelone, PSG : Daniel Alves, les deux anecdotes qui relancent son avenir - PSG FANS","isPartOf":{"@id":"https:\/\/psgfans.fr\/#website"},"primaryImageOfPage":{"@id":"https:\/\/psgfans.fr\/?p=550#primaryimage"},"image":{"@id":"https:\/\/psgfans.fr\/?p=550#primaryimage"},"thumbnailUrl":"https:\/\/blogger.googleusercontent.com\/img\/b\/R29vZ2xl\/AVvXsEjeonptZn8m-ywM70MbZKC4NiL5ebjObULe-gZ_Vu5knHXScHExa0kpa73z3JcxJuFflEYFzR_pD-rNrzklwGSLGHHDUGXMjoFmmW8EcF27vDRImx5-rJ1N5-H2j_28N9WDtYT0vZ_9Mkg\/s1600\/&amp;.jpg","datePublished":"2014-06-22T11:07:00+00:00","author":{"@id":"https:\/\/psgfans.fr\/#\/schema\/person\/be2237e7a0237af2f29cb344b3c55e6c"},"breadcrumb":{"@id":"https:\/\/psgfans.fr\/?p=550#breadcrumb"},"inLanguage":"fr-FR","potentialAction":[{"@type":"ReadAction","target":["https:\/\/psgfans.fr\/?p=550"]}]},{"@type":"ImageObject","inLanguage":"fr-FR","@id":"https:\/\/psgfans.fr\/?p=550#primaryimage","url":"https:\/\/blogger.googleusercontent.com\/img\/b\/R29vZ2xl\/AVvXsEjeonptZn8m-ywM70MbZKC4NiL5ebjObULe-gZ_Vu5knHXScHExa0kpa73z3JcxJuFflEYFzR_pD-rNrzklwGSLGHHDUGXMjoFmmW8EcF27vDRImx5-rJ1N5-H2j_28N9WDtYT0vZ_9Mkg\/s1600\/&amp;.jpg","contentUrl":"https:\/\/blogger.googleusercontent.com\/img\/b\/R29vZ2xl\/AVvXsEjeonptZn8m-ywM70MbZKC4NiL5ebjObULe-gZ_Vu5knHXScHExa0kpa73z3JcxJuFflEYFzR_pD-rNrzklwGSLGHHDUGXMjoFmmW8EcF27vDRImx5-rJ1N5-H2j_28N9WDtYT0vZ_9Mkg\/s1600\/&amp;.jpg"},{"@type":"BreadcrumbList","@id":"https:\/\/psgfans.fr\/?p=550#breadcrumb","itemListElement":[{"@type":"ListItem","position":1,"name":"Accueil","item":"https:\/\/psgfans.fr\/"},{"@type":"ListItem","position":2,"name":"FC Barcelone, PSG : Daniel Alves, les deux anecdotes qui relancent son avenir"}]},{"@type":"WebSite","@id":"https:\/\/psgfans.fr\/#website","url":"https:\/\/psgfans.fr\/","name":"PSG FANS","description":"Unit\u00e9, Passion, Victoire : Au C\u0153ur du Paris Saint-Germain!","potentialAction":[{"@type":"SearchAction","target":{"@type":"EntryPoint","urlTemplate":"https:\/\/psgfans.fr\/?s={search_term_string}"},"query-input":{"@type":"PropertyValueSpecification","valueRequired":true,"valueName":"search_term_string"}}],"inLanguage":"fr-FR"},{"@type":"Person","@id":"https:\/\/psgfans.fr\/#\/schema\/person\/be2237e7a0237af2f29cb344b3c55e6c","name":"psgfans","image":{"@type":"ImageObject","inLanguage":"fr-FR","@id":"https:\/\/secure.gravatar.com\/avatar\/?s=96&d=mm&r=g","url":"https:\/\/secure.gravatar.com\/avatar\/?s=96&d=mm&r=g","contentUrl":"https:\/\/secure.gravatar.com\/avatar\/?s=96&d=mm&r=g","caption":"psgfans"},"url":"https:\/\/psgfans.fr\/?author=2"}]}},"_links":{"self":[{"href":"https:\/\/psgfans.fr\/index.php?rest_route=\/wp\/v2\/posts\/550","targetHints":{"allow":["GET"]}}],"collection":[{"href":"https:\/\/psgfans.fr\/index.php?rest_route=\/wp\/v2\/posts"}],"about":[{"href":"https:\/\/psgfans.fr\/index.php?rest_route=\/wp\/v2\/types\/post"}],"author":[{"embeddable":true,"href":"https:\/\/psgfans.fr\/index.php?rest_route=\/wp\/v2\/users\/2"}],"replies":[{"embeddable":true,"href":"https:\/\/psgfans.fr\/index.php?rest_route=%2Fwp%2Fv2%2Fcomments&post=550"}],"version-history":[{"count":0,"href":"https:\/\/psgfans.fr\/index.php?rest_route=\/wp\/v2\/posts\/550\/revisions"}],"wp:attachment":[{"href":"https:\/\/psgfans.fr\/index.php?rest_route=%2Fwp%2Fv2%2Fmedia&parent=550"}],"wp:term":[{"taxonomy":"category","embeddable":true,"href":"https:\/\/psgfans.fr\/index.php?rest_route=%2Fwp%2Fv2%2Fcategories&post=550"},{"taxonomy":"post_tag","embeddable":true,"href":"https:\/\/psgfans.fr\/index.php?rest_route=%2Fwp%2Fv2%2Ftags&post=550"}],"curies":[{"name":"wp","href":"https:\/\/api.w.org\/{rel}","templated":true}]}}