{"id":549,"date":"2014-06-22T12:10:00","date_gmt":"2014-06-22T11:10:00","guid":{"rendered":"https:\/\/psgfans.fr\/?p=549"},"modified":"2014-06-22T12:10:00","modified_gmt":"2014-06-22T11:10:00","slug":"r-lacazette-signe-pro-au-psg","status":"publish","type":"post","link":"https:\/\/psgfans.fr\/?p=549","title":{"rendered":"R. Lacazette signe pro au PSG"},"content":{"rendered":"<div style=\"clear: both; text-align: center;\"><a href=\"https:\/\/blogger.googleusercontent.com\/img\/b\/R29vZ2xl\/AVvXsEhScLodEUy3s4wGd17ayuQhPXKPOf3_ICQhSovTGu_4YcewVEkyGzxiuxX_lox9I-LiGP8QyC7tHAWSFjehSohH6YnHv574Q2BTI_fVewPBGmp3A3R4iMhFX6k9xsTajD_z20cp8jmRvrU\/s1600\/&amp;.jpg\" style=\"margin-left: 1em; margin-right: 1em;\"><img loading=\"lazy\" decoding=\"async\" border=\"0\" src=\"https:\/\/blogger.googleusercontent.com\/img\/b\/R29vZ2xl\/AVvXsEhScLodEUy3s4wGd17ayuQhPXKPOf3_ICQhSovTGu_4YcewVEkyGzxiuxX_lox9I-LiGP8QyC7tHAWSFjehSohH6YnHv574Q2BTI_fVewPBGmp3A3R4iMhFX6k9xsTajD_z20cp8jmRvrU\/s1600\/&amp;.jpg\" height=\"132\" width=\"400\" \/><\/a><\/div>\n<p>Romuald Lacazette (20 ans), l\u2019attaquant form\u00e9 au PSG, va signer son premier contrat pro. Le joueur, qui va s\u2019engager pour une saison plus deux en option, s\u00e9lectionn\u00e9 chez les diff\u00e9rentes cat\u00e9gories de jeunes, a \u00e9t\u00e9 convoqu\u00e9 plusieurs fois par Laurent Blanc pour s\u2019entra\u00eener avec l\u2019\u00e9quipe premi\u00e8re. Plusieurs clubs de Ligue 2 se sont renseign\u00e9s \u00e0 son sujet et il devrait \u00eatre pr\u00eat\u00e9 dans la foul\u00e9e de la signature de son contrat. En outre, le PSG a offert un contrat pro de trois ans au milieu Romain Habran (20 ans), lui aussi form\u00e9 dans le club de la capitale.<\/p>\n<p>lequipe.fr<\/p>\n","protected":false},"excerpt":{"rendered":"<p>Romuald Lacazette (20 ans), l\u2019attaquant form\u00e9 au PSG, va signer son premier contrat pro. Le joueur, qui va s\u2019engager pour une saison plus deux en option, s\u00e9lectionn\u00e9 chez les diff\u00e9rentes cat\u00e9gories de jeunes, a \u00e9t\u00e9 convoqu\u00e9 plusieurs fois par Laurent Blanc pour s\u2019entra\u00eener avec l\u2019\u00e9quipe premi\u00e8re. Plusieurs clubs de Ligue 2 se sont renseign\u00e9s \u00e0 [&hellip;]<\/p>\n","protected":false},"author":2,"featured_media":0,"comment_status":"open","ping_status":"open","sticky":false,"template":"","format":"standard","meta":{"footnotes":""},"categories":[3],"tags":[],"class_list":{"0":"post-549","1":"post","2":"type-post","3":"status-publish","4":"format-standard","6":"category-news"},"yoast_head":"<!-- This site is optimized with the Yoast SEO plugin v27.4 - https:\/\/yoast.com\/product\/yoast-seo-wordpress\/ -->\n<title>R. Lacazette signe pro au PSG - PSG FANS<\/title>\n<meta name=\"robots\" content=\"index, follow, max-snippet:-1, max-image-preview:large, max-video-preview:-1\" \/>\n<link rel=\"canonical\" href=\"https:\/\/psgfans.fr\/?p=549\" \/>\n<meta property=\"og:locale\" content=\"fr_FR\" \/>\n<meta property=\"og:type\" content=\"article\" \/>\n<meta property=\"og:title\" content=\"R. Lacazette signe pro au PSG - PSG FANS\" \/>\n<meta property=\"og:description\" content=\"Romuald Lacazette (20 ans), l\u2019attaquant form\u00e9 au PSG, va signer son premier contrat pro. Le joueur, qui va s\u2019engager pour une saison plus deux en option, s\u00e9lectionn\u00e9 chez les diff\u00e9rentes cat\u00e9gories de jeunes, a \u00e9t\u00e9 convoqu\u00e9 plusieurs fois par Laurent Blanc pour s\u2019entra\u00eener avec l\u2019\u00e9quipe premi\u00e8re. Plusieurs clubs de Ligue 2 se sont renseign\u00e9s \u00e0 [&hellip;]\" \/>\n<meta property=\"og:url\" content=\"https:\/\/psgfans.fr\/?p=549\" \/>\n<meta property=\"og:site_name\" content=\"PSG FANS\" \/>\n<meta property=\"article:published_time\" content=\"2014-06-22T11:10:00+00:00\" \/>\n<meta property=\"og:image\" content=\"https:\/\/blogger.googleusercontent.com\/img\/b\/R29vZ2xl\/AVvXsEhScLodEUy3s4wGd17ayuQhPXKPOf3_ICQhSovTGu_4YcewVEkyGzxiuxX_lox9I-LiGP8QyC7tHAWSFjehSohH6YnHv574Q2BTI_fVewPBGmp3A3R4iMhFX6k9xsTajD_z20cp8jmRvrU\/s1600\/&amp;.jpg\" \/>\n<meta name=\"author\" content=\"psgfans\" \/>\n<meta name=\"twitter:card\" content=\"summary_large_image\" \/>\n<meta name=\"twitter:label1\" content=\"\u00c9crit par\" \/>\n\t<meta name=\"twitter:data1\" content=\"psgfans\" \/>\n\t<meta name=\"twitter:label2\" content=\"Dur\u00e9e de lecture estim\u00e9e\" \/>\n\t<meta name=\"twitter:data2\" content=\"1 minute\" \/>\n<script type=\"application\/ld+json\" class=\"yoast-schema-graph\">{\"@context\":\"https:\\\/\\\/schema.org\",\"@graph\":[{\"@type\":\"Article\",\"@id\":\"https:\\\/\\\/psgfans.fr\\\/?p=549#article\",\"isPartOf\":{\"@id\":\"https:\\\/\\\/psgfans.fr\\\/?p=549\"},\"author\":{\"name\":\"psgfans\",\"@id\":\"https:\\\/\\\/psgfans.fr\\\/#\\\/schema\\\/person\\\/be2237e7a0237af2f29cb344b3c55e6c\"},\"headline\":\"R. Lacazette signe pro au PSG\",\"datePublished\":\"2014-06-22T11:10:00+00:00\",\"mainEntityOfPage\":{\"@id\":\"https:\\\/\\\/psgfans.fr\\\/?p=549\"},\"wordCount\":114,\"commentCount\":0,\"image\":{\"@id\":\"https:\\\/\\\/psgfans.fr\\\/?p=549#primaryimage\"},\"thumbnailUrl\":\"https:\\\/\\\/blogger.googleusercontent.com\\\/img\\\/b\\\/R29vZ2xl\\\/AVvXsEhScLodEUy3s4wGd17ayuQhPXKPOf3_ICQhSovTGu_4YcewVEkyGzxiuxX_lox9I-LiGP8QyC7tHAWSFjehSohH6YnHv574Q2BTI_fVewPBGmp3A3R4iMhFX6k9xsTajD_z20cp8jmRvrU\\\/s1600\\\/&amp;.jpg\",\"articleSection\":[\"News\"],\"inLanguage\":\"fr-FR\",\"potentialAction\":[{\"@type\":\"CommentAction\",\"name\":\"Comment\",\"target\":[\"https:\\\/\\\/psgfans.fr\\\/?p=549#respond\"]}]},{\"@type\":\"WebPage\",\"@id\":\"https:\\\/\\\/psgfans.fr\\\/?p=549\",\"url\":\"https:\\\/\\\/psgfans.fr\\\/?p=549\",\"name\":\"R. Lacazette signe pro au PSG - PSG FANS\",\"isPartOf\":{\"@id\":\"https:\\\/\\\/psgfans.fr\\\/#website\"},\"primaryImageOfPage\":{\"@id\":\"https:\\\/\\\/psgfans.fr\\\/?p=549#primaryimage\"},\"image\":{\"@id\":\"https:\\\/\\\/psgfans.fr\\\/?p=549#primaryimage\"},\"thumbnailUrl\":\"https:\\\/\\\/blogger.googleusercontent.com\\\/img\\\/b\\\/R29vZ2xl\\\/AVvXsEhScLodEUy3s4wGd17ayuQhPXKPOf3_ICQhSovTGu_4YcewVEkyGzxiuxX_lox9I-LiGP8QyC7tHAWSFjehSohH6YnHv574Q2BTI_fVewPBGmp3A3R4iMhFX6k9xsTajD_z20cp8jmRvrU\\\/s1600\\\/&amp;.jpg\",\"datePublished\":\"2014-06-22T11:10:00+00:00\",\"author\":{\"@id\":\"https:\\\/\\\/psgfans.fr\\\/#\\\/schema\\\/person\\\/be2237e7a0237af2f29cb344b3c55e6c\"},\"breadcrumb\":{\"@id\":\"https:\\\/\\\/psgfans.fr\\\/?p=549#breadcrumb\"},\"inLanguage\":\"fr-FR\",\"potentialAction\":[{\"@type\":\"ReadAction\",\"target\":[\"https:\\\/\\\/psgfans.fr\\\/?p=549\"]}]},{\"@type\":\"ImageObject\",\"inLanguage\":\"fr-FR\",\"@id\":\"https:\\\/\\\/psgfans.fr\\\/?p=549#primaryimage\",\"url\":\"https:\\\/\\\/blogger.googleusercontent.com\\\/img\\\/b\\\/R29vZ2xl\\\/AVvXsEhScLodEUy3s4wGd17ayuQhPXKPOf3_ICQhSovTGu_4YcewVEkyGzxiuxX_lox9I-LiGP8QyC7tHAWSFjehSohH6YnHv574Q2BTI_fVewPBGmp3A3R4iMhFX6k9xsTajD_z20cp8jmRvrU\\\/s1600\\\/&amp;.jpg\",\"contentUrl\":\"https:\\\/\\\/blogger.googleusercontent.com\\\/img\\\/b\\\/R29vZ2xl\\\/AVvXsEhScLodEUy3s4wGd17ayuQhPXKPOf3_ICQhSovTGu_4YcewVEkyGzxiuxX_lox9I-LiGP8QyC7tHAWSFjehSohH6YnHv574Q2BTI_fVewPBGmp3A3R4iMhFX6k9xsTajD_z20cp8jmRvrU\\\/s1600\\\/&amp;.jpg\"},{\"@type\":\"BreadcrumbList\",\"@id\":\"https:\\\/\\\/psgfans.fr\\\/?p=549#breadcrumb\",\"itemListElement\":[{\"@type\":\"ListItem\",\"position\":1,\"name\":\"Accueil\",\"item\":\"https:\\\/\\\/psgfans.fr\\\/\"},{\"@type\":\"ListItem\",\"position\":2,\"name\":\"R. Lacazette signe pro au PSG\"}]},{\"@type\":\"WebSite\",\"@id\":\"https:\\\/\\\/psgfans.fr\\\/#website\",\"url\":\"https:\\\/\\\/psgfans.fr\\\/\",\"name\":\"PSG FANS\",\"description\":\"Unit\u00e9, Passion, Victoire : Au C\u0153ur du Paris Saint-Germain!\",\"potentialAction\":[{\"@type\":\"SearchAction\",\"target\":{\"@type\":\"EntryPoint\",\"urlTemplate\":\"https:\\\/\\\/psgfans.fr\\\/?s={search_term_string}\"},\"query-input\":{\"@type\":\"PropertyValueSpecification\",\"valueRequired\":true,\"valueName\":\"search_term_string\"}}],\"inLanguage\":\"fr-FR\"},{\"@type\":\"Person\",\"@id\":\"https:\\\/\\\/psgfans.fr\\\/#\\\/schema\\\/person\\\/be2237e7a0237af2f29cb344b3c55e6c\",\"name\":\"psgfans\",\"image\":{\"@type\":\"ImageObject\",\"inLanguage\":\"fr-FR\",\"@id\":\"https:\\\/\\\/secure.gravatar.com\\\/avatar\\\/?s=96&d=mm&r=g\",\"url\":\"https:\\\/\\\/secure.gravatar.com\\\/avatar\\\/?s=96&d=mm&r=g\",\"contentUrl\":\"https:\\\/\\\/secure.gravatar.com\\\/avatar\\\/?s=96&d=mm&r=g\",\"caption\":\"psgfans\"},\"url\":\"https:\\\/\\\/psgfans.fr\\\/?author=2\"}]}<\/script>\n<!-- \/ Yoast SEO plugin. -->","yoast_head_json":{"title":"R. Lacazette signe pro au PSG - PSG FANS","robots":{"index":"index","follow":"follow","max-snippet":"max-snippet:-1","max-image-preview":"max-image-preview:large","max-video-preview":"max-video-preview:-1"},"canonical":"https:\/\/psgfans.fr\/?p=549","og_locale":"fr_FR","og_type":"article","og_title":"R. Lacazette signe pro au PSG - PSG FANS","og_description":"Romuald Lacazette (20 ans), l\u2019attaquant form\u00e9 au PSG, va signer son premier contrat pro. Le joueur, qui va s\u2019engager pour une saison plus deux en option, s\u00e9lectionn\u00e9 chez les diff\u00e9rentes cat\u00e9gories de jeunes, a \u00e9t\u00e9 convoqu\u00e9 plusieurs fois par Laurent Blanc pour s\u2019entra\u00eener avec l\u2019\u00e9quipe premi\u00e8re. Plusieurs clubs de Ligue 2 se sont renseign\u00e9s \u00e0 [&hellip;]","og_url":"https:\/\/psgfans.fr\/?p=549","og_site_name":"PSG FANS","article_published_time":"2014-06-22T11:10:00+00:00","og_image":[{"url":"https:\/\/blogger.googleusercontent.com\/img\/b\/R29vZ2xl\/AVvXsEhScLodEUy3s4wGd17ayuQhPXKPOf3_ICQhSovTGu_4YcewVEkyGzxiuxX_lox9I-LiGP8QyC7tHAWSFjehSohH6YnHv574Q2BTI_fVewPBGmp3A3R4iMhFX6k9xsTajD_z20cp8jmRvrU\/s1600\/&amp;.jpg","type":"","width":"","height":""}],"author":"psgfans","twitter_card":"summary_large_image","twitter_misc":{"\u00c9crit par":"psgfans","Dur\u00e9e de lecture estim\u00e9e":"1 minute"},"schema":{"@context":"https:\/\/schema.org","@graph":[{"@type":"Article","@id":"https:\/\/psgfans.fr\/?p=549#article","isPartOf":{"@id":"https:\/\/psgfans.fr\/?p=549"},"author":{"name":"psgfans","@id":"https:\/\/psgfans.fr\/#\/schema\/person\/be2237e7a0237af2f29cb344b3c55e6c"},"headline":"R. Lacazette signe pro au PSG","datePublished":"2014-06-22T11:10:00+00:00","mainEntityOfPage":{"@id":"https:\/\/psgfans.fr\/?p=549"},"wordCount":114,"commentCount":0,"image":{"@id":"https:\/\/psgfans.fr\/?p=549#primaryimage"},"thumbnailUrl":"https:\/\/blogger.googleusercontent.com\/img\/b\/R29vZ2xl\/AVvXsEhScLodEUy3s4wGd17ayuQhPXKPOf3_ICQhSovTGu_4YcewVEkyGzxiuxX_lox9I-LiGP8QyC7tHAWSFjehSohH6YnHv574Q2BTI_fVewPBGmp3A3R4iMhFX6k9xsTajD_z20cp8jmRvrU\/s1600\/&amp;.jpg","articleSection":["News"],"inLanguage":"fr-FR","potentialAction":[{"@type":"CommentAction","name":"Comment","target":["https:\/\/psgfans.fr\/?p=549#respond"]}]},{"@type":"WebPage","@id":"https:\/\/psgfans.fr\/?p=549","url":"https:\/\/psgfans.fr\/?p=549","name":"R. Lacazette signe pro au PSG - PSG FANS","isPartOf":{"@id":"https:\/\/psgfans.fr\/#website"},"primaryImageOfPage":{"@id":"https:\/\/psgfans.fr\/?p=549#primaryimage"},"image":{"@id":"https:\/\/psgfans.fr\/?p=549#primaryimage"},"thumbnailUrl":"https:\/\/blogger.googleusercontent.com\/img\/b\/R29vZ2xl\/AVvXsEhScLodEUy3s4wGd17ayuQhPXKPOf3_ICQhSovTGu_4YcewVEkyGzxiuxX_lox9I-LiGP8QyC7tHAWSFjehSohH6YnHv574Q2BTI_fVewPBGmp3A3R4iMhFX6k9xsTajD_z20cp8jmRvrU\/s1600\/&amp;.jpg","datePublished":"2014-06-22T11:10:00+00:00","author":{"@id":"https:\/\/psgfans.fr\/#\/schema\/person\/be2237e7a0237af2f29cb344b3c55e6c"},"breadcrumb":{"@id":"https:\/\/psgfans.fr\/?p=549#breadcrumb"},"inLanguage":"fr-FR","potentialAction":[{"@type":"ReadAction","target":["https:\/\/psgfans.fr\/?p=549"]}]},{"@type":"ImageObject","inLanguage":"fr-FR","@id":"https:\/\/psgfans.fr\/?p=549#primaryimage","url":"https:\/\/blogger.googleusercontent.com\/img\/b\/R29vZ2xl\/AVvXsEhScLodEUy3s4wGd17ayuQhPXKPOf3_ICQhSovTGu_4YcewVEkyGzxiuxX_lox9I-LiGP8QyC7tHAWSFjehSohH6YnHv574Q2BTI_fVewPBGmp3A3R4iMhFX6k9xsTajD_z20cp8jmRvrU\/s1600\/&amp;.jpg","contentUrl":"https:\/\/blogger.googleusercontent.com\/img\/b\/R29vZ2xl\/AVvXsEhScLodEUy3s4wGd17ayuQhPXKPOf3_ICQhSovTGu_4YcewVEkyGzxiuxX_lox9I-LiGP8QyC7tHAWSFjehSohH6YnHv574Q2BTI_fVewPBGmp3A3R4iMhFX6k9xsTajD_z20cp8jmRvrU\/s1600\/&amp;.jpg"},{"@type":"BreadcrumbList","@id":"https:\/\/psgfans.fr\/?p=549#breadcrumb","itemListElement":[{"@type":"ListItem","position":1,"name":"Accueil","item":"https:\/\/psgfans.fr\/"},{"@type":"ListItem","position":2,"name":"R. Lacazette signe pro au PSG"}]},{"@type":"WebSite","@id":"https:\/\/psgfans.fr\/#website","url":"https:\/\/psgfans.fr\/","name":"PSG FANS","description":"Unit\u00e9, Passion, Victoire : Au C\u0153ur du Paris Saint-Germain!","potentialAction":[{"@type":"SearchAction","target":{"@type":"EntryPoint","urlTemplate":"https:\/\/psgfans.fr\/?s={search_term_string}"},"query-input":{"@type":"PropertyValueSpecification","valueRequired":true,"valueName":"search_term_string"}}],"inLanguage":"fr-FR"},{"@type":"Person","@id":"https:\/\/psgfans.fr\/#\/schema\/person\/be2237e7a0237af2f29cb344b3c55e6c","name":"psgfans","image":{"@type":"ImageObject","inLanguage":"fr-FR","@id":"https:\/\/secure.gravatar.com\/avatar\/?s=96&d=mm&r=g","url":"https:\/\/secure.gravatar.com\/avatar\/?s=96&d=mm&r=g","contentUrl":"https:\/\/secure.gravatar.com\/avatar\/?s=96&d=mm&r=g","caption":"psgfans"},"url":"https:\/\/psgfans.fr\/?author=2"}]}},"_links":{"self":[{"href":"https:\/\/psgfans.fr\/index.php?rest_route=\/wp\/v2\/posts\/549","targetHints":{"allow":["GET"]}}],"collection":[{"href":"https:\/\/psgfans.fr\/index.php?rest_route=\/wp\/v2\/posts"}],"about":[{"href":"https:\/\/psgfans.fr\/index.php?rest_route=\/wp\/v2\/types\/post"}],"author":[{"embeddable":true,"href":"https:\/\/psgfans.fr\/index.php?rest_route=\/wp\/v2\/users\/2"}],"replies":[{"embeddable":true,"href":"https:\/\/psgfans.fr\/index.php?rest_route=%2Fwp%2Fv2%2Fcomments&post=549"}],"version-history":[{"count":0,"href":"https:\/\/psgfans.fr\/index.php?rest_route=\/wp\/v2\/posts\/549\/revisions"}],"wp:attachment":[{"href":"https:\/\/psgfans.fr\/index.php?rest_route=%2Fwp%2Fv2%2Fmedia&parent=549"}],"wp:term":[{"taxonomy":"category","embeddable":true,"href":"https:\/\/psgfans.fr\/index.php?rest_route=%2Fwp%2Fv2%2Fcategories&post=549"},{"taxonomy":"post_tag","embeddable":true,"href":"https:\/\/psgfans.fr\/index.php?rest_route=%2Fwp%2Fv2%2Ftags&post=549"}],"curies":[{"name":"wp","href":"https:\/\/api.w.org\/{rel}","templated":true}]}}