{"id":547,"date":"2014-06-22T12:23:00","date_gmt":"2014-06-22T11:23:00","guid":{"rendered":"https:\/\/psgfans.fr\/?p=547"},"modified":"2014-06-22T12:23:00","modified_gmt":"2014-06-22T11:23:00","slug":"psg-le-mercato-du-club-doublement-pourri-par-liverpool","status":"publish","type":"post","link":"https:\/\/psgfans.fr\/?p=547","title":{"rendered":"PSG : le Mercato du club doublement pourri par Liverpool ?"},"content":{"rendered":"<div style=\"clear: both; text-align: center;\"><a href=\"https:\/\/blogger.googleusercontent.com\/img\/b\/R29vZ2xl\/AVvXsEhUJLC4J7PfbuVYDs0pIDaqDYt_KmoveCfOdrmPGaclzo65JkTnUazpEqqgDRIYrSVHo0-R-Rz3wLu_Dv7WxLf5fsjynR3yx4RvK0_7aG3ZquHVoSUPoT7n4m-mo19lGOwp4IUZdyPM0rI\/s1600\/&amp;.jpg\" style=\"margin-left: 1em; margin-right: 1em;\"><img loading=\"lazy\" decoding=\"async\" border=\"0\" src=\"https:\/\/blogger.googleusercontent.com\/img\/b\/R29vZ2xl\/AVvXsEhUJLC4J7PfbuVYDs0pIDaqDYt_KmoveCfOdrmPGaclzo65JkTnUazpEqqgDRIYrSVHo0-R-Rz3wLu_Dv7WxLf5fsjynR3yx4RvK0_7aG3ZquHVoSUPoT7n4m-mo19lGOwp4IUZdyPM0rI\/s1600\/&amp;.jpg\" height=\"266\" width=\"400\" \/><\/a><\/div>\n<p>Bien que la Coupe du monde ait tendance \u00e0 paralyser le march\u00e9 des transferts, en coulisses, certains clubs n\u00e9gocient d\u00e9j\u00e0 en vue de la saison prochaine. D\u00e9sireux, selon son entra\u00eeneur Laurent Blanc, de recruter \u00ab un ou deux joueurs de grande qualit\u00e9 \u00bb , le PSG s\u2019est trouv\u00e9 un enquiquineur de premi\u00e8re cat\u00e9gorie : le Liverpool FC. L\u2019intrusion du club anglais dans plusieurs dossiers impliquant le club de la capitale pourrait en effet compliquer la t\u00e2che de ce dernier.<\/p>\n<p><b>Alexis Sanchez vers l\u2019Angleterre plut\u00f4t que le PSG ?<\/b><\/p>\n<p>D\u2019abord, le quotidien catalan El Mundo Deportivo a fait savoir vendredi que le FC Barcelone souhaitait recruter l\u2019attaquant des Reds Luis Suarez au nez et \u00e0 la barbe du Real Madrid. Le prix de l\u2019international uruguayen, estim\u00e9 \u00e0 90 millions d\u2019euros, semble toutefois trop \u00e9lev\u00e9 pour les finances catalanes. Aussi les dirigeants Blaugrana pourraient-ils inclure \u00e0 la transaction leur ailier chilien Alexis Sanchez, courtis\u00e9 par le PSG, mais qui prendrait donc la direction du nord de l\u2019Angleterre.<\/p>\n<p>Ce n\u2019est pas tout : le quotidien anglais Metro a fait savoir dans le m\u00eame temps que Liverpool ciblait le milieu de terrain du Real Madrid Sami Khedira. Une offre de 19 millions d\u2019euros serait m\u00eame en pr\u00e9paration. Or, selon Metro, les dirigeants merengue pourraient se servir de cette manne financi\u00e8re pour formuler une offre de pr\u00e8s de 40 millions d\u2019euros afin de s\u2019attacher les services du milieu de terrain du PSG Marco Verratti, tr\u00e8s appr\u00e9ci\u00e9 par Carlo Ancelotti.<\/p>\n<p>Bref, en deux coups, le vice-champion d\u2019Angleterre vient peut-\u00eatre de contraindre l\u2019\u00e9tat-major Bleu et Rouge \u00e0 revoir ses plans\u2026<\/p>\n<p>butfootballclub<\/p>\n","protected":false},"excerpt":{"rendered":"<p>Bien que la Coupe du monde ait tendance \u00e0 paralyser le march\u00e9 des transferts, en coulisses, certains clubs n\u00e9gocient d\u00e9j\u00e0 en vue de la saison prochaine. D\u00e9sireux, selon son entra\u00eeneur Laurent Blanc, de recruter \u00ab un ou deux joueurs de grande qualit\u00e9 \u00bb , le PSG s\u2019est trouv\u00e9 un enquiquineur de premi\u00e8re cat\u00e9gorie : le [&hellip;]<\/p>\n","protected":false},"author":2,"featured_media":0,"comment_status":"open","ping_status":"open","sticky":false,"template":"","format":"standard","meta":{"footnotes":""},"categories":[3],"tags":[],"class_list":{"0":"post-547","1":"post","2":"type-post","3":"status-publish","4":"format-standard","6":"category-news"},"yoast_head":"<!-- This site is optimized with the Yoast SEO plugin v27.4 - https:\/\/yoast.com\/product\/yoast-seo-wordpress\/ -->\n<title>PSG : le Mercato du club doublement pourri par Liverpool ? - PSG FANS<\/title>\n<meta name=\"robots\" content=\"index, follow, max-snippet:-1, max-image-preview:large, max-video-preview:-1\" \/>\n<link rel=\"canonical\" href=\"https:\/\/psgfans.fr\/?p=547\" \/>\n<meta property=\"og:locale\" content=\"fr_FR\" \/>\n<meta property=\"og:type\" content=\"article\" \/>\n<meta property=\"og:title\" content=\"PSG : le Mercato du club doublement pourri par Liverpool ? - PSG FANS\" \/>\n<meta property=\"og:description\" content=\"Bien que la Coupe du monde ait tendance \u00e0 paralyser le march\u00e9 des transferts, en coulisses, certains clubs n\u00e9gocient d\u00e9j\u00e0 en vue de la saison prochaine. D\u00e9sireux, selon son entra\u00eeneur Laurent Blanc, de recruter \u00ab un ou deux joueurs de grande qualit\u00e9 \u00bb , le PSG s\u2019est trouv\u00e9 un enquiquineur de premi\u00e8re cat\u00e9gorie : le [&hellip;]\" \/>\n<meta property=\"og:url\" content=\"https:\/\/psgfans.fr\/?p=547\" \/>\n<meta property=\"og:site_name\" content=\"PSG FANS\" \/>\n<meta property=\"article:published_time\" content=\"2014-06-22T11:23:00+00:00\" \/>\n<meta property=\"og:image\" content=\"https:\/\/blogger.googleusercontent.com\/img\/b\/R29vZ2xl\/AVvXsEhUJLC4J7PfbuVYDs0pIDaqDYt_KmoveCfOdrmPGaclzo65JkTnUazpEqqgDRIYrSVHo0-R-Rz3wLu_Dv7WxLf5fsjynR3yx4RvK0_7aG3ZquHVoSUPoT7n4m-mo19lGOwp4IUZdyPM0rI\/s1600\/&amp;.jpg\" \/>\n<meta name=\"author\" content=\"psgfans\" \/>\n<meta name=\"twitter:card\" content=\"summary_large_image\" \/>\n<meta name=\"twitter:label1\" content=\"\u00c9crit par\" \/>\n\t<meta name=\"twitter:data1\" content=\"psgfans\" \/>\n\t<meta name=\"twitter:label2\" content=\"Dur\u00e9e de lecture estim\u00e9e\" \/>\n\t<meta name=\"twitter:data2\" content=\"1 minute\" \/>\n<script type=\"application\/ld+json\" class=\"yoast-schema-graph\">{\"@context\":\"https:\\\/\\\/schema.org\",\"@graph\":[{\"@type\":\"Article\",\"@id\":\"https:\\\/\\\/psgfans.fr\\\/?p=547#article\",\"isPartOf\":{\"@id\":\"https:\\\/\\\/psgfans.fr\\\/?p=547\"},\"author\":{\"name\":\"psgfans\",\"@id\":\"https:\\\/\\\/psgfans.fr\\\/#\\\/schema\\\/person\\\/be2237e7a0237af2f29cb344b3c55e6c\"},\"headline\":\"PSG : le Mercato du club doublement pourri par Liverpool ?\",\"datePublished\":\"2014-06-22T11:23:00+00:00\",\"mainEntityOfPage\":{\"@id\":\"https:\\\/\\\/psgfans.fr\\\/?p=547\"},\"wordCount\":289,\"commentCount\":0,\"image\":{\"@id\":\"https:\\\/\\\/psgfans.fr\\\/?p=547#primaryimage\"},\"thumbnailUrl\":\"https:\\\/\\\/blogger.googleusercontent.com\\\/img\\\/b\\\/R29vZ2xl\\\/AVvXsEhUJLC4J7PfbuVYDs0pIDaqDYt_KmoveCfOdrmPGaclzo65JkTnUazpEqqgDRIYrSVHo0-R-Rz3wLu_Dv7WxLf5fsjynR3yx4RvK0_7aG3ZquHVoSUPoT7n4m-mo19lGOwp4IUZdyPM0rI\\\/s1600\\\/&amp;.jpg\",\"articleSection\":[\"News\"],\"inLanguage\":\"fr-FR\",\"potentialAction\":[{\"@type\":\"CommentAction\",\"name\":\"Comment\",\"target\":[\"https:\\\/\\\/psgfans.fr\\\/?p=547#respond\"]}]},{\"@type\":\"WebPage\",\"@id\":\"https:\\\/\\\/psgfans.fr\\\/?p=547\",\"url\":\"https:\\\/\\\/psgfans.fr\\\/?p=547\",\"name\":\"PSG : le Mercato du club doublement pourri par Liverpool ? - PSG FANS\",\"isPartOf\":{\"@id\":\"https:\\\/\\\/psgfans.fr\\\/#website\"},\"primaryImageOfPage\":{\"@id\":\"https:\\\/\\\/psgfans.fr\\\/?p=547#primaryimage\"},\"image\":{\"@id\":\"https:\\\/\\\/psgfans.fr\\\/?p=547#primaryimage\"},\"thumbnailUrl\":\"https:\\\/\\\/blogger.googleusercontent.com\\\/img\\\/b\\\/R29vZ2xl\\\/AVvXsEhUJLC4J7PfbuVYDs0pIDaqDYt_KmoveCfOdrmPGaclzo65JkTnUazpEqqgDRIYrSVHo0-R-Rz3wLu_Dv7WxLf5fsjynR3yx4RvK0_7aG3ZquHVoSUPoT7n4m-mo19lGOwp4IUZdyPM0rI\\\/s1600\\\/&amp;.jpg\",\"datePublished\":\"2014-06-22T11:23:00+00:00\",\"author\":{\"@id\":\"https:\\\/\\\/psgfans.fr\\\/#\\\/schema\\\/person\\\/be2237e7a0237af2f29cb344b3c55e6c\"},\"breadcrumb\":{\"@id\":\"https:\\\/\\\/psgfans.fr\\\/?p=547#breadcrumb\"},\"inLanguage\":\"fr-FR\",\"potentialAction\":[{\"@type\":\"ReadAction\",\"target\":[\"https:\\\/\\\/psgfans.fr\\\/?p=547\"]}]},{\"@type\":\"ImageObject\",\"inLanguage\":\"fr-FR\",\"@id\":\"https:\\\/\\\/psgfans.fr\\\/?p=547#primaryimage\",\"url\":\"https:\\\/\\\/blogger.googleusercontent.com\\\/img\\\/b\\\/R29vZ2xl\\\/AVvXsEhUJLC4J7PfbuVYDs0pIDaqDYt_KmoveCfOdrmPGaclzo65JkTnUazpEqqgDRIYrSVHo0-R-Rz3wLu_Dv7WxLf5fsjynR3yx4RvK0_7aG3ZquHVoSUPoT7n4m-mo19lGOwp4IUZdyPM0rI\\\/s1600\\\/&amp;.jpg\",\"contentUrl\":\"https:\\\/\\\/blogger.googleusercontent.com\\\/img\\\/b\\\/R29vZ2xl\\\/AVvXsEhUJLC4J7PfbuVYDs0pIDaqDYt_KmoveCfOdrmPGaclzo65JkTnUazpEqqgDRIYrSVHo0-R-Rz3wLu_Dv7WxLf5fsjynR3yx4RvK0_7aG3ZquHVoSUPoT7n4m-mo19lGOwp4IUZdyPM0rI\\\/s1600\\\/&amp;.jpg\"},{\"@type\":\"BreadcrumbList\",\"@id\":\"https:\\\/\\\/psgfans.fr\\\/?p=547#breadcrumb\",\"itemListElement\":[{\"@type\":\"ListItem\",\"position\":1,\"name\":\"Accueil\",\"item\":\"https:\\\/\\\/psgfans.fr\\\/\"},{\"@type\":\"ListItem\",\"position\":2,\"name\":\"PSG : le Mercato du club doublement pourri par Liverpool ?\"}]},{\"@type\":\"WebSite\",\"@id\":\"https:\\\/\\\/psgfans.fr\\\/#website\",\"url\":\"https:\\\/\\\/psgfans.fr\\\/\",\"name\":\"PSG FANS\",\"description\":\"Unit\u00e9, Passion, Victoire : Au C\u0153ur du Paris Saint-Germain!\",\"potentialAction\":[{\"@type\":\"SearchAction\",\"target\":{\"@type\":\"EntryPoint\",\"urlTemplate\":\"https:\\\/\\\/psgfans.fr\\\/?s={search_term_string}\"},\"query-input\":{\"@type\":\"PropertyValueSpecification\",\"valueRequired\":true,\"valueName\":\"search_term_string\"}}],\"inLanguage\":\"fr-FR\"},{\"@type\":\"Person\",\"@id\":\"https:\\\/\\\/psgfans.fr\\\/#\\\/schema\\\/person\\\/be2237e7a0237af2f29cb344b3c55e6c\",\"name\":\"psgfans\",\"image\":{\"@type\":\"ImageObject\",\"inLanguage\":\"fr-FR\",\"@id\":\"https:\\\/\\\/secure.gravatar.com\\\/avatar\\\/?s=96&d=mm&r=g\",\"url\":\"https:\\\/\\\/secure.gravatar.com\\\/avatar\\\/?s=96&d=mm&r=g\",\"contentUrl\":\"https:\\\/\\\/secure.gravatar.com\\\/avatar\\\/?s=96&d=mm&r=g\",\"caption\":\"psgfans\"},\"url\":\"https:\\\/\\\/psgfans.fr\\\/?author=2\"}]}<\/script>\n<!-- \/ Yoast SEO plugin. -->","yoast_head_json":{"title":"PSG : le Mercato du club doublement pourri par Liverpool ? - PSG FANS","robots":{"index":"index","follow":"follow","max-snippet":"max-snippet:-1","max-image-preview":"max-image-preview:large","max-video-preview":"max-video-preview:-1"},"canonical":"https:\/\/psgfans.fr\/?p=547","og_locale":"fr_FR","og_type":"article","og_title":"PSG : le Mercato du club doublement pourri par Liverpool ? - PSG FANS","og_description":"Bien que la Coupe du monde ait tendance \u00e0 paralyser le march\u00e9 des transferts, en coulisses, certains clubs n\u00e9gocient d\u00e9j\u00e0 en vue de la saison prochaine. D\u00e9sireux, selon son entra\u00eeneur Laurent Blanc, de recruter \u00ab un ou deux joueurs de grande qualit\u00e9 \u00bb , le PSG s\u2019est trouv\u00e9 un enquiquineur de premi\u00e8re cat\u00e9gorie : le [&hellip;]","og_url":"https:\/\/psgfans.fr\/?p=547","og_site_name":"PSG FANS","article_published_time":"2014-06-22T11:23:00+00:00","og_image":[{"url":"https:\/\/blogger.googleusercontent.com\/img\/b\/R29vZ2xl\/AVvXsEhUJLC4J7PfbuVYDs0pIDaqDYt_KmoveCfOdrmPGaclzo65JkTnUazpEqqgDRIYrSVHo0-R-Rz3wLu_Dv7WxLf5fsjynR3yx4RvK0_7aG3ZquHVoSUPoT7n4m-mo19lGOwp4IUZdyPM0rI\/s1600\/&amp;.jpg","type":"","width":"","height":""}],"author":"psgfans","twitter_card":"summary_large_image","twitter_misc":{"\u00c9crit par":"psgfans","Dur\u00e9e de lecture estim\u00e9e":"1 minute"},"schema":{"@context":"https:\/\/schema.org","@graph":[{"@type":"Article","@id":"https:\/\/psgfans.fr\/?p=547#article","isPartOf":{"@id":"https:\/\/psgfans.fr\/?p=547"},"author":{"name":"psgfans","@id":"https:\/\/psgfans.fr\/#\/schema\/person\/be2237e7a0237af2f29cb344b3c55e6c"},"headline":"PSG : le Mercato du club doublement pourri par Liverpool ?","datePublished":"2014-06-22T11:23:00+00:00","mainEntityOfPage":{"@id":"https:\/\/psgfans.fr\/?p=547"},"wordCount":289,"commentCount":0,"image":{"@id":"https:\/\/psgfans.fr\/?p=547#primaryimage"},"thumbnailUrl":"https:\/\/blogger.googleusercontent.com\/img\/b\/R29vZ2xl\/AVvXsEhUJLC4J7PfbuVYDs0pIDaqDYt_KmoveCfOdrmPGaclzo65JkTnUazpEqqgDRIYrSVHo0-R-Rz3wLu_Dv7WxLf5fsjynR3yx4RvK0_7aG3ZquHVoSUPoT7n4m-mo19lGOwp4IUZdyPM0rI\/s1600\/&amp;.jpg","articleSection":["News"],"inLanguage":"fr-FR","potentialAction":[{"@type":"CommentAction","name":"Comment","target":["https:\/\/psgfans.fr\/?p=547#respond"]}]},{"@type":"WebPage","@id":"https:\/\/psgfans.fr\/?p=547","url":"https:\/\/psgfans.fr\/?p=547","name":"PSG : le Mercato du club doublement pourri par Liverpool ? - PSG FANS","isPartOf":{"@id":"https:\/\/psgfans.fr\/#website"},"primaryImageOfPage":{"@id":"https:\/\/psgfans.fr\/?p=547#primaryimage"},"image":{"@id":"https:\/\/psgfans.fr\/?p=547#primaryimage"},"thumbnailUrl":"https:\/\/blogger.googleusercontent.com\/img\/b\/R29vZ2xl\/AVvXsEhUJLC4J7PfbuVYDs0pIDaqDYt_KmoveCfOdrmPGaclzo65JkTnUazpEqqgDRIYrSVHo0-R-Rz3wLu_Dv7WxLf5fsjynR3yx4RvK0_7aG3ZquHVoSUPoT7n4m-mo19lGOwp4IUZdyPM0rI\/s1600\/&amp;.jpg","datePublished":"2014-06-22T11:23:00+00:00","author":{"@id":"https:\/\/psgfans.fr\/#\/schema\/person\/be2237e7a0237af2f29cb344b3c55e6c"},"breadcrumb":{"@id":"https:\/\/psgfans.fr\/?p=547#breadcrumb"},"inLanguage":"fr-FR","potentialAction":[{"@type":"ReadAction","target":["https:\/\/psgfans.fr\/?p=547"]}]},{"@type":"ImageObject","inLanguage":"fr-FR","@id":"https:\/\/psgfans.fr\/?p=547#primaryimage","url":"https:\/\/blogger.googleusercontent.com\/img\/b\/R29vZ2xl\/AVvXsEhUJLC4J7PfbuVYDs0pIDaqDYt_KmoveCfOdrmPGaclzo65JkTnUazpEqqgDRIYrSVHo0-R-Rz3wLu_Dv7WxLf5fsjynR3yx4RvK0_7aG3ZquHVoSUPoT7n4m-mo19lGOwp4IUZdyPM0rI\/s1600\/&amp;.jpg","contentUrl":"https:\/\/blogger.googleusercontent.com\/img\/b\/R29vZ2xl\/AVvXsEhUJLC4J7PfbuVYDs0pIDaqDYt_KmoveCfOdrmPGaclzo65JkTnUazpEqqgDRIYrSVHo0-R-Rz3wLu_Dv7WxLf5fsjynR3yx4RvK0_7aG3ZquHVoSUPoT7n4m-mo19lGOwp4IUZdyPM0rI\/s1600\/&amp;.jpg"},{"@type":"BreadcrumbList","@id":"https:\/\/psgfans.fr\/?p=547#breadcrumb","itemListElement":[{"@type":"ListItem","position":1,"name":"Accueil","item":"https:\/\/psgfans.fr\/"},{"@type":"ListItem","position":2,"name":"PSG : le Mercato du club doublement pourri par Liverpool ?"}]},{"@type":"WebSite","@id":"https:\/\/psgfans.fr\/#website","url":"https:\/\/psgfans.fr\/","name":"PSG FANS","description":"Unit\u00e9, Passion, Victoire : Au C\u0153ur du Paris Saint-Germain!","potentialAction":[{"@type":"SearchAction","target":{"@type":"EntryPoint","urlTemplate":"https:\/\/psgfans.fr\/?s={search_term_string}"},"query-input":{"@type":"PropertyValueSpecification","valueRequired":true,"valueName":"search_term_string"}}],"inLanguage":"fr-FR"},{"@type":"Person","@id":"https:\/\/psgfans.fr\/#\/schema\/person\/be2237e7a0237af2f29cb344b3c55e6c","name":"psgfans","image":{"@type":"ImageObject","inLanguage":"fr-FR","@id":"https:\/\/secure.gravatar.com\/avatar\/?s=96&d=mm&r=g","url":"https:\/\/secure.gravatar.com\/avatar\/?s=96&d=mm&r=g","contentUrl":"https:\/\/secure.gravatar.com\/avatar\/?s=96&d=mm&r=g","caption":"psgfans"},"url":"https:\/\/psgfans.fr\/?author=2"}]}},"_links":{"self":[{"href":"https:\/\/psgfans.fr\/index.php?rest_route=\/wp\/v2\/posts\/547","targetHints":{"allow":["GET"]}}],"collection":[{"href":"https:\/\/psgfans.fr\/index.php?rest_route=\/wp\/v2\/posts"}],"about":[{"href":"https:\/\/psgfans.fr\/index.php?rest_route=\/wp\/v2\/types\/post"}],"author":[{"embeddable":true,"href":"https:\/\/psgfans.fr\/index.php?rest_route=\/wp\/v2\/users\/2"}],"replies":[{"embeddable":true,"href":"https:\/\/psgfans.fr\/index.php?rest_route=%2Fwp%2Fv2%2Fcomments&post=547"}],"version-history":[{"count":0,"href":"https:\/\/psgfans.fr\/index.php?rest_route=\/wp\/v2\/posts\/547\/revisions"}],"wp:attachment":[{"href":"https:\/\/psgfans.fr\/index.php?rest_route=%2Fwp%2Fv2%2Fmedia&parent=547"}],"wp:term":[{"taxonomy":"category","embeddable":true,"href":"https:\/\/psgfans.fr\/index.php?rest_route=%2Fwp%2Fv2%2Fcategories&post=547"},{"taxonomy":"post_tag","embeddable":true,"href":"https:\/\/psgfans.fr\/index.php?rest_route=%2Fwp%2Fv2%2Ftags&post=547"}],"curies":[{"name":"wp","href":"https:\/\/api.w.org\/{rel}","templated":true}]}}