{"id":545,"date":"2014-06-24T15:31:00","date_gmt":"2014-06-24T14:31:00","guid":{"rendered":"https:\/\/psgfans.fr\/?p=545"},"modified":"2014-06-24T15:31:00","modified_gmt":"2014-06-24T14:31:00","slug":"psg-les-raisons-pour-lesquelles-paris-dit-non-a-dani-alves","status":"publish","type":"post","link":"https:\/\/psgfans.fr\/?p=545","title":{"rendered":"PSG : les raisons pour lesquelles Paris dit non \u00e0 Dani Alves"},"content":{"rendered":"<div style=\"clear: both; text-align: center;\"><a href=\"https:\/\/blogger.googleusercontent.com\/img\/b\/R29vZ2xl\/AVvXsEgKxK1o-zM5KjgSFp7ZcUSzFw1Xkk2Lce9t30HXIhKgBCiwJ0S0CXrSmZh8PFK4OrZdJC-OhOJL-tShNDTkq2B9FKvNUBOee-yk_5A5s92LyXudTBw9vBqpuCqwWrkiSmssUNNX3MCIHQk\/s1600\/%2526hdhd.jpg\" style=\"margin-left: 1em; margin-right: 1em;\"><img loading=\"lazy\" decoding=\"async\" border=\"0\" src=\"https:\/\/blogger.googleusercontent.com\/img\/b\/R29vZ2xl\/AVvXsEgKxK1o-zM5KjgSFp7ZcUSzFw1Xkk2Lce9t30HXIhKgBCiwJ0S0CXrSmZh8PFK4OrZdJC-OhOJL-tShNDTkq2B9FKvNUBOee-yk_5A5s92LyXudTBw9vBqpuCqwWrkiSmssUNNX3MCIHQk\/s1600\/%2526hdhd.jpg\" height=\"198\" width=\"400\" \/><\/a><\/div>\n<p>Selon Le Parisien, les dirigeants du PSG ont abandonn\u00e9 la piste menant au lat\u00e9ral Dani Alves (FC Barcelone) \u00ab\u00a0pour des raisons sportives et extrasportives\u00a0\u00bb. L&rsquo;\u00e2ge (31 ans) et le salaire du Br\u00e9silien seraient deux obstacles notables \u00e0 l&rsquo;arriv\u00e9e du Br\u00e9silien \u00e0 Paris. Le PSG pourrait se tourner vers Ignazio Abate.<\/p>\n<p>Daniel Alves au PSG, c\u2019est de plus en plus froid. Selon Le Parisien ce mardi, le club de la capitale aurait mis de c\u00f4t\u00e9 son int\u00e9r\u00eat pour le joueur catalan. Le PSG souhaite bien recruter un lat\u00e9ral droit mais ne serait finalement plus int\u00e9ress\u00e9 par le joueur de 31 ans qui dispute actuellement la Coupe du monde avec la Sele\u00e7ao. Un abandon de cette piste que Le Parisien justifie par des \u00ab\u00a0raisons sportives et extra-sportives\u00a0\u00bb. L\u2019 \u00e2ge et le salaire du Br\u00e9silien (7 millions d\u2019euros par an) seraient des freins trop s\u00e9rieux pour le club entra\u00een\u00e9 par Laurent Blanc. Le nom d\u2019Alves revenait pourtant avec insistance depuis plusieurs semaines et le d\u00e9fenseur br\u00e9silien avait lui-m\u00eame entretenu la chronique de son transfert annonc\u00e9. Un \u00e9change Alves-Marquinhos a \u00e9galement \u00e9t\u00e9 envisag\u00e9.<\/p>\n<p>Pour renforcer un poste incarn\u00e9 par Gregory van der Wiel, souvent bless\u00e9 au genou, et Christophe Jallet, le PSG pourrait d\u00e9sormais s\u2019orienter vers le lat\u00e9ral du Milan AC Ignazio Abate. Un recrutement qui pourrait \u00eatre facilit\u00e9 par les relations entretenus par le PSG et l\u2019agent de l\u2019international italien, Mino Raiola, \u00e9galement en charge de Zlatan Ibrahimovic. Abate repr\u00e9senterait un investissement d\u2019une dizaine de millions d\u2019euros pour les champions de France.<\/p>\n","protected":false},"excerpt":{"rendered":"<p>Selon Le Parisien, les dirigeants du PSG ont abandonn\u00e9 la piste menant au lat\u00e9ral Dani Alves (FC Barcelone) \u00ab\u00a0pour des raisons sportives et extrasportives\u00a0\u00bb. L&rsquo;\u00e2ge (31 ans) et le salaire du Br\u00e9silien seraient deux obstacles notables \u00e0 l&rsquo;arriv\u00e9e du Br\u00e9silien \u00e0 Paris. Le PSG pourrait se tourner vers Ignazio Abate. Daniel Alves au PSG, c\u2019est [&hellip;]<\/p>\n","protected":false},"author":2,"featured_media":0,"comment_status":"open","ping_status":"open","sticky":false,"template":"","format":"standard","meta":{"footnotes":""},"categories":[3],"tags":[],"class_list":{"0":"post-545","1":"post","2":"type-post","3":"status-publish","4":"format-standard","6":"category-news"},"yoast_head":"<!-- This site is optimized with the Yoast SEO plugin v27.4 - https:\/\/yoast.com\/product\/yoast-seo-wordpress\/ -->\n<title>PSG : les raisons pour lesquelles Paris dit non \u00e0 Dani Alves - PSG FANS<\/title>\n<meta name=\"robots\" content=\"index, follow, max-snippet:-1, max-image-preview:large, max-video-preview:-1\" \/>\n<link rel=\"canonical\" href=\"https:\/\/psgfans.fr\/?p=545\" \/>\n<meta property=\"og:locale\" content=\"fr_FR\" \/>\n<meta property=\"og:type\" content=\"article\" \/>\n<meta property=\"og:title\" content=\"PSG : les raisons pour lesquelles Paris dit non \u00e0 Dani Alves - PSG FANS\" \/>\n<meta property=\"og:description\" content=\"Selon Le Parisien, les dirigeants du PSG ont abandonn\u00e9 la piste menant au lat\u00e9ral Dani Alves (FC Barcelone) \u00ab\u00a0pour des raisons sportives et extrasportives\u00a0\u00bb. L&rsquo;\u00e2ge (31 ans) et le salaire du Br\u00e9silien seraient deux obstacles notables \u00e0 l&rsquo;arriv\u00e9e du Br\u00e9silien \u00e0 Paris. Le PSG pourrait se tourner vers Ignazio Abate. Daniel Alves au PSG, c\u2019est [&hellip;]\" \/>\n<meta property=\"og:url\" content=\"https:\/\/psgfans.fr\/?p=545\" \/>\n<meta property=\"og:site_name\" content=\"PSG FANS\" \/>\n<meta property=\"article:published_time\" content=\"2014-06-24T14:31:00+00:00\" \/>\n<meta property=\"og:image\" content=\"https:\/\/blogger.googleusercontent.com\/img\/b\/R29vZ2xl\/AVvXsEgKxK1o-zM5KjgSFp7ZcUSzFw1Xkk2Lce9t30HXIhKgBCiwJ0S0CXrSmZh8PFK4OrZdJC-OhOJL-tShNDTkq2B9FKvNUBOee-yk_5A5s92LyXudTBw9vBqpuCqwWrkiSmssUNNX3MCIHQk\/s1600\/%2526hdhd.jpg\" \/>\n<meta name=\"author\" content=\"psgfans\" \/>\n<meta name=\"twitter:card\" content=\"summary_large_image\" \/>\n<meta name=\"twitter:label1\" content=\"\u00c9crit par\" \/>\n\t<meta name=\"twitter:data1\" content=\"psgfans\" \/>\n\t<meta name=\"twitter:label2\" content=\"Dur\u00e9e de lecture estim\u00e9e\" \/>\n\t<meta name=\"twitter:data2\" content=\"1 minute\" \/>\n<script type=\"application\/ld+json\" class=\"yoast-schema-graph\">{\"@context\":\"https:\\\/\\\/schema.org\",\"@graph\":[{\"@type\":\"Article\",\"@id\":\"https:\\\/\\\/psgfans.fr\\\/?p=545#article\",\"isPartOf\":{\"@id\":\"https:\\\/\\\/psgfans.fr\\\/?p=545\"},\"author\":{\"name\":\"psgfans\",\"@id\":\"https:\\\/\\\/psgfans.fr\\\/#\\\/schema\\\/person\\\/be2237e7a0237af2f29cb344b3c55e6c\"},\"headline\":\"PSG : les raisons pour lesquelles Paris dit non \u00e0 Dani Alves\",\"datePublished\":\"2014-06-24T14:31:00+00:00\",\"mainEntityOfPage\":{\"@id\":\"https:\\\/\\\/psgfans.fr\\\/?p=545\"},\"wordCount\":283,\"commentCount\":0,\"image\":{\"@id\":\"https:\\\/\\\/psgfans.fr\\\/?p=545#primaryimage\"},\"thumbnailUrl\":\"https:\\\/\\\/blogger.googleusercontent.com\\\/img\\\/b\\\/R29vZ2xl\\\/AVvXsEgKxK1o-zM5KjgSFp7ZcUSzFw1Xkk2Lce9t30HXIhKgBCiwJ0S0CXrSmZh8PFK4OrZdJC-OhOJL-tShNDTkq2B9FKvNUBOee-yk_5A5s92LyXudTBw9vBqpuCqwWrkiSmssUNNX3MCIHQk\\\/s1600\\\/%2526hdhd.jpg\",\"articleSection\":[\"News\"],\"inLanguage\":\"fr-FR\",\"potentialAction\":[{\"@type\":\"CommentAction\",\"name\":\"Comment\",\"target\":[\"https:\\\/\\\/psgfans.fr\\\/?p=545#respond\"]}]},{\"@type\":\"WebPage\",\"@id\":\"https:\\\/\\\/psgfans.fr\\\/?p=545\",\"url\":\"https:\\\/\\\/psgfans.fr\\\/?p=545\",\"name\":\"PSG : les raisons pour lesquelles Paris dit non \u00e0 Dani Alves - PSG FANS\",\"isPartOf\":{\"@id\":\"https:\\\/\\\/psgfans.fr\\\/#website\"},\"primaryImageOfPage\":{\"@id\":\"https:\\\/\\\/psgfans.fr\\\/?p=545#primaryimage\"},\"image\":{\"@id\":\"https:\\\/\\\/psgfans.fr\\\/?p=545#primaryimage\"},\"thumbnailUrl\":\"https:\\\/\\\/blogger.googleusercontent.com\\\/img\\\/b\\\/R29vZ2xl\\\/AVvXsEgKxK1o-zM5KjgSFp7ZcUSzFw1Xkk2Lce9t30HXIhKgBCiwJ0S0CXrSmZh8PFK4OrZdJC-OhOJL-tShNDTkq2B9FKvNUBOee-yk_5A5s92LyXudTBw9vBqpuCqwWrkiSmssUNNX3MCIHQk\\\/s1600\\\/%2526hdhd.jpg\",\"datePublished\":\"2014-06-24T14:31:00+00:00\",\"author\":{\"@id\":\"https:\\\/\\\/psgfans.fr\\\/#\\\/schema\\\/person\\\/be2237e7a0237af2f29cb344b3c55e6c\"},\"breadcrumb\":{\"@id\":\"https:\\\/\\\/psgfans.fr\\\/?p=545#breadcrumb\"},\"inLanguage\":\"fr-FR\",\"potentialAction\":[{\"@type\":\"ReadAction\",\"target\":[\"https:\\\/\\\/psgfans.fr\\\/?p=545\"]}]},{\"@type\":\"ImageObject\",\"inLanguage\":\"fr-FR\",\"@id\":\"https:\\\/\\\/psgfans.fr\\\/?p=545#primaryimage\",\"url\":\"https:\\\/\\\/blogger.googleusercontent.com\\\/img\\\/b\\\/R29vZ2xl\\\/AVvXsEgKxK1o-zM5KjgSFp7ZcUSzFw1Xkk2Lce9t30HXIhKgBCiwJ0S0CXrSmZh8PFK4OrZdJC-OhOJL-tShNDTkq2B9FKvNUBOee-yk_5A5s92LyXudTBw9vBqpuCqwWrkiSmssUNNX3MCIHQk\\\/s1600\\\/%2526hdhd.jpg\",\"contentUrl\":\"https:\\\/\\\/blogger.googleusercontent.com\\\/img\\\/b\\\/R29vZ2xl\\\/AVvXsEgKxK1o-zM5KjgSFp7ZcUSzFw1Xkk2Lce9t30HXIhKgBCiwJ0S0CXrSmZh8PFK4OrZdJC-OhOJL-tShNDTkq2B9FKvNUBOee-yk_5A5s92LyXudTBw9vBqpuCqwWrkiSmssUNNX3MCIHQk\\\/s1600\\\/%2526hdhd.jpg\"},{\"@type\":\"BreadcrumbList\",\"@id\":\"https:\\\/\\\/psgfans.fr\\\/?p=545#breadcrumb\",\"itemListElement\":[{\"@type\":\"ListItem\",\"position\":1,\"name\":\"Accueil\",\"item\":\"https:\\\/\\\/psgfans.fr\\\/\"},{\"@type\":\"ListItem\",\"position\":2,\"name\":\"PSG : les raisons pour lesquelles Paris dit non \u00e0 Dani Alves\"}]},{\"@type\":\"WebSite\",\"@id\":\"https:\\\/\\\/psgfans.fr\\\/#website\",\"url\":\"https:\\\/\\\/psgfans.fr\\\/\",\"name\":\"PSG FANS\",\"description\":\"Unit\u00e9, Passion, Victoire : Au C\u0153ur du Paris Saint-Germain!\",\"potentialAction\":[{\"@type\":\"SearchAction\",\"target\":{\"@type\":\"EntryPoint\",\"urlTemplate\":\"https:\\\/\\\/psgfans.fr\\\/?s={search_term_string}\"},\"query-input\":{\"@type\":\"PropertyValueSpecification\",\"valueRequired\":true,\"valueName\":\"search_term_string\"}}],\"inLanguage\":\"fr-FR\"},{\"@type\":\"Person\",\"@id\":\"https:\\\/\\\/psgfans.fr\\\/#\\\/schema\\\/person\\\/be2237e7a0237af2f29cb344b3c55e6c\",\"name\":\"psgfans\",\"image\":{\"@type\":\"ImageObject\",\"inLanguage\":\"fr-FR\",\"@id\":\"https:\\\/\\\/secure.gravatar.com\\\/avatar\\\/?s=96&d=mm&r=g\",\"url\":\"https:\\\/\\\/secure.gravatar.com\\\/avatar\\\/?s=96&d=mm&r=g\",\"contentUrl\":\"https:\\\/\\\/secure.gravatar.com\\\/avatar\\\/?s=96&d=mm&r=g\",\"caption\":\"psgfans\"},\"url\":\"https:\\\/\\\/psgfans.fr\\\/?author=2\"}]}<\/script>\n<!-- \/ Yoast SEO plugin. -->","yoast_head_json":{"title":"PSG : les raisons pour lesquelles Paris dit non \u00e0 Dani Alves - PSG FANS","robots":{"index":"index","follow":"follow","max-snippet":"max-snippet:-1","max-image-preview":"max-image-preview:large","max-video-preview":"max-video-preview:-1"},"canonical":"https:\/\/psgfans.fr\/?p=545","og_locale":"fr_FR","og_type":"article","og_title":"PSG : les raisons pour lesquelles Paris dit non \u00e0 Dani Alves - PSG FANS","og_description":"Selon Le Parisien, les dirigeants du PSG ont abandonn\u00e9 la piste menant au lat\u00e9ral Dani Alves (FC Barcelone) \u00ab\u00a0pour des raisons sportives et extrasportives\u00a0\u00bb. L&rsquo;\u00e2ge (31 ans) et le salaire du Br\u00e9silien seraient deux obstacles notables \u00e0 l&rsquo;arriv\u00e9e du Br\u00e9silien \u00e0 Paris. Le PSG pourrait se tourner vers Ignazio Abate. Daniel Alves au PSG, c\u2019est [&hellip;]","og_url":"https:\/\/psgfans.fr\/?p=545","og_site_name":"PSG FANS","article_published_time":"2014-06-24T14:31:00+00:00","og_image":[{"url":"https:\/\/blogger.googleusercontent.com\/img\/b\/R29vZ2xl\/AVvXsEgKxK1o-zM5KjgSFp7ZcUSzFw1Xkk2Lce9t30HXIhKgBCiwJ0S0CXrSmZh8PFK4OrZdJC-OhOJL-tShNDTkq2B9FKvNUBOee-yk_5A5s92LyXudTBw9vBqpuCqwWrkiSmssUNNX3MCIHQk\/s1600\/%2526hdhd.jpg","type":"","width":"","height":""}],"author":"psgfans","twitter_card":"summary_large_image","twitter_misc":{"\u00c9crit par":"psgfans","Dur\u00e9e de lecture estim\u00e9e":"1 minute"},"schema":{"@context":"https:\/\/schema.org","@graph":[{"@type":"Article","@id":"https:\/\/psgfans.fr\/?p=545#article","isPartOf":{"@id":"https:\/\/psgfans.fr\/?p=545"},"author":{"name":"psgfans","@id":"https:\/\/psgfans.fr\/#\/schema\/person\/be2237e7a0237af2f29cb344b3c55e6c"},"headline":"PSG : les raisons pour lesquelles Paris dit non \u00e0 Dani Alves","datePublished":"2014-06-24T14:31:00+00:00","mainEntityOfPage":{"@id":"https:\/\/psgfans.fr\/?p=545"},"wordCount":283,"commentCount":0,"image":{"@id":"https:\/\/psgfans.fr\/?p=545#primaryimage"},"thumbnailUrl":"https:\/\/blogger.googleusercontent.com\/img\/b\/R29vZ2xl\/AVvXsEgKxK1o-zM5KjgSFp7ZcUSzFw1Xkk2Lce9t30HXIhKgBCiwJ0S0CXrSmZh8PFK4OrZdJC-OhOJL-tShNDTkq2B9FKvNUBOee-yk_5A5s92LyXudTBw9vBqpuCqwWrkiSmssUNNX3MCIHQk\/s1600\/%2526hdhd.jpg","articleSection":["News"],"inLanguage":"fr-FR","potentialAction":[{"@type":"CommentAction","name":"Comment","target":["https:\/\/psgfans.fr\/?p=545#respond"]}]},{"@type":"WebPage","@id":"https:\/\/psgfans.fr\/?p=545","url":"https:\/\/psgfans.fr\/?p=545","name":"PSG : les raisons pour lesquelles Paris dit non \u00e0 Dani Alves - PSG FANS","isPartOf":{"@id":"https:\/\/psgfans.fr\/#website"},"primaryImageOfPage":{"@id":"https:\/\/psgfans.fr\/?p=545#primaryimage"},"image":{"@id":"https:\/\/psgfans.fr\/?p=545#primaryimage"},"thumbnailUrl":"https:\/\/blogger.googleusercontent.com\/img\/b\/R29vZ2xl\/AVvXsEgKxK1o-zM5KjgSFp7ZcUSzFw1Xkk2Lce9t30HXIhKgBCiwJ0S0CXrSmZh8PFK4OrZdJC-OhOJL-tShNDTkq2B9FKvNUBOee-yk_5A5s92LyXudTBw9vBqpuCqwWrkiSmssUNNX3MCIHQk\/s1600\/%2526hdhd.jpg","datePublished":"2014-06-24T14:31:00+00:00","author":{"@id":"https:\/\/psgfans.fr\/#\/schema\/person\/be2237e7a0237af2f29cb344b3c55e6c"},"breadcrumb":{"@id":"https:\/\/psgfans.fr\/?p=545#breadcrumb"},"inLanguage":"fr-FR","potentialAction":[{"@type":"ReadAction","target":["https:\/\/psgfans.fr\/?p=545"]}]},{"@type":"ImageObject","inLanguage":"fr-FR","@id":"https:\/\/psgfans.fr\/?p=545#primaryimage","url":"https:\/\/blogger.googleusercontent.com\/img\/b\/R29vZ2xl\/AVvXsEgKxK1o-zM5KjgSFp7ZcUSzFw1Xkk2Lce9t30HXIhKgBCiwJ0S0CXrSmZh8PFK4OrZdJC-OhOJL-tShNDTkq2B9FKvNUBOee-yk_5A5s92LyXudTBw9vBqpuCqwWrkiSmssUNNX3MCIHQk\/s1600\/%2526hdhd.jpg","contentUrl":"https:\/\/blogger.googleusercontent.com\/img\/b\/R29vZ2xl\/AVvXsEgKxK1o-zM5KjgSFp7ZcUSzFw1Xkk2Lce9t30HXIhKgBCiwJ0S0CXrSmZh8PFK4OrZdJC-OhOJL-tShNDTkq2B9FKvNUBOee-yk_5A5s92LyXudTBw9vBqpuCqwWrkiSmssUNNX3MCIHQk\/s1600\/%2526hdhd.jpg"},{"@type":"BreadcrumbList","@id":"https:\/\/psgfans.fr\/?p=545#breadcrumb","itemListElement":[{"@type":"ListItem","position":1,"name":"Accueil","item":"https:\/\/psgfans.fr\/"},{"@type":"ListItem","position":2,"name":"PSG : les raisons pour lesquelles Paris dit non \u00e0 Dani Alves"}]},{"@type":"WebSite","@id":"https:\/\/psgfans.fr\/#website","url":"https:\/\/psgfans.fr\/","name":"PSG FANS","description":"Unit\u00e9, Passion, Victoire : Au C\u0153ur du Paris Saint-Germain!","potentialAction":[{"@type":"SearchAction","target":{"@type":"EntryPoint","urlTemplate":"https:\/\/psgfans.fr\/?s={search_term_string}"},"query-input":{"@type":"PropertyValueSpecification","valueRequired":true,"valueName":"search_term_string"}}],"inLanguage":"fr-FR"},{"@type":"Person","@id":"https:\/\/psgfans.fr\/#\/schema\/person\/be2237e7a0237af2f29cb344b3c55e6c","name":"psgfans","image":{"@type":"ImageObject","inLanguage":"fr-FR","@id":"https:\/\/secure.gravatar.com\/avatar\/?s=96&d=mm&r=g","url":"https:\/\/secure.gravatar.com\/avatar\/?s=96&d=mm&r=g","contentUrl":"https:\/\/secure.gravatar.com\/avatar\/?s=96&d=mm&r=g","caption":"psgfans"},"url":"https:\/\/psgfans.fr\/?author=2"}]}},"_links":{"self":[{"href":"https:\/\/psgfans.fr\/index.php?rest_route=\/wp\/v2\/posts\/545","targetHints":{"allow":["GET"]}}],"collection":[{"href":"https:\/\/psgfans.fr\/index.php?rest_route=\/wp\/v2\/posts"}],"about":[{"href":"https:\/\/psgfans.fr\/index.php?rest_route=\/wp\/v2\/types\/post"}],"author":[{"embeddable":true,"href":"https:\/\/psgfans.fr\/index.php?rest_route=\/wp\/v2\/users\/2"}],"replies":[{"embeddable":true,"href":"https:\/\/psgfans.fr\/index.php?rest_route=%2Fwp%2Fv2%2Fcomments&post=545"}],"version-history":[{"count":0,"href":"https:\/\/psgfans.fr\/index.php?rest_route=\/wp\/v2\/posts\/545\/revisions"}],"wp:attachment":[{"href":"https:\/\/psgfans.fr\/index.php?rest_route=%2Fwp%2Fv2%2Fmedia&parent=545"}],"wp:term":[{"taxonomy":"category","embeddable":true,"href":"https:\/\/psgfans.fr\/index.php?rest_route=%2Fwp%2Fv2%2Fcategories&post=545"},{"taxonomy":"post_tag","embeddable":true,"href":"https:\/\/psgfans.fr\/index.php?rest_route=%2Fwp%2Fv2%2Ftags&post=545"}],"curies":[{"name":"wp","href":"https:\/\/api.w.org\/{rel}","templated":true}]}}