{"id":544,"date":"2014-06-24T15:33:00","date_gmt":"2014-06-24T14:33:00","guid":{"rendered":"https:\/\/psgfans.fr\/?p=544"},"modified":"2014-06-24T15:33:00","modified_gmt":"2014-06-24T14:33:00","slug":"oscar-a-eu-des-contacts-avec-le-psg","status":"publish","type":"post","link":"https:\/\/psgfans.fr\/?p=544","title":{"rendered":"Oscar a eu \u00abdes contacts avec le PSG\u00bb"},"content":{"rendered":"<div style=\"clear: both; text-align: center;\"><a href=\"https:\/\/blogger.googleusercontent.com\/img\/b\/R29vZ2xl\/AVvXsEjJiKxlrhLma_si4CshhlmSjDzo47qiJvNnnejoxjG4V0RY2PFpK7JSmsOintN20A4hL-XRB15JQLycl9MFi6ys0N5WJpe59X3lVAwdWThO0GGmEyfFNol_cIW_kj5PIT0dDK4UOMNcniE\/s1600\/&amp;11111.jpg\" style=\"margin-left: 1em; margin-right: 1em;\"><img loading=\"lazy\" decoding=\"async\" border=\"0\" src=\"https:\/\/blogger.googleusercontent.com\/img\/b\/R29vZ2xl\/AVvXsEjJiKxlrhLma_si4CshhlmSjDzo47qiJvNnnejoxjG4V0RY2PFpK7JSmsOintN20A4hL-XRB15JQLycl9MFi6ys0N5WJpe59X3lVAwdWThO0GGmEyfFNol_cIW_kj5PIT0dDK4UOMNcniE\/s1600\/&amp;11111.jpg\" height=\"250\" width=\"400\" \/><\/a><\/div>\n<p>Le PSG, club d&rsquo;accueil privil\u00e9gi\u00e9 pour les Br\u00e9siliens ? Lundi soir, dans la foul\u00e9e de la victoire du Br\u00e9sil contre le Cameroun, le joueur de Chelsea Oscar a racont\u00e9 qu&rsquo;il avait bien \u00e9t\u00e9 approch\u00e9 par le champion de France : \u00abJ\u2019ai eu des contacts avec le PSG, c\u2019est vrai, mais ce n\u2019est pas all\u00e9 plus loin.\u00bb Si Chelsea s&rsquo;est renforc\u00e9 dans le secteur offensif avec le recrutement de Cesc Fabregas, Oscar n&rsquo;a pas pr\u00e9vu de quitter Londres : \u00abLa saison prochaine, je resterai \u00e0 Chelsea\u00bb, a-t-il confirm\u00e9.<\/p>\n<p>lequipe.fr<\/p>\n<p><\/p>\n","protected":false},"excerpt":{"rendered":"<p>Le PSG, club d&rsquo;accueil privil\u00e9gi\u00e9 pour les Br\u00e9siliens ? Lundi soir, dans la foul\u00e9e de la victoire du Br\u00e9sil contre le Cameroun, le joueur de Chelsea Oscar a racont\u00e9 qu&rsquo;il avait bien \u00e9t\u00e9 approch\u00e9 par le champion de France : \u00abJ\u2019ai eu des contacts avec le PSG, c\u2019est vrai, mais ce n\u2019est pas all\u00e9 plus [&hellip;]<\/p>\n","protected":false},"author":2,"featured_media":0,"comment_status":"open","ping_status":"open","sticky":false,"template":"","format":"standard","meta":{"footnotes":""},"categories":[3],"tags":[],"class_list":{"0":"post-544","1":"post","2":"type-post","3":"status-publish","4":"format-standard","6":"category-news"},"yoast_head":"<!-- This site is optimized with the Yoast SEO plugin v27.4 - https:\/\/yoast.com\/product\/yoast-seo-wordpress\/ -->\n<title>Oscar a eu \u00abdes contacts avec le PSG\u00bb - PSG FANS<\/title>\n<meta name=\"robots\" content=\"index, follow, max-snippet:-1, max-image-preview:large, max-video-preview:-1\" \/>\n<link rel=\"canonical\" href=\"https:\/\/psgfans.fr\/?p=544\" \/>\n<meta property=\"og:locale\" content=\"fr_FR\" \/>\n<meta property=\"og:type\" content=\"article\" \/>\n<meta property=\"og:title\" content=\"Oscar a eu \u00abdes contacts avec le PSG\u00bb - PSG FANS\" \/>\n<meta property=\"og:description\" content=\"Le PSG, club d&rsquo;accueil privil\u00e9gi\u00e9 pour les Br\u00e9siliens ? Lundi soir, dans la foul\u00e9e de la victoire du Br\u00e9sil contre le Cameroun, le joueur de Chelsea Oscar a racont\u00e9 qu&rsquo;il avait bien \u00e9t\u00e9 approch\u00e9 par le champion de France : \u00abJ\u2019ai eu des contacts avec le PSG, c\u2019est vrai, mais ce n\u2019est pas all\u00e9 plus [&hellip;]\" \/>\n<meta property=\"og:url\" content=\"https:\/\/psgfans.fr\/?p=544\" \/>\n<meta property=\"og:site_name\" content=\"PSG FANS\" \/>\n<meta property=\"article:published_time\" content=\"2014-06-24T14:33:00+00:00\" \/>\n<meta property=\"og:image\" content=\"https:\/\/blogger.googleusercontent.com\/img\/b\/R29vZ2xl\/AVvXsEjJiKxlrhLma_si4CshhlmSjDzo47qiJvNnnejoxjG4V0RY2PFpK7JSmsOintN20A4hL-XRB15JQLycl9MFi6ys0N5WJpe59X3lVAwdWThO0GGmEyfFNol_cIW_kj5PIT0dDK4UOMNcniE\/s1600\/&amp;11111.jpg\" \/>\n<meta name=\"author\" content=\"psgfans\" \/>\n<meta name=\"twitter:card\" content=\"summary_large_image\" \/>\n<meta name=\"twitter:label1\" content=\"\u00c9crit par\" \/>\n\t<meta name=\"twitter:data1\" content=\"psgfans\" \/>\n<script type=\"application\/ld+json\" class=\"yoast-schema-graph\">{\"@context\":\"https:\\\/\\\/schema.org\",\"@graph\":[{\"@type\":\"Article\",\"@id\":\"https:\\\/\\\/psgfans.fr\\\/?p=544#article\",\"isPartOf\":{\"@id\":\"https:\\\/\\\/psgfans.fr\\\/?p=544\"},\"author\":{\"name\":\"psgfans\",\"@id\":\"https:\\\/\\\/psgfans.fr\\\/#\\\/schema\\\/person\\\/be2237e7a0237af2f29cb344b3c55e6c\"},\"headline\":\"Oscar a eu \u00abdes contacts avec le PSG\u00bb\",\"datePublished\":\"2014-06-24T14:33:00+00:00\",\"mainEntityOfPage\":{\"@id\":\"https:\\\/\\\/psgfans.fr\\\/?p=544\"},\"wordCount\":105,\"commentCount\":0,\"image\":{\"@id\":\"https:\\\/\\\/psgfans.fr\\\/?p=544#primaryimage\"},\"thumbnailUrl\":\"https:\\\/\\\/blogger.googleusercontent.com\\\/img\\\/b\\\/R29vZ2xl\\\/AVvXsEjJiKxlrhLma_si4CshhlmSjDzo47qiJvNnnejoxjG4V0RY2PFpK7JSmsOintN20A4hL-XRB15JQLycl9MFi6ys0N5WJpe59X3lVAwdWThO0GGmEyfFNol_cIW_kj5PIT0dDK4UOMNcniE\\\/s1600\\\/&amp;11111.jpg\",\"articleSection\":[\"News\"],\"inLanguage\":\"fr-FR\",\"potentialAction\":[{\"@type\":\"CommentAction\",\"name\":\"Comment\",\"target\":[\"https:\\\/\\\/psgfans.fr\\\/?p=544#respond\"]}]},{\"@type\":\"WebPage\",\"@id\":\"https:\\\/\\\/psgfans.fr\\\/?p=544\",\"url\":\"https:\\\/\\\/psgfans.fr\\\/?p=544\",\"name\":\"Oscar a eu \u00abdes contacts avec le PSG\u00bb - PSG FANS\",\"isPartOf\":{\"@id\":\"https:\\\/\\\/psgfans.fr\\\/#website\"},\"primaryImageOfPage\":{\"@id\":\"https:\\\/\\\/psgfans.fr\\\/?p=544#primaryimage\"},\"image\":{\"@id\":\"https:\\\/\\\/psgfans.fr\\\/?p=544#primaryimage\"},\"thumbnailUrl\":\"https:\\\/\\\/blogger.googleusercontent.com\\\/img\\\/b\\\/R29vZ2xl\\\/AVvXsEjJiKxlrhLma_si4CshhlmSjDzo47qiJvNnnejoxjG4V0RY2PFpK7JSmsOintN20A4hL-XRB15JQLycl9MFi6ys0N5WJpe59X3lVAwdWThO0GGmEyfFNol_cIW_kj5PIT0dDK4UOMNcniE\\\/s1600\\\/&amp;11111.jpg\",\"datePublished\":\"2014-06-24T14:33:00+00:00\",\"author\":{\"@id\":\"https:\\\/\\\/psgfans.fr\\\/#\\\/schema\\\/person\\\/be2237e7a0237af2f29cb344b3c55e6c\"},\"breadcrumb\":{\"@id\":\"https:\\\/\\\/psgfans.fr\\\/?p=544#breadcrumb\"},\"inLanguage\":\"fr-FR\",\"potentialAction\":[{\"@type\":\"ReadAction\",\"target\":[\"https:\\\/\\\/psgfans.fr\\\/?p=544\"]}]},{\"@type\":\"ImageObject\",\"inLanguage\":\"fr-FR\",\"@id\":\"https:\\\/\\\/psgfans.fr\\\/?p=544#primaryimage\",\"url\":\"https:\\\/\\\/blogger.googleusercontent.com\\\/img\\\/b\\\/R29vZ2xl\\\/AVvXsEjJiKxlrhLma_si4CshhlmSjDzo47qiJvNnnejoxjG4V0RY2PFpK7JSmsOintN20A4hL-XRB15JQLycl9MFi6ys0N5WJpe59X3lVAwdWThO0GGmEyfFNol_cIW_kj5PIT0dDK4UOMNcniE\\\/s1600\\\/&amp;11111.jpg\",\"contentUrl\":\"https:\\\/\\\/blogger.googleusercontent.com\\\/img\\\/b\\\/R29vZ2xl\\\/AVvXsEjJiKxlrhLma_si4CshhlmSjDzo47qiJvNnnejoxjG4V0RY2PFpK7JSmsOintN20A4hL-XRB15JQLycl9MFi6ys0N5WJpe59X3lVAwdWThO0GGmEyfFNol_cIW_kj5PIT0dDK4UOMNcniE\\\/s1600\\\/&amp;11111.jpg\"},{\"@type\":\"BreadcrumbList\",\"@id\":\"https:\\\/\\\/psgfans.fr\\\/?p=544#breadcrumb\",\"itemListElement\":[{\"@type\":\"ListItem\",\"position\":1,\"name\":\"Accueil\",\"item\":\"https:\\\/\\\/psgfans.fr\\\/\"},{\"@type\":\"ListItem\",\"position\":2,\"name\":\"Oscar a eu \u00abdes contacts avec le PSG\u00bb\"}]},{\"@type\":\"WebSite\",\"@id\":\"https:\\\/\\\/psgfans.fr\\\/#website\",\"url\":\"https:\\\/\\\/psgfans.fr\\\/\",\"name\":\"PSG FANS\",\"description\":\"Unit\u00e9, Passion, Victoire : Au C\u0153ur du Paris Saint-Germain!\",\"potentialAction\":[{\"@type\":\"SearchAction\",\"target\":{\"@type\":\"EntryPoint\",\"urlTemplate\":\"https:\\\/\\\/psgfans.fr\\\/?s={search_term_string}\"},\"query-input\":{\"@type\":\"PropertyValueSpecification\",\"valueRequired\":true,\"valueName\":\"search_term_string\"}}],\"inLanguage\":\"fr-FR\"},{\"@type\":\"Person\",\"@id\":\"https:\\\/\\\/psgfans.fr\\\/#\\\/schema\\\/person\\\/be2237e7a0237af2f29cb344b3c55e6c\",\"name\":\"psgfans\",\"image\":{\"@type\":\"ImageObject\",\"inLanguage\":\"fr-FR\",\"@id\":\"https:\\\/\\\/secure.gravatar.com\\\/avatar\\\/?s=96&d=mm&r=g\",\"url\":\"https:\\\/\\\/secure.gravatar.com\\\/avatar\\\/?s=96&d=mm&r=g\",\"contentUrl\":\"https:\\\/\\\/secure.gravatar.com\\\/avatar\\\/?s=96&d=mm&r=g\",\"caption\":\"psgfans\"},\"url\":\"https:\\\/\\\/psgfans.fr\\\/?author=2\"}]}<\/script>\n<!-- \/ Yoast SEO plugin. -->","yoast_head_json":{"title":"Oscar a eu \u00abdes contacts avec le PSG\u00bb - PSG FANS","robots":{"index":"index","follow":"follow","max-snippet":"max-snippet:-1","max-image-preview":"max-image-preview:large","max-video-preview":"max-video-preview:-1"},"canonical":"https:\/\/psgfans.fr\/?p=544","og_locale":"fr_FR","og_type":"article","og_title":"Oscar a eu \u00abdes contacts avec le PSG\u00bb - PSG FANS","og_description":"Le PSG, club d&rsquo;accueil privil\u00e9gi\u00e9 pour les Br\u00e9siliens ? Lundi soir, dans la foul\u00e9e de la victoire du Br\u00e9sil contre le Cameroun, le joueur de Chelsea Oscar a racont\u00e9 qu&rsquo;il avait bien \u00e9t\u00e9 approch\u00e9 par le champion de France : \u00abJ\u2019ai eu des contacts avec le PSG, c\u2019est vrai, mais ce n\u2019est pas all\u00e9 plus [&hellip;]","og_url":"https:\/\/psgfans.fr\/?p=544","og_site_name":"PSG FANS","article_published_time":"2014-06-24T14:33:00+00:00","og_image":[{"url":"https:\/\/blogger.googleusercontent.com\/img\/b\/R29vZ2xl\/AVvXsEjJiKxlrhLma_si4CshhlmSjDzo47qiJvNnnejoxjG4V0RY2PFpK7JSmsOintN20A4hL-XRB15JQLycl9MFi6ys0N5WJpe59X3lVAwdWThO0GGmEyfFNol_cIW_kj5PIT0dDK4UOMNcniE\/s1600\/&amp;11111.jpg","type":"","width":"","height":""}],"author":"psgfans","twitter_card":"summary_large_image","twitter_misc":{"\u00c9crit par":"psgfans"},"schema":{"@context":"https:\/\/schema.org","@graph":[{"@type":"Article","@id":"https:\/\/psgfans.fr\/?p=544#article","isPartOf":{"@id":"https:\/\/psgfans.fr\/?p=544"},"author":{"name":"psgfans","@id":"https:\/\/psgfans.fr\/#\/schema\/person\/be2237e7a0237af2f29cb344b3c55e6c"},"headline":"Oscar a eu \u00abdes contacts avec le PSG\u00bb","datePublished":"2014-06-24T14:33:00+00:00","mainEntityOfPage":{"@id":"https:\/\/psgfans.fr\/?p=544"},"wordCount":105,"commentCount":0,"image":{"@id":"https:\/\/psgfans.fr\/?p=544#primaryimage"},"thumbnailUrl":"https:\/\/blogger.googleusercontent.com\/img\/b\/R29vZ2xl\/AVvXsEjJiKxlrhLma_si4CshhlmSjDzo47qiJvNnnejoxjG4V0RY2PFpK7JSmsOintN20A4hL-XRB15JQLycl9MFi6ys0N5WJpe59X3lVAwdWThO0GGmEyfFNol_cIW_kj5PIT0dDK4UOMNcniE\/s1600\/&amp;11111.jpg","articleSection":["News"],"inLanguage":"fr-FR","potentialAction":[{"@type":"CommentAction","name":"Comment","target":["https:\/\/psgfans.fr\/?p=544#respond"]}]},{"@type":"WebPage","@id":"https:\/\/psgfans.fr\/?p=544","url":"https:\/\/psgfans.fr\/?p=544","name":"Oscar a eu \u00abdes contacts avec le PSG\u00bb - PSG FANS","isPartOf":{"@id":"https:\/\/psgfans.fr\/#website"},"primaryImageOfPage":{"@id":"https:\/\/psgfans.fr\/?p=544#primaryimage"},"image":{"@id":"https:\/\/psgfans.fr\/?p=544#primaryimage"},"thumbnailUrl":"https:\/\/blogger.googleusercontent.com\/img\/b\/R29vZ2xl\/AVvXsEjJiKxlrhLma_si4CshhlmSjDzo47qiJvNnnejoxjG4V0RY2PFpK7JSmsOintN20A4hL-XRB15JQLycl9MFi6ys0N5WJpe59X3lVAwdWThO0GGmEyfFNol_cIW_kj5PIT0dDK4UOMNcniE\/s1600\/&amp;11111.jpg","datePublished":"2014-06-24T14:33:00+00:00","author":{"@id":"https:\/\/psgfans.fr\/#\/schema\/person\/be2237e7a0237af2f29cb344b3c55e6c"},"breadcrumb":{"@id":"https:\/\/psgfans.fr\/?p=544#breadcrumb"},"inLanguage":"fr-FR","potentialAction":[{"@type":"ReadAction","target":["https:\/\/psgfans.fr\/?p=544"]}]},{"@type":"ImageObject","inLanguage":"fr-FR","@id":"https:\/\/psgfans.fr\/?p=544#primaryimage","url":"https:\/\/blogger.googleusercontent.com\/img\/b\/R29vZ2xl\/AVvXsEjJiKxlrhLma_si4CshhlmSjDzo47qiJvNnnejoxjG4V0RY2PFpK7JSmsOintN20A4hL-XRB15JQLycl9MFi6ys0N5WJpe59X3lVAwdWThO0GGmEyfFNol_cIW_kj5PIT0dDK4UOMNcniE\/s1600\/&amp;11111.jpg","contentUrl":"https:\/\/blogger.googleusercontent.com\/img\/b\/R29vZ2xl\/AVvXsEjJiKxlrhLma_si4CshhlmSjDzo47qiJvNnnejoxjG4V0RY2PFpK7JSmsOintN20A4hL-XRB15JQLycl9MFi6ys0N5WJpe59X3lVAwdWThO0GGmEyfFNol_cIW_kj5PIT0dDK4UOMNcniE\/s1600\/&amp;11111.jpg"},{"@type":"BreadcrumbList","@id":"https:\/\/psgfans.fr\/?p=544#breadcrumb","itemListElement":[{"@type":"ListItem","position":1,"name":"Accueil","item":"https:\/\/psgfans.fr\/"},{"@type":"ListItem","position":2,"name":"Oscar a eu \u00abdes contacts avec le PSG\u00bb"}]},{"@type":"WebSite","@id":"https:\/\/psgfans.fr\/#website","url":"https:\/\/psgfans.fr\/","name":"PSG FANS","description":"Unit\u00e9, Passion, Victoire : Au C\u0153ur du Paris Saint-Germain!","potentialAction":[{"@type":"SearchAction","target":{"@type":"EntryPoint","urlTemplate":"https:\/\/psgfans.fr\/?s={search_term_string}"},"query-input":{"@type":"PropertyValueSpecification","valueRequired":true,"valueName":"search_term_string"}}],"inLanguage":"fr-FR"},{"@type":"Person","@id":"https:\/\/psgfans.fr\/#\/schema\/person\/be2237e7a0237af2f29cb344b3c55e6c","name":"psgfans","image":{"@type":"ImageObject","inLanguage":"fr-FR","@id":"https:\/\/secure.gravatar.com\/avatar\/?s=96&d=mm&r=g","url":"https:\/\/secure.gravatar.com\/avatar\/?s=96&d=mm&r=g","contentUrl":"https:\/\/secure.gravatar.com\/avatar\/?s=96&d=mm&r=g","caption":"psgfans"},"url":"https:\/\/psgfans.fr\/?author=2"}]}},"_links":{"self":[{"href":"https:\/\/psgfans.fr\/index.php?rest_route=\/wp\/v2\/posts\/544","targetHints":{"allow":["GET"]}}],"collection":[{"href":"https:\/\/psgfans.fr\/index.php?rest_route=\/wp\/v2\/posts"}],"about":[{"href":"https:\/\/psgfans.fr\/index.php?rest_route=\/wp\/v2\/types\/post"}],"author":[{"embeddable":true,"href":"https:\/\/psgfans.fr\/index.php?rest_route=\/wp\/v2\/users\/2"}],"replies":[{"embeddable":true,"href":"https:\/\/psgfans.fr\/index.php?rest_route=%2Fwp%2Fv2%2Fcomments&post=544"}],"version-history":[{"count":0,"href":"https:\/\/psgfans.fr\/index.php?rest_route=\/wp\/v2\/posts\/544\/revisions"}],"wp:attachment":[{"href":"https:\/\/psgfans.fr\/index.php?rest_route=%2Fwp%2Fv2%2Fmedia&parent=544"}],"wp:term":[{"taxonomy":"category","embeddable":true,"href":"https:\/\/psgfans.fr\/index.php?rest_route=%2Fwp%2Fv2%2Fcategories&post=544"},{"taxonomy":"post_tag","embeddable":true,"href":"https:\/\/psgfans.fr\/index.php?rest_route=%2Fwp%2Fv2%2Ftags&post=544"}],"curies":[{"name":"wp","href":"https:\/\/api.w.org\/{rel}","templated":true}]}}