{"id":543,"date":"2014-06-24T15:37:00","date_gmt":"2014-06-24T14:37:00","guid":{"rendered":"https:\/\/psgfans.fr\/?p=543"},"modified":"2014-06-24T15:37:00","modified_gmt":"2014-06-24T14:37:00","slug":"verratti-dans-un-deal-avec-benzema-entre-le-psg-et-le-real","status":"publish","type":"post","link":"https:\/\/psgfans.fr\/?p=543","title":{"rendered":"Verratti, dans un deal avec Benzema entre le PSG et le Real ?"},"content":{"rendered":"<div style=\"clear: both; text-align: center;\"><a href=\"https:\/\/blogger.googleusercontent.com\/img\/b\/R29vZ2xl\/AVvXsEi3icxWv_Q8TT8sy12WtVlS8Wk19U7IIFWKIMQmCfe75HnFCdPJFsyFfL_fTuiqYRUe3yHkqysE2_f-KGspO9NuKP84UCSDWWBTrOsUl10KSHhhsnqL2UhFPyj4wFn1LSvTMl713euPChc\/s1600\/&amp;11111.jpg\" style=\"margin-left: 1em; margin-right: 1em;\"><img loading=\"lazy\" decoding=\"async\" border=\"0\" src=\"https:\/\/blogger.googleusercontent.com\/img\/b\/R29vZ2xl\/AVvXsEi3icxWv_Q8TT8sy12WtVlS8Wk19U7IIFWKIMQmCfe75HnFCdPJFsyFfL_fTuiqYRUe3yHkqysE2_f-KGspO9NuKP84UCSDWWBTrOsUl10KSHhhsnqL2UhFPyj4wFn1LSvTMl713euPChc\/s1600\/&amp;11111.jpg\" height=\"266\" width=\"400\" \/><\/a><\/div>\n<p>Pr\u00e9sent\u00e9 \u00e0 la presse le m\u00eame jour qu\u2019un certain Zlatan Ibrahimovic lors du mercato 2012, Il a \u00e9t\u00e9 la surprise du recrutement du Paris Saint-Germain avant de devenir aujourd\u2019hui l\u2019un des chouchous des supporters du club de la capitale. Mais le milieu de terrain international italien Marco Verratti a mal v\u00e9cu cet hiver l\u2019arriv\u00e9e en provenance de Newcastle de Yohan Cabaye, au point de conna\u00eetre une deuxi\u00e8me partie de saison nettement moins rayonnante malgr\u00e9 un temps de jeu largement sup\u00e9rieur \u00e0 celui de l\u2019ancien Lillois.<\/p>\n<p>Mais le joueur form\u00e9 \u00e0 Pescara r\u00e9fl\u00e9chirait de plus en plus \u00e0 quitter la France d\u00e8s cet \u00e9t\u00e9 pour retrouver du c\u00f4t\u00e9 du Real Madrid son compatriote italien Carlo Ancelotti. Il faut dire que de l\u2019autre c\u00f4t\u00e9 des Pyr\u00e9n\u00e9es, nos confr\u00e8res espagnols sont unanimes sur le fait que le \u00ab futur Andrea Pirlo \u00bb va rejoindre le r\u00e9cent champion d\u2019Europe. Ainsi apr\u00e8s Sport vendredi, c\u2019est AS ce lundi qui annonce qu\u2019un ch\u00e8que de 40 millions d\u2019euros pourrait \u00eatre envoy\u00e9 en France pour tenter de boucler le dossier. Reste \u00e0 savoir quelle sera la r\u00e9action des dirigeants du PSG qui r\u00eaveraient de r\u00e9cup\u00e9rer en contrepartie Karim Benzema ou Angel Di Maria ou qui pourraient profiter de l\u2019argent r\u00e9cup\u00e9r\u00e9 pour le r\u00e9investir sur Paul Pogba.<\/p>\n<p>foot01<\/p>\n","protected":false},"excerpt":{"rendered":"<p>Pr\u00e9sent\u00e9 \u00e0 la presse le m\u00eame jour qu\u2019un certain Zlatan Ibrahimovic lors du mercato 2012, Il a \u00e9t\u00e9 la surprise du recrutement du Paris Saint-Germain avant de devenir aujourd\u2019hui l\u2019un des chouchous des supporters du club de la capitale. Mais le milieu de terrain international italien Marco Verratti a mal v\u00e9cu cet hiver l\u2019arriv\u00e9e en [&hellip;]<\/p>\n","protected":false},"author":2,"featured_media":0,"comment_status":"open","ping_status":"open","sticky":false,"template":"","format":"standard","meta":{"footnotes":""},"categories":[3],"tags":[],"class_list":{"0":"post-543","1":"post","2":"type-post","3":"status-publish","4":"format-standard","6":"category-news"},"yoast_head":"<!-- This site is optimized with the Yoast SEO plugin v27.4 - https:\/\/yoast.com\/product\/yoast-seo-wordpress\/ -->\n<title>Verratti, dans un deal avec Benzema entre le PSG et le Real ? - PSG FANS<\/title>\n<meta name=\"robots\" content=\"index, follow, max-snippet:-1, max-image-preview:large, max-video-preview:-1\" \/>\n<link rel=\"canonical\" href=\"https:\/\/psgfans.fr\/?p=543\" \/>\n<meta property=\"og:locale\" content=\"fr_FR\" \/>\n<meta property=\"og:type\" content=\"article\" \/>\n<meta property=\"og:title\" content=\"Verratti, dans un deal avec Benzema entre le PSG et le Real ? - PSG FANS\" \/>\n<meta property=\"og:description\" content=\"Pr\u00e9sent\u00e9 \u00e0 la presse le m\u00eame jour qu\u2019un certain Zlatan Ibrahimovic lors du mercato 2012, Il a \u00e9t\u00e9 la surprise du recrutement du Paris Saint-Germain avant de devenir aujourd\u2019hui l\u2019un des chouchous des supporters du club de la capitale. Mais le milieu de terrain international italien Marco Verratti a mal v\u00e9cu cet hiver l\u2019arriv\u00e9e en [&hellip;]\" \/>\n<meta property=\"og:url\" content=\"https:\/\/psgfans.fr\/?p=543\" \/>\n<meta property=\"og:site_name\" content=\"PSG FANS\" \/>\n<meta property=\"article:published_time\" content=\"2014-06-24T14:37:00+00:00\" \/>\n<meta property=\"og:image\" content=\"https:\/\/blogger.googleusercontent.com\/img\/b\/R29vZ2xl\/AVvXsEi3icxWv_Q8TT8sy12WtVlS8Wk19U7IIFWKIMQmCfe75HnFCdPJFsyFfL_fTuiqYRUe3yHkqysE2_f-KGspO9NuKP84UCSDWWBTrOsUl10KSHhhsnqL2UhFPyj4wFn1LSvTMl713euPChc\/s1600\/&amp;11111.jpg\" \/>\n<meta name=\"author\" content=\"psgfans\" \/>\n<meta name=\"twitter:card\" content=\"summary_large_image\" \/>\n<meta name=\"twitter:label1\" content=\"\u00c9crit par\" \/>\n\t<meta name=\"twitter:data1\" content=\"psgfans\" \/>\n\t<meta name=\"twitter:label2\" content=\"Dur\u00e9e de lecture estim\u00e9e\" \/>\n\t<meta name=\"twitter:data2\" content=\"1 minute\" \/>\n<script type=\"application\/ld+json\" class=\"yoast-schema-graph\">{\"@context\":\"https:\\\/\\\/schema.org\",\"@graph\":[{\"@type\":\"Article\",\"@id\":\"https:\\\/\\\/psgfans.fr\\\/?p=543#article\",\"isPartOf\":{\"@id\":\"https:\\\/\\\/psgfans.fr\\\/?p=543\"},\"author\":{\"name\":\"psgfans\",\"@id\":\"https:\\\/\\\/psgfans.fr\\\/#\\\/schema\\\/person\\\/be2237e7a0237af2f29cb344b3c55e6c\"},\"headline\":\"Verratti, dans un deal avec Benzema entre le PSG et le Real ?\",\"datePublished\":\"2014-06-24T14:37:00+00:00\",\"mainEntityOfPage\":{\"@id\":\"https:\\\/\\\/psgfans.fr\\\/?p=543\"},\"wordCount\":248,\"commentCount\":0,\"image\":{\"@id\":\"https:\\\/\\\/psgfans.fr\\\/?p=543#primaryimage\"},\"thumbnailUrl\":\"https:\\\/\\\/blogger.googleusercontent.com\\\/img\\\/b\\\/R29vZ2xl\\\/AVvXsEi3icxWv_Q8TT8sy12WtVlS8Wk19U7IIFWKIMQmCfe75HnFCdPJFsyFfL_fTuiqYRUe3yHkqysE2_f-KGspO9NuKP84UCSDWWBTrOsUl10KSHhhsnqL2UhFPyj4wFn1LSvTMl713euPChc\\\/s1600\\\/&amp;11111.jpg\",\"articleSection\":[\"News\"],\"inLanguage\":\"fr-FR\",\"potentialAction\":[{\"@type\":\"CommentAction\",\"name\":\"Comment\",\"target\":[\"https:\\\/\\\/psgfans.fr\\\/?p=543#respond\"]}]},{\"@type\":\"WebPage\",\"@id\":\"https:\\\/\\\/psgfans.fr\\\/?p=543\",\"url\":\"https:\\\/\\\/psgfans.fr\\\/?p=543\",\"name\":\"Verratti, dans un deal avec Benzema entre le PSG et le Real ? - PSG FANS\",\"isPartOf\":{\"@id\":\"https:\\\/\\\/psgfans.fr\\\/#website\"},\"primaryImageOfPage\":{\"@id\":\"https:\\\/\\\/psgfans.fr\\\/?p=543#primaryimage\"},\"image\":{\"@id\":\"https:\\\/\\\/psgfans.fr\\\/?p=543#primaryimage\"},\"thumbnailUrl\":\"https:\\\/\\\/blogger.googleusercontent.com\\\/img\\\/b\\\/R29vZ2xl\\\/AVvXsEi3icxWv_Q8TT8sy12WtVlS8Wk19U7IIFWKIMQmCfe75HnFCdPJFsyFfL_fTuiqYRUe3yHkqysE2_f-KGspO9NuKP84UCSDWWBTrOsUl10KSHhhsnqL2UhFPyj4wFn1LSvTMl713euPChc\\\/s1600\\\/&amp;11111.jpg\",\"datePublished\":\"2014-06-24T14:37:00+00:00\",\"author\":{\"@id\":\"https:\\\/\\\/psgfans.fr\\\/#\\\/schema\\\/person\\\/be2237e7a0237af2f29cb344b3c55e6c\"},\"breadcrumb\":{\"@id\":\"https:\\\/\\\/psgfans.fr\\\/?p=543#breadcrumb\"},\"inLanguage\":\"fr-FR\",\"potentialAction\":[{\"@type\":\"ReadAction\",\"target\":[\"https:\\\/\\\/psgfans.fr\\\/?p=543\"]}]},{\"@type\":\"ImageObject\",\"inLanguage\":\"fr-FR\",\"@id\":\"https:\\\/\\\/psgfans.fr\\\/?p=543#primaryimage\",\"url\":\"https:\\\/\\\/blogger.googleusercontent.com\\\/img\\\/b\\\/R29vZ2xl\\\/AVvXsEi3icxWv_Q8TT8sy12WtVlS8Wk19U7IIFWKIMQmCfe75HnFCdPJFsyFfL_fTuiqYRUe3yHkqysE2_f-KGspO9NuKP84UCSDWWBTrOsUl10KSHhhsnqL2UhFPyj4wFn1LSvTMl713euPChc\\\/s1600\\\/&amp;11111.jpg\",\"contentUrl\":\"https:\\\/\\\/blogger.googleusercontent.com\\\/img\\\/b\\\/R29vZ2xl\\\/AVvXsEi3icxWv_Q8TT8sy12WtVlS8Wk19U7IIFWKIMQmCfe75HnFCdPJFsyFfL_fTuiqYRUe3yHkqysE2_f-KGspO9NuKP84UCSDWWBTrOsUl10KSHhhsnqL2UhFPyj4wFn1LSvTMl713euPChc\\\/s1600\\\/&amp;11111.jpg\"},{\"@type\":\"BreadcrumbList\",\"@id\":\"https:\\\/\\\/psgfans.fr\\\/?p=543#breadcrumb\",\"itemListElement\":[{\"@type\":\"ListItem\",\"position\":1,\"name\":\"Accueil\",\"item\":\"https:\\\/\\\/psgfans.fr\\\/\"},{\"@type\":\"ListItem\",\"position\":2,\"name\":\"Verratti, dans un deal avec Benzema entre le PSG et le Real ?\"}]},{\"@type\":\"WebSite\",\"@id\":\"https:\\\/\\\/psgfans.fr\\\/#website\",\"url\":\"https:\\\/\\\/psgfans.fr\\\/\",\"name\":\"PSG FANS\",\"description\":\"Unit\u00e9, Passion, Victoire : Au C\u0153ur du Paris Saint-Germain!\",\"potentialAction\":[{\"@type\":\"SearchAction\",\"target\":{\"@type\":\"EntryPoint\",\"urlTemplate\":\"https:\\\/\\\/psgfans.fr\\\/?s={search_term_string}\"},\"query-input\":{\"@type\":\"PropertyValueSpecification\",\"valueRequired\":true,\"valueName\":\"search_term_string\"}}],\"inLanguage\":\"fr-FR\"},{\"@type\":\"Person\",\"@id\":\"https:\\\/\\\/psgfans.fr\\\/#\\\/schema\\\/person\\\/be2237e7a0237af2f29cb344b3c55e6c\",\"name\":\"psgfans\",\"image\":{\"@type\":\"ImageObject\",\"inLanguage\":\"fr-FR\",\"@id\":\"https:\\\/\\\/secure.gravatar.com\\\/avatar\\\/?s=96&d=mm&r=g\",\"url\":\"https:\\\/\\\/secure.gravatar.com\\\/avatar\\\/?s=96&d=mm&r=g\",\"contentUrl\":\"https:\\\/\\\/secure.gravatar.com\\\/avatar\\\/?s=96&d=mm&r=g\",\"caption\":\"psgfans\"},\"url\":\"https:\\\/\\\/psgfans.fr\\\/?author=2\"}]}<\/script>\n<!-- \/ Yoast SEO plugin. -->","yoast_head_json":{"title":"Verratti, dans un deal avec Benzema entre le PSG et le Real ? - PSG FANS","robots":{"index":"index","follow":"follow","max-snippet":"max-snippet:-1","max-image-preview":"max-image-preview:large","max-video-preview":"max-video-preview:-1"},"canonical":"https:\/\/psgfans.fr\/?p=543","og_locale":"fr_FR","og_type":"article","og_title":"Verratti, dans un deal avec Benzema entre le PSG et le Real ? - PSG FANS","og_description":"Pr\u00e9sent\u00e9 \u00e0 la presse le m\u00eame jour qu\u2019un certain Zlatan Ibrahimovic lors du mercato 2012, Il a \u00e9t\u00e9 la surprise du recrutement du Paris Saint-Germain avant de devenir aujourd\u2019hui l\u2019un des chouchous des supporters du club de la capitale. Mais le milieu de terrain international italien Marco Verratti a mal v\u00e9cu cet hiver l\u2019arriv\u00e9e en [&hellip;]","og_url":"https:\/\/psgfans.fr\/?p=543","og_site_name":"PSG FANS","article_published_time":"2014-06-24T14:37:00+00:00","og_image":[{"url":"https:\/\/blogger.googleusercontent.com\/img\/b\/R29vZ2xl\/AVvXsEi3icxWv_Q8TT8sy12WtVlS8Wk19U7IIFWKIMQmCfe75HnFCdPJFsyFfL_fTuiqYRUe3yHkqysE2_f-KGspO9NuKP84UCSDWWBTrOsUl10KSHhhsnqL2UhFPyj4wFn1LSvTMl713euPChc\/s1600\/&amp;11111.jpg","type":"","width":"","height":""}],"author":"psgfans","twitter_card":"summary_large_image","twitter_misc":{"\u00c9crit par":"psgfans","Dur\u00e9e de lecture estim\u00e9e":"1 minute"},"schema":{"@context":"https:\/\/schema.org","@graph":[{"@type":"Article","@id":"https:\/\/psgfans.fr\/?p=543#article","isPartOf":{"@id":"https:\/\/psgfans.fr\/?p=543"},"author":{"name":"psgfans","@id":"https:\/\/psgfans.fr\/#\/schema\/person\/be2237e7a0237af2f29cb344b3c55e6c"},"headline":"Verratti, dans un deal avec Benzema entre le PSG et le Real ?","datePublished":"2014-06-24T14:37:00+00:00","mainEntityOfPage":{"@id":"https:\/\/psgfans.fr\/?p=543"},"wordCount":248,"commentCount":0,"image":{"@id":"https:\/\/psgfans.fr\/?p=543#primaryimage"},"thumbnailUrl":"https:\/\/blogger.googleusercontent.com\/img\/b\/R29vZ2xl\/AVvXsEi3icxWv_Q8TT8sy12WtVlS8Wk19U7IIFWKIMQmCfe75HnFCdPJFsyFfL_fTuiqYRUe3yHkqysE2_f-KGspO9NuKP84UCSDWWBTrOsUl10KSHhhsnqL2UhFPyj4wFn1LSvTMl713euPChc\/s1600\/&amp;11111.jpg","articleSection":["News"],"inLanguage":"fr-FR","potentialAction":[{"@type":"CommentAction","name":"Comment","target":["https:\/\/psgfans.fr\/?p=543#respond"]}]},{"@type":"WebPage","@id":"https:\/\/psgfans.fr\/?p=543","url":"https:\/\/psgfans.fr\/?p=543","name":"Verratti, dans un deal avec Benzema entre le PSG et le Real ? - PSG FANS","isPartOf":{"@id":"https:\/\/psgfans.fr\/#website"},"primaryImageOfPage":{"@id":"https:\/\/psgfans.fr\/?p=543#primaryimage"},"image":{"@id":"https:\/\/psgfans.fr\/?p=543#primaryimage"},"thumbnailUrl":"https:\/\/blogger.googleusercontent.com\/img\/b\/R29vZ2xl\/AVvXsEi3icxWv_Q8TT8sy12WtVlS8Wk19U7IIFWKIMQmCfe75HnFCdPJFsyFfL_fTuiqYRUe3yHkqysE2_f-KGspO9NuKP84UCSDWWBTrOsUl10KSHhhsnqL2UhFPyj4wFn1LSvTMl713euPChc\/s1600\/&amp;11111.jpg","datePublished":"2014-06-24T14:37:00+00:00","author":{"@id":"https:\/\/psgfans.fr\/#\/schema\/person\/be2237e7a0237af2f29cb344b3c55e6c"},"breadcrumb":{"@id":"https:\/\/psgfans.fr\/?p=543#breadcrumb"},"inLanguage":"fr-FR","potentialAction":[{"@type":"ReadAction","target":["https:\/\/psgfans.fr\/?p=543"]}]},{"@type":"ImageObject","inLanguage":"fr-FR","@id":"https:\/\/psgfans.fr\/?p=543#primaryimage","url":"https:\/\/blogger.googleusercontent.com\/img\/b\/R29vZ2xl\/AVvXsEi3icxWv_Q8TT8sy12WtVlS8Wk19U7IIFWKIMQmCfe75HnFCdPJFsyFfL_fTuiqYRUe3yHkqysE2_f-KGspO9NuKP84UCSDWWBTrOsUl10KSHhhsnqL2UhFPyj4wFn1LSvTMl713euPChc\/s1600\/&amp;11111.jpg","contentUrl":"https:\/\/blogger.googleusercontent.com\/img\/b\/R29vZ2xl\/AVvXsEi3icxWv_Q8TT8sy12WtVlS8Wk19U7IIFWKIMQmCfe75HnFCdPJFsyFfL_fTuiqYRUe3yHkqysE2_f-KGspO9NuKP84UCSDWWBTrOsUl10KSHhhsnqL2UhFPyj4wFn1LSvTMl713euPChc\/s1600\/&amp;11111.jpg"},{"@type":"BreadcrumbList","@id":"https:\/\/psgfans.fr\/?p=543#breadcrumb","itemListElement":[{"@type":"ListItem","position":1,"name":"Accueil","item":"https:\/\/psgfans.fr\/"},{"@type":"ListItem","position":2,"name":"Verratti, dans un deal avec Benzema entre le PSG et le Real ?"}]},{"@type":"WebSite","@id":"https:\/\/psgfans.fr\/#website","url":"https:\/\/psgfans.fr\/","name":"PSG FANS","description":"Unit\u00e9, Passion, Victoire : Au C\u0153ur du Paris Saint-Germain!","potentialAction":[{"@type":"SearchAction","target":{"@type":"EntryPoint","urlTemplate":"https:\/\/psgfans.fr\/?s={search_term_string}"},"query-input":{"@type":"PropertyValueSpecification","valueRequired":true,"valueName":"search_term_string"}}],"inLanguage":"fr-FR"},{"@type":"Person","@id":"https:\/\/psgfans.fr\/#\/schema\/person\/be2237e7a0237af2f29cb344b3c55e6c","name":"psgfans","image":{"@type":"ImageObject","inLanguage":"fr-FR","@id":"https:\/\/secure.gravatar.com\/avatar\/?s=96&d=mm&r=g","url":"https:\/\/secure.gravatar.com\/avatar\/?s=96&d=mm&r=g","contentUrl":"https:\/\/secure.gravatar.com\/avatar\/?s=96&d=mm&r=g","caption":"psgfans"},"url":"https:\/\/psgfans.fr\/?author=2"}]}},"_links":{"self":[{"href":"https:\/\/psgfans.fr\/index.php?rest_route=\/wp\/v2\/posts\/543","targetHints":{"allow":["GET"]}}],"collection":[{"href":"https:\/\/psgfans.fr\/index.php?rest_route=\/wp\/v2\/posts"}],"about":[{"href":"https:\/\/psgfans.fr\/index.php?rest_route=\/wp\/v2\/types\/post"}],"author":[{"embeddable":true,"href":"https:\/\/psgfans.fr\/index.php?rest_route=\/wp\/v2\/users\/2"}],"replies":[{"embeddable":true,"href":"https:\/\/psgfans.fr\/index.php?rest_route=%2Fwp%2Fv2%2Fcomments&post=543"}],"version-history":[{"count":0,"href":"https:\/\/psgfans.fr\/index.php?rest_route=\/wp\/v2\/posts\/543\/revisions"}],"wp:attachment":[{"href":"https:\/\/psgfans.fr\/index.php?rest_route=%2Fwp%2Fv2%2Fmedia&parent=543"}],"wp:term":[{"taxonomy":"category","embeddable":true,"href":"https:\/\/psgfans.fr\/index.php?rest_route=%2Fwp%2Fv2%2Fcategories&post=543"},{"taxonomy":"post_tag","embeddable":true,"href":"https:\/\/psgfans.fr\/index.php?rest_route=%2Fwp%2Fv2%2Ftags&post=543"}],"curies":[{"name":"wp","href":"https:\/\/api.w.org\/{rel}","templated":true}]}}