{"id":540,"date":"2014-06-24T16:11:00","date_gmt":"2014-06-24T15:11:00","guid":{"rendered":"https:\/\/psgfans.fr\/?p=540"},"modified":"2014-06-24T16:11:00","modified_gmt":"2014-06-24T15:11:00","slug":"le-psg-pourrait-vite-refourguer-chantome","status":"publish","type":"post","link":"https:\/\/psgfans.fr\/?p=540","title":{"rendered":"Le PSG pourrait vite refourguer Chant\u00f4me"},"content":{"rendered":"<div style=\"clear: both; text-align: center;\"><a href=\"https:\/\/blogger.googleusercontent.com\/img\/b\/R29vZ2xl\/AVvXsEif1kPifh0QaCmClz9jpip1LM2a_nAgdZ5uMf6IRA6sDs53F08rSR2ulSzcEt6jgw1Ce4Ie8ZUcOqwuQdVovePpRtReE22eosYokJXvdRmfC9cjmmxFify-pBdMbVQBDy0uZrMMR9oKsOk\/s1600\/&amp;11111.jpg\" style=\"margin-left: 1em; margin-right: 1em;\"><img loading=\"lazy\" decoding=\"async\" border=\"0\" src=\"https:\/\/blogger.googleusercontent.com\/img\/b\/R29vZ2xl\/AVvXsEif1kPifh0QaCmClz9jpip1LM2a_nAgdZ5uMf6IRA6sDs53F08rSR2ulSzcEt6jgw1Ce4Ie8ZUcOqwuQdVovePpRtReE22eosYokJXvdRmfC9cjmmxFify-pBdMbVQBDy0uZrMMR9oKsOk\/s1600\/&amp;11111.jpg\" height=\"266\" width=\"400\" \/><\/a><\/div>\n<p>Pr\u00eat\u00e9 la saison derni\u00e8re \u00e0 Toulouse, Cl\u00e9ment Chant\u00f4me a parfaitement r\u00e9ussi sa premi\u00e8re saison loin de la capitale, au point que les dirigeants haut-garonnais aimeraient le conserver sur le long terme. Avec un an de contrat restant, le milieu de terrain sait qu\u2019il ne sera pas hors de prix pour le TFC, et Olivier Sadran a ainsi entam\u00e9 des n\u00e9gociations avec ses homologues parisiens pour un transfert sec, explique la D\u00e9p\u00eache. Le PSG ne retiendra pas l\u2019international tricolore, qui ne fait plus partie des plans de Laurent Blanc, et en demande 3 ME. Une somme dont Toulouse pourrait s\u2019approcher rapidement, histoire de ne pas voir l\u2019app\u00e9tit d\u2019autres clubs de Ligue 1 s\u2019aiguiser dans les prochains jours, et compliquer les n\u00e9gociations. Du c\u00f4t\u00e9 du joueur, quitter le PSG est d\u00e9sormais une chose acquise, et rejoindre Toulouse o\u00f9 sa place au milieu de terrain lui est quasiment r\u00e9serv\u00e9e, est pour le moment l\u2019option prioritaire.<\/p>\n<p>foot01<\/p>\n","protected":false},"excerpt":{"rendered":"<p>Pr\u00eat\u00e9 la saison derni\u00e8re \u00e0 Toulouse, Cl\u00e9ment Chant\u00f4me a parfaitement r\u00e9ussi sa premi\u00e8re saison loin de la capitale, au point que les dirigeants haut-garonnais aimeraient le conserver sur le long terme. Avec un an de contrat restant, le milieu de terrain sait qu\u2019il ne sera pas hors de prix pour le TFC, et Olivier Sadran [&hellip;]<\/p>\n","protected":false},"author":2,"featured_media":0,"comment_status":"open","ping_status":"open","sticky":false,"template":"","format":"standard","meta":{"footnotes":""},"categories":[3],"tags":[],"class_list":{"0":"post-540","1":"post","2":"type-post","3":"status-publish","4":"format-standard","6":"category-news"},"yoast_head":"<!-- This site is optimized with the Yoast SEO plugin v27.4 - https:\/\/yoast.com\/product\/yoast-seo-wordpress\/ -->\n<title>Le PSG pourrait vite refourguer Chant\u00f4me - PSG FANS<\/title>\n<meta name=\"robots\" content=\"index, follow, max-snippet:-1, max-image-preview:large, max-video-preview:-1\" \/>\n<link rel=\"canonical\" href=\"https:\/\/psgfans.fr\/?p=540\" \/>\n<meta property=\"og:locale\" content=\"fr_FR\" \/>\n<meta property=\"og:type\" content=\"article\" \/>\n<meta property=\"og:title\" content=\"Le PSG pourrait vite refourguer Chant\u00f4me - PSG FANS\" \/>\n<meta property=\"og:description\" content=\"Pr\u00eat\u00e9 la saison derni\u00e8re \u00e0 Toulouse, Cl\u00e9ment Chant\u00f4me a parfaitement r\u00e9ussi sa premi\u00e8re saison loin de la capitale, au point que les dirigeants haut-garonnais aimeraient le conserver sur le long terme. Avec un an de contrat restant, le milieu de terrain sait qu\u2019il ne sera pas hors de prix pour le TFC, et Olivier Sadran [&hellip;]\" \/>\n<meta property=\"og:url\" content=\"https:\/\/psgfans.fr\/?p=540\" \/>\n<meta property=\"og:site_name\" content=\"PSG FANS\" \/>\n<meta property=\"article:published_time\" content=\"2014-06-24T15:11:00+00:00\" \/>\n<meta property=\"og:image\" content=\"https:\/\/blogger.googleusercontent.com\/img\/b\/R29vZ2xl\/AVvXsEif1kPifh0QaCmClz9jpip1LM2a_nAgdZ5uMf6IRA6sDs53F08rSR2ulSzcEt6jgw1Ce4Ie8ZUcOqwuQdVovePpRtReE22eosYokJXvdRmfC9cjmmxFify-pBdMbVQBDy0uZrMMR9oKsOk\/s1600\/&amp;11111.jpg\" \/>\n<meta name=\"author\" content=\"psgfans\" \/>\n<meta name=\"twitter:card\" content=\"summary_large_image\" \/>\n<meta name=\"twitter:label1\" content=\"\u00c9crit par\" \/>\n\t<meta name=\"twitter:data1\" content=\"psgfans\" \/>\n\t<meta name=\"twitter:label2\" content=\"Dur\u00e9e de lecture estim\u00e9e\" \/>\n\t<meta name=\"twitter:data2\" content=\"1 minute\" \/>\n<script type=\"application\/ld+json\" class=\"yoast-schema-graph\">{\"@context\":\"https:\\\/\\\/schema.org\",\"@graph\":[{\"@type\":\"Article\",\"@id\":\"https:\\\/\\\/psgfans.fr\\\/?p=540#article\",\"isPartOf\":{\"@id\":\"https:\\\/\\\/psgfans.fr\\\/?p=540\"},\"author\":{\"name\":\"psgfans\",\"@id\":\"https:\\\/\\\/psgfans.fr\\\/#\\\/schema\\\/person\\\/be2237e7a0237af2f29cb344b3c55e6c\"},\"headline\":\"Le PSG pourrait vite refourguer Chant\u00f4me\",\"datePublished\":\"2014-06-24T15:11:00+00:00\",\"mainEntityOfPage\":{\"@id\":\"https:\\\/\\\/psgfans.fr\\\/?p=540\"},\"wordCount\":179,\"commentCount\":0,\"image\":{\"@id\":\"https:\\\/\\\/psgfans.fr\\\/?p=540#primaryimage\"},\"thumbnailUrl\":\"https:\\\/\\\/blogger.googleusercontent.com\\\/img\\\/b\\\/R29vZ2xl\\\/AVvXsEif1kPifh0QaCmClz9jpip1LM2a_nAgdZ5uMf6IRA6sDs53F08rSR2ulSzcEt6jgw1Ce4Ie8ZUcOqwuQdVovePpRtReE22eosYokJXvdRmfC9cjmmxFify-pBdMbVQBDy0uZrMMR9oKsOk\\\/s1600\\\/&amp;11111.jpg\",\"articleSection\":[\"News\"],\"inLanguage\":\"fr-FR\",\"potentialAction\":[{\"@type\":\"CommentAction\",\"name\":\"Comment\",\"target\":[\"https:\\\/\\\/psgfans.fr\\\/?p=540#respond\"]}]},{\"@type\":\"WebPage\",\"@id\":\"https:\\\/\\\/psgfans.fr\\\/?p=540\",\"url\":\"https:\\\/\\\/psgfans.fr\\\/?p=540\",\"name\":\"Le PSG pourrait vite refourguer Chant\u00f4me - PSG FANS\",\"isPartOf\":{\"@id\":\"https:\\\/\\\/psgfans.fr\\\/#website\"},\"primaryImageOfPage\":{\"@id\":\"https:\\\/\\\/psgfans.fr\\\/?p=540#primaryimage\"},\"image\":{\"@id\":\"https:\\\/\\\/psgfans.fr\\\/?p=540#primaryimage\"},\"thumbnailUrl\":\"https:\\\/\\\/blogger.googleusercontent.com\\\/img\\\/b\\\/R29vZ2xl\\\/AVvXsEif1kPifh0QaCmClz9jpip1LM2a_nAgdZ5uMf6IRA6sDs53F08rSR2ulSzcEt6jgw1Ce4Ie8ZUcOqwuQdVovePpRtReE22eosYokJXvdRmfC9cjmmxFify-pBdMbVQBDy0uZrMMR9oKsOk\\\/s1600\\\/&amp;11111.jpg\",\"datePublished\":\"2014-06-24T15:11:00+00:00\",\"author\":{\"@id\":\"https:\\\/\\\/psgfans.fr\\\/#\\\/schema\\\/person\\\/be2237e7a0237af2f29cb344b3c55e6c\"},\"breadcrumb\":{\"@id\":\"https:\\\/\\\/psgfans.fr\\\/?p=540#breadcrumb\"},\"inLanguage\":\"fr-FR\",\"potentialAction\":[{\"@type\":\"ReadAction\",\"target\":[\"https:\\\/\\\/psgfans.fr\\\/?p=540\"]}]},{\"@type\":\"ImageObject\",\"inLanguage\":\"fr-FR\",\"@id\":\"https:\\\/\\\/psgfans.fr\\\/?p=540#primaryimage\",\"url\":\"https:\\\/\\\/blogger.googleusercontent.com\\\/img\\\/b\\\/R29vZ2xl\\\/AVvXsEif1kPifh0QaCmClz9jpip1LM2a_nAgdZ5uMf6IRA6sDs53F08rSR2ulSzcEt6jgw1Ce4Ie8ZUcOqwuQdVovePpRtReE22eosYokJXvdRmfC9cjmmxFify-pBdMbVQBDy0uZrMMR9oKsOk\\\/s1600\\\/&amp;11111.jpg\",\"contentUrl\":\"https:\\\/\\\/blogger.googleusercontent.com\\\/img\\\/b\\\/R29vZ2xl\\\/AVvXsEif1kPifh0QaCmClz9jpip1LM2a_nAgdZ5uMf6IRA6sDs53F08rSR2ulSzcEt6jgw1Ce4Ie8ZUcOqwuQdVovePpRtReE22eosYokJXvdRmfC9cjmmxFify-pBdMbVQBDy0uZrMMR9oKsOk\\\/s1600\\\/&amp;11111.jpg\"},{\"@type\":\"BreadcrumbList\",\"@id\":\"https:\\\/\\\/psgfans.fr\\\/?p=540#breadcrumb\",\"itemListElement\":[{\"@type\":\"ListItem\",\"position\":1,\"name\":\"Accueil\",\"item\":\"https:\\\/\\\/psgfans.fr\\\/\"},{\"@type\":\"ListItem\",\"position\":2,\"name\":\"Le PSG pourrait vite refourguer Chant\u00f4me\"}]},{\"@type\":\"WebSite\",\"@id\":\"https:\\\/\\\/psgfans.fr\\\/#website\",\"url\":\"https:\\\/\\\/psgfans.fr\\\/\",\"name\":\"PSG FANS\",\"description\":\"Unit\u00e9, Passion, Victoire : Au C\u0153ur du Paris Saint-Germain!\",\"potentialAction\":[{\"@type\":\"SearchAction\",\"target\":{\"@type\":\"EntryPoint\",\"urlTemplate\":\"https:\\\/\\\/psgfans.fr\\\/?s={search_term_string}\"},\"query-input\":{\"@type\":\"PropertyValueSpecification\",\"valueRequired\":true,\"valueName\":\"search_term_string\"}}],\"inLanguage\":\"fr-FR\"},{\"@type\":\"Person\",\"@id\":\"https:\\\/\\\/psgfans.fr\\\/#\\\/schema\\\/person\\\/be2237e7a0237af2f29cb344b3c55e6c\",\"name\":\"psgfans\",\"image\":{\"@type\":\"ImageObject\",\"inLanguage\":\"fr-FR\",\"@id\":\"https:\\\/\\\/secure.gravatar.com\\\/avatar\\\/?s=96&d=mm&r=g\",\"url\":\"https:\\\/\\\/secure.gravatar.com\\\/avatar\\\/?s=96&d=mm&r=g\",\"contentUrl\":\"https:\\\/\\\/secure.gravatar.com\\\/avatar\\\/?s=96&d=mm&r=g\",\"caption\":\"psgfans\"},\"url\":\"https:\\\/\\\/psgfans.fr\\\/?author=2\"}]}<\/script>\n<!-- \/ Yoast SEO plugin. -->","yoast_head_json":{"title":"Le PSG pourrait vite refourguer Chant\u00f4me - PSG FANS","robots":{"index":"index","follow":"follow","max-snippet":"max-snippet:-1","max-image-preview":"max-image-preview:large","max-video-preview":"max-video-preview:-1"},"canonical":"https:\/\/psgfans.fr\/?p=540","og_locale":"fr_FR","og_type":"article","og_title":"Le PSG pourrait vite refourguer Chant\u00f4me - PSG FANS","og_description":"Pr\u00eat\u00e9 la saison derni\u00e8re \u00e0 Toulouse, Cl\u00e9ment Chant\u00f4me a parfaitement r\u00e9ussi sa premi\u00e8re saison loin de la capitale, au point que les dirigeants haut-garonnais aimeraient le conserver sur le long terme. Avec un an de contrat restant, le milieu de terrain sait qu\u2019il ne sera pas hors de prix pour le TFC, et Olivier Sadran [&hellip;]","og_url":"https:\/\/psgfans.fr\/?p=540","og_site_name":"PSG FANS","article_published_time":"2014-06-24T15:11:00+00:00","og_image":[{"url":"https:\/\/blogger.googleusercontent.com\/img\/b\/R29vZ2xl\/AVvXsEif1kPifh0QaCmClz9jpip1LM2a_nAgdZ5uMf6IRA6sDs53F08rSR2ulSzcEt6jgw1Ce4Ie8ZUcOqwuQdVovePpRtReE22eosYokJXvdRmfC9cjmmxFify-pBdMbVQBDy0uZrMMR9oKsOk\/s1600\/&amp;11111.jpg","type":"","width":"","height":""}],"author":"psgfans","twitter_card":"summary_large_image","twitter_misc":{"\u00c9crit par":"psgfans","Dur\u00e9e de lecture estim\u00e9e":"1 minute"},"schema":{"@context":"https:\/\/schema.org","@graph":[{"@type":"Article","@id":"https:\/\/psgfans.fr\/?p=540#article","isPartOf":{"@id":"https:\/\/psgfans.fr\/?p=540"},"author":{"name":"psgfans","@id":"https:\/\/psgfans.fr\/#\/schema\/person\/be2237e7a0237af2f29cb344b3c55e6c"},"headline":"Le PSG pourrait vite refourguer Chant\u00f4me","datePublished":"2014-06-24T15:11:00+00:00","mainEntityOfPage":{"@id":"https:\/\/psgfans.fr\/?p=540"},"wordCount":179,"commentCount":0,"image":{"@id":"https:\/\/psgfans.fr\/?p=540#primaryimage"},"thumbnailUrl":"https:\/\/blogger.googleusercontent.com\/img\/b\/R29vZ2xl\/AVvXsEif1kPifh0QaCmClz9jpip1LM2a_nAgdZ5uMf6IRA6sDs53F08rSR2ulSzcEt6jgw1Ce4Ie8ZUcOqwuQdVovePpRtReE22eosYokJXvdRmfC9cjmmxFify-pBdMbVQBDy0uZrMMR9oKsOk\/s1600\/&amp;11111.jpg","articleSection":["News"],"inLanguage":"fr-FR","potentialAction":[{"@type":"CommentAction","name":"Comment","target":["https:\/\/psgfans.fr\/?p=540#respond"]}]},{"@type":"WebPage","@id":"https:\/\/psgfans.fr\/?p=540","url":"https:\/\/psgfans.fr\/?p=540","name":"Le PSG pourrait vite refourguer Chant\u00f4me - PSG FANS","isPartOf":{"@id":"https:\/\/psgfans.fr\/#website"},"primaryImageOfPage":{"@id":"https:\/\/psgfans.fr\/?p=540#primaryimage"},"image":{"@id":"https:\/\/psgfans.fr\/?p=540#primaryimage"},"thumbnailUrl":"https:\/\/blogger.googleusercontent.com\/img\/b\/R29vZ2xl\/AVvXsEif1kPifh0QaCmClz9jpip1LM2a_nAgdZ5uMf6IRA6sDs53F08rSR2ulSzcEt6jgw1Ce4Ie8ZUcOqwuQdVovePpRtReE22eosYokJXvdRmfC9cjmmxFify-pBdMbVQBDy0uZrMMR9oKsOk\/s1600\/&amp;11111.jpg","datePublished":"2014-06-24T15:11:00+00:00","author":{"@id":"https:\/\/psgfans.fr\/#\/schema\/person\/be2237e7a0237af2f29cb344b3c55e6c"},"breadcrumb":{"@id":"https:\/\/psgfans.fr\/?p=540#breadcrumb"},"inLanguage":"fr-FR","potentialAction":[{"@type":"ReadAction","target":["https:\/\/psgfans.fr\/?p=540"]}]},{"@type":"ImageObject","inLanguage":"fr-FR","@id":"https:\/\/psgfans.fr\/?p=540#primaryimage","url":"https:\/\/blogger.googleusercontent.com\/img\/b\/R29vZ2xl\/AVvXsEif1kPifh0QaCmClz9jpip1LM2a_nAgdZ5uMf6IRA6sDs53F08rSR2ulSzcEt6jgw1Ce4Ie8ZUcOqwuQdVovePpRtReE22eosYokJXvdRmfC9cjmmxFify-pBdMbVQBDy0uZrMMR9oKsOk\/s1600\/&amp;11111.jpg","contentUrl":"https:\/\/blogger.googleusercontent.com\/img\/b\/R29vZ2xl\/AVvXsEif1kPifh0QaCmClz9jpip1LM2a_nAgdZ5uMf6IRA6sDs53F08rSR2ulSzcEt6jgw1Ce4Ie8ZUcOqwuQdVovePpRtReE22eosYokJXvdRmfC9cjmmxFify-pBdMbVQBDy0uZrMMR9oKsOk\/s1600\/&amp;11111.jpg"},{"@type":"BreadcrumbList","@id":"https:\/\/psgfans.fr\/?p=540#breadcrumb","itemListElement":[{"@type":"ListItem","position":1,"name":"Accueil","item":"https:\/\/psgfans.fr\/"},{"@type":"ListItem","position":2,"name":"Le PSG pourrait vite refourguer Chant\u00f4me"}]},{"@type":"WebSite","@id":"https:\/\/psgfans.fr\/#website","url":"https:\/\/psgfans.fr\/","name":"PSG FANS","description":"Unit\u00e9, Passion, Victoire : Au C\u0153ur du Paris Saint-Germain!","potentialAction":[{"@type":"SearchAction","target":{"@type":"EntryPoint","urlTemplate":"https:\/\/psgfans.fr\/?s={search_term_string}"},"query-input":{"@type":"PropertyValueSpecification","valueRequired":true,"valueName":"search_term_string"}}],"inLanguage":"fr-FR"},{"@type":"Person","@id":"https:\/\/psgfans.fr\/#\/schema\/person\/be2237e7a0237af2f29cb344b3c55e6c","name":"psgfans","image":{"@type":"ImageObject","inLanguage":"fr-FR","@id":"https:\/\/secure.gravatar.com\/avatar\/?s=96&d=mm&r=g","url":"https:\/\/secure.gravatar.com\/avatar\/?s=96&d=mm&r=g","contentUrl":"https:\/\/secure.gravatar.com\/avatar\/?s=96&d=mm&r=g","caption":"psgfans"},"url":"https:\/\/psgfans.fr\/?author=2"}]}},"_links":{"self":[{"href":"https:\/\/psgfans.fr\/index.php?rest_route=\/wp\/v2\/posts\/540","targetHints":{"allow":["GET"]}}],"collection":[{"href":"https:\/\/psgfans.fr\/index.php?rest_route=\/wp\/v2\/posts"}],"about":[{"href":"https:\/\/psgfans.fr\/index.php?rest_route=\/wp\/v2\/types\/post"}],"author":[{"embeddable":true,"href":"https:\/\/psgfans.fr\/index.php?rest_route=\/wp\/v2\/users\/2"}],"replies":[{"embeddable":true,"href":"https:\/\/psgfans.fr\/index.php?rest_route=%2Fwp%2Fv2%2Fcomments&post=540"}],"version-history":[{"count":0,"href":"https:\/\/psgfans.fr\/index.php?rest_route=\/wp\/v2\/posts\/540\/revisions"}],"wp:attachment":[{"href":"https:\/\/psgfans.fr\/index.php?rest_route=%2Fwp%2Fv2%2Fmedia&parent=540"}],"wp:term":[{"taxonomy":"category","embeddable":true,"href":"https:\/\/psgfans.fr\/index.php?rest_route=%2Fwp%2Fv2%2Fcategories&post=540"},{"taxonomy":"post_tag","embeddable":true,"href":"https:\/\/psgfans.fr\/index.php?rest_route=%2Fwp%2Fv2%2Ftags&post=540"}],"curies":[{"name":"wp","href":"https:\/\/api.w.org\/{rel}","templated":true}]}}