{"id":537,"date":"2014-06-26T15:04:00","date_gmt":"2014-06-26T14:04:00","guid":{"rendered":"https:\/\/psgfans.fr\/?p=537"},"modified":"2014-06-26T15:04:00","modified_gmt":"2014-06-26T14:04:00","slug":"psg-le-programme-de-reprise","status":"publish","type":"post","link":"https:\/\/psgfans.fr\/?p=537","title":{"rendered":"PSG : le programme de reprise"},"content":{"rendered":"<p><\/p>\n<div style=\"clear: both; text-align: center;\"><a href=\"https:\/\/blogger.googleusercontent.com\/img\/b\/R29vZ2xl\/AVvXsEjQwhyphenhyphenDV3rPOcV_RZ6M2a_WtOuvFuGYmcdkzvYcGtJ7GNJtSIEQvqJk7nxSAOwyzsU1ESaQUH-FQwviExzDEJ2BAlIo6EKv_rwXseojiIws2ZKxaTGLybD4WhYrBdKtYKvM7Qn-0D6ERZA\/s1600\/67nxmMxNL0g.jpg\" style=\"margin-left: 1em; margin-right: 1em;\"><img loading=\"lazy\" decoding=\"async\" border=\"0\" src=\"https:\/\/blogger.googleusercontent.com\/img\/b\/R29vZ2xl\/AVvXsEjQwhyphenhyphenDV3rPOcV_RZ6M2a_WtOuvFuGYmcdkzvYcGtJ7GNJtSIEQvqJk7nxSAOwyzsU1ESaQUH-FQwviExzDEJ2BAlIo6EKv_rwXseojiIws2ZKxaTGLybD4WhYrBdKtYKvM7Qn-0D6ERZA\/s1600\/67nxmMxNL0g.jpg\" height=\"400\" width=\"400\" \/><\/a><\/div>\n<p>Les hommes de Laurent Blanc reprendront l\u2019entra\u00eenement le lundi 30 juin avant de se rendre en stage,<br \/>comme l\u2019\u00e9t\u00e9 dernier, \u00e0 Stegersbach en Autriche du 3 au 12 juillet. Ils y disputeront deux matchs amicaux, le 8 juillet au Sparkasse Hartberg Stadion contre le TSV Hartberg (2e division autrichienne) puis le 12 juillet au Gleisdorf Stadium contre Videoton FC (4e du championnat hongrois).<br \/>Comme annonc\u00e9 mardi dans nos colonnes, le PSG se d\u00e9placera en Allemagne le 18 juillet pour affronter le RB Leipzig. Les parisiens s\u2019envoleront le 26 juillet vers Hong Kong pour disputer un match amical face au club de Kitchee, champion local, le mardi 29 juillet. D\u00e8s le lendemain, ils se rendront \u00e0 Pekin en Chine o\u00f9 ils participeront \u00e0 diverses op\u00e9rations promotionnelles avant d\u2019affronter Guingamp le 2 ao\u00fbt \u00e0 l\u2019occasion du troph\u00e9e des Champions. Le PSG d\u00e9butera le championnat en se d\u00e9pla\u00e7ant \u00e0 Reims le vendredi 9 ao\u00fbt.<br \/>Programme d\u00e9taill\u00e9 :<br \/>30 juin : reprise de l\u2019entra\u00eenement<br \/>3 au 12 juillet : stage de pr\u00e9paration en Autriche \u00e0 Stegersbach<br \/>8 juillet : match amical \u00e0 18h30 au Sparkasse Hartberg Stadion contre le TSV Hartberg (2e division autrichienne).<br \/>12 juillet : match amical \u00e0 17 heures au Gleisdorf Stadium contre Videoton FC (4e du championnat hongrois).<br \/>18 juillet : match amical \u00e0 19h en Allemagne au Red Bull Arena contre le RB Leipzig (2e division)<br \/>29 juillet : match amical \u00e0 20 heures \u00e0 Hong Kong contre Kitchee (champion local)<\/p>\n<p>2 ao\u00fbt : Troph\u00e9e des champions. PSG-Guingamp \u00e0 P\u00e9kin.<\/p>\n<p>9 ao\u00fbt : Reims-PSG, premi\u00e8re journ\u00e9e de Ligue 1.<\/p>\n<p>LeParisien.fr<\/p>\n","protected":false},"excerpt":{"rendered":"<p>Les hommes de Laurent Blanc reprendront l\u2019entra\u00eenement le lundi 30 juin avant de se rendre en stage,comme l\u2019\u00e9t\u00e9 dernier, \u00e0 Stegersbach en Autriche du 3 au 12 juillet. Ils y disputeront deux matchs amicaux, le 8 juillet au Sparkasse Hartberg Stadion contre le TSV Hartberg (2e division autrichienne) puis le 12 juillet au Gleisdorf Stadium [&hellip;]<\/p>\n","protected":false},"author":2,"featured_media":0,"comment_status":"open","ping_status":"open","sticky":false,"template":"","format":"standard","meta":{"footnotes":""},"categories":[3],"tags":[],"class_list":{"0":"post-537","1":"post","2":"type-post","3":"status-publish","4":"format-standard","6":"category-news"},"yoast_head":"<!-- This site is optimized with the Yoast SEO plugin v27.4 - https:\/\/yoast.com\/product\/yoast-seo-wordpress\/ -->\n<title>PSG : le programme de reprise - PSG FANS<\/title>\n<meta name=\"robots\" content=\"index, follow, max-snippet:-1, max-image-preview:large, max-video-preview:-1\" \/>\n<link rel=\"canonical\" href=\"https:\/\/psgfans.fr\/?p=537\" \/>\n<meta property=\"og:locale\" content=\"fr_FR\" \/>\n<meta property=\"og:type\" content=\"article\" \/>\n<meta property=\"og:title\" content=\"PSG : le programme de reprise - PSG FANS\" \/>\n<meta property=\"og:description\" content=\"Les hommes de Laurent Blanc reprendront l\u2019entra\u00eenement le lundi 30 juin avant de se rendre en stage,comme l\u2019\u00e9t\u00e9 dernier, \u00e0 Stegersbach en Autriche du 3 au 12 juillet. Ils y disputeront deux matchs amicaux, le 8 juillet au Sparkasse Hartberg Stadion contre le TSV Hartberg (2e division autrichienne) puis le 12 juillet au Gleisdorf Stadium [&hellip;]\" \/>\n<meta property=\"og:url\" content=\"https:\/\/psgfans.fr\/?p=537\" \/>\n<meta property=\"og:site_name\" content=\"PSG FANS\" \/>\n<meta property=\"article:published_time\" content=\"2014-06-26T14:04:00+00:00\" \/>\n<meta property=\"og:image\" content=\"https:\/\/blogger.googleusercontent.com\/img\/b\/R29vZ2xl\/AVvXsEjQwhyphenhyphenDV3rPOcV_RZ6M2a_WtOuvFuGYmcdkzvYcGtJ7GNJtSIEQvqJk7nxSAOwyzsU1ESaQUH-FQwviExzDEJ2BAlIo6EKv_rwXseojiIws2ZKxaTGLybD4WhYrBdKtYKvM7Qn-0D6ERZA\/s1600\/67nxmMxNL0g.jpg\" \/>\n<meta name=\"author\" content=\"psgfans\" \/>\n<meta name=\"twitter:card\" content=\"summary_large_image\" \/>\n<meta name=\"twitter:label1\" content=\"\u00c9crit par\" \/>\n\t<meta name=\"twitter:data1\" content=\"psgfans\" \/>\n\t<meta name=\"twitter:label2\" content=\"Dur\u00e9e de lecture estim\u00e9e\" \/>\n\t<meta name=\"twitter:data2\" content=\"1 minute\" \/>\n<script type=\"application\/ld+json\" class=\"yoast-schema-graph\">{\"@context\":\"https:\\\/\\\/schema.org\",\"@graph\":[{\"@type\":\"Article\",\"@id\":\"https:\\\/\\\/psgfans.fr\\\/?p=537#article\",\"isPartOf\":{\"@id\":\"https:\\\/\\\/psgfans.fr\\\/?p=537\"},\"author\":{\"name\":\"psgfans\",\"@id\":\"https:\\\/\\\/psgfans.fr\\\/#\\\/schema\\\/person\\\/be2237e7a0237af2f29cb344b3c55e6c\"},\"headline\":\"PSG : le programme de reprise\",\"datePublished\":\"2014-06-26T14:04:00+00:00\",\"mainEntityOfPage\":{\"@id\":\"https:\\\/\\\/psgfans.fr\\\/?p=537\"},\"wordCount\":249,\"commentCount\":0,\"image\":{\"@id\":\"https:\\\/\\\/psgfans.fr\\\/?p=537#primaryimage\"},\"thumbnailUrl\":\"https:\\\/\\\/blogger.googleusercontent.com\\\/img\\\/b\\\/R29vZ2xl\\\/AVvXsEjQwhyphenhyphenDV3rPOcV_RZ6M2a_WtOuvFuGYmcdkzvYcGtJ7GNJtSIEQvqJk7nxSAOwyzsU1ESaQUH-FQwviExzDEJ2BAlIo6EKv_rwXseojiIws2ZKxaTGLybD4WhYrBdKtYKvM7Qn-0D6ERZA\\\/s1600\\\/67nxmMxNL0g.jpg\",\"articleSection\":[\"News\"],\"inLanguage\":\"fr-FR\",\"potentialAction\":[{\"@type\":\"CommentAction\",\"name\":\"Comment\",\"target\":[\"https:\\\/\\\/psgfans.fr\\\/?p=537#respond\"]}]},{\"@type\":\"WebPage\",\"@id\":\"https:\\\/\\\/psgfans.fr\\\/?p=537\",\"url\":\"https:\\\/\\\/psgfans.fr\\\/?p=537\",\"name\":\"PSG : le programme de reprise - PSG FANS\",\"isPartOf\":{\"@id\":\"https:\\\/\\\/psgfans.fr\\\/#website\"},\"primaryImageOfPage\":{\"@id\":\"https:\\\/\\\/psgfans.fr\\\/?p=537#primaryimage\"},\"image\":{\"@id\":\"https:\\\/\\\/psgfans.fr\\\/?p=537#primaryimage\"},\"thumbnailUrl\":\"https:\\\/\\\/blogger.googleusercontent.com\\\/img\\\/b\\\/R29vZ2xl\\\/AVvXsEjQwhyphenhyphenDV3rPOcV_RZ6M2a_WtOuvFuGYmcdkzvYcGtJ7GNJtSIEQvqJk7nxSAOwyzsU1ESaQUH-FQwviExzDEJ2BAlIo6EKv_rwXseojiIws2ZKxaTGLybD4WhYrBdKtYKvM7Qn-0D6ERZA\\\/s1600\\\/67nxmMxNL0g.jpg\",\"datePublished\":\"2014-06-26T14:04:00+00:00\",\"author\":{\"@id\":\"https:\\\/\\\/psgfans.fr\\\/#\\\/schema\\\/person\\\/be2237e7a0237af2f29cb344b3c55e6c\"},\"breadcrumb\":{\"@id\":\"https:\\\/\\\/psgfans.fr\\\/?p=537#breadcrumb\"},\"inLanguage\":\"fr-FR\",\"potentialAction\":[{\"@type\":\"ReadAction\",\"target\":[\"https:\\\/\\\/psgfans.fr\\\/?p=537\"]}]},{\"@type\":\"ImageObject\",\"inLanguage\":\"fr-FR\",\"@id\":\"https:\\\/\\\/psgfans.fr\\\/?p=537#primaryimage\",\"url\":\"https:\\\/\\\/blogger.googleusercontent.com\\\/img\\\/b\\\/R29vZ2xl\\\/AVvXsEjQwhyphenhyphenDV3rPOcV_RZ6M2a_WtOuvFuGYmcdkzvYcGtJ7GNJtSIEQvqJk7nxSAOwyzsU1ESaQUH-FQwviExzDEJ2BAlIo6EKv_rwXseojiIws2ZKxaTGLybD4WhYrBdKtYKvM7Qn-0D6ERZA\\\/s1600\\\/67nxmMxNL0g.jpg\",\"contentUrl\":\"https:\\\/\\\/blogger.googleusercontent.com\\\/img\\\/b\\\/R29vZ2xl\\\/AVvXsEjQwhyphenhyphenDV3rPOcV_RZ6M2a_WtOuvFuGYmcdkzvYcGtJ7GNJtSIEQvqJk7nxSAOwyzsU1ESaQUH-FQwviExzDEJ2BAlIo6EKv_rwXseojiIws2ZKxaTGLybD4WhYrBdKtYKvM7Qn-0D6ERZA\\\/s1600\\\/67nxmMxNL0g.jpg\"},{\"@type\":\"BreadcrumbList\",\"@id\":\"https:\\\/\\\/psgfans.fr\\\/?p=537#breadcrumb\",\"itemListElement\":[{\"@type\":\"ListItem\",\"position\":1,\"name\":\"Accueil\",\"item\":\"https:\\\/\\\/psgfans.fr\\\/\"},{\"@type\":\"ListItem\",\"position\":2,\"name\":\"PSG : le programme de reprise\"}]},{\"@type\":\"WebSite\",\"@id\":\"https:\\\/\\\/psgfans.fr\\\/#website\",\"url\":\"https:\\\/\\\/psgfans.fr\\\/\",\"name\":\"PSG FANS\",\"description\":\"Unit\u00e9, Passion, Victoire : Au C\u0153ur du Paris Saint-Germain!\",\"potentialAction\":[{\"@type\":\"SearchAction\",\"target\":{\"@type\":\"EntryPoint\",\"urlTemplate\":\"https:\\\/\\\/psgfans.fr\\\/?s={search_term_string}\"},\"query-input\":{\"@type\":\"PropertyValueSpecification\",\"valueRequired\":true,\"valueName\":\"search_term_string\"}}],\"inLanguage\":\"fr-FR\"},{\"@type\":\"Person\",\"@id\":\"https:\\\/\\\/psgfans.fr\\\/#\\\/schema\\\/person\\\/be2237e7a0237af2f29cb344b3c55e6c\",\"name\":\"psgfans\",\"image\":{\"@type\":\"ImageObject\",\"inLanguage\":\"fr-FR\",\"@id\":\"https:\\\/\\\/secure.gravatar.com\\\/avatar\\\/?s=96&d=mm&r=g\",\"url\":\"https:\\\/\\\/secure.gravatar.com\\\/avatar\\\/?s=96&d=mm&r=g\",\"contentUrl\":\"https:\\\/\\\/secure.gravatar.com\\\/avatar\\\/?s=96&d=mm&r=g\",\"caption\":\"psgfans\"},\"url\":\"https:\\\/\\\/psgfans.fr\\\/?author=2\"}]}<\/script>\n<!-- \/ Yoast SEO plugin. -->","yoast_head_json":{"title":"PSG : le programme de reprise - PSG FANS","robots":{"index":"index","follow":"follow","max-snippet":"max-snippet:-1","max-image-preview":"max-image-preview:large","max-video-preview":"max-video-preview:-1"},"canonical":"https:\/\/psgfans.fr\/?p=537","og_locale":"fr_FR","og_type":"article","og_title":"PSG : le programme de reprise - PSG FANS","og_description":"Les hommes de Laurent Blanc reprendront l\u2019entra\u00eenement le lundi 30 juin avant de se rendre en stage,comme l\u2019\u00e9t\u00e9 dernier, \u00e0 Stegersbach en Autriche du 3 au 12 juillet. Ils y disputeront deux matchs amicaux, le 8 juillet au Sparkasse Hartberg Stadion contre le TSV Hartberg (2e division autrichienne) puis le 12 juillet au Gleisdorf Stadium [&hellip;]","og_url":"https:\/\/psgfans.fr\/?p=537","og_site_name":"PSG FANS","article_published_time":"2014-06-26T14:04:00+00:00","og_image":[{"url":"https:\/\/blogger.googleusercontent.com\/img\/b\/R29vZ2xl\/AVvXsEjQwhyphenhyphenDV3rPOcV_RZ6M2a_WtOuvFuGYmcdkzvYcGtJ7GNJtSIEQvqJk7nxSAOwyzsU1ESaQUH-FQwviExzDEJ2BAlIo6EKv_rwXseojiIws2ZKxaTGLybD4WhYrBdKtYKvM7Qn-0D6ERZA\/s1600\/67nxmMxNL0g.jpg","type":"","width":"","height":""}],"author":"psgfans","twitter_card":"summary_large_image","twitter_misc":{"\u00c9crit par":"psgfans","Dur\u00e9e de lecture estim\u00e9e":"1 minute"},"schema":{"@context":"https:\/\/schema.org","@graph":[{"@type":"Article","@id":"https:\/\/psgfans.fr\/?p=537#article","isPartOf":{"@id":"https:\/\/psgfans.fr\/?p=537"},"author":{"name":"psgfans","@id":"https:\/\/psgfans.fr\/#\/schema\/person\/be2237e7a0237af2f29cb344b3c55e6c"},"headline":"PSG : le programme de reprise","datePublished":"2014-06-26T14:04:00+00:00","mainEntityOfPage":{"@id":"https:\/\/psgfans.fr\/?p=537"},"wordCount":249,"commentCount":0,"image":{"@id":"https:\/\/psgfans.fr\/?p=537#primaryimage"},"thumbnailUrl":"https:\/\/blogger.googleusercontent.com\/img\/b\/R29vZ2xl\/AVvXsEjQwhyphenhyphenDV3rPOcV_RZ6M2a_WtOuvFuGYmcdkzvYcGtJ7GNJtSIEQvqJk7nxSAOwyzsU1ESaQUH-FQwviExzDEJ2BAlIo6EKv_rwXseojiIws2ZKxaTGLybD4WhYrBdKtYKvM7Qn-0D6ERZA\/s1600\/67nxmMxNL0g.jpg","articleSection":["News"],"inLanguage":"fr-FR","potentialAction":[{"@type":"CommentAction","name":"Comment","target":["https:\/\/psgfans.fr\/?p=537#respond"]}]},{"@type":"WebPage","@id":"https:\/\/psgfans.fr\/?p=537","url":"https:\/\/psgfans.fr\/?p=537","name":"PSG : le programme de reprise - PSG FANS","isPartOf":{"@id":"https:\/\/psgfans.fr\/#website"},"primaryImageOfPage":{"@id":"https:\/\/psgfans.fr\/?p=537#primaryimage"},"image":{"@id":"https:\/\/psgfans.fr\/?p=537#primaryimage"},"thumbnailUrl":"https:\/\/blogger.googleusercontent.com\/img\/b\/R29vZ2xl\/AVvXsEjQwhyphenhyphenDV3rPOcV_RZ6M2a_WtOuvFuGYmcdkzvYcGtJ7GNJtSIEQvqJk7nxSAOwyzsU1ESaQUH-FQwviExzDEJ2BAlIo6EKv_rwXseojiIws2ZKxaTGLybD4WhYrBdKtYKvM7Qn-0D6ERZA\/s1600\/67nxmMxNL0g.jpg","datePublished":"2014-06-26T14:04:00+00:00","author":{"@id":"https:\/\/psgfans.fr\/#\/schema\/person\/be2237e7a0237af2f29cb344b3c55e6c"},"breadcrumb":{"@id":"https:\/\/psgfans.fr\/?p=537#breadcrumb"},"inLanguage":"fr-FR","potentialAction":[{"@type":"ReadAction","target":["https:\/\/psgfans.fr\/?p=537"]}]},{"@type":"ImageObject","inLanguage":"fr-FR","@id":"https:\/\/psgfans.fr\/?p=537#primaryimage","url":"https:\/\/blogger.googleusercontent.com\/img\/b\/R29vZ2xl\/AVvXsEjQwhyphenhyphenDV3rPOcV_RZ6M2a_WtOuvFuGYmcdkzvYcGtJ7GNJtSIEQvqJk7nxSAOwyzsU1ESaQUH-FQwviExzDEJ2BAlIo6EKv_rwXseojiIws2ZKxaTGLybD4WhYrBdKtYKvM7Qn-0D6ERZA\/s1600\/67nxmMxNL0g.jpg","contentUrl":"https:\/\/blogger.googleusercontent.com\/img\/b\/R29vZ2xl\/AVvXsEjQwhyphenhyphenDV3rPOcV_RZ6M2a_WtOuvFuGYmcdkzvYcGtJ7GNJtSIEQvqJk7nxSAOwyzsU1ESaQUH-FQwviExzDEJ2BAlIo6EKv_rwXseojiIws2ZKxaTGLybD4WhYrBdKtYKvM7Qn-0D6ERZA\/s1600\/67nxmMxNL0g.jpg"},{"@type":"BreadcrumbList","@id":"https:\/\/psgfans.fr\/?p=537#breadcrumb","itemListElement":[{"@type":"ListItem","position":1,"name":"Accueil","item":"https:\/\/psgfans.fr\/"},{"@type":"ListItem","position":2,"name":"PSG : le programme de reprise"}]},{"@type":"WebSite","@id":"https:\/\/psgfans.fr\/#website","url":"https:\/\/psgfans.fr\/","name":"PSG FANS","description":"Unit\u00e9, Passion, Victoire : Au C\u0153ur du Paris Saint-Germain!","potentialAction":[{"@type":"SearchAction","target":{"@type":"EntryPoint","urlTemplate":"https:\/\/psgfans.fr\/?s={search_term_string}"},"query-input":{"@type":"PropertyValueSpecification","valueRequired":true,"valueName":"search_term_string"}}],"inLanguage":"fr-FR"},{"@type":"Person","@id":"https:\/\/psgfans.fr\/#\/schema\/person\/be2237e7a0237af2f29cb344b3c55e6c","name":"psgfans","image":{"@type":"ImageObject","inLanguage":"fr-FR","@id":"https:\/\/secure.gravatar.com\/avatar\/?s=96&d=mm&r=g","url":"https:\/\/secure.gravatar.com\/avatar\/?s=96&d=mm&r=g","contentUrl":"https:\/\/secure.gravatar.com\/avatar\/?s=96&d=mm&r=g","caption":"psgfans"},"url":"https:\/\/psgfans.fr\/?author=2"}]}},"_links":{"self":[{"href":"https:\/\/psgfans.fr\/index.php?rest_route=\/wp\/v2\/posts\/537","targetHints":{"allow":["GET"]}}],"collection":[{"href":"https:\/\/psgfans.fr\/index.php?rest_route=\/wp\/v2\/posts"}],"about":[{"href":"https:\/\/psgfans.fr\/index.php?rest_route=\/wp\/v2\/types\/post"}],"author":[{"embeddable":true,"href":"https:\/\/psgfans.fr\/index.php?rest_route=\/wp\/v2\/users\/2"}],"replies":[{"embeddable":true,"href":"https:\/\/psgfans.fr\/index.php?rest_route=%2Fwp%2Fv2%2Fcomments&post=537"}],"version-history":[{"count":0,"href":"https:\/\/psgfans.fr\/index.php?rest_route=\/wp\/v2\/posts\/537\/revisions"}],"wp:attachment":[{"href":"https:\/\/psgfans.fr\/index.php?rest_route=%2Fwp%2Fv2%2Fmedia&parent=537"}],"wp:term":[{"taxonomy":"category","embeddable":true,"href":"https:\/\/psgfans.fr\/index.php?rest_route=%2Fwp%2Fv2%2Fcategories&post=537"},{"taxonomy":"post_tag","embeddable":true,"href":"https:\/\/psgfans.fr\/index.php?rest_route=%2Fwp%2Fv2%2Ftags&post=537"}],"curies":[{"name":"wp","href":"https:\/\/api.w.org\/{rel}","templated":true}]}}