{"id":493,"date":"2014-08-16T15:45:00","date_gmt":"2014-08-16T14:45:00","guid":{"rendered":"https:\/\/psgfans.fr\/?p=493"},"modified":"2014-08-16T15:45:00","modified_gmt":"2014-08-16T14:45:00","slug":"psg-bastia-david-luiz-a-la-conquete-de-paris","status":"publish","type":"post","link":"https:\/\/psgfans.fr\/?p=493","title":{"rendered":"PSG &#8211; Bastia : David Luiz \u00e0 la conqu\u00eate de Paris"},"content":{"rendered":"<div style=\"clear: both; text-align: center;\"><a href=\"https:\/\/blogger.googleusercontent.com\/img\/b\/R29vZ2xl\/AVvXsEjLHwrGNhFEVF4GfYIQi7ZwxaZwxZ0PodGY_7cnivmnUUMkSU36MTq7iCglwOv7by5k371HvznBEnEc30HiQIcG_ugi4Z7zOlx_sIT0vWKTIcauyhcgcHlkYI8eMK3vTExX2_8gxpgTEwU\/s1600\/&amp;.jpg\" style=\"margin-left: 1em; margin-right: 1em;\"><img decoding=\"async\" border=\"0\" src=\"https:\/\/blogger.googleusercontent.com\/img\/b\/R29vZ2xl\/AVvXsEjLHwrGNhFEVF4GfYIQi7ZwxaZwxZ0PodGY_7cnivmnUUMkSU36MTq7iCglwOv7by5k371HvznBEnEc30HiQIcG_ugi4Z7zOlx_sIT0vWKTIcauyhcgcHlkYI8eMK3vTExX2_8gxpgTEwU\/s1600\/&amp;.jpg\" \/><\/a><\/div>\n<p><b><br \/><\/b><b><br \/><\/b><b>Pour le premier match de la saison au Parc, le PSG compte sur sa nouvelle recrue br\u00e9silienne. Un atout non n\u00e9gligeable pour esp\u00e9rer dominer l&rsquo;\u00e9quipe de Claude Makelele.<\/b><\/p>\n<div><\/div>\n<p>Le parc des princes est boulevers\u00e9, et pourtant Zlatan Ibrahimovic n&rsquo;a pas encore marqu\u00e9 \u00e0 domicile cette saison. C&rsquo;est que l&rsquo;antre du PSG a subi (et cela continuera) un lifting majeur en vue de l&rsquo;Euro 2016 que la France organise. Les joueurs, les observateurs, mais surtout le public vont d\u00e9couvrir grandeur nature les changements d&rsquo;un stade qui, quels que soient les propri\u00e9taires du club, reste la maison du PSG.<br \/>C&rsquo;est une condition non n\u00e9gociable \u00e0 l&rsquo;amour qu&rsquo;on porte \u00e0 cette \u00e9quipe. Tiens, a-t-elle chang\u00e9, elle ? Sur le terrain, il y a toutes les chances de d\u00e9couvrir David Luiz, un d\u00e9fenseur extr\u00eamement spectaculaire qu&rsquo;une Coupe du monde rat\u00e9e au Br\u00e9sil a rendu encore plus attractif. Dans la saison du PSG, il y aura une loupe sur l&rsquo;ancien rempart de Chelsea, et \u00e7a commence aujourd&rsquo;hui. Pour ne pas trop le d\u00e9payser, Bastia vient avec Brandao et ses deux coudes, histoire d&rsquo;assister \u00e0 un premier de ces duels physiques qui font le sel du Championnat de France. Des Corses \u00e0 Paris pour la deuxi\u00e8me journ\u00e9e, \u00e7a rappelle la venue d&rsquo;Ajaccio la saison pass\u00e9e avec un tir cadr\u00e9 et un but sign\u00e9 Beno\u00eet Pedretti, qui a depuis \u00e0 peu pr\u00e8s disparu de la circulation. S&rsquo;ils veulent durer dans la carri\u00e8re, les Bastiais savent ce qu&rsquo;ils ne doivent pas faire cet apr\u00e8s-midi.<\/p>\n<p>Pastore toujours au top ?<\/p>\n<p>Ce serait beaucoup leur demander de rester muets alors qu&rsquo;ils viennent d&rsquo;en passer trois \u00e0 Marseille et que la d\u00e9fense parisienne demeure un chantier ouvert, comme le Parc. David Luiz-Marquinhos, ce n&rsquo;est pas exactement ce que l&rsquo;on pouvait imaginer pour une premi\u00e8re \u00e0 domicile. Mais c&rsquo;est encore devant que le regard s&rsquo;arr\u00eatera avec cette double interrogation : Cavani jouera-t-il dans l&rsquo;axe ? Pastore \u00e0 son meilleur niveau, est-ce durable ?<\/p>\n<p>La forme de l&rsquo;Argentin (deux passes d\u00e9cisives \u00e0 Reims, un but somptueux \u00e0 Naples), et cela faisait longtemps que ce n&rsquo;\u00e9tait plus le cas, redevient une motivation, une attraction, une excitation qui s&rsquo;attache au PSG et, s&rsquo;il veut endosser les habits de principale recrue parisienne dans le secteur offensif, qu&rsquo;il ne se g\u00eane pas&#8230; alors qu&rsquo;il d\u00e9sole son monde depuis trois ans. Pastore bon deux fois de suite, il y aurait comme un \u00e9v\u00e9nement impr\u00e9vu et sympa porte d&rsquo;Auteuil. Il faut bien surprendre un peu Claude Makelele, le coach de Bastia, l&rsquo;entra\u00eeneur au monde qui conna\u00eet le mieux cette \u00e9quipe et ses ressorts, apr\u00e8s deux ans et demi comme adjoint d&rsquo;Ancelotti et Blanc. Parc transform\u00e9, David Luiz titulaire, Pastore en forme : le PSG tente tout pour l&#8217;embrouiller.<br \/>Le Parisien<\/p>\n","protected":false},"excerpt":{"rendered":"<p>Pour le premier match de la saison au Parc, le PSG compte sur sa nouvelle recrue br\u00e9silienne. Un atout non n\u00e9gligeable pour esp\u00e9rer dominer l&rsquo;\u00e9quipe de Claude Makelele. Le parc des princes est boulevers\u00e9, et pourtant Zlatan Ibrahimovic n&rsquo;a pas encore marqu\u00e9 \u00e0 domicile cette saison. C&rsquo;est que l&rsquo;antre du PSG a subi (et cela [&hellip;]<\/p>\n","protected":false},"author":2,"featured_media":0,"comment_status":"open","ping_status":"open","sticky":false,"template":"","format":"standard","meta":{"footnotes":""},"categories":[3],"tags":[],"class_list":{"0":"post-493","1":"post","2":"type-post","3":"status-publish","4":"format-standard","6":"category-news"},"yoast_head":"<!-- This site is optimized with the Yoast SEO plugin v27.4 - https:\/\/yoast.com\/product\/yoast-seo-wordpress\/ -->\n<title>PSG - Bastia : David Luiz \u00e0 la conqu\u00eate de Paris - PSG FANS<\/title>\n<meta name=\"robots\" content=\"index, follow, max-snippet:-1, max-image-preview:large, max-video-preview:-1\" \/>\n<link rel=\"canonical\" href=\"https:\/\/psgfans.fr\/?p=493\" \/>\n<meta property=\"og:locale\" content=\"fr_FR\" \/>\n<meta property=\"og:type\" content=\"article\" \/>\n<meta property=\"og:title\" content=\"PSG - Bastia : David Luiz \u00e0 la conqu\u00eate de Paris - PSG FANS\" \/>\n<meta property=\"og:description\" content=\"Pour le premier match de la saison au Parc, le PSG compte sur sa nouvelle recrue br\u00e9silienne. Un atout non n\u00e9gligeable pour esp\u00e9rer dominer l&rsquo;\u00e9quipe de Claude Makelele. Le parc des princes est boulevers\u00e9, et pourtant Zlatan Ibrahimovic n&rsquo;a pas encore marqu\u00e9 \u00e0 domicile cette saison. C&rsquo;est que l&rsquo;antre du PSG a subi (et cela [&hellip;]\" \/>\n<meta property=\"og:url\" content=\"https:\/\/psgfans.fr\/?p=493\" \/>\n<meta property=\"og:site_name\" content=\"PSG FANS\" \/>\n<meta property=\"article:published_time\" content=\"2014-08-16T14:45:00+00:00\" \/>\n<meta property=\"og:image\" content=\"https:\/\/blogger.googleusercontent.com\/img\/b\/R29vZ2xl\/AVvXsEjLHwrGNhFEVF4GfYIQi7ZwxaZwxZ0PodGY_7cnivmnUUMkSU36MTq7iCglwOv7by5k371HvznBEnEc30HiQIcG_ugi4Z7zOlx_sIT0vWKTIcauyhcgcHlkYI8eMK3vTExX2_8gxpgTEwU\/s1600\/&amp;.jpg\" \/>\n<meta name=\"author\" content=\"psgfans\" \/>\n<meta name=\"twitter:card\" content=\"summary_large_image\" \/>\n<meta name=\"twitter:label1\" content=\"\u00c9crit par\" \/>\n\t<meta name=\"twitter:data1\" content=\"psgfans\" \/>\n\t<meta name=\"twitter:label2\" content=\"Dur\u00e9e de lecture estim\u00e9e\" \/>\n\t<meta name=\"twitter:data2\" content=\"2 minutes\" \/>\n<script type=\"application\/ld+json\" class=\"yoast-schema-graph\">{\"@context\":\"https:\\\/\\\/schema.org\",\"@graph\":[{\"@type\":\"Article\",\"@id\":\"https:\\\/\\\/psgfans.fr\\\/?p=493#article\",\"isPartOf\":{\"@id\":\"https:\\\/\\\/psgfans.fr\\\/?p=493\"},\"author\":{\"name\":\"psgfans\",\"@id\":\"https:\\\/\\\/psgfans.fr\\\/#\\\/schema\\\/person\\\/be2237e7a0237af2f29cb344b3c55e6c\"},\"headline\":\"PSG &#8211; Bastia : David Luiz \u00e0 la conqu\u00eate de Paris\",\"datePublished\":\"2014-08-16T14:45:00+00:00\",\"mainEntityOfPage\":{\"@id\":\"https:\\\/\\\/psgfans.fr\\\/?p=493\"},\"wordCount\":506,\"commentCount\":0,\"image\":{\"@id\":\"https:\\\/\\\/psgfans.fr\\\/?p=493#primaryimage\"},\"thumbnailUrl\":\"https:\\\/\\\/blogger.googleusercontent.com\\\/img\\\/b\\\/R29vZ2xl\\\/AVvXsEjLHwrGNhFEVF4GfYIQi7ZwxaZwxZ0PodGY_7cnivmnUUMkSU36MTq7iCglwOv7by5k371HvznBEnEc30HiQIcG_ugi4Z7zOlx_sIT0vWKTIcauyhcgcHlkYI8eMK3vTExX2_8gxpgTEwU\\\/s1600\\\/&amp;.jpg\",\"articleSection\":[\"News\"],\"inLanguage\":\"fr-FR\",\"potentialAction\":[{\"@type\":\"CommentAction\",\"name\":\"Comment\",\"target\":[\"https:\\\/\\\/psgfans.fr\\\/?p=493#respond\"]}]},{\"@type\":\"WebPage\",\"@id\":\"https:\\\/\\\/psgfans.fr\\\/?p=493\",\"url\":\"https:\\\/\\\/psgfans.fr\\\/?p=493\",\"name\":\"PSG - Bastia : David Luiz \u00e0 la conqu\u00eate de Paris - PSG FANS\",\"isPartOf\":{\"@id\":\"https:\\\/\\\/psgfans.fr\\\/#website\"},\"primaryImageOfPage\":{\"@id\":\"https:\\\/\\\/psgfans.fr\\\/?p=493#primaryimage\"},\"image\":{\"@id\":\"https:\\\/\\\/psgfans.fr\\\/?p=493#primaryimage\"},\"thumbnailUrl\":\"https:\\\/\\\/blogger.googleusercontent.com\\\/img\\\/b\\\/R29vZ2xl\\\/AVvXsEjLHwrGNhFEVF4GfYIQi7ZwxaZwxZ0PodGY_7cnivmnUUMkSU36MTq7iCglwOv7by5k371HvznBEnEc30HiQIcG_ugi4Z7zOlx_sIT0vWKTIcauyhcgcHlkYI8eMK3vTExX2_8gxpgTEwU\\\/s1600\\\/&amp;.jpg\",\"datePublished\":\"2014-08-16T14:45:00+00:00\",\"author\":{\"@id\":\"https:\\\/\\\/psgfans.fr\\\/#\\\/schema\\\/person\\\/be2237e7a0237af2f29cb344b3c55e6c\"},\"breadcrumb\":{\"@id\":\"https:\\\/\\\/psgfans.fr\\\/?p=493#breadcrumb\"},\"inLanguage\":\"fr-FR\",\"potentialAction\":[{\"@type\":\"ReadAction\",\"target\":[\"https:\\\/\\\/psgfans.fr\\\/?p=493\"]}]},{\"@type\":\"ImageObject\",\"inLanguage\":\"fr-FR\",\"@id\":\"https:\\\/\\\/psgfans.fr\\\/?p=493#primaryimage\",\"url\":\"https:\\\/\\\/blogger.googleusercontent.com\\\/img\\\/b\\\/R29vZ2xl\\\/AVvXsEjLHwrGNhFEVF4GfYIQi7ZwxaZwxZ0PodGY_7cnivmnUUMkSU36MTq7iCglwOv7by5k371HvznBEnEc30HiQIcG_ugi4Z7zOlx_sIT0vWKTIcauyhcgcHlkYI8eMK3vTExX2_8gxpgTEwU\\\/s1600\\\/&amp;.jpg\",\"contentUrl\":\"https:\\\/\\\/blogger.googleusercontent.com\\\/img\\\/b\\\/R29vZ2xl\\\/AVvXsEjLHwrGNhFEVF4GfYIQi7ZwxaZwxZ0PodGY_7cnivmnUUMkSU36MTq7iCglwOv7by5k371HvznBEnEc30HiQIcG_ugi4Z7zOlx_sIT0vWKTIcauyhcgcHlkYI8eMK3vTExX2_8gxpgTEwU\\\/s1600\\\/&amp;.jpg\"},{\"@type\":\"BreadcrumbList\",\"@id\":\"https:\\\/\\\/psgfans.fr\\\/?p=493#breadcrumb\",\"itemListElement\":[{\"@type\":\"ListItem\",\"position\":1,\"name\":\"Accueil\",\"item\":\"https:\\\/\\\/psgfans.fr\\\/\"},{\"@type\":\"ListItem\",\"position\":2,\"name\":\"PSG &#8211; Bastia : David Luiz \u00e0 la conqu\u00eate de Paris\"}]},{\"@type\":\"WebSite\",\"@id\":\"https:\\\/\\\/psgfans.fr\\\/#website\",\"url\":\"https:\\\/\\\/psgfans.fr\\\/\",\"name\":\"PSG FANS\",\"description\":\"Unit\u00e9, Passion, Victoire : Au C\u0153ur du Paris Saint-Germain!\",\"potentialAction\":[{\"@type\":\"SearchAction\",\"target\":{\"@type\":\"EntryPoint\",\"urlTemplate\":\"https:\\\/\\\/psgfans.fr\\\/?s={search_term_string}\"},\"query-input\":{\"@type\":\"PropertyValueSpecification\",\"valueRequired\":true,\"valueName\":\"search_term_string\"}}],\"inLanguage\":\"fr-FR\"},{\"@type\":\"Person\",\"@id\":\"https:\\\/\\\/psgfans.fr\\\/#\\\/schema\\\/person\\\/be2237e7a0237af2f29cb344b3c55e6c\",\"name\":\"psgfans\",\"image\":{\"@type\":\"ImageObject\",\"inLanguage\":\"fr-FR\",\"@id\":\"https:\\\/\\\/secure.gravatar.com\\\/avatar\\\/?s=96&d=mm&r=g\",\"url\":\"https:\\\/\\\/secure.gravatar.com\\\/avatar\\\/?s=96&d=mm&r=g\",\"contentUrl\":\"https:\\\/\\\/secure.gravatar.com\\\/avatar\\\/?s=96&d=mm&r=g\",\"caption\":\"psgfans\"},\"url\":\"https:\\\/\\\/psgfans.fr\\\/?author=2\"}]}<\/script>\n<!-- \/ Yoast SEO plugin. -->","yoast_head_json":{"title":"PSG - Bastia : David Luiz \u00e0 la conqu\u00eate de Paris - PSG FANS","robots":{"index":"index","follow":"follow","max-snippet":"max-snippet:-1","max-image-preview":"max-image-preview:large","max-video-preview":"max-video-preview:-1"},"canonical":"https:\/\/psgfans.fr\/?p=493","og_locale":"fr_FR","og_type":"article","og_title":"PSG - Bastia : David Luiz \u00e0 la conqu\u00eate de Paris - PSG FANS","og_description":"Pour le premier match de la saison au Parc, le PSG compte sur sa nouvelle recrue br\u00e9silienne. Un atout non n\u00e9gligeable pour esp\u00e9rer dominer l&rsquo;\u00e9quipe de Claude Makelele. Le parc des princes est boulevers\u00e9, et pourtant Zlatan Ibrahimovic n&rsquo;a pas encore marqu\u00e9 \u00e0 domicile cette saison. C&rsquo;est que l&rsquo;antre du PSG a subi (et cela [&hellip;]","og_url":"https:\/\/psgfans.fr\/?p=493","og_site_name":"PSG FANS","article_published_time":"2014-08-16T14:45:00+00:00","og_image":[{"url":"https:\/\/blogger.googleusercontent.com\/img\/b\/R29vZ2xl\/AVvXsEjLHwrGNhFEVF4GfYIQi7ZwxaZwxZ0PodGY_7cnivmnUUMkSU36MTq7iCglwOv7by5k371HvznBEnEc30HiQIcG_ugi4Z7zOlx_sIT0vWKTIcauyhcgcHlkYI8eMK3vTExX2_8gxpgTEwU\/s1600\/&amp;.jpg","type":"","width":"","height":""}],"author":"psgfans","twitter_card":"summary_large_image","twitter_misc":{"\u00c9crit par":"psgfans","Dur\u00e9e de lecture estim\u00e9e":"2 minutes"},"schema":{"@context":"https:\/\/schema.org","@graph":[{"@type":"Article","@id":"https:\/\/psgfans.fr\/?p=493#article","isPartOf":{"@id":"https:\/\/psgfans.fr\/?p=493"},"author":{"name":"psgfans","@id":"https:\/\/psgfans.fr\/#\/schema\/person\/be2237e7a0237af2f29cb344b3c55e6c"},"headline":"PSG &#8211; Bastia : David Luiz \u00e0 la conqu\u00eate de Paris","datePublished":"2014-08-16T14:45:00+00:00","mainEntityOfPage":{"@id":"https:\/\/psgfans.fr\/?p=493"},"wordCount":506,"commentCount":0,"image":{"@id":"https:\/\/psgfans.fr\/?p=493#primaryimage"},"thumbnailUrl":"https:\/\/blogger.googleusercontent.com\/img\/b\/R29vZ2xl\/AVvXsEjLHwrGNhFEVF4GfYIQi7ZwxaZwxZ0PodGY_7cnivmnUUMkSU36MTq7iCglwOv7by5k371HvznBEnEc30HiQIcG_ugi4Z7zOlx_sIT0vWKTIcauyhcgcHlkYI8eMK3vTExX2_8gxpgTEwU\/s1600\/&amp;.jpg","articleSection":["News"],"inLanguage":"fr-FR","potentialAction":[{"@type":"CommentAction","name":"Comment","target":["https:\/\/psgfans.fr\/?p=493#respond"]}]},{"@type":"WebPage","@id":"https:\/\/psgfans.fr\/?p=493","url":"https:\/\/psgfans.fr\/?p=493","name":"PSG - Bastia : David Luiz \u00e0 la conqu\u00eate de Paris - PSG FANS","isPartOf":{"@id":"https:\/\/psgfans.fr\/#website"},"primaryImageOfPage":{"@id":"https:\/\/psgfans.fr\/?p=493#primaryimage"},"image":{"@id":"https:\/\/psgfans.fr\/?p=493#primaryimage"},"thumbnailUrl":"https:\/\/blogger.googleusercontent.com\/img\/b\/R29vZ2xl\/AVvXsEjLHwrGNhFEVF4GfYIQi7ZwxaZwxZ0PodGY_7cnivmnUUMkSU36MTq7iCglwOv7by5k371HvznBEnEc30HiQIcG_ugi4Z7zOlx_sIT0vWKTIcauyhcgcHlkYI8eMK3vTExX2_8gxpgTEwU\/s1600\/&amp;.jpg","datePublished":"2014-08-16T14:45:00+00:00","author":{"@id":"https:\/\/psgfans.fr\/#\/schema\/person\/be2237e7a0237af2f29cb344b3c55e6c"},"breadcrumb":{"@id":"https:\/\/psgfans.fr\/?p=493#breadcrumb"},"inLanguage":"fr-FR","potentialAction":[{"@type":"ReadAction","target":["https:\/\/psgfans.fr\/?p=493"]}]},{"@type":"ImageObject","inLanguage":"fr-FR","@id":"https:\/\/psgfans.fr\/?p=493#primaryimage","url":"https:\/\/blogger.googleusercontent.com\/img\/b\/R29vZ2xl\/AVvXsEjLHwrGNhFEVF4GfYIQi7ZwxaZwxZ0PodGY_7cnivmnUUMkSU36MTq7iCglwOv7by5k371HvznBEnEc30HiQIcG_ugi4Z7zOlx_sIT0vWKTIcauyhcgcHlkYI8eMK3vTExX2_8gxpgTEwU\/s1600\/&amp;.jpg","contentUrl":"https:\/\/blogger.googleusercontent.com\/img\/b\/R29vZ2xl\/AVvXsEjLHwrGNhFEVF4GfYIQi7ZwxaZwxZ0PodGY_7cnivmnUUMkSU36MTq7iCglwOv7by5k371HvznBEnEc30HiQIcG_ugi4Z7zOlx_sIT0vWKTIcauyhcgcHlkYI8eMK3vTExX2_8gxpgTEwU\/s1600\/&amp;.jpg"},{"@type":"BreadcrumbList","@id":"https:\/\/psgfans.fr\/?p=493#breadcrumb","itemListElement":[{"@type":"ListItem","position":1,"name":"Accueil","item":"https:\/\/psgfans.fr\/"},{"@type":"ListItem","position":2,"name":"PSG &#8211; Bastia : David Luiz \u00e0 la conqu\u00eate de Paris"}]},{"@type":"WebSite","@id":"https:\/\/psgfans.fr\/#website","url":"https:\/\/psgfans.fr\/","name":"PSG FANS","description":"Unit\u00e9, Passion, Victoire : Au C\u0153ur du Paris Saint-Germain!","potentialAction":[{"@type":"SearchAction","target":{"@type":"EntryPoint","urlTemplate":"https:\/\/psgfans.fr\/?s={search_term_string}"},"query-input":{"@type":"PropertyValueSpecification","valueRequired":true,"valueName":"search_term_string"}}],"inLanguage":"fr-FR"},{"@type":"Person","@id":"https:\/\/psgfans.fr\/#\/schema\/person\/be2237e7a0237af2f29cb344b3c55e6c","name":"psgfans","image":{"@type":"ImageObject","inLanguage":"fr-FR","@id":"https:\/\/secure.gravatar.com\/avatar\/?s=96&d=mm&r=g","url":"https:\/\/secure.gravatar.com\/avatar\/?s=96&d=mm&r=g","contentUrl":"https:\/\/secure.gravatar.com\/avatar\/?s=96&d=mm&r=g","caption":"psgfans"},"url":"https:\/\/psgfans.fr\/?author=2"}]}},"_links":{"self":[{"href":"https:\/\/psgfans.fr\/index.php?rest_route=\/wp\/v2\/posts\/493","targetHints":{"allow":["GET"]}}],"collection":[{"href":"https:\/\/psgfans.fr\/index.php?rest_route=\/wp\/v2\/posts"}],"about":[{"href":"https:\/\/psgfans.fr\/index.php?rest_route=\/wp\/v2\/types\/post"}],"author":[{"embeddable":true,"href":"https:\/\/psgfans.fr\/index.php?rest_route=\/wp\/v2\/users\/2"}],"replies":[{"embeddable":true,"href":"https:\/\/psgfans.fr\/index.php?rest_route=%2Fwp%2Fv2%2Fcomments&post=493"}],"version-history":[{"count":0,"href":"https:\/\/psgfans.fr\/index.php?rest_route=\/wp\/v2\/posts\/493\/revisions"}],"wp:attachment":[{"href":"https:\/\/psgfans.fr\/index.php?rest_route=%2Fwp%2Fv2%2Fmedia&parent=493"}],"wp:term":[{"taxonomy":"category","embeddable":true,"href":"https:\/\/psgfans.fr\/index.php?rest_route=%2Fwp%2Fv2%2Fcategories&post=493"},{"taxonomy":"post_tag","embeddable":true,"href":"https:\/\/psgfans.fr\/index.php?rest_route=%2Fwp%2Fv2%2Ftags&post=493"}],"curies":[{"name":"wp","href":"https:\/\/api.w.org\/{rel}","templated":true}]}}