{"id":492,"date":"2014-08-16T15:47:00","date_gmt":"2014-08-16T14:47:00","guid":{"rendered":"https:\/\/psgfans.fr\/?p=492"},"modified":"2014-08-16T15:47:00","modified_gmt":"2014-08-16T14:47:00","slug":"ligue-1-psg-bastia-makelele-de-retour-au-parc","status":"publish","type":"post","link":"https:\/\/psgfans.fr\/?p=492","title":{"rendered":"Ligue 1 &#8211; PSG-Bastia : Makelele de retour au Parc"},"content":{"rendered":"<div style=\"clear: both; text-align: center;\"><a href=\"https:\/\/blogger.googleusercontent.com\/img\/b\/R29vZ2xl\/AVvXsEiEkHdGKPrsHS7eNO9sUHycYkFjl_2RPK4nS1RSiDVBpxmyGZgtTEuTgK8441ygc1zU3bdMsLF6tlhlBVfgT_TTTmwBRjeOJEVLzcippuAey8iCwlfFKjMbSW5K66C1OOovRZ9yxi6VGD8\/s1600\/&amp;.jpg\" style=\"margin-left: 1em; margin-right: 1em;\"><img loading=\"lazy\" decoding=\"async\" border=\"0\" src=\"https:\/\/blogger.googleusercontent.com\/img\/b\/R29vZ2xl\/AVvXsEiEkHdGKPrsHS7eNO9sUHycYkFjl_2RPK4nS1RSiDVBpxmyGZgtTEuTgK8441ygc1zU3bdMsLF6tlhlBVfgT_TTTmwBRjeOJEVLzcippuAey8iCwlfFKjMbSW5K66C1OOovRZ9yxi6VGD8\/s1600\/&amp;.jpg\" height=\"200\" width=\"400\" \/><\/a><\/div>\n<p><b>Claude Makelele, apr\u00e8s une ouverture plut\u00f4t r\u00e9ussie \u00e0 domicile face \u00e0 Marseille (3-3), a droit \u00e0 un premier d\u00e9placement dans son ancien jardin du Parc des Princes, face au Paris Saint-Germain, d\u00e8s la deuxi\u00e8me journ\u00e9e de Ligue 1.<\/b><\/p>\n<p>L&rsquo;ancien international ne pouvait r\u00eaver meilleur sc\u00e9nario. Apr\u00e8s un choc sulfureux \u00e0 Furiani face \u00e0 l&rsquo;OM, o\u00f9 son \u00e9quipe, malmen\u00e9e, a eu le courage de remonter deux buts en fin de match, \u00ab\u00a0Mak\u00e9\u00a0\u00bb va donc retrouver sur le banc adverse Laurent Blanc, dont il \u00e9tait l&rsquo;adjoint il y a encore trois mois. \u00ab\u00a0C&rsquo;est clair que pour des d\u00e9buts on ne m&rsquo;a pas \u00e9pargn\u00e9 (rires)\u00a0\u00bb, l\u00e2che l&rsquo;ancien pilier de Chelsea et du Real Madrid. \u00ab\u00a0Mais sinc\u00e8rement je suis tr\u00e8s heureux de ce clin d&rsquo;oeil du destin et j&rsquo;ai h\u00e2te d&rsquo;\u00eatre au Parc des Princes\u00a0\u00bb. Un stade que Makelele conna\u00eet parfaitement pour l&rsquo;avoir arpent\u00e9 durant six ans en tant que joueur mais surtout comme bras droit de Laurent Blanc.<br \/>Laurent Blanc, \u00ab\u00a0un exemple\u00a0\u00bb<br \/>Ce dernier s&rsquo;est dit \u00ab\u00a0surpris\u00a0\u00bb par la d\u00e9cision de son adjoint de ne pas prolonger dans la capitale pour partir tenter une aventure en solo. \u00ab\u00a0Je &nbsp;ne m&rsquo;attendais pas \u00e0 \u00e7a\u00a0\u00bb, a confi\u00e9 en conf\u00e9rence de presse d&rsquo;avant-match le coach parisien. Mais il n&rsquo;y a pas de d\u00e9ception. Bien au contraire\u00a0\u00bb. Il faut dire qu&rsquo;il y a un tr\u00e8s grand respect entre les deux hommes. \u00ab\u00a0Laurent m&rsquo;a envoy\u00e9 un message d&rsquo;encouragement avant Marseille, confie l&rsquo;ancien milieu de terrain form\u00e9 \u00e0 Nantes. C&rsquo;est un entra\u00eeneur tr\u00e8s intelligent avec beaucoup de charisme. C&rsquo;est un exemple pour moi et il m&rsquo;a beaucoup apport\u00e9. Si je pouvais faire autant que lui \u00e7a serait exceptionnel. Le revoir sur le terrain sera un plaisir !\u00a0\u00bb.<\/p>\n<p>Pour autant, Claude Makelele ne serait pas contre jouer un mauvais tour \u00e0 son ancien boss. S&rsquo;il existe un entra\u00eeneur qui sait comment jouer le PSG, c&rsquo;est bien lui. Une situation qui semble donner beaucoup de confiance au groupe bastiais. \u00ab\u00a0Le coach va nous dire comment les prendre, l\u00e2che le d\u00e9fenseur bastiais, Julian Palmieri. Pour nous c&rsquo;est un plus ind\u00e9niable.\u00a0\u00bb Une confiance pas forc\u00e9ment partag\u00e9e, d&rsquo;ailleurs, par le technicien des Corses. \u00ab\u00a0Tactiquement c&rsquo;est peut-\u00eatre le match le plus facile \u00e0 pr\u00e9parer pour moi mais pas pour mes joueurs\u00a0\u00bb, &nbsp;confie-t-il. &nbsp;<\/p>\n<p>\u00ab\u00a0Pas de recette miracle\u00a0\u00bb<br \/>\u00ab\u00a0Laurent Blanc a une philosophie de jeu bien pr\u00e9cise et il n&rsquo;en changera pas juste parce que j&rsquo;ai \u00e9t\u00e9 son adjoint. Je connais suffisamment bien la maison pour savoir ce qui nous attend. Je n&rsquo;ai pas de recette miracle. Personne ne peut se comparer au PSG en Ligue 1. Aucune \u00e9quipe ne gagnera au Parc, selon moi. Mais nous ferons tout pour \u00eatre les seuls&#8230;\u00a0\u00bb Comme \u00e0 son habitude, Claude Makelele d\u00e9borde d&rsquo;ambitions et esp\u00e8re offrir au SC Bastia la premi\u00e8re victoire de son histoire au Parc des Princes.<\/p>\n<p><b>Le programme de samedi en Ligue 1 :<\/b><br \/>17h00 : Paris SG &#8211; Bastia<br \/>20h00 : Lens &#8211; Guingamp<br \/>Lorient &#8211; Nice<br \/>Metz &#8211; Nantes<br \/>Rennes &#8211; Evian-Thonon<br \/>Toulouse &#8211; Lyon<\/p>\n<p>francetvsport<\/p>\n","protected":false},"excerpt":{"rendered":"<p>Claude Makelele, apr\u00e8s une ouverture plut\u00f4t r\u00e9ussie \u00e0 domicile face \u00e0 Marseille (3-3), a droit \u00e0 un premier d\u00e9placement dans son ancien jardin du Parc des Princes, face au Paris Saint-Germain, d\u00e8s la deuxi\u00e8me journ\u00e9e de Ligue 1. L&rsquo;ancien international ne pouvait r\u00eaver meilleur sc\u00e9nario. Apr\u00e8s un choc sulfureux \u00e0 Furiani face \u00e0 l&rsquo;OM, o\u00f9 [&hellip;]<\/p>\n","protected":false},"author":2,"featured_media":0,"comment_status":"open","ping_status":"open","sticky":false,"template":"","format":"standard","meta":{"footnotes":""},"categories":[3],"tags":[],"class_list":{"0":"post-492","1":"post","2":"type-post","3":"status-publish","4":"format-standard","6":"category-news"},"yoast_head":"<!-- This site is optimized with the Yoast SEO plugin v27.4 - https:\/\/yoast.com\/product\/yoast-seo-wordpress\/ -->\n<title>Ligue 1 - PSG-Bastia : Makelele de retour au Parc - PSG FANS<\/title>\n<meta name=\"robots\" content=\"index, follow, max-snippet:-1, max-image-preview:large, max-video-preview:-1\" \/>\n<link rel=\"canonical\" href=\"https:\/\/psgfans.fr\/?p=492\" \/>\n<meta property=\"og:locale\" content=\"fr_FR\" \/>\n<meta property=\"og:type\" content=\"article\" \/>\n<meta property=\"og:title\" content=\"Ligue 1 - PSG-Bastia : Makelele de retour au Parc - PSG FANS\" \/>\n<meta property=\"og:description\" content=\"Claude Makelele, apr\u00e8s une ouverture plut\u00f4t r\u00e9ussie \u00e0 domicile face \u00e0 Marseille (3-3), a droit \u00e0 un premier d\u00e9placement dans son ancien jardin du Parc des Princes, face au Paris Saint-Germain, d\u00e8s la deuxi\u00e8me journ\u00e9e de Ligue 1. L&rsquo;ancien international ne pouvait r\u00eaver meilleur sc\u00e9nario. Apr\u00e8s un choc sulfureux \u00e0 Furiani face \u00e0 l&rsquo;OM, o\u00f9 [&hellip;]\" \/>\n<meta property=\"og:url\" content=\"https:\/\/psgfans.fr\/?p=492\" \/>\n<meta property=\"og:site_name\" content=\"PSG FANS\" \/>\n<meta property=\"article:published_time\" content=\"2014-08-16T14:47:00+00:00\" \/>\n<meta property=\"og:image\" content=\"https:\/\/blogger.googleusercontent.com\/img\/b\/R29vZ2xl\/AVvXsEiEkHdGKPrsHS7eNO9sUHycYkFjl_2RPK4nS1RSiDVBpxmyGZgtTEuTgK8441ygc1zU3bdMsLF6tlhlBVfgT_TTTmwBRjeOJEVLzcippuAey8iCwlfFKjMbSW5K66C1OOovRZ9yxi6VGD8\/s1600\/&amp;.jpg\" \/>\n<meta name=\"author\" content=\"psgfans\" \/>\n<meta name=\"twitter:card\" content=\"summary_large_image\" \/>\n<meta name=\"twitter:label1\" content=\"\u00c9crit par\" \/>\n\t<meta name=\"twitter:data1\" content=\"psgfans\" \/>\n\t<meta name=\"twitter:label2\" content=\"Dur\u00e9e de lecture estim\u00e9e\" \/>\n\t<meta name=\"twitter:data2\" content=\"3 minutes\" \/>\n<script type=\"application\/ld+json\" class=\"yoast-schema-graph\">{\"@context\":\"https:\\\/\\\/schema.org\",\"@graph\":[{\"@type\":\"Article\",\"@id\":\"https:\\\/\\\/psgfans.fr\\\/?p=492#article\",\"isPartOf\":{\"@id\":\"https:\\\/\\\/psgfans.fr\\\/?p=492\"},\"author\":{\"name\":\"psgfans\",\"@id\":\"https:\\\/\\\/psgfans.fr\\\/#\\\/schema\\\/person\\\/be2237e7a0237af2f29cb344b3c55e6c\"},\"headline\":\"Ligue 1 &#8211; PSG-Bastia : Makelele de retour au Parc\",\"datePublished\":\"2014-08-16T14:47:00+00:00\",\"mainEntityOfPage\":{\"@id\":\"https:\\\/\\\/psgfans.fr\\\/?p=492\"},\"wordCount\":547,\"commentCount\":0,\"image\":{\"@id\":\"https:\\\/\\\/psgfans.fr\\\/?p=492#primaryimage\"},\"thumbnailUrl\":\"https:\\\/\\\/blogger.googleusercontent.com\\\/img\\\/b\\\/R29vZ2xl\\\/AVvXsEiEkHdGKPrsHS7eNO9sUHycYkFjl_2RPK4nS1RSiDVBpxmyGZgtTEuTgK8441ygc1zU3bdMsLF6tlhlBVfgT_TTTmwBRjeOJEVLzcippuAey8iCwlfFKjMbSW5K66C1OOovRZ9yxi6VGD8\\\/s1600\\\/&amp;.jpg\",\"articleSection\":[\"News\"],\"inLanguage\":\"fr-FR\",\"potentialAction\":[{\"@type\":\"CommentAction\",\"name\":\"Comment\",\"target\":[\"https:\\\/\\\/psgfans.fr\\\/?p=492#respond\"]}]},{\"@type\":\"WebPage\",\"@id\":\"https:\\\/\\\/psgfans.fr\\\/?p=492\",\"url\":\"https:\\\/\\\/psgfans.fr\\\/?p=492\",\"name\":\"Ligue 1 - PSG-Bastia : Makelele de retour au Parc - PSG FANS\",\"isPartOf\":{\"@id\":\"https:\\\/\\\/psgfans.fr\\\/#website\"},\"primaryImageOfPage\":{\"@id\":\"https:\\\/\\\/psgfans.fr\\\/?p=492#primaryimage\"},\"image\":{\"@id\":\"https:\\\/\\\/psgfans.fr\\\/?p=492#primaryimage\"},\"thumbnailUrl\":\"https:\\\/\\\/blogger.googleusercontent.com\\\/img\\\/b\\\/R29vZ2xl\\\/AVvXsEiEkHdGKPrsHS7eNO9sUHycYkFjl_2RPK4nS1RSiDVBpxmyGZgtTEuTgK8441ygc1zU3bdMsLF6tlhlBVfgT_TTTmwBRjeOJEVLzcippuAey8iCwlfFKjMbSW5K66C1OOovRZ9yxi6VGD8\\\/s1600\\\/&amp;.jpg\",\"datePublished\":\"2014-08-16T14:47:00+00:00\",\"author\":{\"@id\":\"https:\\\/\\\/psgfans.fr\\\/#\\\/schema\\\/person\\\/be2237e7a0237af2f29cb344b3c55e6c\"},\"breadcrumb\":{\"@id\":\"https:\\\/\\\/psgfans.fr\\\/?p=492#breadcrumb\"},\"inLanguage\":\"fr-FR\",\"potentialAction\":[{\"@type\":\"ReadAction\",\"target\":[\"https:\\\/\\\/psgfans.fr\\\/?p=492\"]}]},{\"@type\":\"ImageObject\",\"inLanguage\":\"fr-FR\",\"@id\":\"https:\\\/\\\/psgfans.fr\\\/?p=492#primaryimage\",\"url\":\"https:\\\/\\\/blogger.googleusercontent.com\\\/img\\\/b\\\/R29vZ2xl\\\/AVvXsEiEkHdGKPrsHS7eNO9sUHycYkFjl_2RPK4nS1RSiDVBpxmyGZgtTEuTgK8441ygc1zU3bdMsLF6tlhlBVfgT_TTTmwBRjeOJEVLzcippuAey8iCwlfFKjMbSW5K66C1OOovRZ9yxi6VGD8\\\/s1600\\\/&amp;.jpg\",\"contentUrl\":\"https:\\\/\\\/blogger.googleusercontent.com\\\/img\\\/b\\\/R29vZ2xl\\\/AVvXsEiEkHdGKPrsHS7eNO9sUHycYkFjl_2RPK4nS1RSiDVBpxmyGZgtTEuTgK8441ygc1zU3bdMsLF6tlhlBVfgT_TTTmwBRjeOJEVLzcippuAey8iCwlfFKjMbSW5K66C1OOovRZ9yxi6VGD8\\\/s1600\\\/&amp;.jpg\"},{\"@type\":\"BreadcrumbList\",\"@id\":\"https:\\\/\\\/psgfans.fr\\\/?p=492#breadcrumb\",\"itemListElement\":[{\"@type\":\"ListItem\",\"position\":1,\"name\":\"Accueil\",\"item\":\"https:\\\/\\\/psgfans.fr\\\/\"},{\"@type\":\"ListItem\",\"position\":2,\"name\":\"Ligue 1 &#8211; PSG-Bastia : Makelele de retour au Parc\"}]},{\"@type\":\"WebSite\",\"@id\":\"https:\\\/\\\/psgfans.fr\\\/#website\",\"url\":\"https:\\\/\\\/psgfans.fr\\\/\",\"name\":\"PSG FANS\",\"description\":\"Unit\u00e9, Passion, Victoire : Au C\u0153ur du Paris Saint-Germain!\",\"potentialAction\":[{\"@type\":\"SearchAction\",\"target\":{\"@type\":\"EntryPoint\",\"urlTemplate\":\"https:\\\/\\\/psgfans.fr\\\/?s={search_term_string}\"},\"query-input\":{\"@type\":\"PropertyValueSpecification\",\"valueRequired\":true,\"valueName\":\"search_term_string\"}}],\"inLanguage\":\"fr-FR\"},{\"@type\":\"Person\",\"@id\":\"https:\\\/\\\/psgfans.fr\\\/#\\\/schema\\\/person\\\/be2237e7a0237af2f29cb344b3c55e6c\",\"name\":\"psgfans\",\"image\":{\"@type\":\"ImageObject\",\"inLanguage\":\"fr-FR\",\"@id\":\"https:\\\/\\\/secure.gravatar.com\\\/avatar\\\/?s=96&d=mm&r=g\",\"url\":\"https:\\\/\\\/secure.gravatar.com\\\/avatar\\\/?s=96&d=mm&r=g\",\"contentUrl\":\"https:\\\/\\\/secure.gravatar.com\\\/avatar\\\/?s=96&d=mm&r=g\",\"caption\":\"psgfans\"},\"url\":\"https:\\\/\\\/psgfans.fr\\\/?author=2\"}]}<\/script>\n<!-- \/ Yoast SEO plugin. -->","yoast_head_json":{"title":"Ligue 1 - PSG-Bastia : Makelele de retour au Parc - PSG FANS","robots":{"index":"index","follow":"follow","max-snippet":"max-snippet:-1","max-image-preview":"max-image-preview:large","max-video-preview":"max-video-preview:-1"},"canonical":"https:\/\/psgfans.fr\/?p=492","og_locale":"fr_FR","og_type":"article","og_title":"Ligue 1 - PSG-Bastia : Makelele de retour au Parc - PSG FANS","og_description":"Claude Makelele, apr\u00e8s une ouverture plut\u00f4t r\u00e9ussie \u00e0 domicile face \u00e0 Marseille (3-3), a droit \u00e0 un premier d\u00e9placement dans son ancien jardin du Parc des Princes, face au Paris Saint-Germain, d\u00e8s la deuxi\u00e8me journ\u00e9e de Ligue 1. L&rsquo;ancien international ne pouvait r\u00eaver meilleur sc\u00e9nario. Apr\u00e8s un choc sulfureux \u00e0 Furiani face \u00e0 l&rsquo;OM, o\u00f9 [&hellip;]","og_url":"https:\/\/psgfans.fr\/?p=492","og_site_name":"PSG FANS","article_published_time":"2014-08-16T14:47:00+00:00","og_image":[{"url":"https:\/\/blogger.googleusercontent.com\/img\/b\/R29vZ2xl\/AVvXsEiEkHdGKPrsHS7eNO9sUHycYkFjl_2RPK4nS1RSiDVBpxmyGZgtTEuTgK8441ygc1zU3bdMsLF6tlhlBVfgT_TTTmwBRjeOJEVLzcippuAey8iCwlfFKjMbSW5K66C1OOovRZ9yxi6VGD8\/s1600\/&amp;.jpg","type":"","width":"","height":""}],"author":"psgfans","twitter_card":"summary_large_image","twitter_misc":{"\u00c9crit par":"psgfans","Dur\u00e9e de lecture estim\u00e9e":"3 minutes"},"schema":{"@context":"https:\/\/schema.org","@graph":[{"@type":"Article","@id":"https:\/\/psgfans.fr\/?p=492#article","isPartOf":{"@id":"https:\/\/psgfans.fr\/?p=492"},"author":{"name":"psgfans","@id":"https:\/\/psgfans.fr\/#\/schema\/person\/be2237e7a0237af2f29cb344b3c55e6c"},"headline":"Ligue 1 &#8211; PSG-Bastia : Makelele de retour au Parc","datePublished":"2014-08-16T14:47:00+00:00","mainEntityOfPage":{"@id":"https:\/\/psgfans.fr\/?p=492"},"wordCount":547,"commentCount":0,"image":{"@id":"https:\/\/psgfans.fr\/?p=492#primaryimage"},"thumbnailUrl":"https:\/\/blogger.googleusercontent.com\/img\/b\/R29vZ2xl\/AVvXsEiEkHdGKPrsHS7eNO9sUHycYkFjl_2RPK4nS1RSiDVBpxmyGZgtTEuTgK8441ygc1zU3bdMsLF6tlhlBVfgT_TTTmwBRjeOJEVLzcippuAey8iCwlfFKjMbSW5K66C1OOovRZ9yxi6VGD8\/s1600\/&amp;.jpg","articleSection":["News"],"inLanguage":"fr-FR","potentialAction":[{"@type":"CommentAction","name":"Comment","target":["https:\/\/psgfans.fr\/?p=492#respond"]}]},{"@type":"WebPage","@id":"https:\/\/psgfans.fr\/?p=492","url":"https:\/\/psgfans.fr\/?p=492","name":"Ligue 1 - PSG-Bastia : Makelele de retour au Parc - PSG FANS","isPartOf":{"@id":"https:\/\/psgfans.fr\/#website"},"primaryImageOfPage":{"@id":"https:\/\/psgfans.fr\/?p=492#primaryimage"},"image":{"@id":"https:\/\/psgfans.fr\/?p=492#primaryimage"},"thumbnailUrl":"https:\/\/blogger.googleusercontent.com\/img\/b\/R29vZ2xl\/AVvXsEiEkHdGKPrsHS7eNO9sUHycYkFjl_2RPK4nS1RSiDVBpxmyGZgtTEuTgK8441ygc1zU3bdMsLF6tlhlBVfgT_TTTmwBRjeOJEVLzcippuAey8iCwlfFKjMbSW5K66C1OOovRZ9yxi6VGD8\/s1600\/&amp;.jpg","datePublished":"2014-08-16T14:47:00+00:00","author":{"@id":"https:\/\/psgfans.fr\/#\/schema\/person\/be2237e7a0237af2f29cb344b3c55e6c"},"breadcrumb":{"@id":"https:\/\/psgfans.fr\/?p=492#breadcrumb"},"inLanguage":"fr-FR","potentialAction":[{"@type":"ReadAction","target":["https:\/\/psgfans.fr\/?p=492"]}]},{"@type":"ImageObject","inLanguage":"fr-FR","@id":"https:\/\/psgfans.fr\/?p=492#primaryimage","url":"https:\/\/blogger.googleusercontent.com\/img\/b\/R29vZ2xl\/AVvXsEiEkHdGKPrsHS7eNO9sUHycYkFjl_2RPK4nS1RSiDVBpxmyGZgtTEuTgK8441ygc1zU3bdMsLF6tlhlBVfgT_TTTmwBRjeOJEVLzcippuAey8iCwlfFKjMbSW5K66C1OOovRZ9yxi6VGD8\/s1600\/&amp;.jpg","contentUrl":"https:\/\/blogger.googleusercontent.com\/img\/b\/R29vZ2xl\/AVvXsEiEkHdGKPrsHS7eNO9sUHycYkFjl_2RPK4nS1RSiDVBpxmyGZgtTEuTgK8441ygc1zU3bdMsLF6tlhlBVfgT_TTTmwBRjeOJEVLzcippuAey8iCwlfFKjMbSW5K66C1OOovRZ9yxi6VGD8\/s1600\/&amp;.jpg"},{"@type":"BreadcrumbList","@id":"https:\/\/psgfans.fr\/?p=492#breadcrumb","itemListElement":[{"@type":"ListItem","position":1,"name":"Accueil","item":"https:\/\/psgfans.fr\/"},{"@type":"ListItem","position":2,"name":"Ligue 1 &#8211; PSG-Bastia : Makelele de retour au Parc"}]},{"@type":"WebSite","@id":"https:\/\/psgfans.fr\/#website","url":"https:\/\/psgfans.fr\/","name":"PSG FANS","description":"Unit\u00e9, Passion, Victoire : Au C\u0153ur du Paris Saint-Germain!","potentialAction":[{"@type":"SearchAction","target":{"@type":"EntryPoint","urlTemplate":"https:\/\/psgfans.fr\/?s={search_term_string}"},"query-input":{"@type":"PropertyValueSpecification","valueRequired":true,"valueName":"search_term_string"}}],"inLanguage":"fr-FR"},{"@type":"Person","@id":"https:\/\/psgfans.fr\/#\/schema\/person\/be2237e7a0237af2f29cb344b3c55e6c","name":"psgfans","image":{"@type":"ImageObject","inLanguage":"fr-FR","@id":"https:\/\/secure.gravatar.com\/avatar\/?s=96&d=mm&r=g","url":"https:\/\/secure.gravatar.com\/avatar\/?s=96&d=mm&r=g","contentUrl":"https:\/\/secure.gravatar.com\/avatar\/?s=96&d=mm&r=g","caption":"psgfans"},"url":"https:\/\/psgfans.fr\/?author=2"}]}},"_links":{"self":[{"href":"https:\/\/psgfans.fr\/index.php?rest_route=\/wp\/v2\/posts\/492","targetHints":{"allow":["GET"]}}],"collection":[{"href":"https:\/\/psgfans.fr\/index.php?rest_route=\/wp\/v2\/posts"}],"about":[{"href":"https:\/\/psgfans.fr\/index.php?rest_route=\/wp\/v2\/types\/post"}],"author":[{"embeddable":true,"href":"https:\/\/psgfans.fr\/index.php?rest_route=\/wp\/v2\/users\/2"}],"replies":[{"embeddable":true,"href":"https:\/\/psgfans.fr\/index.php?rest_route=%2Fwp%2Fv2%2Fcomments&post=492"}],"version-history":[{"count":0,"href":"https:\/\/psgfans.fr\/index.php?rest_route=\/wp\/v2\/posts\/492\/revisions"}],"wp:attachment":[{"href":"https:\/\/psgfans.fr\/index.php?rest_route=%2Fwp%2Fv2%2Fmedia&parent=492"}],"wp:term":[{"taxonomy":"category","embeddable":true,"href":"https:\/\/psgfans.fr\/index.php?rest_route=%2Fwp%2Fv2%2Fcategories&post=492"},{"taxonomy":"post_tag","embeddable":true,"href":"https:\/\/psgfans.fr\/index.php?rest_route=%2Fwp%2Fv2%2Ftags&post=492"}],"curies":[{"name":"wp","href":"https:\/\/api.w.org\/{rel}","templated":true}]}}