{"id":491,"date":"2014-08-16T15:50:00","date_gmt":"2014-08-16T14:50:00","guid":{"rendered":"https:\/\/psgfans.fr\/?p=491"},"modified":"2014-08-16T15:50:00","modified_gmt":"2014-08-16T14:50:00","slug":"l1-securite-renforcee-au-parc-des-princes-avant-psg-bastia","status":"publish","type":"post","link":"https:\/\/psgfans.fr\/?p=491","title":{"rendered":"L1: S\u00e9curit\u00e9 renforc\u00e9e au Parc des Princes avant PSG-Bastia"},"content":{"rendered":"<div style=\"clear: both; text-align: center;\"><a href=\"https:\/\/blogger.googleusercontent.com\/img\/b\/R29vZ2xl\/AVvXsEhi7A0CHqsUEdVvsKTCRwUyhyphenhyphenidO377bo0wMyLbVxDzdpE7LwtgCBA-xhXP1n9FNUzQxpai5yceqLUVKhWe4-Tb82R6n23VnyVGBhMUQZUmtc4FYtymi4mfp7cgzWBaiWKfU0GHuzTGYOE\/s1600\/&amp;.jpg\" style=\"margin-left: 1em; margin-right: 1em;\"><img loading=\"lazy\" decoding=\"async\" border=\"0\" src=\"https:\/\/blogger.googleusercontent.com\/img\/b\/R29vZ2xl\/AVvXsEhi7A0CHqsUEdVvsKTCRwUyhyphenhyphenidO377bo0wMyLbVxDzdpE7LwtgCBA-xhXP1n9FNUzQxpai5yceqLUVKhWe4-Tb82R6n23VnyVGBhMUQZUmtc4FYtymi4mfp7cgzWBaiWKfU0GHuzTGYOE\/s1600\/&amp;.jpg\" height=\"266\" width=\"400\" \/><\/a><\/div>\n<p><b>&nbsp;Apr\u00e8s les violences qui ont \u00e9maill\u00e9 la rencontre entre Bastia et Marseille la semaine derni\u00e8re&#8230;<\/b><\/p>\n<p>La s\u00e9curit\u00e9 sera renforc\u00e9e samedi pr\u00e8s du Parc des Princes plusieurs heures avant le d\u00e9but du match de football PSG-Bastia, une semaine apr\u00e8s les violences commises par des supporteurs bastiais en marge de la rencontre contre l&rsquo;OM, a annonc\u00e9 vendredi la pr\u00e9fecture de police.<\/p>\n<p>Le match, qui compte pour la 2e journ\u00e9e du Championnat de France, commencera \u00e0 17H00 mais \u00abla surveillance sera renforc\u00e9e d\u00e8s le samedi matin aux abords\u00bb du stade, selon un communiqu\u00e9 de la pr\u00e9fecture. \u00abUne surveillance particuli\u00e8re du m\u00e9tro sera exerc\u00e9e\u00bb par la police des transports, qui sera appuy\u00e9e par \u00abdes unit\u00e9s mobiles de renfort\u00bb, pr\u00e9cise la pr\u00e9fecture.<\/p>\n<p>Plus de contr\u00f4leurs et stewards<\/p>\n<p>Pour \u00e9viter l&rsquo;introduction de mat\u00e9riel dangereux (bouteille en verre, p\u00e9tards, lacrymog\u00e8nes&#8230;) et s&rsquo;assurer que les 49 personnes interdites d&rsquo;acc\u00e8s ne tentent pas d&rsquo;entrer, \u00abun contingent renforc\u00e9 de contr\u00f4leurs et stewards\u00bb sera \u00e0 pied d\u2019\u0153uvre. Tout contrevenant sera imm\u00e9diatement interpell\u00e9 et pr\u00e9sent\u00e9 \u00e0 une autorit\u00e9 judiciaire, rappelle la police.<\/p>\n<p>Quarante-quatre policiers et gendarmes ont \u00e9t\u00e9 bless\u00e9s ou victimes de contusions, atteints, selon le gouvernement, par des \u00abjets de projectiles et d&rsquo;engins explosifs agricoles\u00bb, en marge du match entre Bastia et Marseille (3-3) comptant pour la 1re journ\u00e9e de L1, le samedi 9 ao\u00fbt. Le ministre de l&rsquo;Int\u00e9rieur Bernard Cazeneuve avait ensuite r\u00e9clam\u00e9 la \u00abd\u00e9termination (des) responsables concern\u00e9s, aux plans local et national, pour mettre un terme \u00e0 ces comportements violents\u00bb.<\/p>\n<p>20minutes<\/p>\n","protected":false},"excerpt":{"rendered":"<p>&nbsp;Apr\u00e8s les violences qui ont \u00e9maill\u00e9 la rencontre entre Bastia et Marseille la semaine derni\u00e8re&#8230; La s\u00e9curit\u00e9 sera renforc\u00e9e samedi pr\u00e8s du Parc des Princes plusieurs heures avant le d\u00e9but du match de football PSG-Bastia, une semaine apr\u00e8s les violences commises par des supporteurs bastiais en marge de la rencontre contre l&rsquo;OM, a annonc\u00e9 vendredi [&hellip;]<\/p>\n","protected":false},"author":2,"featured_media":0,"comment_status":"open","ping_status":"open","sticky":false,"template":"","format":"standard","meta":{"footnotes":""},"categories":[3],"tags":[],"class_list":{"0":"post-491","1":"post","2":"type-post","3":"status-publish","4":"format-standard","6":"category-news"},"yoast_head":"<!-- This site is optimized with the Yoast SEO plugin v27.4 - https:\/\/yoast.com\/product\/yoast-seo-wordpress\/ -->\n<title>L1: S\u00e9curit\u00e9 renforc\u00e9e au Parc des Princes avant PSG-Bastia - PSG FANS<\/title>\n<meta name=\"robots\" content=\"index, follow, max-snippet:-1, max-image-preview:large, max-video-preview:-1\" \/>\n<link rel=\"canonical\" href=\"https:\/\/psgfans.fr\/?p=491\" \/>\n<meta property=\"og:locale\" content=\"fr_FR\" \/>\n<meta property=\"og:type\" content=\"article\" \/>\n<meta property=\"og:title\" content=\"L1: S\u00e9curit\u00e9 renforc\u00e9e au Parc des Princes avant PSG-Bastia - PSG FANS\" \/>\n<meta property=\"og:description\" content=\"&nbsp;Apr\u00e8s les violences qui ont \u00e9maill\u00e9 la rencontre entre Bastia et Marseille la semaine derni\u00e8re&#8230; La s\u00e9curit\u00e9 sera renforc\u00e9e samedi pr\u00e8s du Parc des Princes plusieurs heures avant le d\u00e9but du match de football PSG-Bastia, une semaine apr\u00e8s les violences commises par des supporteurs bastiais en marge de la rencontre contre l&rsquo;OM, a annonc\u00e9 vendredi [&hellip;]\" \/>\n<meta property=\"og:url\" content=\"https:\/\/psgfans.fr\/?p=491\" \/>\n<meta property=\"og:site_name\" content=\"PSG FANS\" \/>\n<meta property=\"article:published_time\" content=\"2014-08-16T14:50:00+00:00\" \/>\n<meta property=\"og:image\" content=\"https:\/\/blogger.googleusercontent.com\/img\/b\/R29vZ2xl\/AVvXsEhi7A0CHqsUEdVvsKTCRwUyhyphenhyphenidO377bo0wMyLbVxDzdpE7LwtgCBA-xhXP1n9FNUzQxpai5yceqLUVKhWe4-Tb82R6n23VnyVGBhMUQZUmtc4FYtymi4mfp7cgzWBaiWKfU0GHuzTGYOE\/s1600\/&amp;.jpg\" \/>\n<meta name=\"author\" content=\"psgfans\" \/>\n<meta name=\"twitter:card\" content=\"summary_large_image\" \/>\n<meta name=\"twitter:label1\" content=\"\u00c9crit par\" \/>\n\t<meta name=\"twitter:data1\" content=\"psgfans\" \/>\n\t<meta name=\"twitter:label2\" content=\"Dur\u00e9e de lecture estim\u00e9e\" \/>\n\t<meta name=\"twitter:data2\" content=\"1 minute\" \/>\n<script type=\"application\/ld+json\" class=\"yoast-schema-graph\">{\"@context\":\"https:\\\/\\\/schema.org\",\"@graph\":[{\"@type\":\"Article\",\"@id\":\"https:\\\/\\\/psgfans.fr\\\/?p=491#article\",\"isPartOf\":{\"@id\":\"https:\\\/\\\/psgfans.fr\\\/?p=491\"},\"author\":{\"name\":\"psgfans\",\"@id\":\"https:\\\/\\\/psgfans.fr\\\/#\\\/schema\\\/person\\\/be2237e7a0237af2f29cb344b3c55e6c\"},\"headline\":\"L1: S\u00e9curit\u00e9 renforc\u00e9e au Parc des Princes avant PSG-Bastia\",\"datePublished\":\"2014-08-16T14:50:00+00:00\",\"mainEntityOfPage\":{\"@id\":\"https:\\\/\\\/psgfans.fr\\\/?p=491\"},\"wordCount\":290,\"commentCount\":0,\"image\":{\"@id\":\"https:\\\/\\\/psgfans.fr\\\/?p=491#primaryimage\"},\"thumbnailUrl\":\"https:\\\/\\\/blogger.googleusercontent.com\\\/img\\\/b\\\/R29vZ2xl\\\/AVvXsEhi7A0CHqsUEdVvsKTCRwUyhyphenhyphenidO377bo0wMyLbVxDzdpE7LwtgCBA-xhXP1n9FNUzQxpai5yceqLUVKhWe4-Tb82R6n23VnyVGBhMUQZUmtc4FYtymi4mfp7cgzWBaiWKfU0GHuzTGYOE\\\/s1600\\\/&amp;.jpg\",\"articleSection\":[\"News\"],\"inLanguage\":\"fr-FR\",\"potentialAction\":[{\"@type\":\"CommentAction\",\"name\":\"Comment\",\"target\":[\"https:\\\/\\\/psgfans.fr\\\/?p=491#respond\"]}]},{\"@type\":\"WebPage\",\"@id\":\"https:\\\/\\\/psgfans.fr\\\/?p=491\",\"url\":\"https:\\\/\\\/psgfans.fr\\\/?p=491\",\"name\":\"L1: S\u00e9curit\u00e9 renforc\u00e9e au Parc des Princes avant PSG-Bastia - PSG FANS\",\"isPartOf\":{\"@id\":\"https:\\\/\\\/psgfans.fr\\\/#website\"},\"primaryImageOfPage\":{\"@id\":\"https:\\\/\\\/psgfans.fr\\\/?p=491#primaryimage\"},\"image\":{\"@id\":\"https:\\\/\\\/psgfans.fr\\\/?p=491#primaryimage\"},\"thumbnailUrl\":\"https:\\\/\\\/blogger.googleusercontent.com\\\/img\\\/b\\\/R29vZ2xl\\\/AVvXsEhi7A0CHqsUEdVvsKTCRwUyhyphenhyphenidO377bo0wMyLbVxDzdpE7LwtgCBA-xhXP1n9FNUzQxpai5yceqLUVKhWe4-Tb82R6n23VnyVGBhMUQZUmtc4FYtymi4mfp7cgzWBaiWKfU0GHuzTGYOE\\\/s1600\\\/&amp;.jpg\",\"datePublished\":\"2014-08-16T14:50:00+00:00\",\"author\":{\"@id\":\"https:\\\/\\\/psgfans.fr\\\/#\\\/schema\\\/person\\\/be2237e7a0237af2f29cb344b3c55e6c\"},\"breadcrumb\":{\"@id\":\"https:\\\/\\\/psgfans.fr\\\/?p=491#breadcrumb\"},\"inLanguage\":\"fr-FR\",\"potentialAction\":[{\"@type\":\"ReadAction\",\"target\":[\"https:\\\/\\\/psgfans.fr\\\/?p=491\"]}]},{\"@type\":\"ImageObject\",\"inLanguage\":\"fr-FR\",\"@id\":\"https:\\\/\\\/psgfans.fr\\\/?p=491#primaryimage\",\"url\":\"https:\\\/\\\/blogger.googleusercontent.com\\\/img\\\/b\\\/R29vZ2xl\\\/AVvXsEhi7A0CHqsUEdVvsKTCRwUyhyphenhyphenidO377bo0wMyLbVxDzdpE7LwtgCBA-xhXP1n9FNUzQxpai5yceqLUVKhWe4-Tb82R6n23VnyVGBhMUQZUmtc4FYtymi4mfp7cgzWBaiWKfU0GHuzTGYOE\\\/s1600\\\/&amp;.jpg\",\"contentUrl\":\"https:\\\/\\\/blogger.googleusercontent.com\\\/img\\\/b\\\/R29vZ2xl\\\/AVvXsEhi7A0CHqsUEdVvsKTCRwUyhyphenhyphenidO377bo0wMyLbVxDzdpE7LwtgCBA-xhXP1n9FNUzQxpai5yceqLUVKhWe4-Tb82R6n23VnyVGBhMUQZUmtc4FYtymi4mfp7cgzWBaiWKfU0GHuzTGYOE\\\/s1600\\\/&amp;.jpg\"},{\"@type\":\"BreadcrumbList\",\"@id\":\"https:\\\/\\\/psgfans.fr\\\/?p=491#breadcrumb\",\"itemListElement\":[{\"@type\":\"ListItem\",\"position\":1,\"name\":\"Accueil\",\"item\":\"https:\\\/\\\/psgfans.fr\\\/\"},{\"@type\":\"ListItem\",\"position\":2,\"name\":\"L1: S\u00e9curit\u00e9 renforc\u00e9e au Parc des Princes avant PSG-Bastia\"}]},{\"@type\":\"WebSite\",\"@id\":\"https:\\\/\\\/psgfans.fr\\\/#website\",\"url\":\"https:\\\/\\\/psgfans.fr\\\/\",\"name\":\"PSG FANS\",\"description\":\"Unit\u00e9, Passion, Victoire : Au C\u0153ur du Paris Saint-Germain!\",\"potentialAction\":[{\"@type\":\"SearchAction\",\"target\":{\"@type\":\"EntryPoint\",\"urlTemplate\":\"https:\\\/\\\/psgfans.fr\\\/?s={search_term_string}\"},\"query-input\":{\"@type\":\"PropertyValueSpecification\",\"valueRequired\":true,\"valueName\":\"search_term_string\"}}],\"inLanguage\":\"fr-FR\"},{\"@type\":\"Person\",\"@id\":\"https:\\\/\\\/psgfans.fr\\\/#\\\/schema\\\/person\\\/be2237e7a0237af2f29cb344b3c55e6c\",\"name\":\"psgfans\",\"image\":{\"@type\":\"ImageObject\",\"inLanguage\":\"fr-FR\",\"@id\":\"https:\\\/\\\/secure.gravatar.com\\\/avatar\\\/?s=96&d=mm&r=g\",\"url\":\"https:\\\/\\\/secure.gravatar.com\\\/avatar\\\/?s=96&d=mm&r=g\",\"contentUrl\":\"https:\\\/\\\/secure.gravatar.com\\\/avatar\\\/?s=96&d=mm&r=g\",\"caption\":\"psgfans\"},\"url\":\"https:\\\/\\\/psgfans.fr\\\/?author=2\"}]}<\/script>\n<!-- \/ Yoast SEO plugin. -->","yoast_head_json":{"title":"L1: S\u00e9curit\u00e9 renforc\u00e9e au Parc des Princes avant PSG-Bastia - PSG FANS","robots":{"index":"index","follow":"follow","max-snippet":"max-snippet:-1","max-image-preview":"max-image-preview:large","max-video-preview":"max-video-preview:-1"},"canonical":"https:\/\/psgfans.fr\/?p=491","og_locale":"fr_FR","og_type":"article","og_title":"L1: S\u00e9curit\u00e9 renforc\u00e9e au Parc des Princes avant PSG-Bastia - PSG FANS","og_description":"&nbsp;Apr\u00e8s les violences qui ont \u00e9maill\u00e9 la rencontre entre Bastia et Marseille la semaine derni\u00e8re&#8230; La s\u00e9curit\u00e9 sera renforc\u00e9e samedi pr\u00e8s du Parc des Princes plusieurs heures avant le d\u00e9but du match de football PSG-Bastia, une semaine apr\u00e8s les violences commises par des supporteurs bastiais en marge de la rencontre contre l&rsquo;OM, a annonc\u00e9 vendredi [&hellip;]","og_url":"https:\/\/psgfans.fr\/?p=491","og_site_name":"PSG FANS","article_published_time":"2014-08-16T14:50:00+00:00","og_image":[{"url":"https:\/\/blogger.googleusercontent.com\/img\/b\/R29vZ2xl\/AVvXsEhi7A0CHqsUEdVvsKTCRwUyhyphenhyphenidO377bo0wMyLbVxDzdpE7LwtgCBA-xhXP1n9FNUzQxpai5yceqLUVKhWe4-Tb82R6n23VnyVGBhMUQZUmtc4FYtymi4mfp7cgzWBaiWKfU0GHuzTGYOE\/s1600\/&amp;.jpg","type":"","width":"","height":""}],"author":"psgfans","twitter_card":"summary_large_image","twitter_misc":{"\u00c9crit par":"psgfans","Dur\u00e9e de lecture estim\u00e9e":"1 minute"},"schema":{"@context":"https:\/\/schema.org","@graph":[{"@type":"Article","@id":"https:\/\/psgfans.fr\/?p=491#article","isPartOf":{"@id":"https:\/\/psgfans.fr\/?p=491"},"author":{"name":"psgfans","@id":"https:\/\/psgfans.fr\/#\/schema\/person\/be2237e7a0237af2f29cb344b3c55e6c"},"headline":"L1: S\u00e9curit\u00e9 renforc\u00e9e au Parc des Princes avant PSG-Bastia","datePublished":"2014-08-16T14:50:00+00:00","mainEntityOfPage":{"@id":"https:\/\/psgfans.fr\/?p=491"},"wordCount":290,"commentCount":0,"image":{"@id":"https:\/\/psgfans.fr\/?p=491#primaryimage"},"thumbnailUrl":"https:\/\/blogger.googleusercontent.com\/img\/b\/R29vZ2xl\/AVvXsEhi7A0CHqsUEdVvsKTCRwUyhyphenhyphenidO377bo0wMyLbVxDzdpE7LwtgCBA-xhXP1n9FNUzQxpai5yceqLUVKhWe4-Tb82R6n23VnyVGBhMUQZUmtc4FYtymi4mfp7cgzWBaiWKfU0GHuzTGYOE\/s1600\/&amp;.jpg","articleSection":["News"],"inLanguage":"fr-FR","potentialAction":[{"@type":"CommentAction","name":"Comment","target":["https:\/\/psgfans.fr\/?p=491#respond"]}]},{"@type":"WebPage","@id":"https:\/\/psgfans.fr\/?p=491","url":"https:\/\/psgfans.fr\/?p=491","name":"L1: S\u00e9curit\u00e9 renforc\u00e9e au Parc des Princes avant PSG-Bastia - PSG FANS","isPartOf":{"@id":"https:\/\/psgfans.fr\/#website"},"primaryImageOfPage":{"@id":"https:\/\/psgfans.fr\/?p=491#primaryimage"},"image":{"@id":"https:\/\/psgfans.fr\/?p=491#primaryimage"},"thumbnailUrl":"https:\/\/blogger.googleusercontent.com\/img\/b\/R29vZ2xl\/AVvXsEhi7A0CHqsUEdVvsKTCRwUyhyphenhyphenidO377bo0wMyLbVxDzdpE7LwtgCBA-xhXP1n9FNUzQxpai5yceqLUVKhWe4-Tb82R6n23VnyVGBhMUQZUmtc4FYtymi4mfp7cgzWBaiWKfU0GHuzTGYOE\/s1600\/&amp;.jpg","datePublished":"2014-08-16T14:50:00+00:00","author":{"@id":"https:\/\/psgfans.fr\/#\/schema\/person\/be2237e7a0237af2f29cb344b3c55e6c"},"breadcrumb":{"@id":"https:\/\/psgfans.fr\/?p=491#breadcrumb"},"inLanguage":"fr-FR","potentialAction":[{"@type":"ReadAction","target":["https:\/\/psgfans.fr\/?p=491"]}]},{"@type":"ImageObject","inLanguage":"fr-FR","@id":"https:\/\/psgfans.fr\/?p=491#primaryimage","url":"https:\/\/blogger.googleusercontent.com\/img\/b\/R29vZ2xl\/AVvXsEhi7A0CHqsUEdVvsKTCRwUyhyphenhyphenidO377bo0wMyLbVxDzdpE7LwtgCBA-xhXP1n9FNUzQxpai5yceqLUVKhWe4-Tb82R6n23VnyVGBhMUQZUmtc4FYtymi4mfp7cgzWBaiWKfU0GHuzTGYOE\/s1600\/&amp;.jpg","contentUrl":"https:\/\/blogger.googleusercontent.com\/img\/b\/R29vZ2xl\/AVvXsEhi7A0CHqsUEdVvsKTCRwUyhyphenhyphenidO377bo0wMyLbVxDzdpE7LwtgCBA-xhXP1n9FNUzQxpai5yceqLUVKhWe4-Tb82R6n23VnyVGBhMUQZUmtc4FYtymi4mfp7cgzWBaiWKfU0GHuzTGYOE\/s1600\/&amp;.jpg"},{"@type":"BreadcrumbList","@id":"https:\/\/psgfans.fr\/?p=491#breadcrumb","itemListElement":[{"@type":"ListItem","position":1,"name":"Accueil","item":"https:\/\/psgfans.fr\/"},{"@type":"ListItem","position":2,"name":"L1: S\u00e9curit\u00e9 renforc\u00e9e au Parc des Princes avant PSG-Bastia"}]},{"@type":"WebSite","@id":"https:\/\/psgfans.fr\/#website","url":"https:\/\/psgfans.fr\/","name":"PSG FANS","description":"Unit\u00e9, Passion, Victoire : Au C\u0153ur du Paris Saint-Germain!","potentialAction":[{"@type":"SearchAction","target":{"@type":"EntryPoint","urlTemplate":"https:\/\/psgfans.fr\/?s={search_term_string}"},"query-input":{"@type":"PropertyValueSpecification","valueRequired":true,"valueName":"search_term_string"}}],"inLanguage":"fr-FR"},{"@type":"Person","@id":"https:\/\/psgfans.fr\/#\/schema\/person\/be2237e7a0237af2f29cb344b3c55e6c","name":"psgfans","image":{"@type":"ImageObject","inLanguage":"fr-FR","@id":"https:\/\/secure.gravatar.com\/avatar\/?s=96&d=mm&r=g","url":"https:\/\/secure.gravatar.com\/avatar\/?s=96&d=mm&r=g","contentUrl":"https:\/\/secure.gravatar.com\/avatar\/?s=96&d=mm&r=g","caption":"psgfans"},"url":"https:\/\/psgfans.fr\/?author=2"}]}},"_links":{"self":[{"href":"https:\/\/psgfans.fr\/index.php?rest_route=\/wp\/v2\/posts\/491","targetHints":{"allow":["GET"]}}],"collection":[{"href":"https:\/\/psgfans.fr\/index.php?rest_route=\/wp\/v2\/posts"}],"about":[{"href":"https:\/\/psgfans.fr\/index.php?rest_route=\/wp\/v2\/types\/post"}],"author":[{"embeddable":true,"href":"https:\/\/psgfans.fr\/index.php?rest_route=\/wp\/v2\/users\/2"}],"replies":[{"embeddable":true,"href":"https:\/\/psgfans.fr\/index.php?rest_route=%2Fwp%2Fv2%2Fcomments&post=491"}],"version-history":[{"count":0,"href":"https:\/\/psgfans.fr\/index.php?rest_route=\/wp\/v2\/posts\/491\/revisions"}],"wp:attachment":[{"href":"https:\/\/psgfans.fr\/index.php?rest_route=%2Fwp%2Fv2%2Fmedia&parent=491"}],"wp:term":[{"taxonomy":"category","embeddable":true,"href":"https:\/\/psgfans.fr\/index.php?rest_route=%2Fwp%2Fv2%2Fcategories&post=491"},{"taxonomy":"post_tag","embeddable":true,"href":"https:\/\/psgfans.fr\/index.php?rest_route=%2Fwp%2Fv2%2Ftags&post=491"}],"curies":[{"name":"wp","href":"https:\/\/api.w.org\/{rel}","templated":true}]}}