{"id":486,"date":"2014-08-16T22:49:00","date_gmt":"2014-08-16T21:49:00","guid":{"rendered":"https:\/\/psgfans.fr\/?p=486"},"modified":"2014-08-16T22:49:00","modified_gmt":"2014-08-16T21:49:00","slug":"en-video-et-photos-brandao-vs-thiago-motta-coup-de-tete","status":"publish","type":"post","link":"https:\/\/psgfans.fr\/?p=486","title":{"rendered":"En Video et Photos || Brandao Vs Thiago Motta &#8211; Coup de Tete"},"content":{"rendered":"<div style=\"clear: both; text-align: center;\"><\/div>\n<p><a href=\"https:\/\/blogger.googleusercontent.com\/img\/b\/R29vZ2xl\/AVvXsEir9bg-lZ0vYsjZxfXVi0JteNeFuDTrdy21J-Y1qDw6j_4L6eQh9fS0767Dlhm-WAM5kZ5gFXqfJfQpmb5g0fLtsssvTcr9AV6E0QDm5AdKEzENAs7g-0eRUDkAx08qQkSS0rXJ9bvQSPM\/s1600\/&amp;.jpg\" style=\"margin-left: 1em; margin-right: 1em;\"><img loading=\"lazy\" decoding=\"async\" border=\"0\" src=\"https:\/\/blogger.googleusercontent.com\/img\/b\/R29vZ2xl\/AVvXsEir9bg-lZ0vYsjZxfXVi0JteNeFuDTrdy21J-Y1qDw6j_4L6eQh9fS0767Dlhm-WAM5kZ5gFXqfJfQpmb5g0fLtsssvTcr9AV6E0QDm5AdKEzENAs7g-0eRUDkAx08qQkSS0rXJ9bvQSPM\/s1600\/&amp;.jpg\" height=\"225\" width=\"400\" \/><\/a><\/p>\n<div style=\"clear: both; text-align: center;\"><\/div>\n<div style=\"clear: both; text-align: center;\">&nbsp;Accus\u00e9 d\u2019avoir ass\u00e9n\u00e9 un coup de t\u00eate \u00e0 Thiago Motta lors du retour aux vestiaires apr\u00e8s le match entre le PSG et Bastia (2-0), Brandao est dans le collimateur des dirigeants parisiens. Nasser Al-Khela\u00effi, pr\u00e9sident du PSG qui a \u00e9loign\u00e9 Motta de l\u2019attaquant bastiais pour \u00e9viter que la situation ne s\u2019envenime, a d\u00e9cid\u00e9 de porter plainte contre le Br\u00e9silien.<\/div>\n<div style=\"clear: both; text-align: center;\"><\/div>\n<div style=\"clear: both; text-align: center;\"><a href=\"https:\/\/blogger.googleusercontent.com\/img\/b\/R29vZ2xl\/AVvXsEhgIuRY47XWnuWgn16dSX1pY-s2gRNL9E3_kOWZo5BwCZ2Up3dPHdVCeg7LjKso0OG-cbf7ejl6IJ_z2ouxG4jSZa-UpRPhZMKY1xcTT3ed-4MbuIzatMgAn3xWMVEFSNZeJ4VmQjDlkDM\/s1600\/&amp;111ff1f1.jpg\" style=\"margin-left: 1em; margin-right: 1em;\"><img decoding=\"async\" border=\"0\" src=\"https:\/\/blogger.googleusercontent.com\/img\/b\/R29vZ2xl\/AVvXsEhgIuRY47XWnuWgn16dSX1pY-s2gRNL9E3_kOWZo5BwCZ2Up3dPHdVCeg7LjKso0OG-cbf7ejl6IJ_z2ouxG4jSZa-UpRPhZMKY1xcTT3ed-4MbuIzatMgAn3xWMVEFSNZeJ4VmQjDlkDM\/s1600\/&amp;111ff1f1.jpg\" \/><\/a><\/div>\n<div style=\"clear: both; text-align: center;\"><\/div>\n<div style=\"clear: both; text-align: center;\"><\/div>\n<p><\/p>\n<div style=\"clear: both; text-align: center;\"><a href=\"https:\/\/blogger.googleusercontent.com\/img\/b\/R29vZ2xl\/AVvXsEht4rJDofERCiRi5r2XSykB-kA0v-hI7C5hotwdEEjL-E8G13CkMgDl2JDa1Zd8VaB4IYZddGFxd3yFsqPa_z3uXhAjnOlfq2r9CepQPqF75DkJVZ0RMdy1h8hcfxpjA0z2cQB_AQRHR9A\/s1600\/&amp;&amp;.jpg\" style=\"margin-left: 1em; margin-right: 1em;\"><img decoding=\"async\" border=\"0\" src=\"https:\/\/blogger.googleusercontent.com\/img\/b\/R29vZ2xl\/AVvXsEht4rJDofERCiRi5r2XSykB-kA0v-hI7C5hotwdEEjL-E8G13CkMgDl2JDa1Zd8VaB4IYZddGFxd3yFsqPa_z3uXhAjnOlfq2r9CepQPqF75DkJVZ0RMdy1h8hcfxpjA0z2cQB_AQRHR9A\/s1600\/&amp;&amp;.jpg\" \/><\/a><\/div>\n<p>Vid\u00e9o :<\/p>\n<div><\/div>\n<p><\/p>\n<div data-href=\"https:\/\/www.facebook.com\/photo.php?v=680397805349164\" data-width=\"466\">\n<div><a href=\"https:\/\/www.facebook.com\/photo.php?v=680397805349164\">Message sur le mur<\/a> by <a href=\"https:\/\/www.facebook.com\/anfgte\">PSG FANS<\/a>.<\/div>\n<\/div>\n","protected":false},"excerpt":{"rendered":"<p>&nbsp;Accus\u00e9 d\u2019avoir ass\u00e9n\u00e9 un coup de t\u00eate \u00e0 Thiago Motta lors du retour aux vestiaires apr\u00e8s le match entre le PSG et Bastia (2-0), Brandao est dans le collimateur des dirigeants parisiens. Nasser Al-Khela\u00effi, pr\u00e9sident du PSG qui a \u00e9loign\u00e9 Motta de l\u2019attaquant bastiais pour \u00e9viter que la situation ne s\u2019envenime, a d\u00e9cid\u00e9 de porter [&hellip;]<\/p>\n","protected":false},"author":2,"featured_media":0,"comment_status":"open","ping_status":"open","sticky":false,"template":"","format":"standard","meta":{"footnotes":""},"categories":[4,25],"tags":[],"class_list":{"0":"post-486","1":"post","2":"type-post","3":"status-publish","4":"format-standard","6":"category-photos","7":"category-video"},"yoast_head":"<!-- This site is optimized with the Yoast SEO plugin v27.4 - https:\/\/yoast.com\/product\/yoast-seo-wordpress\/ -->\n<title>En Video et Photos || Brandao Vs Thiago Motta - Coup de Tete - PSG FANS<\/title>\n<meta name=\"robots\" content=\"index, follow, max-snippet:-1, max-image-preview:large, max-video-preview:-1\" \/>\n<link rel=\"canonical\" href=\"https:\/\/psgfans.fr\/?p=486\" \/>\n<meta property=\"og:locale\" content=\"fr_FR\" \/>\n<meta property=\"og:type\" content=\"article\" \/>\n<meta property=\"og:title\" content=\"En Video et Photos || Brandao Vs Thiago Motta - Coup de Tete - PSG FANS\" \/>\n<meta property=\"og:description\" content=\"&nbsp;Accus\u00e9 d\u2019avoir ass\u00e9n\u00e9 un coup de t\u00eate \u00e0 Thiago Motta lors du retour aux vestiaires apr\u00e8s le match entre le PSG et Bastia (2-0), Brandao est dans le collimateur des dirigeants parisiens. Nasser Al-Khela\u00effi, pr\u00e9sident du PSG qui a \u00e9loign\u00e9 Motta de l\u2019attaquant bastiais pour \u00e9viter que la situation ne s\u2019envenime, a d\u00e9cid\u00e9 de porter [&hellip;]\" \/>\n<meta property=\"og:url\" content=\"https:\/\/psgfans.fr\/?p=486\" \/>\n<meta property=\"og:site_name\" content=\"PSG FANS\" \/>\n<meta property=\"article:published_time\" content=\"2014-08-16T21:49:00+00:00\" \/>\n<meta property=\"og:image\" content=\"https:\/\/blogger.googleusercontent.com\/img\/b\/R29vZ2xl\/AVvXsEir9bg-lZ0vYsjZxfXVi0JteNeFuDTrdy21J-Y1qDw6j_4L6eQh9fS0767Dlhm-WAM5kZ5gFXqfJfQpmb5g0fLtsssvTcr9AV6E0QDm5AdKEzENAs7g-0eRUDkAx08qQkSS0rXJ9bvQSPM\/s1600\/&amp;.jpg\" \/>\n<meta name=\"author\" content=\"psgfans\" \/>\n<meta name=\"twitter:card\" content=\"summary_large_image\" \/>\n<meta name=\"twitter:label1\" content=\"\u00c9crit par\" \/>\n\t<meta name=\"twitter:data1\" content=\"psgfans\" \/>\n<script type=\"application\/ld+json\" class=\"yoast-schema-graph\">{\"@context\":\"https:\\\/\\\/schema.org\",\"@graph\":[{\"@type\":\"Article\",\"@id\":\"https:\\\/\\\/psgfans.fr\\\/?p=486#article\",\"isPartOf\":{\"@id\":\"https:\\\/\\\/psgfans.fr\\\/?p=486\"},\"author\":{\"name\":\"psgfans\",\"@id\":\"https:\\\/\\\/psgfans.fr\\\/#\\\/schema\\\/person\\\/be2237e7a0237af2f29cb344b3c55e6c\"},\"headline\":\"En Video et Photos || Brandao Vs Thiago Motta &#8211; Coup de Tete\",\"datePublished\":\"2014-08-16T21:49:00+00:00\",\"mainEntityOfPage\":{\"@id\":\"https:\\\/\\\/psgfans.fr\\\/?p=486\"},\"wordCount\":90,\"commentCount\":0,\"image\":{\"@id\":\"https:\\\/\\\/psgfans.fr\\\/?p=486#primaryimage\"},\"thumbnailUrl\":\"https:\\\/\\\/blogger.googleusercontent.com\\\/img\\\/b\\\/R29vZ2xl\\\/AVvXsEir9bg-lZ0vYsjZxfXVi0JteNeFuDTrdy21J-Y1qDw6j_4L6eQh9fS0767Dlhm-WAM5kZ5gFXqfJfQpmb5g0fLtsssvTcr9AV6E0QDm5AdKEzENAs7g-0eRUDkAx08qQkSS0rXJ9bvQSPM\\\/s1600\\\/&amp;.jpg\",\"articleSection\":[\"Photos\",\"Video\"],\"inLanguage\":\"fr-FR\",\"potentialAction\":[{\"@type\":\"CommentAction\",\"name\":\"Comment\",\"target\":[\"https:\\\/\\\/psgfans.fr\\\/?p=486#respond\"]}]},{\"@type\":\"WebPage\",\"@id\":\"https:\\\/\\\/psgfans.fr\\\/?p=486\",\"url\":\"https:\\\/\\\/psgfans.fr\\\/?p=486\",\"name\":\"En Video et Photos || Brandao Vs Thiago Motta - Coup de Tete - PSG FANS\",\"isPartOf\":{\"@id\":\"https:\\\/\\\/psgfans.fr\\\/#website\"},\"primaryImageOfPage\":{\"@id\":\"https:\\\/\\\/psgfans.fr\\\/?p=486#primaryimage\"},\"image\":{\"@id\":\"https:\\\/\\\/psgfans.fr\\\/?p=486#primaryimage\"},\"thumbnailUrl\":\"https:\\\/\\\/blogger.googleusercontent.com\\\/img\\\/b\\\/R29vZ2xl\\\/AVvXsEir9bg-lZ0vYsjZxfXVi0JteNeFuDTrdy21J-Y1qDw6j_4L6eQh9fS0767Dlhm-WAM5kZ5gFXqfJfQpmb5g0fLtsssvTcr9AV6E0QDm5AdKEzENAs7g-0eRUDkAx08qQkSS0rXJ9bvQSPM\\\/s1600\\\/&amp;.jpg\",\"datePublished\":\"2014-08-16T21:49:00+00:00\",\"author\":{\"@id\":\"https:\\\/\\\/psgfans.fr\\\/#\\\/schema\\\/person\\\/be2237e7a0237af2f29cb344b3c55e6c\"},\"breadcrumb\":{\"@id\":\"https:\\\/\\\/psgfans.fr\\\/?p=486#breadcrumb\"},\"inLanguage\":\"fr-FR\",\"potentialAction\":[{\"@type\":\"ReadAction\",\"target\":[\"https:\\\/\\\/psgfans.fr\\\/?p=486\"]}]},{\"@type\":\"ImageObject\",\"inLanguage\":\"fr-FR\",\"@id\":\"https:\\\/\\\/psgfans.fr\\\/?p=486#primaryimage\",\"url\":\"https:\\\/\\\/blogger.googleusercontent.com\\\/img\\\/b\\\/R29vZ2xl\\\/AVvXsEir9bg-lZ0vYsjZxfXVi0JteNeFuDTrdy21J-Y1qDw6j_4L6eQh9fS0767Dlhm-WAM5kZ5gFXqfJfQpmb5g0fLtsssvTcr9AV6E0QDm5AdKEzENAs7g-0eRUDkAx08qQkSS0rXJ9bvQSPM\\\/s1600\\\/&amp;.jpg\",\"contentUrl\":\"https:\\\/\\\/blogger.googleusercontent.com\\\/img\\\/b\\\/R29vZ2xl\\\/AVvXsEir9bg-lZ0vYsjZxfXVi0JteNeFuDTrdy21J-Y1qDw6j_4L6eQh9fS0767Dlhm-WAM5kZ5gFXqfJfQpmb5g0fLtsssvTcr9AV6E0QDm5AdKEzENAs7g-0eRUDkAx08qQkSS0rXJ9bvQSPM\\\/s1600\\\/&amp;.jpg\"},{\"@type\":\"BreadcrumbList\",\"@id\":\"https:\\\/\\\/psgfans.fr\\\/?p=486#breadcrumb\",\"itemListElement\":[{\"@type\":\"ListItem\",\"position\":1,\"name\":\"Accueil\",\"item\":\"https:\\\/\\\/psgfans.fr\\\/\"},{\"@type\":\"ListItem\",\"position\":2,\"name\":\"En Video et Photos || Brandao Vs Thiago Motta &#8211; Coup de Tete\"}]},{\"@type\":\"WebSite\",\"@id\":\"https:\\\/\\\/psgfans.fr\\\/#website\",\"url\":\"https:\\\/\\\/psgfans.fr\\\/\",\"name\":\"PSG FANS\",\"description\":\"Unit\u00e9, Passion, Victoire : Au C\u0153ur du Paris Saint-Germain!\",\"potentialAction\":[{\"@type\":\"SearchAction\",\"target\":{\"@type\":\"EntryPoint\",\"urlTemplate\":\"https:\\\/\\\/psgfans.fr\\\/?s={search_term_string}\"},\"query-input\":{\"@type\":\"PropertyValueSpecification\",\"valueRequired\":true,\"valueName\":\"search_term_string\"}}],\"inLanguage\":\"fr-FR\"},{\"@type\":\"Person\",\"@id\":\"https:\\\/\\\/psgfans.fr\\\/#\\\/schema\\\/person\\\/be2237e7a0237af2f29cb344b3c55e6c\",\"name\":\"psgfans\",\"image\":{\"@type\":\"ImageObject\",\"inLanguage\":\"fr-FR\",\"@id\":\"https:\\\/\\\/secure.gravatar.com\\\/avatar\\\/?s=96&d=mm&r=g\",\"url\":\"https:\\\/\\\/secure.gravatar.com\\\/avatar\\\/?s=96&d=mm&r=g\",\"contentUrl\":\"https:\\\/\\\/secure.gravatar.com\\\/avatar\\\/?s=96&d=mm&r=g\",\"caption\":\"psgfans\"},\"url\":\"https:\\\/\\\/psgfans.fr\\\/?author=2\"}]}<\/script>\n<!-- \/ Yoast SEO plugin. -->","yoast_head_json":{"title":"En Video et Photos || Brandao Vs Thiago Motta - Coup de Tete - PSG FANS","robots":{"index":"index","follow":"follow","max-snippet":"max-snippet:-1","max-image-preview":"max-image-preview:large","max-video-preview":"max-video-preview:-1"},"canonical":"https:\/\/psgfans.fr\/?p=486","og_locale":"fr_FR","og_type":"article","og_title":"En Video et Photos || Brandao Vs Thiago Motta - Coup de Tete - PSG FANS","og_description":"&nbsp;Accus\u00e9 d\u2019avoir ass\u00e9n\u00e9 un coup de t\u00eate \u00e0 Thiago Motta lors du retour aux vestiaires apr\u00e8s le match entre le PSG et Bastia (2-0), Brandao est dans le collimateur des dirigeants parisiens. Nasser Al-Khela\u00effi, pr\u00e9sident du PSG qui a \u00e9loign\u00e9 Motta de l\u2019attaquant bastiais pour \u00e9viter que la situation ne s\u2019envenime, a d\u00e9cid\u00e9 de porter [&hellip;]","og_url":"https:\/\/psgfans.fr\/?p=486","og_site_name":"PSG FANS","article_published_time":"2014-08-16T21:49:00+00:00","og_image":[{"url":"https:\/\/blogger.googleusercontent.com\/img\/b\/R29vZ2xl\/AVvXsEir9bg-lZ0vYsjZxfXVi0JteNeFuDTrdy21J-Y1qDw6j_4L6eQh9fS0767Dlhm-WAM5kZ5gFXqfJfQpmb5g0fLtsssvTcr9AV6E0QDm5AdKEzENAs7g-0eRUDkAx08qQkSS0rXJ9bvQSPM\/s1600\/&amp;.jpg","type":"","width":"","height":""}],"author":"psgfans","twitter_card":"summary_large_image","twitter_misc":{"\u00c9crit par":"psgfans"},"schema":{"@context":"https:\/\/schema.org","@graph":[{"@type":"Article","@id":"https:\/\/psgfans.fr\/?p=486#article","isPartOf":{"@id":"https:\/\/psgfans.fr\/?p=486"},"author":{"name":"psgfans","@id":"https:\/\/psgfans.fr\/#\/schema\/person\/be2237e7a0237af2f29cb344b3c55e6c"},"headline":"En Video et Photos || Brandao Vs Thiago Motta &#8211; Coup de Tete","datePublished":"2014-08-16T21:49:00+00:00","mainEntityOfPage":{"@id":"https:\/\/psgfans.fr\/?p=486"},"wordCount":90,"commentCount":0,"image":{"@id":"https:\/\/psgfans.fr\/?p=486#primaryimage"},"thumbnailUrl":"https:\/\/blogger.googleusercontent.com\/img\/b\/R29vZ2xl\/AVvXsEir9bg-lZ0vYsjZxfXVi0JteNeFuDTrdy21J-Y1qDw6j_4L6eQh9fS0767Dlhm-WAM5kZ5gFXqfJfQpmb5g0fLtsssvTcr9AV6E0QDm5AdKEzENAs7g-0eRUDkAx08qQkSS0rXJ9bvQSPM\/s1600\/&amp;.jpg","articleSection":["Photos","Video"],"inLanguage":"fr-FR","potentialAction":[{"@type":"CommentAction","name":"Comment","target":["https:\/\/psgfans.fr\/?p=486#respond"]}]},{"@type":"WebPage","@id":"https:\/\/psgfans.fr\/?p=486","url":"https:\/\/psgfans.fr\/?p=486","name":"En Video et Photos || Brandao Vs Thiago Motta - Coup de Tete - PSG FANS","isPartOf":{"@id":"https:\/\/psgfans.fr\/#website"},"primaryImageOfPage":{"@id":"https:\/\/psgfans.fr\/?p=486#primaryimage"},"image":{"@id":"https:\/\/psgfans.fr\/?p=486#primaryimage"},"thumbnailUrl":"https:\/\/blogger.googleusercontent.com\/img\/b\/R29vZ2xl\/AVvXsEir9bg-lZ0vYsjZxfXVi0JteNeFuDTrdy21J-Y1qDw6j_4L6eQh9fS0767Dlhm-WAM5kZ5gFXqfJfQpmb5g0fLtsssvTcr9AV6E0QDm5AdKEzENAs7g-0eRUDkAx08qQkSS0rXJ9bvQSPM\/s1600\/&amp;.jpg","datePublished":"2014-08-16T21:49:00+00:00","author":{"@id":"https:\/\/psgfans.fr\/#\/schema\/person\/be2237e7a0237af2f29cb344b3c55e6c"},"breadcrumb":{"@id":"https:\/\/psgfans.fr\/?p=486#breadcrumb"},"inLanguage":"fr-FR","potentialAction":[{"@type":"ReadAction","target":["https:\/\/psgfans.fr\/?p=486"]}]},{"@type":"ImageObject","inLanguage":"fr-FR","@id":"https:\/\/psgfans.fr\/?p=486#primaryimage","url":"https:\/\/blogger.googleusercontent.com\/img\/b\/R29vZ2xl\/AVvXsEir9bg-lZ0vYsjZxfXVi0JteNeFuDTrdy21J-Y1qDw6j_4L6eQh9fS0767Dlhm-WAM5kZ5gFXqfJfQpmb5g0fLtsssvTcr9AV6E0QDm5AdKEzENAs7g-0eRUDkAx08qQkSS0rXJ9bvQSPM\/s1600\/&amp;.jpg","contentUrl":"https:\/\/blogger.googleusercontent.com\/img\/b\/R29vZ2xl\/AVvXsEir9bg-lZ0vYsjZxfXVi0JteNeFuDTrdy21J-Y1qDw6j_4L6eQh9fS0767Dlhm-WAM5kZ5gFXqfJfQpmb5g0fLtsssvTcr9AV6E0QDm5AdKEzENAs7g-0eRUDkAx08qQkSS0rXJ9bvQSPM\/s1600\/&amp;.jpg"},{"@type":"BreadcrumbList","@id":"https:\/\/psgfans.fr\/?p=486#breadcrumb","itemListElement":[{"@type":"ListItem","position":1,"name":"Accueil","item":"https:\/\/psgfans.fr\/"},{"@type":"ListItem","position":2,"name":"En Video et Photos || Brandao Vs Thiago Motta &#8211; Coup de Tete"}]},{"@type":"WebSite","@id":"https:\/\/psgfans.fr\/#website","url":"https:\/\/psgfans.fr\/","name":"PSG FANS","description":"Unit\u00e9, Passion, Victoire : Au C\u0153ur du Paris Saint-Germain!","potentialAction":[{"@type":"SearchAction","target":{"@type":"EntryPoint","urlTemplate":"https:\/\/psgfans.fr\/?s={search_term_string}"},"query-input":{"@type":"PropertyValueSpecification","valueRequired":true,"valueName":"search_term_string"}}],"inLanguage":"fr-FR"},{"@type":"Person","@id":"https:\/\/psgfans.fr\/#\/schema\/person\/be2237e7a0237af2f29cb344b3c55e6c","name":"psgfans","image":{"@type":"ImageObject","inLanguage":"fr-FR","@id":"https:\/\/secure.gravatar.com\/avatar\/?s=96&d=mm&r=g","url":"https:\/\/secure.gravatar.com\/avatar\/?s=96&d=mm&r=g","contentUrl":"https:\/\/secure.gravatar.com\/avatar\/?s=96&d=mm&r=g","caption":"psgfans"},"url":"https:\/\/psgfans.fr\/?author=2"}]}},"_links":{"self":[{"href":"https:\/\/psgfans.fr\/index.php?rest_route=\/wp\/v2\/posts\/486","targetHints":{"allow":["GET"]}}],"collection":[{"href":"https:\/\/psgfans.fr\/index.php?rest_route=\/wp\/v2\/posts"}],"about":[{"href":"https:\/\/psgfans.fr\/index.php?rest_route=\/wp\/v2\/types\/post"}],"author":[{"embeddable":true,"href":"https:\/\/psgfans.fr\/index.php?rest_route=\/wp\/v2\/users\/2"}],"replies":[{"embeddable":true,"href":"https:\/\/psgfans.fr\/index.php?rest_route=%2Fwp%2Fv2%2Fcomments&post=486"}],"version-history":[{"count":0,"href":"https:\/\/psgfans.fr\/index.php?rest_route=\/wp\/v2\/posts\/486\/revisions"}],"wp:attachment":[{"href":"https:\/\/psgfans.fr\/index.php?rest_route=%2Fwp%2Fv2%2Fmedia&parent=486"}],"wp:term":[{"taxonomy":"category","embeddable":true,"href":"https:\/\/psgfans.fr\/index.php?rest_route=%2Fwp%2Fv2%2Fcategories&post=486"},{"taxonomy":"post_tag","embeddable":true,"href":"https:\/\/psgfans.fr\/index.php?rest_route=%2Fwp%2Fv2%2Ftags&post=486"}],"curies":[{"name":"wp","href":"https:\/\/api.w.org\/{rel}","templated":true}]}}