{"id":484,"date":"2014-08-18T21:52:00","date_gmt":"2014-08-18T20:52:00","guid":{"rendered":"https:\/\/psgfans.fr\/?p=484"},"modified":"2014-08-18T21:52:00","modified_gmt":"2014-08-18T20:52:00","slug":"psg-ibra-absent-au-moins-un-mois","status":"publish","type":"post","link":"https:\/\/psgfans.fr\/?p=484","title":{"rendered":"PSG : Ibra absent au moins un mois"},"content":{"rendered":"<div style=\"clear: both; text-align: center;\"><a href=\"https:\/\/blogger.googleusercontent.com\/img\/b\/R29vZ2xl\/AVvXsEjT7U9ObybY9MeBksJc_YzRt0BZPTZ9-2m66EHaO360-jGRZmfESnvpDUILKbJOMupMyc7ebF0wriStJHa8I3OXP9AbyW3h8n868cC_DtwL64XOI-76tkYFfcSVFzr31ewBQmM8fPrM8DQ\/s1600\/&amp;&amp;.jpg\" style=\"margin-left: 1em; margin-right: 1em;\"><img loading=\"lazy\" decoding=\"async\" border=\"0\" src=\"https:\/\/blogger.googleusercontent.com\/img\/b\/R29vZ2xl\/AVvXsEjT7U9ObybY9MeBksJc_YzRt0BZPTZ9-2m66EHaO360-jGRZmfESnvpDUILKbJOMupMyc7ebF0wriStJHa8I3OXP9AbyW3h8n868cC_DtwL64XOI-76tkYFfcSVFzr31ewBQmM8fPrM8DQ\/s1600\/&amp;&amp;.jpg\" height=\"285\" width=\"400\" \/><\/a><\/div>\n<p>La sortie de Zlatan Ibrahimovic samedi apr\u00e8s qu&rsquo;il s&rsquo;est tenu les c\u00f4tes sur un crochet \u00e9tait presque pass\u00e9e inaper\u00e7ue en raison du passage du typhon Brandao. Mais la blessure de l&rsquo;avant-centre parisien va donner bien des maux de t\u00eate \u00e0 Laurent Blanc. Le Su\u00e9dois souffre d&rsquo;une d\u00e9sinsertion partielle du muscle oblique gauche au niveau des c\u00f4tes.<\/p>\n<p>En langage de b\u00e9otien, l&rsquo;attache de ce muscle abdominal qui permet d&rsquo;effectuer des rotations est d\u00e9chir\u00e9e. La dur\u00e9e de son indisponibilit\u00e9 est au minimum de quatre semaines.<\/p>\n<div style=\"clear: both; text-align: center;\"><a href=\"https:\/\/blogger.googleusercontent.com\/img\/b\/R29vZ2xl\/AVvXsEgu1RxoGz588ojsnCgRxXYEy4lm1CkXz5DFn1Zf1xw-g5evuzOBkxRM_I9HKesIgs7rkGqpGJ8Zj0CDFvSZe-oADURGRbPNuGHpTLJn8dkNrC51vMFnz84dzF4ZsOg__va5mr6yKQke48E\/s1600\/&amp;.jpg\" style=\"clear: left; float: left; margin-bottom: 1em; margin-right: 1em;\"><img loading=\"lazy\" decoding=\"async\" border=\"0\" src=\"https:\/\/blogger.googleusercontent.com\/img\/b\/R29vZ2xl\/AVvXsEgu1RxoGz588ojsnCgRxXYEy4lm1CkXz5DFn1Zf1xw-g5evuzOBkxRM_I9HKesIgs7rkGqpGJ8Zj0CDFvSZe-oADURGRbPNuGHpTLJn8dkNrC51vMFnz84dzF4ZsOg__va5mr6yKQke48E\/s1600\/&amp;.jpg\" height=\"318\" width=\"320\" \/><\/a><\/div>\n<p>\u00ab C&rsquo;est plus emb\u00eatant qu&rsquo;un claquage car c&rsquo;est une zone mal vascularis\u00e9e qui cicatrise tr\u00e8s lentement, explique Jean-Pierre Paclet, l&rsquo;ancien m\u00e9decin de l&rsquo;\u00e9quipe de France. Le traitement consiste en des soins locaux, des massages et des mobilisations douces. Pour ne pas perdre du temps sur sa reprise, il va n\u00e9anmoins pouvoir continuer \u00e0 travailler sans solliciter ce muscle. \u00bb<\/p>\n<p>En Ligue 1, Ibra devrait donc manquer au moins les rencontres contre Evian, Saint-Etienne et Rennes. Le capitaine su\u00e9dois ne sera pas non plus disponible pour les rencontres de sa s\u00e9lection contre l&rsquo;Estonie et l&rsquo;Autriche les 4 et 8 septembre. Sa participation au premier match de Ligue des champions est aussi incertaine si Paris doit jouer d\u00e8s le 16 septembre.<\/p>\n<p>Apr\u00e8s la blessure \u00e0 la cuisse droite de Thiago Silva, contract\u00e9e face \u00e0 Naples le 11 ao\u00fbt, c&rsquo;est donc sans ses deux capitaines que Paris va devoir \u00e9voluer pendant un mois. Si l&rsquo;int\u00e9gration de David Luiz devrait permettre de soulager le secteur d\u00e9fensif, il revient d\u00e9sormais \u00e0 Edinson Cavani, seul avant-centre de m\u00e9tier disponible, de porter l&rsquo;attaque parisienne. Sa prestation et son but contre Bastia ont rassur\u00e9 sur l&rsquo;\u00e9tat de forme de l&rsquo;Uruguayen, apr\u00e8s une entame tr\u00e8s moyenne \u00e0 Reims. Mais une absence de longue dur\u00e9e d&rsquo;Ibrahimovic pourrait tout de m\u00eame pousser Paris \u00e0 s&rsquo;activer sur le march\u00e9 des transferts d&rsquo;ici la fin du mois d&rsquo;ao\u00fbt.<\/p>\n<p>Gr\u00e9gory Van der Wiel souffre d&rsquo;une fracture de l&rsquo;apophyse d&rsquo;une vert\u00e8bre apr\u00e8s un coup de genou de Brandao re\u00e7ue contre Bastia. Le d\u00e9fenseur lat\u00e9ral n\u00e9erlandais pourrait \u00eatre absent une dizaine de jours.<br \/>Le Parisien<\/p>\n","protected":false},"excerpt":{"rendered":"<p>La sortie de Zlatan Ibrahimovic samedi apr\u00e8s qu&rsquo;il s&rsquo;est tenu les c\u00f4tes sur un crochet \u00e9tait presque pass\u00e9e inaper\u00e7ue en raison du passage du typhon Brandao. Mais la blessure de l&rsquo;avant-centre parisien va donner bien des maux de t\u00eate \u00e0 Laurent Blanc. Le Su\u00e9dois souffre d&rsquo;une d\u00e9sinsertion partielle du muscle oblique gauche au niveau des [&hellip;]<\/p>\n","protected":false},"author":2,"featured_media":0,"comment_status":"open","ping_status":"open","sticky":false,"template":"","format":"standard","meta":{"footnotes":""},"categories":[3],"tags":[],"class_list":{"0":"post-484","1":"post","2":"type-post","3":"status-publish","4":"format-standard","6":"category-news"},"yoast_head":"<!-- This site is optimized with the Yoast SEO plugin v27.4 - https:\/\/yoast.com\/product\/yoast-seo-wordpress\/ -->\n<title>PSG : Ibra absent au moins un mois - PSG FANS<\/title>\n<meta name=\"robots\" content=\"index, follow, max-snippet:-1, max-image-preview:large, max-video-preview:-1\" \/>\n<link rel=\"canonical\" href=\"https:\/\/psgfans.fr\/?p=484\" \/>\n<meta property=\"og:locale\" content=\"fr_FR\" \/>\n<meta property=\"og:type\" content=\"article\" \/>\n<meta property=\"og:title\" content=\"PSG : Ibra absent au moins un mois - PSG FANS\" \/>\n<meta property=\"og:description\" content=\"La sortie de Zlatan Ibrahimovic samedi apr\u00e8s qu&rsquo;il s&rsquo;est tenu les c\u00f4tes sur un crochet \u00e9tait presque pass\u00e9e inaper\u00e7ue en raison du passage du typhon Brandao. Mais la blessure de l&rsquo;avant-centre parisien va donner bien des maux de t\u00eate \u00e0 Laurent Blanc. Le Su\u00e9dois souffre d&rsquo;une d\u00e9sinsertion partielle du muscle oblique gauche au niveau des [&hellip;]\" \/>\n<meta property=\"og:url\" content=\"https:\/\/psgfans.fr\/?p=484\" \/>\n<meta property=\"og:site_name\" content=\"PSG FANS\" \/>\n<meta property=\"article:published_time\" content=\"2014-08-18T20:52:00+00:00\" \/>\n<meta property=\"og:image\" content=\"https:\/\/blogger.googleusercontent.com\/img\/b\/R29vZ2xl\/AVvXsEjT7U9ObybY9MeBksJc_YzRt0BZPTZ9-2m66EHaO360-jGRZmfESnvpDUILKbJOMupMyc7ebF0wriStJHa8I3OXP9AbyW3h8n868cC_DtwL64XOI-76tkYFfcSVFzr31ewBQmM8fPrM8DQ\/s1600\/&amp;&amp;.jpg\" \/>\n<meta name=\"author\" content=\"psgfans\" \/>\n<meta name=\"twitter:card\" content=\"summary_large_image\" \/>\n<meta name=\"twitter:label1\" content=\"\u00c9crit par\" \/>\n\t<meta name=\"twitter:data1\" content=\"psgfans\" \/>\n\t<meta name=\"twitter:label2\" content=\"Dur\u00e9e de lecture estim\u00e9e\" \/>\n\t<meta name=\"twitter:data2\" content=\"2 minutes\" \/>\n<script type=\"application\/ld+json\" class=\"yoast-schema-graph\">{\"@context\":\"https:\\\/\\\/schema.org\",\"@graph\":[{\"@type\":\"Article\",\"@id\":\"https:\\\/\\\/psgfans.fr\\\/?p=484#article\",\"isPartOf\":{\"@id\":\"https:\\\/\\\/psgfans.fr\\\/?p=484\"},\"author\":{\"name\":\"psgfans\",\"@id\":\"https:\\\/\\\/psgfans.fr\\\/#\\\/schema\\\/person\\\/be2237e7a0237af2f29cb344b3c55e6c\"},\"headline\":\"PSG : Ibra absent au moins un mois\",\"datePublished\":\"2014-08-18T20:52:00+00:00\",\"mainEntityOfPage\":{\"@id\":\"https:\\\/\\\/psgfans.fr\\\/?p=484\"},\"wordCount\":399,\"commentCount\":0,\"image\":{\"@id\":\"https:\\\/\\\/psgfans.fr\\\/?p=484#primaryimage\"},\"thumbnailUrl\":\"https:\\\/\\\/blogger.googleusercontent.com\\\/img\\\/b\\\/R29vZ2xl\\\/AVvXsEjT7U9ObybY9MeBksJc_YzRt0BZPTZ9-2m66EHaO360-jGRZmfESnvpDUILKbJOMupMyc7ebF0wriStJHa8I3OXP9AbyW3h8n868cC_DtwL64XOI-76tkYFfcSVFzr31ewBQmM8fPrM8DQ\\\/s1600\\\/&amp;&amp;.jpg\",\"articleSection\":[\"News\"],\"inLanguage\":\"fr-FR\",\"potentialAction\":[{\"@type\":\"CommentAction\",\"name\":\"Comment\",\"target\":[\"https:\\\/\\\/psgfans.fr\\\/?p=484#respond\"]}]},{\"@type\":\"WebPage\",\"@id\":\"https:\\\/\\\/psgfans.fr\\\/?p=484\",\"url\":\"https:\\\/\\\/psgfans.fr\\\/?p=484\",\"name\":\"PSG : Ibra absent au moins un mois - PSG FANS\",\"isPartOf\":{\"@id\":\"https:\\\/\\\/psgfans.fr\\\/#website\"},\"primaryImageOfPage\":{\"@id\":\"https:\\\/\\\/psgfans.fr\\\/?p=484#primaryimage\"},\"image\":{\"@id\":\"https:\\\/\\\/psgfans.fr\\\/?p=484#primaryimage\"},\"thumbnailUrl\":\"https:\\\/\\\/blogger.googleusercontent.com\\\/img\\\/b\\\/R29vZ2xl\\\/AVvXsEjT7U9ObybY9MeBksJc_YzRt0BZPTZ9-2m66EHaO360-jGRZmfESnvpDUILKbJOMupMyc7ebF0wriStJHa8I3OXP9AbyW3h8n868cC_DtwL64XOI-76tkYFfcSVFzr31ewBQmM8fPrM8DQ\\\/s1600\\\/&amp;&amp;.jpg\",\"datePublished\":\"2014-08-18T20:52:00+00:00\",\"author\":{\"@id\":\"https:\\\/\\\/psgfans.fr\\\/#\\\/schema\\\/person\\\/be2237e7a0237af2f29cb344b3c55e6c\"},\"breadcrumb\":{\"@id\":\"https:\\\/\\\/psgfans.fr\\\/?p=484#breadcrumb\"},\"inLanguage\":\"fr-FR\",\"potentialAction\":[{\"@type\":\"ReadAction\",\"target\":[\"https:\\\/\\\/psgfans.fr\\\/?p=484\"]}]},{\"@type\":\"ImageObject\",\"inLanguage\":\"fr-FR\",\"@id\":\"https:\\\/\\\/psgfans.fr\\\/?p=484#primaryimage\",\"url\":\"https:\\\/\\\/blogger.googleusercontent.com\\\/img\\\/b\\\/R29vZ2xl\\\/AVvXsEjT7U9ObybY9MeBksJc_YzRt0BZPTZ9-2m66EHaO360-jGRZmfESnvpDUILKbJOMupMyc7ebF0wriStJHa8I3OXP9AbyW3h8n868cC_DtwL64XOI-76tkYFfcSVFzr31ewBQmM8fPrM8DQ\\\/s1600\\\/&amp;&amp;.jpg\",\"contentUrl\":\"https:\\\/\\\/blogger.googleusercontent.com\\\/img\\\/b\\\/R29vZ2xl\\\/AVvXsEjT7U9ObybY9MeBksJc_YzRt0BZPTZ9-2m66EHaO360-jGRZmfESnvpDUILKbJOMupMyc7ebF0wriStJHa8I3OXP9AbyW3h8n868cC_DtwL64XOI-76tkYFfcSVFzr31ewBQmM8fPrM8DQ\\\/s1600\\\/&amp;&amp;.jpg\"},{\"@type\":\"BreadcrumbList\",\"@id\":\"https:\\\/\\\/psgfans.fr\\\/?p=484#breadcrumb\",\"itemListElement\":[{\"@type\":\"ListItem\",\"position\":1,\"name\":\"Accueil\",\"item\":\"https:\\\/\\\/psgfans.fr\\\/\"},{\"@type\":\"ListItem\",\"position\":2,\"name\":\"PSG : Ibra absent au moins un mois\"}]},{\"@type\":\"WebSite\",\"@id\":\"https:\\\/\\\/psgfans.fr\\\/#website\",\"url\":\"https:\\\/\\\/psgfans.fr\\\/\",\"name\":\"PSG FANS\",\"description\":\"Unit\u00e9, Passion, Victoire : Au C\u0153ur du Paris Saint-Germain!\",\"potentialAction\":[{\"@type\":\"SearchAction\",\"target\":{\"@type\":\"EntryPoint\",\"urlTemplate\":\"https:\\\/\\\/psgfans.fr\\\/?s={search_term_string}\"},\"query-input\":{\"@type\":\"PropertyValueSpecification\",\"valueRequired\":true,\"valueName\":\"search_term_string\"}}],\"inLanguage\":\"fr-FR\"},{\"@type\":\"Person\",\"@id\":\"https:\\\/\\\/psgfans.fr\\\/#\\\/schema\\\/person\\\/be2237e7a0237af2f29cb344b3c55e6c\",\"name\":\"psgfans\",\"image\":{\"@type\":\"ImageObject\",\"inLanguage\":\"fr-FR\",\"@id\":\"https:\\\/\\\/secure.gravatar.com\\\/avatar\\\/?s=96&d=mm&r=g\",\"url\":\"https:\\\/\\\/secure.gravatar.com\\\/avatar\\\/?s=96&d=mm&r=g\",\"contentUrl\":\"https:\\\/\\\/secure.gravatar.com\\\/avatar\\\/?s=96&d=mm&r=g\",\"caption\":\"psgfans\"},\"url\":\"https:\\\/\\\/psgfans.fr\\\/?author=2\"}]}<\/script>\n<!-- \/ Yoast SEO plugin. -->","yoast_head_json":{"title":"PSG : Ibra absent au moins un mois - PSG FANS","robots":{"index":"index","follow":"follow","max-snippet":"max-snippet:-1","max-image-preview":"max-image-preview:large","max-video-preview":"max-video-preview:-1"},"canonical":"https:\/\/psgfans.fr\/?p=484","og_locale":"fr_FR","og_type":"article","og_title":"PSG : Ibra absent au moins un mois - PSG FANS","og_description":"La sortie de Zlatan Ibrahimovic samedi apr\u00e8s qu&rsquo;il s&rsquo;est tenu les c\u00f4tes sur un crochet \u00e9tait presque pass\u00e9e inaper\u00e7ue en raison du passage du typhon Brandao. Mais la blessure de l&rsquo;avant-centre parisien va donner bien des maux de t\u00eate \u00e0 Laurent Blanc. Le Su\u00e9dois souffre d&rsquo;une d\u00e9sinsertion partielle du muscle oblique gauche au niveau des [&hellip;]","og_url":"https:\/\/psgfans.fr\/?p=484","og_site_name":"PSG FANS","article_published_time":"2014-08-18T20:52:00+00:00","og_image":[{"url":"https:\/\/blogger.googleusercontent.com\/img\/b\/R29vZ2xl\/AVvXsEjT7U9ObybY9MeBksJc_YzRt0BZPTZ9-2m66EHaO360-jGRZmfESnvpDUILKbJOMupMyc7ebF0wriStJHa8I3OXP9AbyW3h8n868cC_DtwL64XOI-76tkYFfcSVFzr31ewBQmM8fPrM8DQ\/s1600\/&amp;&amp;.jpg","type":"","width":"","height":""}],"author":"psgfans","twitter_card":"summary_large_image","twitter_misc":{"\u00c9crit par":"psgfans","Dur\u00e9e de lecture estim\u00e9e":"2 minutes"},"schema":{"@context":"https:\/\/schema.org","@graph":[{"@type":"Article","@id":"https:\/\/psgfans.fr\/?p=484#article","isPartOf":{"@id":"https:\/\/psgfans.fr\/?p=484"},"author":{"name":"psgfans","@id":"https:\/\/psgfans.fr\/#\/schema\/person\/be2237e7a0237af2f29cb344b3c55e6c"},"headline":"PSG : Ibra absent au moins un mois","datePublished":"2014-08-18T20:52:00+00:00","mainEntityOfPage":{"@id":"https:\/\/psgfans.fr\/?p=484"},"wordCount":399,"commentCount":0,"image":{"@id":"https:\/\/psgfans.fr\/?p=484#primaryimage"},"thumbnailUrl":"https:\/\/blogger.googleusercontent.com\/img\/b\/R29vZ2xl\/AVvXsEjT7U9ObybY9MeBksJc_YzRt0BZPTZ9-2m66EHaO360-jGRZmfESnvpDUILKbJOMupMyc7ebF0wriStJHa8I3OXP9AbyW3h8n868cC_DtwL64XOI-76tkYFfcSVFzr31ewBQmM8fPrM8DQ\/s1600\/&amp;&amp;.jpg","articleSection":["News"],"inLanguage":"fr-FR","potentialAction":[{"@type":"CommentAction","name":"Comment","target":["https:\/\/psgfans.fr\/?p=484#respond"]}]},{"@type":"WebPage","@id":"https:\/\/psgfans.fr\/?p=484","url":"https:\/\/psgfans.fr\/?p=484","name":"PSG : Ibra absent au moins un mois - PSG FANS","isPartOf":{"@id":"https:\/\/psgfans.fr\/#website"},"primaryImageOfPage":{"@id":"https:\/\/psgfans.fr\/?p=484#primaryimage"},"image":{"@id":"https:\/\/psgfans.fr\/?p=484#primaryimage"},"thumbnailUrl":"https:\/\/blogger.googleusercontent.com\/img\/b\/R29vZ2xl\/AVvXsEjT7U9ObybY9MeBksJc_YzRt0BZPTZ9-2m66EHaO360-jGRZmfESnvpDUILKbJOMupMyc7ebF0wriStJHa8I3OXP9AbyW3h8n868cC_DtwL64XOI-76tkYFfcSVFzr31ewBQmM8fPrM8DQ\/s1600\/&amp;&amp;.jpg","datePublished":"2014-08-18T20:52:00+00:00","author":{"@id":"https:\/\/psgfans.fr\/#\/schema\/person\/be2237e7a0237af2f29cb344b3c55e6c"},"breadcrumb":{"@id":"https:\/\/psgfans.fr\/?p=484#breadcrumb"},"inLanguage":"fr-FR","potentialAction":[{"@type":"ReadAction","target":["https:\/\/psgfans.fr\/?p=484"]}]},{"@type":"ImageObject","inLanguage":"fr-FR","@id":"https:\/\/psgfans.fr\/?p=484#primaryimage","url":"https:\/\/blogger.googleusercontent.com\/img\/b\/R29vZ2xl\/AVvXsEjT7U9ObybY9MeBksJc_YzRt0BZPTZ9-2m66EHaO360-jGRZmfESnvpDUILKbJOMupMyc7ebF0wriStJHa8I3OXP9AbyW3h8n868cC_DtwL64XOI-76tkYFfcSVFzr31ewBQmM8fPrM8DQ\/s1600\/&amp;&amp;.jpg","contentUrl":"https:\/\/blogger.googleusercontent.com\/img\/b\/R29vZ2xl\/AVvXsEjT7U9ObybY9MeBksJc_YzRt0BZPTZ9-2m66EHaO360-jGRZmfESnvpDUILKbJOMupMyc7ebF0wriStJHa8I3OXP9AbyW3h8n868cC_DtwL64XOI-76tkYFfcSVFzr31ewBQmM8fPrM8DQ\/s1600\/&amp;&amp;.jpg"},{"@type":"BreadcrumbList","@id":"https:\/\/psgfans.fr\/?p=484#breadcrumb","itemListElement":[{"@type":"ListItem","position":1,"name":"Accueil","item":"https:\/\/psgfans.fr\/"},{"@type":"ListItem","position":2,"name":"PSG : Ibra absent au moins un mois"}]},{"@type":"WebSite","@id":"https:\/\/psgfans.fr\/#website","url":"https:\/\/psgfans.fr\/","name":"PSG FANS","description":"Unit\u00e9, Passion, Victoire : Au C\u0153ur du Paris Saint-Germain!","potentialAction":[{"@type":"SearchAction","target":{"@type":"EntryPoint","urlTemplate":"https:\/\/psgfans.fr\/?s={search_term_string}"},"query-input":{"@type":"PropertyValueSpecification","valueRequired":true,"valueName":"search_term_string"}}],"inLanguage":"fr-FR"},{"@type":"Person","@id":"https:\/\/psgfans.fr\/#\/schema\/person\/be2237e7a0237af2f29cb344b3c55e6c","name":"psgfans","image":{"@type":"ImageObject","inLanguage":"fr-FR","@id":"https:\/\/secure.gravatar.com\/avatar\/?s=96&d=mm&r=g","url":"https:\/\/secure.gravatar.com\/avatar\/?s=96&d=mm&r=g","contentUrl":"https:\/\/secure.gravatar.com\/avatar\/?s=96&d=mm&r=g","caption":"psgfans"},"url":"https:\/\/psgfans.fr\/?author=2"}]}},"_links":{"self":[{"href":"https:\/\/psgfans.fr\/index.php?rest_route=\/wp\/v2\/posts\/484","targetHints":{"allow":["GET"]}}],"collection":[{"href":"https:\/\/psgfans.fr\/index.php?rest_route=\/wp\/v2\/posts"}],"about":[{"href":"https:\/\/psgfans.fr\/index.php?rest_route=\/wp\/v2\/types\/post"}],"author":[{"embeddable":true,"href":"https:\/\/psgfans.fr\/index.php?rest_route=\/wp\/v2\/users\/2"}],"replies":[{"embeddable":true,"href":"https:\/\/psgfans.fr\/index.php?rest_route=%2Fwp%2Fv2%2Fcomments&post=484"}],"version-history":[{"count":0,"href":"https:\/\/psgfans.fr\/index.php?rest_route=\/wp\/v2\/posts\/484\/revisions"}],"wp:attachment":[{"href":"https:\/\/psgfans.fr\/index.php?rest_route=%2Fwp%2Fv2%2Fmedia&parent=484"}],"wp:term":[{"taxonomy":"category","embeddable":true,"href":"https:\/\/psgfans.fr\/index.php?rest_route=%2Fwp%2Fv2%2Fcategories&post=484"},{"taxonomy":"post_tag","embeddable":true,"href":"https:\/\/psgfans.fr\/index.php?rest_route=%2Fwp%2Fv2%2Ftags&post=484"}],"curies":[{"name":"wp","href":"https:\/\/api.w.org\/{rel}","templated":true}]}}