{"id":483,"date":"2014-08-18T21:54:00","date_gmt":"2014-08-18T20:54:00","guid":{"rendered":"https:\/\/psgfans.fr\/?p=483"},"modified":"2014-08-18T21:54:00","modified_gmt":"2014-08-18T20:54:00","slug":"david-luiz-a-marque-des-points","status":"publish","type":"post","link":"https:\/\/psgfans.fr\/?p=483","title":{"rendered":"David Luiz a marqu\u00e9 des points"},"content":{"rendered":"<div style=\"clear: both; text-align: center;\"><a href=\"https:\/\/blogger.googleusercontent.com\/img\/b\/R29vZ2xl\/AVvXsEh_1uLgXdtmV2Fi4d-8SIKGFzRuLcJyjCLLaDmkJKNVZwTkWvkd_pjLQOUteDPkBC6rlobdzMM36pQYLnKdS3QwN331tkKMwTXp3ld7ObdDA75z2N4LKFRG1OVaDmQo_UMeQ9s0Ies4oh8\/s1600\/&amp;.jpg\" style=\"margin-left: 1em; margin-right: 1em;\"><img loading=\"lazy\" decoding=\"async\" border=\"0\" src=\"https:\/\/blogger.googleusercontent.com\/img\/b\/R29vZ2xl\/AVvXsEh_1uLgXdtmV2Fi4d-8SIKGFzRuLcJyjCLLaDmkJKNVZwTkWvkd_pjLQOUteDPkBC6rlobdzMM36pQYLnKdS3QwN331tkKMwTXp3ld7ObdDA75z2N4LKFRG1OVaDmQo_UMeQ9s0Ies4oh8\/s1600\/&amp;.jpg\" height=\"201\" width=\"400\" \/><\/a><\/div>\n<p><b><br \/><\/b><b><br \/><\/b><b>Convaincant samedi face \u00e0 Bastia (2-0), m\u00eame s&rsquo;\u00abil n&rsquo;a pas eu grand-chose \u00e0 faire\u00bb, David Luiz semble d\u00e9j\u00e0 faire l&rsquo;unanimit\u00e9 \u00e0 Paris. Le Br\u00e9silien a en tout cas appr\u00e9ci\u00e9 ses d\u00e9buts en Ligue 1, en esp\u00e9rant \u00eatre \u00e0 100% \u00e0 partir du mois de septembre.<\/b><\/p>\n<div><\/div>\n<p>\u00abLa tr\u00e8s grande classe\u00bb (Al-Khela\u00effi), \u00abun tr\u00e8s grand joueur\u00bb (Marquinhos), \u00abfacile techniquement\u00bb (Blanc)\u2026 Les \u00e9loges ne se sont pas fait attendre dans les couloirs du Parc des Princes apr\u00e8s la premi\u00e8re apparition officielle de David Luiz avec le maillot du PSG et la victoire face \u00e0 Bastia samedi en fin d\u2019apr\u00e8s-midi (2-0). Dans un match o\u00f9 il n\u2019a pas souvent \u00e9t\u00e9 mis \u00e0 contribution, le Br\u00e9silien, recrue phare du champion de France cet \u00e9t\u00e9, s\u2019est montr\u00e9 tr\u00e8s rassurant, gagnant ses duels, relan\u00e7ant proprement et sauvant m\u00eame les siens en fin de match avec un tacle parfait sur Maboulou dans la surface. \u00abIl n&rsquo;a pas eu grand-chose \u00e0 faire, mais il l&rsquo;a bien fait, a confirm\u00e9 son entra\u00eeneur. On l&rsquo;a pris car c&rsquo;est un bon d\u00e9fenseur, avec beaucoup d&rsquo;efficacit\u00e9 d\u00e9fensive.\u00bb<br \/>\u00abOn doit montrer le bon exemple\u00bb<\/p>\n<p>Dans un apr\u00e8s-match terni par le coup de t\u00eate de Brandao sur Thiago Motta, le large sourire et la bonne humeur de David Luiz ont un peu d\u00e9tendu l\u2019atmosph\u00e8re. Tr\u00e8s bavard, entre deux blagues avec ses co\u00e9quipiers br\u00e9siliens, il a pris le temps de r\u00e9pondre aux nombreuses questions, toujours avec philosophie. Ainsi, sur \u00abl\u2019affaire\u00bb du jour, il a tent\u00e9 de calmer un peu le jeu, sans pour autant d\u00e9douaner Brandao : \u00abOn a la chance de faire le plus beau m\u00e9tier du monde. Notre chance, c\u2019est de jouer au football. Et ce qui s\u2019est pass\u00e9, ce n\u2019est pas du football. Il peut y avoir des tensions sur le terrain mais il faut passer \u00e0 autre chose \u00e0 la fin du match. Brandao ne l\u2019a pas fait et c\u2019est dommage. Ce n\u2019est pas \u00e0 moi de le bl\u00e2mer, il y a une commission de discipline pour \u00e7a mais j\u2019esp\u00e8re qu\u2019il s\u2019excusera. On doit montrer le bon exemple.\u00bb<br \/>\u00abLe but, c&rsquo;est d&rsquo;\u00eatre \u00e0 100% pour septembre et le retour de la Ligue des champions\u00bb C\u2019est ce qu\u2019il s\u2019est \u00e9vertu\u00e9 \u00e0 faire face aux Corses pour sa premi\u00e8re sortie au Parc des Princes. \u00abJ\u2019ai \u00e9t\u00e9 tr\u00e8s bien accueilli \u00e0 Paris, a-t-il racont\u00e9. Les supporters ont \u00e9t\u00e9 formidables, je me suis senti bien d\u00e8s les premi\u00e8res minutes. Tout s\u2019est bien pass\u00e9 avec Marquinhos. C\u2019\u00e9tait important de bien commencer \u00e0 domicile.\u00bb Il ne regrette en tout cas pas son choix d\u2019avoir quitt\u00e9 Chelsea, fid\u00e8le \u00e0 un \u00e9tat d\u2019esprit tr\u00e8s positif. \u00abC\u2019est s\u00fbr que la Premier League va me manquer, mais je m\u2019estime chanceux de jouer dans des grands clubs. Apr\u00e8s Chelsea, je suis \u00e0 Paris, c\u2019est comme un r\u00eave. Je ne peux pas me plaindre.\u00bb Recrut\u00e9 avant la Coupe du monde et arriv\u00e9 dans le groupe le 5 ao\u00fbt, il a jou\u00e9 tout le match et a reconnu \u00eatre \u00abtr\u00e8s fatigu\u00e9\u00bb. \u00abIl y a encore du boulot physiquement. Le but, c\u2019est d\u2019\u00eatre \u00e0 100% pour septembre et le retour de la Ligue des champions et de l\u2019encha\u00eenement des matches.\u00bb Vu sa prestation face \u00e0 Bastia, il a de quoi voir venir en ce qui concerne la Ligue 1. Et en attendant les grandes \u00e9ch\u00e9ances, comme il le dit en fran\u00e7ais, il faut \u00abprofiter de la vie\u00bb.<\/p>\n<p>lequipe.fr<\/p>\n","protected":false},"excerpt":{"rendered":"<p>Convaincant samedi face \u00e0 Bastia (2-0), m\u00eame s&rsquo;\u00abil n&rsquo;a pas eu grand-chose \u00e0 faire\u00bb, David Luiz semble d\u00e9j\u00e0 faire l&rsquo;unanimit\u00e9 \u00e0 Paris. Le Br\u00e9silien a en tout cas appr\u00e9ci\u00e9 ses d\u00e9buts en Ligue 1, en esp\u00e9rant \u00eatre \u00e0 100% \u00e0 partir du mois de septembre. \u00abLa tr\u00e8s grande classe\u00bb (Al-Khela\u00effi), \u00abun tr\u00e8s grand joueur\u00bb (Marquinhos), [&hellip;]<\/p>\n","protected":false},"author":2,"featured_media":0,"comment_status":"open","ping_status":"open","sticky":false,"template":"","format":"standard","meta":{"footnotes":""},"categories":[3],"tags":[],"class_list":{"0":"post-483","1":"post","2":"type-post","3":"status-publish","4":"format-standard","6":"category-news"},"yoast_head":"<!-- This site is optimized with the Yoast SEO plugin v27.4 - https:\/\/yoast.com\/product\/yoast-seo-wordpress\/ -->\n<title>David Luiz a marqu\u00e9 des points - PSG FANS<\/title>\n<meta name=\"robots\" content=\"index, follow, max-snippet:-1, max-image-preview:large, max-video-preview:-1\" \/>\n<link rel=\"canonical\" href=\"https:\/\/psgfans.fr\/?p=483\" \/>\n<meta property=\"og:locale\" content=\"fr_FR\" \/>\n<meta property=\"og:type\" content=\"article\" \/>\n<meta property=\"og:title\" content=\"David Luiz a marqu\u00e9 des points - PSG FANS\" \/>\n<meta property=\"og:description\" content=\"Convaincant samedi face \u00e0 Bastia (2-0), m\u00eame s&rsquo;\u00abil n&rsquo;a pas eu grand-chose \u00e0 faire\u00bb, David Luiz semble d\u00e9j\u00e0 faire l&rsquo;unanimit\u00e9 \u00e0 Paris. Le Br\u00e9silien a en tout cas appr\u00e9ci\u00e9 ses d\u00e9buts en Ligue 1, en esp\u00e9rant \u00eatre \u00e0 100% \u00e0 partir du mois de septembre. \u00abLa tr\u00e8s grande classe\u00bb (Al-Khela\u00effi), \u00abun tr\u00e8s grand joueur\u00bb (Marquinhos), [&hellip;]\" \/>\n<meta property=\"og:url\" content=\"https:\/\/psgfans.fr\/?p=483\" \/>\n<meta property=\"og:site_name\" content=\"PSG FANS\" \/>\n<meta property=\"article:published_time\" content=\"2014-08-18T20:54:00+00:00\" \/>\n<meta property=\"og:image\" content=\"https:\/\/blogger.googleusercontent.com\/img\/b\/R29vZ2xl\/AVvXsEh_1uLgXdtmV2Fi4d-8SIKGFzRuLcJyjCLLaDmkJKNVZwTkWvkd_pjLQOUteDPkBC6rlobdzMM36pQYLnKdS3QwN331tkKMwTXp3ld7ObdDA75z2N4LKFRG1OVaDmQo_UMeQ9s0Ies4oh8\/s1600\/&amp;.jpg\" \/>\n<meta name=\"author\" content=\"psgfans\" \/>\n<meta name=\"twitter:card\" content=\"summary_large_image\" \/>\n<meta name=\"twitter:label1\" content=\"\u00c9crit par\" \/>\n\t<meta name=\"twitter:data1\" content=\"psgfans\" \/>\n\t<meta name=\"twitter:label2\" content=\"Dur\u00e9e de lecture estim\u00e9e\" \/>\n\t<meta name=\"twitter:data2\" content=\"3 minutes\" \/>\n<script type=\"application\/ld+json\" class=\"yoast-schema-graph\">{\"@context\":\"https:\\\/\\\/schema.org\",\"@graph\":[{\"@type\":\"Article\",\"@id\":\"https:\\\/\\\/psgfans.fr\\\/?p=483#article\",\"isPartOf\":{\"@id\":\"https:\\\/\\\/psgfans.fr\\\/?p=483\"},\"author\":{\"name\":\"psgfans\",\"@id\":\"https:\\\/\\\/psgfans.fr\\\/#\\\/schema\\\/person\\\/be2237e7a0237af2f29cb344b3c55e6c\"},\"headline\":\"David Luiz a marqu\u00e9 des points\",\"datePublished\":\"2014-08-18T20:54:00+00:00\",\"mainEntityOfPage\":{\"@id\":\"https:\\\/\\\/psgfans.fr\\\/?p=483\"},\"wordCount\":616,\"commentCount\":0,\"image\":{\"@id\":\"https:\\\/\\\/psgfans.fr\\\/?p=483#primaryimage\"},\"thumbnailUrl\":\"https:\\\/\\\/blogger.googleusercontent.com\\\/img\\\/b\\\/R29vZ2xl\\\/AVvXsEh_1uLgXdtmV2Fi4d-8SIKGFzRuLcJyjCLLaDmkJKNVZwTkWvkd_pjLQOUteDPkBC6rlobdzMM36pQYLnKdS3QwN331tkKMwTXp3ld7ObdDA75z2N4LKFRG1OVaDmQo_UMeQ9s0Ies4oh8\\\/s1600\\\/&amp;.jpg\",\"articleSection\":[\"News\"],\"inLanguage\":\"fr-FR\",\"potentialAction\":[{\"@type\":\"CommentAction\",\"name\":\"Comment\",\"target\":[\"https:\\\/\\\/psgfans.fr\\\/?p=483#respond\"]}]},{\"@type\":\"WebPage\",\"@id\":\"https:\\\/\\\/psgfans.fr\\\/?p=483\",\"url\":\"https:\\\/\\\/psgfans.fr\\\/?p=483\",\"name\":\"David Luiz a marqu\u00e9 des points - PSG FANS\",\"isPartOf\":{\"@id\":\"https:\\\/\\\/psgfans.fr\\\/#website\"},\"primaryImageOfPage\":{\"@id\":\"https:\\\/\\\/psgfans.fr\\\/?p=483#primaryimage\"},\"image\":{\"@id\":\"https:\\\/\\\/psgfans.fr\\\/?p=483#primaryimage\"},\"thumbnailUrl\":\"https:\\\/\\\/blogger.googleusercontent.com\\\/img\\\/b\\\/R29vZ2xl\\\/AVvXsEh_1uLgXdtmV2Fi4d-8SIKGFzRuLcJyjCLLaDmkJKNVZwTkWvkd_pjLQOUteDPkBC6rlobdzMM36pQYLnKdS3QwN331tkKMwTXp3ld7ObdDA75z2N4LKFRG1OVaDmQo_UMeQ9s0Ies4oh8\\\/s1600\\\/&amp;.jpg\",\"datePublished\":\"2014-08-18T20:54:00+00:00\",\"author\":{\"@id\":\"https:\\\/\\\/psgfans.fr\\\/#\\\/schema\\\/person\\\/be2237e7a0237af2f29cb344b3c55e6c\"},\"breadcrumb\":{\"@id\":\"https:\\\/\\\/psgfans.fr\\\/?p=483#breadcrumb\"},\"inLanguage\":\"fr-FR\",\"potentialAction\":[{\"@type\":\"ReadAction\",\"target\":[\"https:\\\/\\\/psgfans.fr\\\/?p=483\"]}]},{\"@type\":\"ImageObject\",\"inLanguage\":\"fr-FR\",\"@id\":\"https:\\\/\\\/psgfans.fr\\\/?p=483#primaryimage\",\"url\":\"https:\\\/\\\/blogger.googleusercontent.com\\\/img\\\/b\\\/R29vZ2xl\\\/AVvXsEh_1uLgXdtmV2Fi4d-8SIKGFzRuLcJyjCLLaDmkJKNVZwTkWvkd_pjLQOUteDPkBC6rlobdzMM36pQYLnKdS3QwN331tkKMwTXp3ld7ObdDA75z2N4LKFRG1OVaDmQo_UMeQ9s0Ies4oh8\\\/s1600\\\/&amp;.jpg\",\"contentUrl\":\"https:\\\/\\\/blogger.googleusercontent.com\\\/img\\\/b\\\/R29vZ2xl\\\/AVvXsEh_1uLgXdtmV2Fi4d-8SIKGFzRuLcJyjCLLaDmkJKNVZwTkWvkd_pjLQOUteDPkBC6rlobdzMM36pQYLnKdS3QwN331tkKMwTXp3ld7ObdDA75z2N4LKFRG1OVaDmQo_UMeQ9s0Ies4oh8\\\/s1600\\\/&amp;.jpg\"},{\"@type\":\"BreadcrumbList\",\"@id\":\"https:\\\/\\\/psgfans.fr\\\/?p=483#breadcrumb\",\"itemListElement\":[{\"@type\":\"ListItem\",\"position\":1,\"name\":\"Accueil\",\"item\":\"https:\\\/\\\/psgfans.fr\\\/\"},{\"@type\":\"ListItem\",\"position\":2,\"name\":\"David Luiz a marqu\u00e9 des points\"}]},{\"@type\":\"WebSite\",\"@id\":\"https:\\\/\\\/psgfans.fr\\\/#website\",\"url\":\"https:\\\/\\\/psgfans.fr\\\/\",\"name\":\"PSG FANS\",\"description\":\"Unit\u00e9, Passion, Victoire : Au C\u0153ur du Paris Saint-Germain!\",\"potentialAction\":[{\"@type\":\"SearchAction\",\"target\":{\"@type\":\"EntryPoint\",\"urlTemplate\":\"https:\\\/\\\/psgfans.fr\\\/?s={search_term_string}\"},\"query-input\":{\"@type\":\"PropertyValueSpecification\",\"valueRequired\":true,\"valueName\":\"search_term_string\"}}],\"inLanguage\":\"fr-FR\"},{\"@type\":\"Person\",\"@id\":\"https:\\\/\\\/psgfans.fr\\\/#\\\/schema\\\/person\\\/be2237e7a0237af2f29cb344b3c55e6c\",\"name\":\"psgfans\",\"image\":{\"@type\":\"ImageObject\",\"inLanguage\":\"fr-FR\",\"@id\":\"https:\\\/\\\/secure.gravatar.com\\\/avatar\\\/?s=96&d=mm&r=g\",\"url\":\"https:\\\/\\\/secure.gravatar.com\\\/avatar\\\/?s=96&d=mm&r=g\",\"contentUrl\":\"https:\\\/\\\/secure.gravatar.com\\\/avatar\\\/?s=96&d=mm&r=g\",\"caption\":\"psgfans\"},\"url\":\"https:\\\/\\\/psgfans.fr\\\/?author=2\"}]}<\/script>\n<!-- \/ Yoast SEO plugin. -->","yoast_head_json":{"title":"David Luiz a marqu\u00e9 des points - PSG FANS","robots":{"index":"index","follow":"follow","max-snippet":"max-snippet:-1","max-image-preview":"max-image-preview:large","max-video-preview":"max-video-preview:-1"},"canonical":"https:\/\/psgfans.fr\/?p=483","og_locale":"fr_FR","og_type":"article","og_title":"David Luiz a marqu\u00e9 des points - PSG FANS","og_description":"Convaincant samedi face \u00e0 Bastia (2-0), m\u00eame s&rsquo;\u00abil n&rsquo;a pas eu grand-chose \u00e0 faire\u00bb, David Luiz semble d\u00e9j\u00e0 faire l&rsquo;unanimit\u00e9 \u00e0 Paris. Le Br\u00e9silien a en tout cas appr\u00e9ci\u00e9 ses d\u00e9buts en Ligue 1, en esp\u00e9rant \u00eatre \u00e0 100% \u00e0 partir du mois de septembre. \u00abLa tr\u00e8s grande classe\u00bb (Al-Khela\u00effi), \u00abun tr\u00e8s grand joueur\u00bb (Marquinhos), [&hellip;]","og_url":"https:\/\/psgfans.fr\/?p=483","og_site_name":"PSG FANS","article_published_time":"2014-08-18T20:54:00+00:00","og_image":[{"url":"https:\/\/blogger.googleusercontent.com\/img\/b\/R29vZ2xl\/AVvXsEh_1uLgXdtmV2Fi4d-8SIKGFzRuLcJyjCLLaDmkJKNVZwTkWvkd_pjLQOUteDPkBC6rlobdzMM36pQYLnKdS3QwN331tkKMwTXp3ld7ObdDA75z2N4LKFRG1OVaDmQo_UMeQ9s0Ies4oh8\/s1600\/&amp;.jpg","type":"","width":"","height":""}],"author":"psgfans","twitter_card":"summary_large_image","twitter_misc":{"\u00c9crit par":"psgfans","Dur\u00e9e de lecture estim\u00e9e":"3 minutes"},"schema":{"@context":"https:\/\/schema.org","@graph":[{"@type":"Article","@id":"https:\/\/psgfans.fr\/?p=483#article","isPartOf":{"@id":"https:\/\/psgfans.fr\/?p=483"},"author":{"name":"psgfans","@id":"https:\/\/psgfans.fr\/#\/schema\/person\/be2237e7a0237af2f29cb344b3c55e6c"},"headline":"David Luiz a marqu\u00e9 des points","datePublished":"2014-08-18T20:54:00+00:00","mainEntityOfPage":{"@id":"https:\/\/psgfans.fr\/?p=483"},"wordCount":616,"commentCount":0,"image":{"@id":"https:\/\/psgfans.fr\/?p=483#primaryimage"},"thumbnailUrl":"https:\/\/blogger.googleusercontent.com\/img\/b\/R29vZ2xl\/AVvXsEh_1uLgXdtmV2Fi4d-8SIKGFzRuLcJyjCLLaDmkJKNVZwTkWvkd_pjLQOUteDPkBC6rlobdzMM36pQYLnKdS3QwN331tkKMwTXp3ld7ObdDA75z2N4LKFRG1OVaDmQo_UMeQ9s0Ies4oh8\/s1600\/&amp;.jpg","articleSection":["News"],"inLanguage":"fr-FR","potentialAction":[{"@type":"CommentAction","name":"Comment","target":["https:\/\/psgfans.fr\/?p=483#respond"]}]},{"@type":"WebPage","@id":"https:\/\/psgfans.fr\/?p=483","url":"https:\/\/psgfans.fr\/?p=483","name":"David Luiz a marqu\u00e9 des points - PSG FANS","isPartOf":{"@id":"https:\/\/psgfans.fr\/#website"},"primaryImageOfPage":{"@id":"https:\/\/psgfans.fr\/?p=483#primaryimage"},"image":{"@id":"https:\/\/psgfans.fr\/?p=483#primaryimage"},"thumbnailUrl":"https:\/\/blogger.googleusercontent.com\/img\/b\/R29vZ2xl\/AVvXsEh_1uLgXdtmV2Fi4d-8SIKGFzRuLcJyjCLLaDmkJKNVZwTkWvkd_pjLQOUteDPkBC6rlobdzMM36pQYLnKdS3QwN331tkKMwTXp3ld7ObdDA75z2N4LKFRG1OVaDmQo_UMeQ9s0Ies4oh8\/s1600\/&amp;.jpg","datePublished":"2014-08-18T20:54:00+00:00","author":{"@id":"https:\/\/psgfans.fr\/#\/schema\/person\/be2237e7a0237af2f29cb344b3c55e6c"},"breadcrumb":{"@id":"https:\/\/psgfans.fr\/?p=483#breadcrumb"},"inLanguage":"fr-FR","potentialAction":[{"@type":"ReadAction","target":["https:\/\/psgfans.fr\/?p=483"]}]},{"@type":"ImageObject","inLanguage":"fr-FR","@id":"https:\/\/psgfans.fr\/?p=483#primaryimage","url":"https:\/\/blogger.googleusercontent.com\/img\/b\/R29vZ2xl\/AVvXsEh_1uLgXdtmV2Fi4d-8SIKGFzRuLcJyjCLLaDmkJKNVZwTkWvkd_pjLQOUteDPkBC6rlobdzMM36pQYLnKdS3QwN331tkKMwTXp3ld7ObdDA75z2N4LKFRG1OVaDmQo_UMeQ9s0Ies4oh8\/s1600\/&amp;.jpg","contentUrl":"https:\/\/blogger.googleusercontent.com\/img\/b\/R29vZ2xl\/AVvXsEh_1uLgXdtmV2Fi4d-8SIKGFzRuLcJyjCLLaDmkJKNVZwTkWvkd_pjLQOUteDPkBC6rlobdzMM36pQYLnKdS3QwN331tkKMwTXp3ld7ObdDA75z2N4LKFRG1OVaDmQo_UMeQ9s0Ies4oh8\/s1600\/&amp;.jpg"},{"@type":"BreadcrumbList","@id":"https:\/\/psgfans.fr\/?p=483#breadcrumb","itemListElement":[{"@type":"ListItem","position":1,"name":"Accueil","item":"https:\/\/psgfans.fr\/"},{"@type":"ListItem","position":2,"name":"David Luiz a marqu\u00e9 des points"}]},{"@type":"WebSite","@id":"https:\/\/psgfans.fr\/#website","url":"https:\/\/psgfans.fr\/","name":"PSG FANS","description":"Unit\u00e9, Passion, Victoire : Au C\u0153ur du Paris Saint-Germain!","potentialAction":[{"@type":"SearchAction","target":{"@type":"EntryPoint","urlTemplate":"https:\/\/psgfans.fr\/?s={search_term_string}"},"query-input":{"@type":"PropertyValueSpecification","valueRequired":true,"valueName":"search_term_string"}}],"inLanguage":"fr-FR"},{"@type":"Person","@id":"https:\/\/psgfans.fr\/#\/schema\/person\/be2237e7a0237af2f29cb344b3c55e6c","name":"psgfans","image":{"@type":"ImageObject","inLanguage":"fr-FR","@id":"https:\/\/secure.gravatar.com\/avatar\/?s=96&d=mm&r=g","url":"https:\/\/secure.gravatar.com\/avatar\/?s=96&d=mm&r=g","contentUrl":"https:\/\/secure.gravatar.com\/avatar\/?s=96&d=mm&r=g","caption":"psgfans"},"url":"https:\/\/psgfans.fr\/?author=2"}]}},"_links":{"self":[{"href":"https:\/\/psgfans.fr\/index.php?rest_route=\/wp\/v2\/posts\/483","targetHints":{"allow":["GET"]}}],"collection":[{"href":"https:\/\/psgfans.fr\/index.php?rest_route=\/wp\/v2\/posts"}],"about":[{"href":"https:\/\/psgfans.fr\/index.php?rest_route=\/wp\/v2\/types\/post"}],"author":[{"embeddable":true,"href":"https:\/\/psgfans.fr\/index.php?rest_route=\/wp\/v2\/users\/2"}],"replies":[{"embeddable":true,"href":"https:\/\/psgfans.fr\/index.php?rest_route=%2Fwp%2Fv2%2Fcomments&post=483"}],"version-history":[{"count":0,"href":"https:\/\/psgfans.fr\/index.php?rest_route=\/wp\/v2\/posts\/483\/revisions"}],"wp:attachment":[{"href":"https:\/\/psgfans.fr\/index.php?rest_route=%2Fwp%2Fv2%2Fmedia&parent=483"}],"wp:term":[{"taxonomy":"category","embeddable":true,"href":"https:\/\/psgfans.fr\/index.php?rest_route=%2Fwp%2Fv2%2Fcategories&post=483"},{"taxonomy":"post_tag","embeddable":true,"href":"https:\/\/psgfans.fr\/index.php?rest_route=%2Fwp%2Fv2%2Ftags&post=483"}],"curies":[{"name":"wp","href":"https:\/\/api.w.org\/{rel}","templated":true}]}}