{"id":482,"date":"2014-08-18T21:56:00","date_gmt":"2014-08-18T20:56:00","guid":{"rendered":"https:\/\/psgfans.fr\/?p=482"},"modified":"2014-08-18T21:56:00","modified_gmt":"2014-08-18T20:56:00","slug":"le-psg-confirme-la-fracture-du-nez-de-thiago-motta","status":"publish","type":"post","link":"https:\/\/psgfans.fr\/?p=482","title":{"rendered":"Le PSG confirme la fracture du nez de Thiago Motta"},"content":{"rendered":"<div style=\"clear: both; text-align: center;\"><a href=\"https:\/\/blogger.googleusercontent.com\/img\/b\/R29vZ2xl\/AVvXsEi9ik5d-h-cS8akDBQLa9yA4Hvi0arV-mU2X0fxdHZm54JOok12uH1KBpoNaElflwBNbvjvtU5C3jjNZ4W3gy3SiMqBi1zWk-ZovJED4S6kt5PdCDS2eT-hppfA7_45-FXbdAsanXCXXIw\/s1600\/&amp;.jpg\" style=\"margin-left: 1em; margin-right: 1em;\"><img loading=\"lazy\" decoding=\"async\" border=\"0\" src=\"https:\/\/blogger.googleusercontent.com\/img\/b\/R29vZ2xl\/AVvXsEi9ik5d-h-cS8akDBQLa9yA4Hvi0arV-mU2X0fxdHZm54JOok12uH1KBpoNaElflwBNbvjvtU5C3jjNZ4W3gy3SiMqBi1zWk-ZovJED4S6kt5PdCDS2eT-hppfA7_45-FXbdAsanXCXXIw\/s1600\/&amp;.jpg\" height=\"263\" width=\"400\" \/><\/a><\/div>\n<p>Thiago Motta souffre d&rsquo;une fracture du nez sans d\u00e9placement suite \u00e0 son agression par Brandao \u00e0 l&rsquo;issue de la rencontre PSG-Bastia samedi soir au Parc des Princes. \u00abL&rsquo;\u00e9volution sous traitement m\u00e9dical dans les prochains jours permettra de fixer la p\u00e9riode d&rsquo;indisponibilit\u00e9 \u00bb, pr\u00e9cise le club parisien.<\/p>\n<p>Si sa participation \u00e0 la rencontre de la 3e journ\u00e9e de Ligue 1 Evian &#8211; PSG, vendredi, est incertaine, le milieu italien pourrait n\u00e9anmoins rejouer relativement rapidement. Une protection faciale pourrait en effet lui permettre de participer normalement \u00e0 une rencontre de haut niveau.<\/p>\n<p>Zlatan Ibrahimovic, sorti d\u00e8s la seizi\u00e8me minute de la rencontre entre le PSG et Bastia, souffre de son c\u00f4t\u00e9 d&rsquo;une d\u00e9sinsertion partielle du muscle oblique gauche sur la douzi\u00e8me cote. \u00abL&rsquo;\u00e9volution sous traitement m\u00e9dical dans les prochains jours permettra de fixer la p\u00e9riode d&rsquo;indisponibilit\u00e9\u00bb, indique le PSG sans autre pr\u00e9cision. Le joueur parisien s&rsquo;\u00e9tait bless\u00e9 seul en tout d\u00e9but de rencontre.<\/p>\n<p>Enfin, Gregory van der Wiel, touch\u00e9 lui au cours de la rencontre par un coup de genou de Brandao, est victime d&rsquo;une fracture de l&rsquo;apophyse transverse droite de la deuxi\u00e8me vert\u00e8bre lombaire. L\u00e0 encore, le club n&rsquo;a pas pr\u00e9cis\u00e9 la dur\u00e9e de l&rsquo;indisponibilit\u00e9 de son d\u00e9fenseur n\u00e9erlandais.<\/p>\n<p>LeParisien.fr<\/p>\n","protected":false},"excerpt":{"rendered":"<p>Thiago Motta souffre d&rsquo;une fracture du nez sans d\u00e9placement suite \u00e0 son agression par Brandao \u00e0 l&rsquo;issue de la rencontre PSG-Bastia samedi soir au Parc des Princes. \u00abL&rsquo;\u00e9volution sous traitement m\u00e9dical dans les prochains jours permettra de fixer la p\u00e9riode d&rsquo;indisponibilit\u00e9 \u00bb, pr\u00e9cise le club parisien. Si sa participation \u00e0 la rencontre de la 3e [&hellip;]<\/p>\n","protected":false},"author":2,"featured_media":0,"comment_status":"open","ping_status":"open","sticky":false,"template":"","format":"standard","meta":{"footnotes":""},"categories":[3],"tags":[],"class_list":{"0":"post-482","1":"post","2":"type-post","3":"status-publish","4":"format-standard","6":"category-news"},"yoast_head":"<!-- This site is optimized with the Yoast SEO plugin v27.4 - https:\/\/yoast.com\/product\/yoast-seo-wordpress\/ -->\n<title>Le PSG confirme la fracture du nez de Thiago Motta - PSG FANS<\/title>\n<meta name=\"robots\" content=\"index, follow, max-snippet:-1, max-image-preview:large, max-video-preview:-1\" \/>\n<link rel=\"canonical\" href=\"https:\/\/psgfans.fr\/?p=482\" \/>\n<meta property=\"og:locale\" content=\"fr_FR\" \/>\n<meta property=\"og:type\" content=\"article\" \/>\n<meta property=\"og:title\" content=\"Le PSG confirme la fracture du nez de Thiago Motta - PSG FANS\" \/>\n<meta property=\"og:description\" content=\"Thiago Motta souffre d&rsquo;une fracture du nez sans d\u00e9placement suite \u00e0 son agression par Brandao \u00e0 l&rsquo;issue de la rencontre PSG-Bastia samedi soir au Parc des Princes. \u00abL&rsquo;\u00e9volution sous traitement m\u00e9dical dans les prochains jours permettra de fixer la p\u00e9riode d&rsquo;indisponibilit\u00e9 \u00bb, pr\u00e9cise le club parisien. Si sa participation \u00e0 la rencontre de la 3e [&hellip;]\" \/>\n<meta property=\"og:url\" content=\"https:\/\/psgfans.fr\/?p=482\" \/>\n<meta property=\"og:site_name\" content=\"PSG FANS\" \/>\n<meta property=\"article:published_time\" content=\"2014-08-18T20:56:00+00:00\" \/>\n<meta property=\"og:image\" content=\"https:\/\/blogger.googleusercontent.com\/img\/b\/R29vZ2xl\/AVvXsEi9ik5d-h-cS8akDBQLa9yA4Hvi0arV-mU2X0fxdHZm54JOok12uH1KBpoNaElflwBNbvjvtU5C3jjNZ4W3gy3SiMqBi1zWk-ZovJED4S6kt5PdCDS2eT-hppfA7_45-FXbdAsanXCXXIw\/s1600\/&amp;.jpg\" \/>\n<meta name=\"author\" content=\"psgfans\" \/>\n<meta name=\"twitter:card\" content=\"summary_large_image\" \/>\n<meta name=\"twitter:label1\" content=\"\u00c9crit par\" \/>\n\t<meta name=\"twitter:data1\" content=\"psgfans\" \/>\n\t<meta name=\"twitter:label2\" content=\"Dur\u00e9e de lecture estim\u00e9e\" \/>\n\t<meta name=\"twitter:data2\" content=\"1 minute\" \/>\n<script type=\"application\/ld+json\" class=\"yoast-schema-graph\">{\"@context\":\"https:\\\/\\\/schema.org\",\"@graph\":[{\"@type\":\"Article\",\"@id\":\"https:\\\/\\\/psgfans.fr\\\/?p=482#article\",\"isPartOf\":{\"@id\":\"https:\\\/\\\/psgfans.fr\\\/?p=482\"},\"author\":{\"name\":\"psgfans\",\"@id\":\"https:\\\/\\\/psgfans.fr\\\/#\\\/schema\\\/person\\\/be2237e7a0237af2f29cb344b3c55e6c\"},\"headline\":\"Le PSG confirme la fracture du nez de Thiago Motta\",\"datePublished\":\"2014-08-18T20:56:00+00:00\",\"mainEntityOfPage\":{\"@id\":\"https:\\\/\\\/psgfans.fr\\\/?p=482\"},\"wordCount\":237,\"commentCount\":0,\"image\":{\"@id\":\"https:\\\/\\\/psgfans.fr\\\/?p=482#primaryimage\"},\"thumbnailUrl\":\"https:\\\/\\\/blogger.googleusercontent.com\\\/img\\\/b\\\/R29vZ2xl\\\/AVvXsEi9ik5d-h-cS8akDBQLa9yA4Hvi0arV-mU2X0fxdHZm54JOok12uH1KBpoNaElflwBNbvjvtU5C3jjNZ4W3gy3SiMqBi1zWk-ZovJED4S6kt5PdCDS2eT-hppfA7_45-FXbdAsanXCXXIw\\\/s1600\\\/&amp;.jpg\",\"articleSection\":[\"News\"],\"inLanguage\":\"fr-FR\",\"potentialAction\":[{\"@type\":\"CommentAction\",\"name\":\"Comment\",\"target\":[\"https:\\\/\\\/psgfans.fr\\\/?p=482#respond\"]}]},{\"@type\":\"WebPage\",\"@id\":\"https:\\\/\\\/psgfans.fr\\\/?p=482\",\"url\":\"https:\\\/\\\/psgfans.fr\\\/?p=482\",\"name\":\"Le PSG confirme la fracture du nez de Thiago Motta - PSG FANS\",\"isPartOf\":{\"@id\":\"https:\\\/\\\/psgfans.fr\\\/#website\"},\"primaryImageOfPage\":{\"@id\":\"https:\\\/\\\/psgfans.fr\\\/?p=482#primaryimage\"},\"image\":{\"@id\":\"https:\\\/\\\/psgfans.fr\\\/?p=482#primaryimage\"},\"thumbnailUrl\":\"https:\\\/\\\/blogger.googleusercontent.com\\\/img\\\/b\\\/R29vZ2xl\\\/AVvXsEi9ik5d-h-cS8akDBQLa9yA4Hvi0arV-mU2X0fxdHZm54JOok12uH1KBpoNaElflwBNbvjvtU5C3jjNZ4W3gy3SiMqBi1zWk-ZovJED4S6kt5PdCDS2eT-hppfA7_45-FXbdAsanXCXXIw\\\/s1600\\\/&amp;.jpg\",\"datePublished\":\"2014-08-18T20:56:00+00:00\",\"author\":{\"@id\":\"https:\\\/\\\/psgfans.fr\\\/#\\\/schema\\\/person\\\/be2237e7a0237af2f29cb344b3c55e6c\"},\"breadcrumb\":{\"@id\":\"https:\\\/\\\/psgfans.fr\\\/?p=482#breadcrumb\"},\"inLanguage\":\"fr-FR\",\"potentialAction\":[{\"@type\":\"ReadAction\",\"target\":[\"https:\\\/\\\/psgfans.fr\\\/?p=482\"]}]},{\"@type\":\"ImageObject\",\"inLanguage\":\"fr-FR\",\"@id\":\"https:\\\/\\\/psgfans.fr\\\/?p=482#primaryimage\",\"url\":\"https:\\\/\\\/blogger.googleusercontent.com\\\/img\\\/b\\\/R29vZ2xl\\\/AVvXsEi9ik5d-h-cS8akDBQLa9yA4Hvi0arV-mU2X0fxdHZm54JOok12uH1KBpoNaElflwBNbvjvtU5C3jjNZ4W3gy3SiMqBi1zWk-ZovJED4S6kt5PdCDS2eT-hppfA7_45-FXbdAsanXCXXIw\\\/s1600\\\/&amp;.jpg\",\"contentUrl\":\"https:\\\/\\\/blogger.googleusercontent.com\\\/img\\\/b\\\/R29vZ2xl\\\/AVvXsEi9ik5d-h-cS8akDBQLa9yA4Hvi0arV-mU2X0fxdHZm54JOok12uH1KBpoNaElflwBNbvjvtU5C3jjNZ4W3gy3SiMqBi1zWk-ZovJED4S6kt5PdCDS2eT-hppfA7_45-FXbdAsanXCXXIw\\\/s1600\\\/&amp;.jpg\"},{\"@type\":\"BreadcrumbList\",\"@id\":\"https:\\\/\\\/psgfans.fr\\\/?p=482#breadcrumb\",\"itemListElement\":[{\"@type\":\"ListItem\",\"position\":1,\"name\":\"Accueil\",\"item\":\"https:\\\/\\\/psgfans.fr\\\/\"},{\"@type\":\"ListItem\",\"position\":2,\"name\":\"Le PSG confirme la fracture du nez de Thiago Motta\"}]},{\"@type\":\"WebSite\",\"@id\":\"https:\\\/\\\/psgfans.fr\\\/#website\",\"url\":\"https:\\\/\\\/psgfans.fr\\\/\",\"name\":\"PSG FANS\",\"description\":\"Unit\u00e9, Passion, Victoire : Au C\u0153ur du Paris Saint-Germain!\",\"potentialAction\":[{\"@type\":\"SearchAction\",\"target\":{\"@type\":\"EntryPoint\",\"urlTemplate\":\"https:\\\/\\\/psgfans.fr\\\/?s={search_term_string}\"},\"query-input\":{\"@type\":\"PropertyValueSpecification\",\"valueRequired\":true,\"valueName\":\"search_term_string\"}}],\"inLanguage\":\"fr-FR\"},{\"@type\":\"Person\",\"@id\":\"https:\\\/\\\/psgfans.fr\\\/#\\\/schema\\\/person\\\/be2237e7a0237af2f29cb344b3c55e6c\",\"name\":\"psgfans\",\"image\":{\"@type\":\"ImageObject\",\"inLanguage\":\"fr-FR\",\"@id\":\"https:\\\/\\\/secure.gravatar.com\\\/avatar\\\/?s=96&d=mm&r=g\",\"url\":\"https:\\\/\\\/secure.gravatar.com\\\/avatar\\\/?s=96&d=mm&r=g\",\"contentUrl\":\"https:\\\/\\\/secure.gravatar.com\\\/avatar\\\/?s=96&d=mm&r=g\",\"caption\":\"psgfans\"},\"url\":\"https:\\\/\\\/psgfans.fr\\\/?author=2\"}]}<\/script>\n<!-- \/ Yoast SEO plugin. -->","yoast_head_json":{"title":"Le PSG confirme la fracture du nez de Thiago Motta - PSG FANS","robots":{"index":"index","follow":"follow","max-snippet":"max-snippet:-1","max-image-preview":"max-image-preview:large","max-video-preview":"max-video-preview:-1"},"canonical":"https:\/\/psgfans.fr\/?p=482","og_locale":"fr_FR","og_type":"article","og_title":"Le PSG confirme la fracture du nez de Thiago Motta - PSG FANS","og_description":"Thiago Motta souffre d&rsquo;une fracture du nez sans d\u00e9placement suite \u00e0 son agression par Brandao \u00e0 l&rsquo;issue de la rencontre PSG-Bastia samedi soir au Parc des Princes. \u00abL&rsquo;\u00e9volution sous traitement m\u00e9dical dans les prochains jours permettra de fixer la p\u00e9riode d&rsquo;indisponibilit\u00e9 \u00bb, pr\u00e9cise le club parisien. Si sa participation \u00e0 la rencontre de la 3e [&hellip;]","og_url":"https:\/\/psgfans.fr\/?p=482","og_site_name":"PSG FANS","article_published_time":"2014-08-18T20:56:00+00:00","og_image":[{"url":"https:\/\/blogger.googleusercontent.com\/img\/b\/R29vZ2xl\/AVvXsEi9ik5d-h-cS8akDBQLa9yA4Hvi0arV-mU2X0fxdHZm54JOok12uH1KBpoNaElflwBNbvjvtU5C3jjNZ4W3gy3SiMqBi1zWk-ZovJED4S6kt5PdCDS2eT-hppfA7_45-FXbdAsanXCXXIw\/s1600\/&amp;.jpg","type":"","width":"","height":""}],"author":"psgfans","twitter_card":"summary_large_image","twitter_misc":{"\u00c9crit par":"psgfans","Dur\u00e9e de lecture estim\u00e9e":"1 minute"},"schema":{"@context":"https:\/\/schema.org","@graph":[{"@type":"Article","@id":"https:\/\/psgfans.fr\/?p=482#article","isPartOf":{"@id":"https:\/\/psgfans.fr\/?p=482"},"author":{"name":"psgfans","@id":"https:\/\/psgfans.fr\/#\/schema\/person\/be2237e7a0237af2f29cb344b3c55e6c"},"headline":"Le PSG confirme la fracture du nez de Thiago Motta","datePublished":"2014-08-18T20:56:00+00:00","mainEntityOfPage":{"@id":"https:\/\/psgfans.fr\/?p=482"},"wordCount":237,"commentCount":0,"image":{"@id":"https:\/\/psgfans.fr\/?p=482#primaryimage"},"thumbnailUrl":"https:\/\/blogger.googleusercontent.com\/img\/b\/R29vZ2xl\/AVvXsEi9ik5d-h-cS8akDBQLa9yA4Hvi0arV-mU2X0fxdHZm54JOok12uH1KBpoNaElflwBNbvjvtU5C3jjNZ4W3gy3SiMqBi1zWk-ZovJED4S6kt5PdCDS2eT-hppfA7_45-FXbdAsanXCXXIw\/s1600\/&amp;.jpg","articleSection":["News"],"inLanguage":"fr-FR","potentialAction":[{"@type":"CommentAction","name":"Comment","target":["https:\/\/psgfans.fr\/?p=482#respond"]}]},{"@type":"WebPage","@id":"https:\/\/psgfans.fr\/?p=482","url":"https:\/\/psgfans.fr\/?p=482","name":"Le PSG confirme la fracture du nez de Thiago Motta - PSG FANS","isPartOf":{"@id":"https:\/\/psgfans.fr\/#website"},"primaryImageOfPage":{"@id":"https:\/\/psgfans.fr\/?p=482#primaryimage"},"image":{"@id":"https:\/\/psgfans.fr\/?p=482#primaryimage"},"thumbnailUrl":"https:\/\/blogger.googleusercontent.com\/img\/b\/R29vZ2xl\/AVvXsEi9ik5d-h-cS8akDBQLa9yA4Hvi0arV-mU2X0fxdHZm54JOok12uH1KBpoNaElflwBNbvjvtU5C3jjNZ4W3gy3SiMqBi1zWk-ZovJED4S6kt5PdCDS2eT-hppfA7_45-FXbdAsanXCXXIw\/s1600\/&amp;.jpg","datePublished":"2014-08-18T20:56:00+00:00","author":{"@id":"https:\/\/psgfans.fr\/#\/schema\/person\/be2237e7a0237af2f29cb344b3c55e6c"},"breadcrumb":{"@id":"https:\/\/psgfans.fr\/?p=482#breadcrumb"},"inLanguage":"fr-FR","potentialAction":[{"@type":"ReadAction","target":["https:\/\/psgfans.fr\/?p=482"]}]},{"@type":"ImageObject","inLanguage":"fr-FR","@id":"https:\/\/psgfans.fr\/?p=482#primaryimage","url":"https:\/\/blogger.googleusercontent.com\/img\/b\/R29vZ2xl\/AVvXsEi9ik5d-h-cS8akDBQLa9yA4Hvi0arV-mU2X0fxdHZm54JOok12uH1KBpoNaElflwBNbvjvtU5C3jjNZ4W3gy3SiMqBi1zWk-ZovJED4S6kt5PdCDS2eT-hppfA7_45-FXbdAsanXCXXIw\/s1600\/&amp;.jpg","contentUrl":"https:\/\/blogger.googleusercontent.com\/img\/b\/R29vZ2xl\/AVvXsEi9ik5d-h-cS8akDBQLa9yA4Hvi0arV-mU2X0fxdHZm54JOok12uH1KBpoNaElflwBNbvjvtU5C3jjNZ4W3gy3SiMqBi1zWk-ZovJED4S6kt5PdCDS2eT-hppfA7_45-FXbdAsanXCXXIw\/s1600\/&amp;.jpg"},{"@type":"BreadcrumbList","@id":"https:\/\/psgfans.fr\/?p=482#breadcrumb","itemListElement":[{"@type":"ListItem","position":1,"name":"Accueil","item":"https:\/\/psgfans.fr\/"},{"@type":"ListItem","position":2,"name":"Le PSG confirme la fracture du nez de Thiago Motta"}]},{"@type":"WebSite","@id":"https:\/\/psgfans.fr\/#website","url":"https:\/\/psgfans.fr\/","name":"PSG FANS","description":"Unit\u00e9, Passion, Victoire : Au C\u0153ur du Paris Saint-Germain!","potentialAction":[{"@type":"SearchAction","target":{"@type":"EntryPoint","urlTemplate":"https:\/\/psgfans.fr\/?s={search_term_string}"},"query-input":{"@type":"PropertyValueSpecification","valueRequired":true,"valueName":"search_term_string"}}],"inLanguage":"fr-FR"},{"@type":"Person","@id":"https:\/\/psgfans.fr\/#\/schema\/person\/be2237e7a0237af2f29cb344b3c55e6c","name":"psgfans","image":{"@type":"ImageObject","inLanguage":"fr-FR","@id":"https:\/\/secure.gravatar.com\/avatar\/?s=96&d=mm&r=g","url":"https:\/\/secure.gravatar.com\/avatar\/?s=96&d=mm&r=g","contentUrl":"https:\/\/secure.gravatar.com\/avatar\/?s=96&d=mm&r=g","caption":"psgfans"},"url":"https:\/\/psgfans.fr\/?author=2"}]}},"_links":{"self":[{"href":"https:\/\/psgfans.fr\/index.php?rest_route=\/wp\/v2\/posts\/482","targetHints":{"allow":["GET"]}}],"collection":[{"href":"https:\/\/psgfans.fr\/index.php?rest_route=\/wp\/v2\/posts"}],"about":[{"href":"https:\/\/psgfans.fr\/index.php?rest_route=\/wp\/v2\/types\/post"}],"author":[{"embeddable":true,"href":"https:\/\/psgfans.fr\/index.php?rest_route=\/wp\/v2\/users\/2"}],"replies":[{"embeddable":true,"href":"https:\/\/psgfans.fr\/index.php?rest_route=%2Fwp%2Fv2%2Fcomments&post=482"}],"version-history":[{"count":0,"href":"https:\/\/psgfans.fr\/index.php?rest_route=\/wp\/v2\/posts\/482\/revisions"}],"wp:attachment":[{"href":"https:\/\/psgfans.fr\/index.php?rest_route=%2Fwp%2Fv2%2Fmedia&parent=482"}],"wp:term":[{"taxonomy":"category","embeddable":true,"href":"https:\/\/psgfans.fr\/index.php?rest_route=%2Fwp%2Fv2%2Fcategories&post=482"},{"taxonomy":"post_tag","embeddable":true,"href":"https:\/\/psgfans.fr\/index.php?rest_route=%2Fwp%2Fv2%2Ftags&post=482"}],"curies":[{"name":"wp","href":"https:\/\/api.w.org\/{rel}","templated":true}]}}