{"id":481,"date":"2014-08-18T21:59:00","date_gmt":"2014-08-18T20:59:00","guid":{"rendered":"https:\/\/psgfans.fr\/?p=481"},"modified":"2014-08-18T21:59:00","modified_gmt":"2014-08-18T20:59:00","slug":"le-psg-reclame-une-suspension-a-vie-pour-brandao-accuse-davoir-casse-le-nez-de-thiago-motta","status":"publish","type":"post","link":"https:\/\/psgfans.fr\/?p=481","title":{"rendered":"Le PSG r\u00e9clame &quot;une suspension \u00e0 vie&quot; pour Brandao, accus\u00e9 d\u2019avoir cass\u00e9 le nez de Thiago Motta"},"content":{"rendered":"<div style=\"clear: both; text-align: center;\"><a href=\"https:\/\/blogger.googleusercontent.com\/img\/b\/R29vZ2xl\/AVvXsEhtZpkTLMfx5-E8UoZjIoC4wn5_46xknyexCjPDpSkm0gXexd59tuxTzMQikk_2c_crLkJVLD8_O5AfcWWaW5XciUmaS-x5vZPO8HGMRZHk9mcm1gKAVzwogWcOIEDXhGIP1gJtkDtzAEw\/s1600\/&amp;111ff1f1.jpg\" style=\"margin-left: 1em; margin-right: 1em;\"><img loading=\"lazy\" decoding=\"async\" border=\"0\" src=\"https:\/\/blogger.googleusercontent.com\/img\/b\/R29vZ2xl\/AVvXsEhtZpkTLMfx5-E8UoZjIoC4wn5_46xknyexCjPDpSkm0gXexd59tuxTzMQikk_2c_crLkJVLD8_O5AfcWWaW5XciUmaS-x5vZPO8HGMRZHk9mcm1gKAVzwogWcOIEDXhGIP1gJtkDtzAEw\/s1600\/&amp;111ff1f1.jpg\" height=\"225\" width=\"400\" \/><\/a><\/div>\n<p>Par la voix de Nasser Al-Khela\u00effi, le club parisien accuse sans d\u00e9tour l\u2019attaquant br\u00e9silien de Bastia d\u2019avoir ass\u00e9n\u00e9 un coup de t\u00eate \u00e0 Thiago Motta.<\/p>\n<p>Le nez en sang. Voil\u00e0 comment \u00e9tait Thiago Motta dans les couloirs du Parc des Princes, samedi apr\u00e8s-midi. Le PSG venait de battre Bastia (2-0). Le milieu italien, lui, venait de recevoir un coup de t\u00eate. On a alors vu l\u2019ancien Barcelonais se tenir le visage. L\u2019auteur de ce coup de boule ? Brandao, la recrue br\u00e9silienne du Sporting, fra\u00eechement transf\u00e9r\u00e9e de Saint-Etienne.<\/p>\n<p>Pendant de longues minutes, cette accusation a d\u2019abord aliment\u00e9 les r\u00e9seaux sociaux. Elle a pris de l\u2019\u00e9paisseur lorsque Nasser Al-Khela\u00effi en personne a pris la parole au micro de BeIN Sports. Le pr\u00e9sident du PSG n\u2019y est pas all\u00e9 par quatre chemins : \u00ab\u00a0Brandao n\u2019est pas un joueur de foot. Il doit \u00eatre suspendu \u00e0 vie.\u00a0\u00bb Quelques minutes plus t\u00f4t, Brandao avait c\u00e9d\u00e9 sa place au sein de l\u2019attaque bastiaise \u00e0 Joao Rodriguez, sous les sifflets du Parc des Princes. Et au terme d\u2019une prestation insipide.<\/p>\n<p>Son homologue parisien, Laurent Blanc, ne s&rsquo;est pas pri\u00e9 pour enfoncer le clou en conf\u00e9rence de presse : \u00ab\u00a0Van der Wiel a \u00e9t\u00e9 remplac\u00e9 par Serge Aurier, car il est sorti bloqu\u00e9, victime d&rsquo;un coup de genou de \u2018notre ami\u2019 Brandao, encore.\u00a0\u00bb Mais si le Br\u00e9silien a perdu ses nerfs, c\u2019est aussi parce que sa victime avait jou\u00e9 la provocation. \u00ab\u00a0Thiago Motta a pass\u00e9 le match \u00e0 dire \u2018fils de p\u2026\u2019 \u00e0 toute l\u2019\u00e9quipe devant l\u2019arbitre, t\u00e9moigne Julian Palmieri, le d\u00e9fenseur du SCB, au micro de RMC. Je ne vais pas faire ma pleureuse. Ce coup de t\u00eate n\u2019a rien \u00e0 faire l\u00e0. Mais Motta passe son temps \u00e0 insulter les joueurs. On sait comment il est.\u00a0\u00bb<\/p>\n","protected":false},"excerpt":{"rendered":"<p>Par la voix de Nasser Al-Khela\u00effi, le club parisien accuse sans d\u00e9tour l\u2019attaquant br\u00e9silien de Bastia d\u2019avoir ass\u00e9n\u00e9 un coup de t\u00eate \u00e0 Thiago Motta. Le nez en sang. Voil\u00e0 comment \u00e9tait Thiago Motta dans les couloirs du Parc des Princes, samedi apr\u00e8s-midi. Le PSG venait de battre Bastia (2-0). Le milieu italien, lui, venait [&hellip;]<\/p>\n","protected":false},"author":2,"featured_media":0,"comment_status":"open","ping_status":"open","sticky":false,"template":"","format":"standard","meta":{"footnotes":""},"categories":[3],"tags":[],"class_list":{"0":"post-481","1":"post","2":"type-post","3":"status-publish","4":"format-standard","6":"category-news"},"yoast_head":"<!-- This site is optimized with the Yoast SEO plugin v27.4 - https:\/\/yoast.com\/product\/yoast-seo-wordpress\/ -->\n<title>Le PSG r\u00e9clame &quot;une suspension \u00e0 vie&quot; pour Brandao, accus\u00e9 d\u2019avoir cass\u00e9 le nez de Thiago Motta - PSG FANS<\/title>\n<meta name=\"robots\" content=\"index, follow, max-snippet:-1, max-image-preview:large, max-video-preview:-1\" \/>\n<link rel=\"canonical\" href=\"https:\/\/psgfans.fr\/?p=481\" \/>\n<meta property=\"og:locale\" content=\"fr_FR\" \/>\n<meta property=\"og:type\" content=\"article\" \/>\n<meta property=\"og:title\" content=\"Le PSG r\u00e9clame &quot;une suspension \u00e0 vie&quot; pour Brandao, accus\u00e9 d\u2019avoir cass\u00e9 le nez de Thiago Motta - PSG FANS\" \/>\n<meta property=\"og:description\" content=\"Par la voix de Nasser Al-Khela\u00effi, le club parisien accuse sans d\u00e9tour l\u2019attaquant br\u00e9silien de Bastia d\u2019avoir ass\u00e9n\u00e9 un coup de t\u00eate \u00e0 Thiago Motta. Le nez en sang. Voil\u00e0 comment \u00e9tait Thiago Motta dans les couloirs du Parc des Princes, samedi apr\u00e8s-midi. Le PSG venait de battre Bastia (2-0). Le milieu italien, lui, venait [&hellip;]\" \/>\n<meta property=\"og:url\" content=\"https:\/\/psgfans.fr\/?p=481\" \/>\n<meta property=\"og:site_name\" content=\"PSG FANS\" \/>\n<meta property=\"article:published_time\" content=\"2014-08-18T20:59:00+00:00\" \/>\n<meta property=\"og:image\" content=\"https:\/\/blogger.googleusercontent.com\/img\/b\/R29vZ2xl\/AVvXsEhtZpkTLMfx5-E8UoZjIoC4wn5_46xknyexCjPDpSkm0gXexd59tuxTzMQikk_2c_crLkJVLD8_O5AfcWWaW5XciUmaS-x5vZPO8HGMRZHk9mcm1gKAVzwogWcOIEDXhGIP1gJtkDtzAEw\/s1600\/&amp;111ff1f1.jpg\" \/>\n<meta name=\"author\" content=\"psgfans\" \/>\n<meta name=\"twitter:card\" content=\"summary_large_image\" \/>\n<meta name=\"twitter:label1\" content=\"\u00c9crit par\" \/>\n\t<meta name=\"twitter:data1\" content=\"psgfans\" \/>\n\t<meta name=\"twitter:label2\" content=\"Dur\u00e9e de lecture estim\u00e9e\" \/>\n\t<meta name=\"twitter:data2\" content=\"2 minutes\" \/>\n<script type=\"application\/ld+json\" class=\"yoast-schema-graph\">{\"@context\":\"https:\\\/\\\/schema.org\",\"@graph\":[{\"@type\":\"Article\",\"@id\":\"https:\\\/\\\/psgfans.fr\\\/?p=481#article\",\"isPartOf\":{\"@id\":\"https:\\\/\\\/psgfans.fr\\\/?p=481\"},\"author\":{\"name\":\"psgfans\",\"@id\":\"https:\\\/\\\/psgfans.fr\\\/#\\\/schema\\\/person\\\/be2237e7a0237af2f29cb344b3c55e6c\"},\"headline\":\"Le PSG r\u00e9clame &quot;une suspension \u00e0 vie&quot; pour Brandao, accus\u00e9 d\u2019avoir cass\u00e9 le nez de Thiago Motta\",\"datePublished\":\"2014-08-18T20:59:00+00:00\",\"mainEntityOfPage\":{\"@id\":\"https:\\\/\\\/psgfans.fr\\\/?p=481\"},\"wordCount\":338,\"commentCount\":0,\"image\":{\"@id\":\"https:\\\/\\\/psgfans.fr\\\/?p=481#primaryimage\"},\"thumbnailUrl\":\"https:\\\/\\\/blogger.googleusercontent.com\\\/img\\\/b\\\/R29vZ2xl\\\/AVvXsEhtZpkTLMfx5-E8UoZjIoC4wn5_46xknyexCjPDpSkm0gXexd59tuxTzMQikk_2c_crLkJVLD8_O5AfcWWaW5XciUmaS-x5vZPO8HGMRZHk9mcm1gKAVzwogWcOIEDXhGIP1gJtkDtzAEw\\\/s1600\\\/&amp;111ff1f1.jpg\",\"articleSection\":[\"News\"],\"inLanguage\":\"fr-FR\",\"potentialAction\":[{\"@type\":\"CommentAction\",\"name\":\"Comment\",\"target\":[\"https:\\\/\\\/psgfans.fr\\\/?p=481#respond\"]}]},{\"@type\":\"WebPage\",\"@id\":\"https:\\\/\\\/psgfans.fr\\\/?p=481\",\"url\":\"https:\\\/\\\/psgfans.fr\\\/?p=481\",\"name\":\"Le PSG r\u00e9clame &quot;une suspension \u00e0 vie&quot; pour Brandao, accus\u00e9 d\u2019avoir cass\u00e9 le nez de Thiago Motta - PSG FANS\",\"isPartOf\":{\"@id\":\"https:\\\/\\\/psgfans.fr\\\/#website\"},\"primaryImageOfPage\":{\"@id\":\"https:\\\/\\\/psgfans.fr\\\/?p=481#primaryimage\"},\"image\":{\"@id\":\"https:\\\/\\\/psgfans.fr\\\/?p=481#primaryimage\"},\"thumbnailUrl\":\"https:\\\/\\\/blogger.googleusercontent.com\\\/img\\\/b\\\/R29vZ2xl\\\/AVvXsEhtZpkTLMfx5-E8UoZjIoC4wn5_46xknyexCjPDpSkm0gXexd59tuxTzMQikk_2c_crLkJVLD8_O5AfcWWaW5XciUmaS-x5vZPO8HGMRZHk9mcm1gKAVzwogWcOIEDXhGIP1gJtkDtzAEw\\\/s1600\\\/&amp;111ff1f1.jpg\",\"datePublished\":\"2014-08-18T20:59:00+00:00\",\"author\":{\"@id\":\"https:\\\/\\\/psgfans.fr\\\/#\\\/schema\\\/person\\\/be2237e7a0237af2f29cb344b3c55e6c\"},\"breadcrumb\":{\"@id\":\"https:\\\/\\\/psgfans.fr\\\/?p=481#breadcrumb\"},\"inLanguage\":\"fr-FR\",\"potentialAction\":[{\"@type\":\"ReadAction\",\"target\":[\"https:\\\/\\\/psgfans.fr\\\/?p=481\"]}]},{\"@type\":\"ImageObject\",\"inLanguage\":\"fr-FR\",\"@id\":\"https:\\\/\\\/psgfans.fr\\\/?p=481#primaryimage\",\"url\":\"https:\\\/\\\/blogger.googleusercontent.com\\\/img\\\/b\\\/R29vZ2xl\\\/AVvXsEhtZpkTLMfx5-E8UoZjIoC4wn5_46xknyexCjPDpSkm0gXexd59tuxTzMQikk_2c_crLkJVLD8_O5AfcWWaW5XciUmaS-x5vZPO8HGMRZHk9mcm1gKAVzwogWcOIEDXhGIP1gJtkDtzAEw\\\/s1600\\\/&amp;111ff1f1.jpg\",\"contentUrl\":\"https:\\\/\\\/blogger.googleusercontent.com\\\/img\\\/b\\\/R29vZ2xl\\\/AVvXsEhtZpkTLMfx5-E8UoZjIoC4wn5_46xknyexCjPDpSkm0gXexd59tuxTzMQikk_2c_crLkJVLD8_O5AfcWWaW5XciUmaS-x5vZPO8HGMRZHk9mcm1gKAVzwogWcOIEDXhGIP1gJtkDtzAEw\\\/s1600\\\/&amp;111ff1f1.jpg\"},{\"@type\":\"BreadcrumbList\",\"@id\":\"https:\\\/\\\/psgfans.fr\\\/?p=481#breadcrumb\",\"itemListElement\":[{\"@type\":\"ListItem\",\"position\":1,\"name\":\"Accueil\",\"item\":\"https:\\\/\\\/psgfans.fr\\\/\"},{\"@type\":\"ListItem\",\"position\":2,\"name\":\"Le PSG r\u00e9clame &quot;une suspension \u00e0 vie&quot; pour Brandao, accus\u00e9 d\u2019avoir cass\u00e9 le nez de Thiago Motta\"}]},{\"@type\":\"WebSite\",\"@id\":\"https:\\\/\\\/psgfans.fr\\\/#website\",\"url\":\"https:\\\/\\\/psgfans.fr\\\/\",\"name\":\"PSG FANS\",\"description\":\"Unit\u00e9, Passion, Victoire : Au C\u0153ur du Paris Saint-Germain!\",\"potentialAction\":[{\"@type\":\"SearchAction\",\"target\":{\"@type\":\"EntryPoint\",\"urlTemplate\":\"https:\\\/\\\/psgfans.fr\\\/?s={search_term_string}\"},\"query-input\":{\"@type\":\"PropertyValueSpecification\",\"valueRequired\":true,\"valueName\":\"search_term_string\"}}],\"inLanguage\":\"fr-FR\"},{\"@type\":\"Person\",\"@id\":\"https:\\\/\\\/psgfans.fr\\\/#\\\/schema\\\/person\\\/be2237e7a0237af2f29cb344b3c55e6c\",\"name\":\"psgfans\",\"image\":{\"@type\":\"ImageObject\",\"inLanguage\":\"fr-FR\",\"@id\":\"https:\\\/\\\/secure.gravatar.com\\\/avatar\\\/?s=96&d=mm&r=g\",\"url\":\"https:\\\/\\\/secure.gravatar.com\\\/avatar\\\/?s=96&d=mm&r=g\",\"contentUrl\":\"https:\\\/\\\/secure.gravatar.com\\\/avatar\\\/?s=96&d=mm&r=g\",\"caption\":\"psgfans\"},\"url\":\"https:\\\/\\\/psgfans.fr\\\/?author=2\"}]}<\/script>\n<!-- \/ Yoast SEO plugin. -->","yoast_head_json":{"title":"Le PSG r\u00e9clame &quot;une suspension \u00e0 vie&quot; pour Brandao, accus\u00e9 d\u2019avoir cass\u00e9 le nez de Thiago Motta - PSG FANS","robots":{"index":"index","follow":"follow","max-snippet":"max-snippet:-1","max-image-preview":"max-image-preview:large","max-video-preview":"max-video-preview:-1"},"canonical":"https:\/\/psgfans.fr\/?p=481","og_locale":"fr_FR","og_type":"article","og_title":"Le PSG r\u00e9clame &quot;une suspension \u00e0 vie&quot; pour Brandao, accus\u00e9 d\u2019avoir cass\u00e9 le nez de Thiago Motta - PSG FANS","og_description":"Par la voix de Nasser Al-Khela\u00effi, le club parisien accuse sans d\u00e9tour l\u2019attaquant br\u00e9silien de Bastia d\u2019avoir ass\u00e9n\u00e9 un coup de t\u00eate \u00e0 Thiago Motta. Le nez en sang. Voil\u00e0 comment \u00e9tait Thiago Motta dans les couloirs du Parc des Princes, samedi apr\u00e8s-midi. Le PSG venait de battre Bastia (2-0). Le milieu italien, lui, venait [&hellip;]","og_url":"https:\/\/psgfans.fr\/?p=481","og_site_name":"PSG FANS","article_published_time":"2014-08-18T20:59:00+00:00","og_image":[{"url":"https:\/\/blogger.googleusercontent.com\/img\/b\/R29vZ2xl\/AVvXsEhtZpkTLMfx5-E8UoZjIoC4wn5_46xknyexCjPDpSkm0gXexd59tuxTzMQikk_2c_crLkJVLD8_O5AfcWWaW5XciUmaS-x5vZPO8HGMRZHk9mcm1gKAVzwogWcOIEDXhGIP1gJtkDtzAEw\/s1600\/&amp;111ff1f1.jpg","type":"","width":"","height":""}],"author":"psgfans","twitter_card":"summary_large_image","twitter_misc":{"\u00c9crit par":"psgfans","Dur\u00e9e de lecture estim\u00e9e":"2 minutes"},"schema":{"@context":"https:\/\/schema.org","@graph":[{"@type":"Article","@id":"https:\/\/psgfans.fr\/?p=481#article","isPartOf":{"@id":"https:\/\/psgfans.fr\/?p=481"},"author":{"name":"psgfans","@id":"https:\/\/psgfans.fr\/#\/schema\/person\/be2237e7a0237af2f29cb344b3c55e6c"},"headline":"Le PSG r\u00e9clame &quot;une suspension \u00e0 vie&quot; pour Brandao, accus\u00e9 d\u2019avoir cass\u00e9 le nez de Thiago Motta","datePublished":"2014-08-18T20:59:00+00:00","mainEntityOfPage":{"@id":"https:\/\/psgfans.fr\/?p=481"},"wordCount":338,"commentCount":0,"image":{"@id":"https:\/\/psgfans.fr\/?p=481#primaryimage"},"thumbnailUrl":"https:\/\/blogger.googleusercontent.com\/img\/b\/R29vZ2xl\/AVvXsEhtZpkTLMfx5-E8UoZjIoC4wn5_46xknyexCjPDpSkm0gXexd59tuxTzMQikk_2c_crLkJVLD8_O5AfcWWaW5XciUmaS-x5vZPO8HGMRZHk9mcm1gKAVzwogWcOIEDXhGIP1gJtkDtzAEw\/s1600\/&amp;111ff1f1.jpg","articleSection":["News"],"inLanguage":"fr-FR","potentialAction":[{"@type":"CommentAction","name":"Comment","target":["https:\/\/psgfans.fr\/?p=481#respond"]}]},{"@type":"WebPage","@id":"https:\/\/psgfans.fr\/?p=481","url":"https:\/\/psgfans.fr\/?p=481","name":"Le PSG r\u00e9clame &quot;une suspension \u00e0 vie&quot; pour Brandao, accus\u00e9 d\u2019avoir cass\u00e9 le nez de Thiago Motta - PSG FANS","isPartOf":{"@id":"https:\/\/psgfans.fr\/#website"},"primaryImageOfPage":{"@id":"https:\/\/psgfans.fr\/?p=481#primaryimage"},"image":{"@id":"https:\/\/psgfans.fr\/?p=481#primaryimage"},"thumbnailUrl":"https:\/\/blogger.googleusercontent.com\/img\/b\/R29vZ2xl\/AVvXsEhtZpkTLMfx5-E8UoZjIoC4wn5_46xknyexCjPDpSkm0gXexd59tuxTzMQikk_2c_crLkJVLD8_O5AfcWWaW5XciUmaS-x5vZPO8HGMRZHk9mcm1gKAVzwogWcOIEDXhGIP1gJtkDtzAEw\/s1600\/&amp;111ff1f1.jpg","datePublished":"2014-08-18T20:59:00+00:00","author":{"@id":"https:\/\/psgfans.fr\/#\/schema\/person\/be2237e7a0237af2f29cb344b3c55e6c"},"breadcrumb":{"@id":"https:\/\/psgfans.fr\/?p=481#breadcrumb"},"inLanguage":"fr-FR","potentialAction":[{"@type":"ReadAction","target":["https:\/\/psgfans.fr\/?p=481"]}]},{"@type":"ImageObject","inLanguage":"fr-FR","@id":"https:\/\/psgfans.fr\/?p=481#primaryimage","url":"https:\/\/blogger.googleusercontent.com\/img\/b\/R29vZ2xl\/AVvXsEhtZpkTLMfx5-E8UoZjIoC4wn5_46xknyexCjPDpSkm0gXexd59tuxTzMQikk_2c_crLkJVLD8_O5AfcWWaW5XciUmaS-x5vZPO8HGMRZHk9mcm1gKAVzwogWcOIEDXhGIP1gJtkDtzAEw\/s1600\/&amp;111ff1f1.jpg","contentUrl":"https:\/\/blogger.googleusercontent.com\/img\/b\/R29vZ2xl\/AVvXsEhtZpkTLMfx5-E8UoZjIoC4wn5_46xknyexCjPDpSkm0gXexd59tuxTzMQikk_2c_crLkJVLD8_O5AfcWWaW5XciUmaS-x5vZPO8HGMRZHk9mcm1gKAVzwogWcOIEDXhGIP1gJtkDtzAEw\/s1600\/&amp;111ff1f1.jpg"},{"@type":"BreadcrumbList","@id":"https:\/\/psgfans.fr\/?p=481#breadcrumb","itemListElement":[{"@type":"ListItem","position":1,"name":"Accueil","item":"https:\/\/psgfans.fr\/"},{"@type":"ListItem","position":2,"name":"Le PSG r\u00e9clame &quot;une suspension \u00e0 vie&quot; pour Brandao, accus\u00e9 d\u2019avoir cass\u00e9 le nez de Thiago Motta"}]},{"@type":"WebSite","@id":"https:\/\/psgfans.fr\/#website","url":"https:\/\/psgfans.fr\/","name":"PSG FANS","description":"Unit\u00e9, Passion, Victoire : Au C\u0153ur du Paris Saint-Germain!","potentialAction":[{"@type":"SearchAction","target":{"@type":"EntryPoint","urlTemplate":"https:\/\/psgfans.fr\/?s={search_term_string}"},"query-input":{"@type":"PropertyValueSpecification","valueRequired":true,"valueName":"search_term_string"}}],"inLanguage":"fr-FR"},{"@type":"Person","@id":"https:\/\/psgfans.fr\/#\/schema\/person\/be2237e7a0237af2f29cb344b3c55e6c","name":"psgfans","image":{"@type":"ImageObject","inLanguage":"fr-FR","@id":"https:\/\/secure.gravatar.com\/avatar\/?s=96&d=mm&r=g","url":"https:\/\/secure.gravatar.com\/avatar\/?s=96&d=mm&r=g","contentUrl":"https:\/\/secure.gravatar.com\/avatar\/?s=96&d=mm&r=g","caption":"psgfans"},"url":"https:\/\/psgfans.fr\/?author=2"}]}},"_links":{"self":[{"href":"https:\/\/psgfans.fr\/index.php?rest_route=\/wp\/v2\/posts\/481","targetHints":{"allow":["GET"]}}],"collection":[{"href":"https:\/\/psgfans.fr\/index.php?rest_route=\/wp\/v2\/posts"}],"about":[{"href":"https:\/\/psgfans.fr\/index.php?rest_route=\/wp\/v2\/types\/post"}],"author":[{"embeddable":true,"href":"https:\/\/psgfans.fr\/index.php?rest_route=\/wp\/v2\/users\/2"}],"replies":[{"embeddable":true,"href":"https:\/\/psgfans.fr\/index.php?rest_route=%2Fwp%2Fv2%2Fcomments&post=481"}],"version-history":[{"count":0,"href":"https:\/\/psgfans.fr\/index.php?rest_route=\/wp\/v2\/posts\/481\/revisions"}],"wp:attachment":[{"href":"https:\/\/psgfans.fr\/index.php?rest_route=%2Fwp%2Fv2%2Fmedia&parent=481"}],"wp:term":[{"taxonomy":"category","embeddable":true,"href":"https:\/\/psgfans.fr\/index.php?rest_route=%2Fwp%2Fv2%2Fcategories&post=481"},{"taxonomy":"post_tag","embeddable":true,"href":"https:\/\/psgfans.fr\/index.php?rest_route=%2Fwp%2Fv2%2Ftags&post=481"}],"curies":[{"name":"wp","href":"https:\/\/api.w.org\/{rel}","templated":true}]}}