{"id":480,"date":"2014-08-18T22:01:00","date_gmt":"2014-08-18T21:01:00","guid":{"rendered":"https:\/\/psgfans.fr\/?p=480"},"modified":"2014-08-18T22:01:00","modified_gmt":"2014-08-18T21:01:00","slug":"psg-bastia-brandao-va-le-payer-tres-cher","status":"publish","type":"post","link":"https:\/\/psgfans.fr\/?p=480","title":{"rendered":"PSG-Bastia : Brandao va le payer tr\u00e8s cher"},"content":{"rendered":"<div style=\"clear: both; text-align: center;\"><a href=\"https:\/\/blogger.googleusercontent.com\/img\/b\/R29vZ2xl\/AVvXsEilXlMYOdgMQ5hiwy8kiGOQdhTXVIq7mu8qwHGbL_umWi7kK7gtcNhCQQAPaSzuIdz1Bb0XS8n8WnAlpBUeSwCjGTxYGtJmouYXA_xKtlWJeYDySxw9Vt-H8oG2jhUqEuLwrxVJl89IhTs\/s1600\/&amp;.jpg\" style=\"margin-left: 1em; margin-right: 1em;\"><img loading=\"lazy\" decoding=\"async\" border=\"0\" src=\"https:\/\/blogger.googleusercontent.com\/img\/b\/R29vZ2xl\/AVvXsEilXlMYOdgMQ5hiwy8kiGOQdhTXVIq7mu8qwHGbL_umWi7kK7gtcNhCQQAPaSzuIdz1Bb0XS8n8WnAlpBUeSwCjGTxYGtJmouYXA_xKtlWJeYDySxw9Vt-H8oG2jhUqEuLwrxVJl89IhTs\/s1600\/&amp;.jpg\" height=\"175\" width=\"400\" \/><\/a><\/div>\n<p>Le coup de t\u00eate de Brandao, pr\u00e9m\u00e9dit\u00e9, devient aujourd&rsquo;hui une agression aux cons\u00e9quences multiples. R\u00e9ponses aux questions que l&rsquo;on se pose sur cette affaire quasi in\u00e9dite dans le Championnat de France.<\/p>\n<p>La police va enqu\u00eater<\/p>\n<p>Le verdict est tr\u00e8s clair : Thiago Motta souffre d&rsquo;une fracture du nez sans d\u00e9placement.<br \/>Une blessure qui autrefois n\u00e9cessitait entre deux et quatre semaines de repos. Mais selon son entourage, le joueur aimerait retrouver les terrains rapidement et, surtout, la m\u00e9decine a progress\u00e9. Il pourrait porter une protection. Compte tenu de l&rsquo;effectif large du PSG au milieu avec le retour progressif de Cabaye, son rempla\u00e7ant naturel, voire de Matuidi, il existe de grandes probabilit\u00e9s de ne pas voir l&rsquo;Italien vendredi contre Evian. Sur le terrain judiciaire, la sentinelle parisienne ne portera pas plainte, le club non plus.<\/p>\n<p>En revanche, le parquet puis la police veulent enqu\u00eater sur ce coup de t\u00eate que tout le monde a vu. \u00ab Le PSG demande des sanctions exemplaires, et je le comprends, r\u00e9agit Najat Vallaud-Belkacem, la ministre des Sports. La violence n&rsquo;a pas sa place dans les stades et est d&rsquo;autant plus inexcusable que les faits sont r\u00e9it\u00e9r\u00e9s. Il revient maintenant \u00e0 la commission de discipline d&rsquo;examiner ce cas et de prendre les sanctions qui s&rsquo;imposent. \u00bb<\/p>\n<p>Une agression pr\u00e9m\u00e9dit\u00e9e<\/p>\n<p>A la fin de PSG &#8211; Bastia, Brandao &#8212; sorti \u00e0 la 73e minute du match &#8212; attend le retour de tous les acteurs du match dans le hall qui m\u00e8ne aux vestiaires. Apr\u00e8s avoir salu\u00e9 Laurent Blanc, il se rapproche discr\u00e8tement de l&rsquo;Italo-Br\u00e9silien et lui ass\u00e8ne un coup de t\u00eate avant de prendre la fuite dans son vestiaire. La cam\u00e9ra de surveillance install\u00e9e dans ce couloir du Parc des Princes ne permet pas clairement de d\u00e9terminer si Brandao a b\u00e9n\u00e9fici\u00e9 d&rsquo;un complice ou s&rsquo;il a imagin\u00e9 tout seul sa sortie de route. Imagin\u00e9, car ce n&rsquo;est pas un coup de sang mais un acte pr\u00e9m\u00e9dit\u00e9, pens\u00e9 en amont, ce qui aggrave le cas Brandao. Pendant la partie, selon le t\u00e9moignage du Bastiais Julian Palmieri recueilli par RMC, Thiago Motta, qui parle italien et portugais, aurait insult\u00e9 les joueurs corses. Mais ce n&rsquo;est pas vraiment le d\u00e9bat et cela ne justifie pas l&rsquo;agression de Brandao.<\/p>\n<p>Bastia envisage de le licencier<\/p>\n<p>Brandao, qui sera suspendu \u00e0 titre conservatoire d\u00e8s jeudi par la commission de discipline de la Ligue, a mal choisi son moment. En pleine p\u00e9riode de mercato (le march\u00e9 est ouvert jusqu&rsquo;au 31 ao\u00fbt), Bastia peut le licencier et prendre un autre attaquant pour le remplacer. Un profil similaire renvoie \u00e0 l&#8217;embauche \u00e9ventuelle de Guillaume Hoarau, libre depuis sa pige \u00e0 Bordeaux. Renvoyer Brandao s&rsquo;impose comme la meilleure solution pour Bastia : en termes d&rsquo;image, cette fermet\u00e9 ne peut que servir les int\u00e9r\u00eats du club corse. Elle anticiperait de toute fa\u00e7on la longue suspension qui va frapper l&rsquo;ancien Marseillais : entre un et deux ans selon les r\u00e8glements de la F\u00e9d\u00e9ration. L&rsquo;instance peut m\u00eame choisir d&rsquo;\u00e9tendre la sanction \u00e0 la plan\u00e8te enti\u00e8re. Cette d\u00e9cision permettrait a priori de ne plus revoir le joueur, \u00e2g\u00e9 de 34 ans. Il ne devrait manquer \u00e0 personne. Sa carri\u00e8re en Ligue 1 se r\u00e9sume encore ce matin \u00e0 beaucoup d&rsquo;affaires de violence sur le terrain, des maladresses incroyables et quelques buts importants avec l&rsquo;OM et Saint-Etienne. C&rsquo;est peu.<\/p>\n","protected":false},"excerpt":{"rendered":"<p>Le coup de t\u00eate de Brandao, pr\u00e9m\u00e9dit\u00e9, devient aujourd&rsquo;hui une agression aux cons\u00e9quences multiples. R\u00e9ponses aux questions que l&rsquo;on se pose sur cette affaire quasi in\u00e9dite dans le Championnat de France. La police va enqu\u00eater Le verdict est tr\u00e8s clair : Thiago Motta souffre d&rsquo;une fracture du nez sans d\u00e9placement.Une blessure qui autrefois n\u00e9cessitait entre [&hellip;]<\/p>\n","protected":false},"author":2,"featured_media":0,"comment_status":"open","ping_status":"open","sticky":false,"template":"","format":"standard","meta":{"footnotes":""},"categories":[3],"tags":[],"class_list":{"0":"post-480","1":"post","2":"type-post","3":"status-publish","4":"format-standard","6":"category-news"},"yoast_head":"<!-- This site is optimized with the Yoast SEO plugin v27.4 - https:\/\/yoast.com\/product\/yoast-seo-wordpress\/ -->\n<title>PSG-Bastia : Brandao va le payer tr\u00e8s cher - PSG FANS<\/title>\n<meta name=\"robots\" content=\"index, follow, max-snippet:-1, max-image-preview:large, max-video-preview:-1\" \/>\n<link rel=\"canonical\" href=\"https:\/\/psgfans.fr\/?p=480\" \/>\n<meta property=\"og:locale\" content=\"fr_FR\" \/>\n<meta property=\"og:type\" content=\"article\" \/>\n<meta property=\"og:title\" content=\"PSG-Bastia : Brandao va le payer tr\u00e8s cher - PSG FANS\" \/>\n<meta property=\"og:description\" content=\"Le coup de t\u00eate de Brandao, pr\u00e9m\u00e9dit\u00e9, devient aujourd&rsquo;hui une agression aux cons\u00e9quences multiples. R\u00e9ponses aux questions que l&rsquo;on se pose sur cette affaire quasi in\u00e9dite dans le Championnat de France. La police va enqu\u00eater Le verdict est tr\u00e8s clair : Thiago Motta souffre d&rsquo;une fracture du nez sans d\u00e9placement.Une blessure qui autrefois n\u00e9cessitait entre [&hellip;]\" \/>\n<meta property=\"og:url\" content=\"https:\/\/psgfans.fr\/?p=480\" \/>\n<meta property=\"og:site_name\" content=\"PSG FANS\" \/>\n<meta property=\"article:published_time\" content=\"2014-08-18T21:01:00+00:00\" \/>\n<meta property=\"og:image\" content=\"https:\/\/blogger.googleusercontent.com\/img\/b\/R29vZ2xl\/AVvXsEilXlMYOdgMQ5hiwy8kiGOQdhTXVIq7mu8qwHGbL_umWi7kK7gtcNhCQQAPaSzuIdz1Bb0XS8n8WnAlpBUeSwCjGTxYGtJmouYXA_xKtlWJeYDySxw9Vt-H8oG2jhUqEuLwrxVJl89IhTs\/s1600\/&amp;.jpg\" \/>\n<meta name=\"author\" content=\"psgfans\" \/>\n<meta name=\"twitter:card\" content=\"summary_large_image\" \/>\n<meta name=\"twitter:label1\" content=\"\u00c9crit par\" \/>\n\t<meta name=\"twitter:data1\" content=\"psgfans\" \/>\n\t<meta name=\"twitter:label2\" content=\"Dur\u00e9e de lecture estim\u00e9e\" \/>\n\t<meta name=\"twitter:data2\" content=\"3 minutes\" \/>\n<script type=\"application\/ld+json\" class=\"yoast-schema-graph\">{\"@context\":\"https:\\\/\\\/schema.org\",\"@graph\":[{\"@type\":\"Article\",\"@id\":\"https:\\\/\\\/psgfans.fr\\\/?p=480#article\",\"isPartOf\":{\"@id\":\"https:\\\/\\\/psgfans.fr\\\/?p=480\"},\"author\":{\"name\":\"psgfans\",\"@id\":\"https:\\\/\\\/psgfans.fr\\\/#\\\/schema\\\/person\\\/be2237e7a0237af2f29cb344b3c55e6c\"},\"headline\":\"PSG-Bastia : Brandao va le payer tr\u00e8s cher\",\"datePublished\":\"2014-08-18T21:01:00+00:00\",\"mainEntityOfPage\":{\"@id\":\"https:\\\/\\\/psgfans.fr\\\/?p=480\"},\"wordCount\":615,\"commentCount\":0,\"image\":{\"@id\":\"https:\\\/\\\/psgfans.fr\\\/?p=480#primaryimage\"},\"thumbnailUrl\":\"https:\\\/\\\/blogger.googleusercontent.com\\\/img\\\/b\\\/R29vZ2xl\\\/AVvXsEilXlMYOdgMQ5hiwy8kiGOQdhTXVIq7mu8qwHGbL_umWi7kK7gtcNhCQQAPaSzuIdz1Bb0XS8n8WnAlpBUeSwCjGTxYGtJmouYXA_xKtlWJeYDySxw9Vt-H8oG2jhUqEuLwrxVJl89IhTs\\\/s1600\\\/&amp;.jpg\",\"articleSection\":[\"News\"],\"inLanguage\":\"fr-FR\",\"potentialAction\":[{\"@type\":\"CommentAction\",\"name\":\"Comment\",\"target\":[\"https:\\\/\\\/psgfans.fr\\\/?p=480#respond\"]}]},{\"@type\":\"WebPage\",\"@id\":\"https:\\\/\\\/psgfans.fr\\\/?p=480\",\"url\":\"https:\\\/\\\/psgfans.fr\\\/?p=480\",\"name\":\"PSG-Bastia : Brandao va le payer tr\u00e8s cher - PSG FANS\",\"isPartOf\":{\"@id\":\"https:\\\/\\\/psgfans.fr\\\/#website\"},\"primaryImageOfPage\":{\"@id\":\"https:\\\/\\\/psgfans.fr\\\/?p=480#primaryimage\"},\"image\":{\"@id\":\"https:\\\/\\\/psgfans.fr\\\/?p=480#primaryimage\"},\"thumbnailUrl\":\"https:\\\/\\\/blogger.googleusercontent.com\\\/img\\\/b\\\/R29vZ2xl\\\/AVvXsEilXlMYOdgMQ5hiwy8kiGOQdhTXVIq7mu8qwHGbL_umWi7kK7gtcNhCQQAPaSzuIdz1Bb0XS8n8WnAlpBUeSwCjGTxYGtJmouYXA_xKtlWJeYDySxw9Vt-H8oG2jhUqEuLwrxVJl89IhTs\\\/s1600\\\/&amp;.jpg\",\"datePublished\":\"2014-08-18T21:01:00+00:00\",\"author\":{\"@id\":\"https:\\\/\\\/psgfans.fr\\\/#\\\/schema\\\/person\\\/be2237e7a0237af2f29cb344b3c55e6c\"},\"breadcrumb\":{\"@id\":\"https:\\\/\\\/psgfans.fr\\\/?p=480#breadcrumb\"},\"inLanguage\":\"fr-FR\",\"potentialAction\":[{\"@type\":\"ReadAction\",\"target\":[\"https:\\\/\\\/psgfans.fr\\\/?p=480\"]}]},{\"@type\":\"ImageObject\",\"inLanguage\":\"fr-FR\",\"@id\":\"https:\\\/\\\/psgfans.fr\\\/?p=480#primaryimage\",\"url\":\"https:\\\/\\\/blogger.googleusercontent.com\\\/img\\\/b\\\/R29vZ2xl\\\/AVvXsEilXlMYOdgMQ5hiwy8kiGOQdhTXVIq7mu8qwHGbL_umWi7kK7gtcNhCQQAPaSzuIdz1Bb0XS8n8WnAlpBUeSwCjGTxYGtJmouYXA_xKtlWJeYDySxw9Vt-H8oG2jhUqEuLwrxVJl89IhTs\\\/s1600\\\/&amp;.jpg\",\"contentUrl\":\"https:\\\/\\\/blogger.googleusercontent.com\\\/img\\\/b\\\/R29vZ2xl\\\/AVvXsEilXlMYOdgMQ5hiwy8kiGOQdhTXVIq7mu8qwHGbL_umWi7kK7gtcNhCQQAPaSzuIdz1Bb0XS8n8WnAlpBUeSwCjGTxYGtJmouYXA_xKtlWJeYDySxw9Vt-H8oG2jhUqEuLwrxVJl89IhTs\\\/s1600\\\/&amp;.jpg\"},{\"@type\":\"BreadcrumbList\",\"@id\":\"https:\\\/\\\/psgfans.fr\\\/?p=480#breadcrumb\",\"itemListElement\":[{\"@type\":\"ListItem\",\"position\":1,\"name\":\"Accueil\",\"item\":\"https:\\\/\\\/psgfans.fr\\\/\"},{\"@type\":\"ListItem\",\"position\":2,\"name\":\"PSG-Bastia : Brandao va le payer tr\u00e8s cher\"}]},{\"@type\":\"WebSite\",\"@id\":\"https:\\\/\\\/psgfans.fr\\\/#website\",\"url\":\"https:\\\/\\\/psgfans.fr\\\/\",\"name\":\"PSG FANS\",\"description\":\"Unit\u00e9, Passion, Victoire : Au C\u0153ur du Paris Saint-Germain!\",\"potentialAction\":[{\"@type\":\"SearchAction\",\"target\":{\"@type\":\"EntryPoint\",\"urlTemplate\":\"https:\\\/\\\/psgfans.fr\\\/?s={search_term_string}\"},\"query-input\":{\"@type\":\"PropertyValueSpecification\",\"valueRequired\":true,\"valueName\":\"search_term_string\"}}],\"inLanguage\":\"fr-FR\"},{\"@type\":\"Person\",\"@id\":\"https:\\\/\\\/psgfans.fr\\\/#\\\/schema\\\/person\\\/be2237e7a0237af2f29cb344b3c55e6c\",\"name\":\"psgfans\",\"image\":{\"@type\":\"ImageObject\",\"inLanguage\":\"fr-FR\",\"@id\":\"https:\\\/\\\/secure.gravatar.com\\\/avatar\\\/?s=96&d=mm&r=g\",\"url\":\"https:\\\/\\\/secure.gravatar.com\\\/avatar\\\/?s=96&d=mm&r=g\",\"contentUrl\":\"https:\\\/\\\/secure.gravatar.com\\\/avatar\\\/?s=96&d=mm&r=g\",\"caption\":\"psgfans\"},\"url\":\"https:\\\/\\\/psgfans.fr\\\/?author=2\"}]}<\/script>\n<!-- \/ Yoast SEO plugin. -->","yoast_head_json":{"title":"PSG-Bastia : Brandao va le payer tr\u00e8s cher - PSG FANS","robots":{"index":"index","follow":"follow","max-snippet":"max-snippet:-1","max-image-preview":"max-image-preview:large","max-video-preview":"max-video-preview:-1"},"canonical":"https:\/\/psgfans.fr\/?p=480","og_locale":"fr_FR","og_type":"article","og_title":"PSG-Bastia : Brandao va le payer tr\u00e8s cher - PSG FANS","og_description":"Le coup de t\u00eate de Brandao, pr\u00e9m\u00e9dit\u00e9, devient aujourd&rsquo;hui une agression aux cons\u00e9quences multiples. R\u00e9ponses aux questions que l&rsquo;on se pose sur cette affaire quasi in\u00e9dite dans le Championnat de France. La police va enqu\u00eater Le verdict est tr\u00e8s clair : Thiago Motta souffre d&rsquo;une fracture du nez sans d\u00e9placement.Une blessure qui autrefois n\u00e9cessitait entre [&hellip;]","og_url":"https:\/\/psgfans.fr\/?p=480","og_site_name":"PSG FANS","article_published_time":"2014-08-18T21:01:00+00:00","og_image":[{"url":"https:\/\/blogger.googleusercontent.com\/img\/b\/R29vZ2xl\/AVvXsEilXlMYOdgMQ5hiwy8kiGOQdhTXVIq7mu8qwHGbL_umWi7kK7gtcNhCQQAPaSzuIdz1Bb0XS8n8WnAlpBUeSwCjGTxYGtJmouYXA_xKtlWJeYDySxw9Vt-H8oG2jhUqEuLwrxVJl89IhTs\/s1600\/&amp;.jpg","type":"","width":"","height":""}],"author":"psgfans","twitter_card":"summary_large_image","twitter_misc":{"\u00c9crit par":"psgfans","Dur\u00e9e de lecture estim\u00e9e":"3 minutes"},"schema":{"@context":"https:\/\/schema.org","@graph":[{"@type":"Article","@id":"https:\/\/psgfans.fr\/?p=480#article","isPartOf":{"@id":"https:\/\/psgfans.fr\/?p=480"},"author":{"name":"psgfans","@id":"https:\/\/psgfans.fr\/#\/schema\/person\/be2237e7a0237af2f29cb344b3c55e6c"},"headline":"PSG-Bastia : Brandao va le payer tr\u00e8s cher","datePublished":"2014-08-18T21:01:00+00:00","mainEntityOfPage":{"@id":"https:\/\/psgfans.fr\/?p=480"},"wordCount":615,"commentCount":0,"image":{"@id":"https:\/\/psgfans.fr\/?p=480#primaryimage"},"thumbnailUrl":"https:\/\/blogger.googleusercontent.com\/img\/b\/R29vZ2xl\/AVvXsEilXlMYOdgMQ5hiwy8kiGOQdhTXVIq7mu8qwHGbL_umWi7kK7gtcNhCQQAPaSzuIdz1Bb0XS8n8WnAlpBUeSwCjGTxYGtJmouYXA_xKtlWJeYDySxw9Vt-H8oG2jhUqEuLwrxVJl89IhTs\/s1600\/&amp;.jpg","articleSection":["News"],"inLanguage":"fr-FR","potentialAction":[{"@type":"CommentAction","name":"Comment","target":["https:\/\/psgfans.fr\/?p=480#respond"]}]},{"@type":"WebPage","@id":"https:\/\/psgfans.fr\/?p=480","url":"https:\/\/psgfans.fr\/?p=480","name":"PSG-Bastia : Brandao va le payer tr\u00e8s cher - PSG FANS","isPartOf":{"@id":"https:\/\/psgfans.fr\/#website"},"primaryImageOfPage":{"@id":"https:\/\/psgfans.fr\/?p=480#primaryimage"},"image":{"@id":"https:\/\/psgfans.fr\/?p=480#primaryimage"},"thumbnailUrl":"https:\/\/blogger.googleusercontent.com\/img\/b\/R29vZ2xl\/AVvXsEilXlMYOdgMQ5hiwy8kiGOQdhTXVIq7mu8qwHGbL_umWi7kK7gtcNhCQQAPaSzuIdz1Bb0XS8n8WnAlpBUeSwCjGTxYGtJmouYXA_xKtlWJeYDySxw9Vt-H8oG2jhUqEuLwrxVJl89IhTs\/s1600\/&amp;.jpg","datePublished":"2014-08-18T21:01:00+00:00","author":{"@id":"https:\/\/psgfans.fr\/#\/schema\/person\/be2237e7a0237af2f29cb344b3c55e6c"},"breadcrumb":{"@id":"https:\/\/psgfans.fr\/?p=480#breadcrumb"},"inLanguage":"fr-FR","potentialAction":[{"@type":"ReadAction","target":["https:\/\/psgfans.fr\/?p=480"]}]},{"@type":"ImageObject","inLanguage":"fr-FR","@id":"https:\/\/psgfans.fr\/?p=480#primaryimage","url":"https:\/\/blogger.googleusercontent.com\/img\/b\/R29vZ2xl\/AVvXsEilXlMYOdgMQ5hiwy8kiGOQdhTXVIq7mu8qwHGbL_umWi7kK7gtcNhCQQAPaSzuIdz1Bb0XS8n8WnAlpBUeSwCjGTxYGtJmouYXA_xKtlWJeYDySxw9Vt-H8oG2jhUqEuLwrxVJl89IhTs\/s1600\/&amp;.jpg","contentUrl":"https:\/\/blogger.googleusercontent.com\/img\/b\/R29vZ2xl\/AVvXsEilXlMYOdgMQ5hiwy8kiGOQdhTXVIq7mu8qwHGbL_umWi7kK7gtcNhCQQAPaSzuIdz1Bb0XS8n8WnAlpBUeSwCjGTxYGtJmouYXA_xKtlWJeYDySxw9Vt-H8oG2jhUqEuLwrxVJl89IhTs\/s1600\/&amp;.jpg"},{"@type":"BreadcrumbList","@id":"https:\/\/psgfans.fr\/?p=480#breadcrumb","itemListElement":[{"@type":"ListItem","position":1,"name":"Accueil","item":"https:\/\/psgfans.fr\/"},{"@type":"ListItem","position":2,"name":"PSG-Bastia : Brandao va le payer tr\u00e8s cher"}]},{"@type":"WebSite","@id":"https:\/\/psgfans.fr\/#website","url":"https:\/\/psgfans.fr\/","name":"PSG FANS","description":"Unit\u00e9, Passion, Victoire : Au C\u0153ur du Paris Saint-Germain!","potentialAction":[{"@type":"SearchAction","target":{"@type":"EntryPoint","urlTemplate":"https:\/\/psgfans.fr\/?s={search_term_string}"},"query-input":{"@type":"PropertyValueSpecification","valueRequired":true,"valueName":"search_term_string"}}],"inLanguage":"fr-FR"},{"@type":"Person","@id":"https:\/\/psgfans.fr\/#\/schema\/person\/be2237e7a0237af2f29cb344b3c55e6c","name":"psgfans","image":{"@type":"ImageObject","inLanguage":"fr-FR","@id":"https:\/\/secure.gravatar.com\/avatar\/?s=96&d=mm&r=g","url":"https:\/\/secure.gravatar.com\/avatar\/?s=96&d=mm&r=g","contentUrl":"https:\/\/secure.gravatar.com\/avatar\/?s=96&d=mm&r=g","caption":"psgfans"},"url":"https:\/\/psgfans.fr\/?author=2"}]}},"_links":{"self":[{"href":"https:\/\/psgfans.fr\/index.php?rest_route=\/wp\/v2\/posts\/480","targetHints":{"allow":["GET"]}}],"collection":[{"href":"https:\/\/psgfans.fr\/index.php?rest_route=\/wp\/v2\/posts"}],"about":[{"href":"https:\/\/psgfans.fr\/index.php?rest_route=\/wp\/v2\/types\/post"}],"author":[{"embeddable":true,"href":"https:\/\/psgfans.fr\/index.php?rest_route=\/wp\/v2\/users\/2"}],"replies":[{"embeddable":true,"href":"https:\/\/psgfans.fr\/index.php?rest_route=%2Fwp%2Fv2%2Fcomments&post=480"}],"version-history":[{"count":0,"href":"https:\/\/psgfans.fr\/index.php?rest_route=\/wp\/v2\/posts\/480\/revisions"}],"wp:attachment":[{"href":"https:\/\/psgfans.fr\/index.php?rest_route=%2Fwp%2Fv2%2Fmedia&parent=480"}],"wp:term":[{"taxonomy":"category","embeddable":true,"href":"https:\/\/psgfans.fr\/index.php?rest_route=%2Fwp%2Fv2%2Fcategories&post=480"},{"taxonomy":"post_tag","embeddable":true,"href":"https:\/\/psgfans.fr\/index.php?rest_route=%2Fwp%2Fv2%2Ftags&post=480"}],"curies":[{"name":"wp","href":"https:\/\/api.w.org\/{rel}","templated":true}]}}