{"id":479,"date":"2014-08-19T21:24:00","date_gmt":"2014-08-19T20:24:00","guid":{"rendered":"https:\/\/psgfans.fr\/?p=479"},"modified":"2014-08-19T21:24:00","modified_gmt":"2014-08-19T20:24:00","slug":"videos-le-psg-releve-le-challenge-ice-bucket","status":"publish","type":"post","link":"https:\/\/psgfans.fr\/?p=479","title":{"rendered":"VIDEOS || Le PSG rel\u00e8ve le challenge \u00abIce Bucket\u00bb"},"content":{"rendered":"<div style=\"clear: both; text-align: center;\"><a href=\"https:\/\/blogger.googleusercontent.com\/img\/b\/R29vZ2xl\/AVvXsEi00NOjUCPg6BR7VL3-z7sm-h0yULUsSP-pmisDu74L_7J_gwyCRG9jpboKdm2C_UyEE_Pge66oOx_8SpRtWp097HnFNoIbY5UnEZvsYDYkgy3g2WlF4E-3MctZKEMceb5xQj1gY7lPaws\/s1600\/&amp;&amp;.jpg\" style=\"margin-left: 1em; margin-right: 1em;\"><img decoding=\"async\" border=\"0\" src=\"https:\/\/blogger.googleusercontent.com\/img\/b\/R29vZ2xl\/AVvXsEi00NOjUCPg6BR7VL3-z7sm-h0yULUsSP-pmisDu74L_7J_gwyCRG9jpboKdm2C_UyEE_Pge66oOx_8SpRtWp097HnFNoIbY5UnEZvsYDYkgy3g2WlF4E-3MctZKEMceb5xQj1gY7lPaws\/s1600\/&amp;&amp;.jpg\" \/><\/a><\/div>\n<p>Apr\u00e8s l&rsquo;humiliation contre l&rsquo;Allemagne en demi-finale de la Coupe du monde, Thiago Silva a re\u00e7u une nouvelle douche froide ce lundi. Mais cette fois, c&rsquo;\u00e9tait volontaire. Le capitaine du PSG s&rsquo;est en effet pr\u00eat\u00e9 au challenge \u00ab Ice Bucket \u00bb dans le vestiaire parisien.<\/p>\n<p>Ce nouveau ph\u00e9nom\u00e8ne fait fureur sur le r\u00e9seau social Facebook. Le d\u00e9fi consiste \u00e0 se verser un seau d&rsquo;eau glac\u00e9e sur la t\u00eate et \u00e0 nommer trois personnes qui devront \u00e0 leur tour se plier au jeu. Ceux qui refusent sont cens\u00e9s verser un don de 100 dollars (75 euros) \u00e0 l&rsquo;ALS Foundation, qui lutte contre la scl\u00e9rose lat\u00e9rale amyotrophique (ALS), une maladie neurod\u00e9g\u00e9n\u00e9rative plus connue sous le nom de maladie de Charcot.<br \/>Lanc\u00e9 fin juillet, \u00ab L&rsquo;Ice Bucket Challenge \u00bb a pris une ampleur inattendue lorsque, le 12 ao\u00fbt, le s\u00e9nateur du New Jersey Chris Christie rel\u00e8ve le d\u00e9fi et d\u00e9signe Mark Zuckerberg.Le fondateur de Facebook accepte le challenge deux jours plus tard. Les c\u00e9l\u00e9brit\u00e9s passent alors les unes apr\u00e8s les autres sous le seau d&rsquo;eau glac\u00e9e. Mickey Rourke, Robert Downey Junior, Justin Timberlake, Steven Spielberg, Oprah Winfrey, Ben Stiller, Lady Gaga&#8230; Tous mouillent le maillot.<\/p>\n<p><b>Au tour d&rsquo;Ibrahimovic ?<\/b><br \/>Le d\u00e9fi atteint aussi les sportifs de haut niveau, \u00e0 commencer par les stars de la NBA Tony Parker et LeBron James. Ce dernier a d&rsquo;ailleurs d\u00e9sign\u00e9 Barack Obama. Le pr\u00e9sident des Etats-Unis a refus\u00e9 le challenge mais a fait un don \u00e0 l&rsquo;association qui a r\u00e9colt\u00e9 10 millions d&rsquo;euros depuis le 29 juillet selon The New York Times.<br \/>\u00ab L&rsquo;Ice Bucket Challenge \u00bb a travers\u00e9 l&rsquo;Atlantique pour toucher les footballeurs \u00e9voluant en Europe. Marcelo, Cristiano Ronaldo, Neymar, Mario Balotelli, Mario G\u00f6tze, Daniel Sturridge, Steven Gerrard, tout le monde y va de sa petite vid\u00e9o<\/p>\n<div><\/div>\n<p><\/p>\n<div data-href=\"https:\/\/www.facebook.com\/photo.php?v=681637111891900\" data-width=\"466\">\n<div><a href=\"https:\/\/www.facebook.com\/photo.php?v=681637111891900\">Publication<\/a> by <a href=\"https:\/\/www.facebook.com\/anfgte\">PSG FANS<\/a>.<\/p>\n<\/div>\n<\/div>\n<p>Les joueurs du PSG n&rsquo;\u00e9chappent \u00e9videmment pas au ph\u00e9nom\u00e8ne, puisqu&rsquo;apr\u00e8s Thiago Silva, ce sont les Br\u00e9siliens David Luiz et Lucas qui ont eu droit \u00e0 leur douche froide. Le prochain sur la liste pourrait \u00eatre Zlatan Ibrahimovic. Mis au d\u00e9fi par son co\u00e9quipier Silva, l&rsquo;attaquant su\u00e9dois ne s&rsquo;est pas encore pr\u00eat\u00e9 au jeu.<\/p>\n<p>LeParisien.fr<\/p>\n","protected":false},"excerpt":{"rendered":"<p>Apr\u00e8s l&rsquo;humiliation contre l&rsquo;Allemagne en demi-finale de la Coupe du monde, Thiago Silva a re\u00e7u une nouvelle douche froide ce lundi. Mais cette fois, c&rsquo;\u00e9tait volontaire. Le capitaine du PSG s&rsquo;est en effet pr\u00eat\u00e9 au challenge \u00ab Ice Bucket \u00bb dans le vestiaire parisien. Ce nouveau ph\u00e9nom\u00e8ne fait fureur sur le r\u00e9seau social Facebook. Le [&hellip;]<\/p>\n","protected":false},"author":2,"featured_media":0,"comment_status":"open","ping_status":"open","sticky":false,"template":"","format":"standard","meta":{"footnotes":""},"categories":[3,25],"tags":[],"class_list":{"0":"post-479","1":"post","2":"type-post","3":"status-publish","4":"format-standard","6":"category-news","7":"category-video"},"yoast_head":"<!-- This site is optimized with the Yoast SEO plugin v27.4 - https:\/\/yoast.com\/product\/yoast-seo-wordpress\/ -->\n<title>VIDEOS || Le PSG rel\u00e8ve le challenge \u00abIce Bucket\u00bb - PSG FANS<\/title>\n<meta name=\"robots\" content=\"index, follow, max-snippet:-1, max-image-preview:large, max-video-preview:-1\" \/>\n<link rel=\"canonical\" href=\"https:\/\/psgfans.fr\/?p=479\" \/>\n<meta property=\"og:locale\" content=\"fr_FR\" \/>\n<meta property=\"og:type\" content=\"article\" \/>\n<meta property=\"og:title\" content=\"VIDEOS || Le PSG rel\u00e8ve le challenge \u00abIce Bucket\u00bb - PSG FANS\" \/>\n<meta property=\"og:description\" content=\"Apr\u00e8s l&rsquo;humiliation contre l&rsquo;Allemagne en demi-finale de la Coupe du monde, Thiago Silva a re\u00e7u une nouvelle douche froide ce lundi. Mais cette fois, c&rsquo;\u00e9tait volontaire. Le capitaine du PSG s&rsquo;est en effet pr\u00eat\u00e9 au challenge \u00ab Ice Bucket \u00bb dans le vestiaire parisien. Ce nouveau ph\u00e9nom\u00e8ne fait fureur sur le r\u00e9seau social Facebook. Le [&hellip;]\" \/>\n<meta property=\"og:url\" content=\"https:\/\/psgfans.fr\/?p=479\" \/>\n<meta property=\"og:site_name\" content=\"PSG FANS\" \/>\n<meta property=\"article:published_time\" content=\"2014-08-19T20:24:00+00:00\" \/>\n<meta property=\"og:image\" content=\"https:\/\/blogger.googleusercontent.com\/img\/b\/R29vZ2xl\/AVvXsEi00NOjUCPg6BR7VL3-z7sm-h0yULUsSP-pmisDu74L_7J_gwyCRG9jpboKdm2C_UyEE_Pge66oOx_8SpRtWp097HnFNoIbY5UnEZvsYDYkgy3g2WlF4E-3MctZKEMceb5xQj1gY7lPaws\/s1600\/&amp;&amp;.jpg\" \/>\n<meta name=\"author\" content=\"psgfans\" \/>\n<meta name=\"twitter:card\" content=\"summary_large_image\" \/>\n<meta name=\"twitter:label1\" content=\"\u00c9crit par\" \/>\n\t<meta name=\"twitter:data1\" content=\"psgfans\" \/>\n\t<meta name=\"twitter:label2\" content=\"Dur\u00e9e de lecture estim\u00e9e\" \/>\n\t<meta name=\"twitter:data2\" content=\"2 minutes\" \/>\n<script type=\"application\/ld+json\" class=\"yoast-schema-graph\">{\"@context\":\"https:\\\/\\\/schema.org\",\"@graph\":[{\"@type\":\"Article\",\"@id\":\"https:\\\/\\\/psgfans.fr\\\/?p=479#article\",\"isPartOf\":{\"@id\":\"https:\\\/\\\/psgfans.fr\\\/?p=479\"},\"author\":{\"name\":\"psgfans\",\"@id\":\"https:\\\/\\\/psgfans.fr\\\/#\\\/schema\\\/person\\\/be2237e7a0237af2f29cb344b3c55e6c\"},\"headline\":\"VIDEOS || Le PSG rel\u00e8ve le challenge \u00abIce Bucket\u00bb\",\"datePublished\":\"2014-08-19T20:24:00+00:00\",\"mainEntityOfPage\":{\"@id\":\"https:\\\/\\\/psgfans.fr\\\/?p=479\"},\"wordCount\":397,\"commentCount\":0,\"image\":{\"@id\":\"https:\\\/\\\/psgfans.fr\\\/?p=479#primaryimage\"},\"thumbnailUrl\":\"https:\\\/\\\/blogger.googleusercontent.com\\\/img\\\/b\\\/R29vZ2xl\\\/AVvXsEi00NOjUCPg6BR7VL3-z7sm-h0yULUsSP-pmisDu74L_7J_gwyCRG9jpboKdm2C_UyEE_Pge66oOx_8SpRtWp097HnFNoIbY5UnEZvsYDYkgy3g2WlF4E-3MctZKEMceb5xQj1gY7lPaws\\\/s1600\\\/&amp;&amp;.jpg\",\"articleSection\":[\"News\",\"Video\"],\"inLanguage\":\"fr-FR\",\"potentialAction\":[{\"@type\":\"CommentAction\",\"name\":\"Comment\",\"target\":[\"https:\\\/\\\/psgfans.fr\\\/?p=479#respond\"]}]},{\"@type\":\"WebPage\",\"@id\":\"https:\\\/\\\/psgfans.fr\\\/?p=479\",\"url\":\"https:\\\/\\\/psgfans.fr\\\/?p=479\",\"name\":\"VIDEOS || Le PSG rel\u00e8ve le challenge \u00abIce Bucket\u00bb - PSG FANS\",\"isPartOf\":{\"@id\":\"https:\\\/\\\/psgfans.fr\\\/#website\"},\"primaryImageOfPage\":{\"@id\":\"https:\\\/\\\/psgfans.fr\\\/?p=479#primaryimage\"},\"image\":{\"@id\":\"https:\\\/\\\/psgfans.fr\\\/?p=479#primaryimage\"},\"thumbnailUrl\":\"https:\\\/\\\/blogger.googleusercontent.com\\\/img\\\/b\\\/R29vZ2xl\\\/AVvXsEi00NOjUCPg6BR7VL3-z7sm-h0yULUsSP-pmisDu74L_7J_gwyCRG9jpboKdm2C_UyEE_Pge66oOx_8SpRtWp097HnFNoIbY5UnEZvsYDYkgy3g2WlF4E-3MctZKEMceb5xQj1gY7lPaws\\\/s1600\\\/&amp;&amp;.jpg\",\"datePublished\":\"2014-08-19T20:24:00+00:00\",\"author\":{\"@id\":\"https:\\\/\\\/psgfans.fr\\\/#\\\/schema\\\/person\\\/be2237e7a0237af2f29cb344b3c55e6c\"},\"breadcrumb\":{\"@id\":\"https:\\\/\\\/psgfans.fr\\\/?p=479#breadcrumb\"},\"inLanguage\":\"fr-FR\",\"potentialAction\":[{\"@type\":\"ReadAction\",\"target\":[\"https:\\\/\\\/psgfans.fr\\\/?p=479\"]}]},{\"@type\":\"ImageObject\",\"inLanguage\":\"fr-FR\",\"@id\":\"https:\\\/\\\/psgfans.fr\\\/?p=479#primaryimage\",\"url\":\"https:\\\/\\\/blogger.googleusercontent.com\\\/img\\\/b\\\/R29vZ2xl\\\/AVvXsEi00NOjUCPg6BR7VL3-z7sm-h0yULUsSP-pmisDu74L_7J_gwyCRG9jpboKdm2C_UyEE_Pge66oOx_8SpRtWp097HnFNoIbY5UnEZvsYDYkgy3g2WlF4E-3MctZKEMceb5xQj1gY7lPaws\\\/s1600\\\/&amp;&amp;.jpg\",\"contentUrl\":\"https:\\\/\\\/blogger.googleusercontent.com\\\/img\\\/b\\\/R29vZ2xl\\\/AVvXsEi00NOjUCPg6BR7VL3-z7sm-h0yULUsSP-pmisDu74L_7J_gwyCRG9jpboKdm2C_UyEE_Pge66oOx_8SpRtWp097HnFNoIbY5UnEZvsYDYkgy3g2WlF4E-3MctZKEMceb5xQj1gY7lPaws\\\/s1600\\\/&amp;&amp;.jpg\"},{\"@type\":\"BreadcrumbList\",\"@id\":\"https:\\\/\\\/psgfans.fr\\\/?p=479#breadcrumb\",\"itemListElement\":[{\"@type\":\"ListItem\",\"position\":1,\"name\":\"Accueil\",\"item\":\"https:\\\/\\\/psgfans.fr\\\/\"},{\"@type\":\"ListItem\",\"position\":2,\"name\":\"VIDEOS || Le PSG rel\u00e8ve le challenge \u00abIce Bucket\u00bb\"}]},{\"@type\":\"WebSite\",\"@id\":\"https:\\\/\\\/psgfans.fr\\\/#website\",\"url\":\"https:\\\/\\\/psgfans.fr\\\/\",\"name\":\"PSG FANS\",\"description\":\"Unit\u00e9, Passion, Victoire : Au C\u0153ur du Paris Saint-Germain!\",\"potentialAction\":[{\"@type\":\"SearchAction\",\"target\":{\"@type\":\"EntryPoint\",\"urlTemplate\":\"https:\\\/\\\/psgfans.fr\\\/?s={search_term_string}\"},\"query-input\":{\"@type\":\"PropertyValueSpecification\",\"valueRequired\":true,\"valueName\":\"search_term_string\"}}],\"inLanguage\":\"fr-FR\"},{\"@type\":\"Person\",\"@id\":\"https:\\\/\\\/psgfans.fr\\\/#\\\/schema\\\/person\\\/be2237e7a0237af2f29cb344b3c55e6c\",\"name\":\"psgfans\",\"image\":{\"@type\":\"ImageObject\",\"inLanguage\":\"fr-FR\",\"@id\":\"https:\\\/\\\/secure.gravatar.com\\\/avatar\\\/?s=96&d=mm&r=g\",\"url\":\"https:\\\/\\\/secure.gravatar.com\\\/avatar\\\/?s=96&d=mm&r=g\",\"contentUrl\":\"https:\\\/\\\/secure.gravatar.com\\\/avatar\\\/?s=96&d=mm&r=g\",\"caption\":\"psgfans\"},\"url\":\"https:\\\/\\\/psgfans.fr\\\/?author=2\"}]}<\/script>\n<!-- \/ Yoast SEO plugin. -->","yoast_head_json":{"title":"VIDEOS || Le PSG rel\u00e8ve le challenge \u00abIce Bucket\u00bb - PSG FANS","robots":{"index":"index","follow":"follow","max-snippet":"max-snippet:-1","max-image-preview":"max-image-preview:large","max-video-preview":"max-video-preview:-1"},"canonical":"https:\/\/psgfans.fr\/?p=479","og_locale":"fr_FR","og_type":"article","og_title":"VIDEOS || Le PSG rel\u00e8ve le challenge \u00abIce Bucket\u00bb - PSG FANS","og_description":"Apr\u00e8s l&rsquo;humiliation contre l&rsquo;Allemagne en demi-finale de la Coupe du monde, Thiago Silva a re\u00e7u une nouvelle douche froide ce lundi. Mais cette fois, c&rsquo;\u00e9tait volontaire. Le capitaine du PSG s&rsquo;est en effet pr\u00eat\u00e9 au challenge \u00ab Ice Bucket \u00bb dans le vestiaire parisien. Ce nouveau ph\u00e9nom\u00e8ne fait fureur sur le r\u00e9seau social Facebook. Le [&hellip;]","og_url":"https:\/\/psgfans.fr\/?p=479","og_site_name":"PSG FANS","article_published_time":"2014-08-19T20:24:00+00:00","og_image":[{"url":"https:\/\/blogger.googleusercontent.com\/img\/b\/R29vZ2xl\/AVvXsEi00NOjUCPg6BR7VL3-z7sm-h0yULUsSP-pmisDu74L_7J_gwyCRG9jpboKdm2C_UyEE_Pge66oOx_8SpRtWp097HnFNoIbY5UnEZvsYDYkgy3g2WlF4E-3MctZKEMceb5xQj1gY7lPaws\/s1600\/&amp;&amp;.jpg","type":"","width":"","height":""}],"author":"psgfans","twitter_card":"summary_large_image","twitter_misc":{"\u00c9crit par":"psgfans","Dur\u00e9e de lecture estim\u00e9e":"2 minutes"},"schema":{"@context":"https:\/\/schema.org","@graph":[{"@type":"Article","@id":"https:\/\/psgfans.fr\/?p=479#article","isPartOf":{"@id":"https:\/\/psgfans.fr\/?p=479"},"author":{"name":"psgfans","@id":"https:\/\/psgfans.fr\/#\/schema\/person\/be2237e7a0237af2f29cb344b3c55e6c"},"headline":"VIDEOS || Le PSG rel\u00e8ve le challenge \u00abIce Bucket\u00bb","datePublished":"2014-08-19T20:24:00+00:00","mainEntityOfPage":{"@id":"https:\/\/psgfans.fr\/?p=479"},"wordCount":397,"commentCount":0,"image":{"@id":"https:\/\/psgfans.fr\/?p=479#primaryimage"},"thumbnailUrl":"https:\/\/blogger.googleusercontent.com\/img\/b\/R29vZ2xl\/AVvXsEi00NOjUCPg6BR7VL3-z7sm-h0yULUsSP-pmisDu74L_7J_gwyCRG9jpboKdm2C_UyEE_Pge66oOx_8SpRtWp097HnFNoIbY5UnEZvsYDYkgy3g2WlF4E-3MctZKEMceb5xQj1gY7lPaws\/s1600\/&amp;&amp;.jpg","articleSection":["News","Video"],"inLanguage":"fr-FR","potentialAction":[{"@type":"CommentAction","name":"Comment","target":["https:\/\/psgfans.fr\/?p=479#respond"]}]},{"@type":"WebPage","@id":"https:\/\/psgfans.fr\/?p=479","url":"https:\/\/psgfans.fr\/?p=479","name":"VIDEOS || Le PSG rel\u00e8ve le challenge \u00abIce Bucket\u00bb - PSG FANS","isPartOf":{"@id":"https:\/\/psgfans.fr\/#website"},"primaryImageOfPage":{"@id":"https:\/\/psgfans.fr\/?p=479#primaryimage"},"image":{"@id":"https:\/\/psgfans.fr\/?p=479#primaryimage"},"thumbnailUrl":"https:\/\/blogger.googleusercontent.com\/img\/b\/R29vZ2xl\/AVvXsEi00NOjUCPg6BR7VL3-z7sm-h0yULUsSP-pmisDu74L_7J_gwyCRG9jpboKdm2C_UyEE_Pge66oOx_8SpRtWp097HnFNoIbY5UnEZvsYDYkgy3g2WlF4E-3MctZKEMceb5xQj1gY7lPaws\/s1600\/&amp;&amp;.jpg","datePublished":"2014-08-19T20:24:00+00:00","author":{"@id":"https:\/\/psgfans.fr\/#\/schema\/person\/be2237e7a0237af2f29cb344b3c55e6c"},"breadcrumb":{"@id":"https:\/\/psgfans.fr\/?p=479#breadcrumb"},"inLanguage":"fr-FR","potentialAction":[{"@type":"ReadAction","target":["https:\/\/psgfans.fr\/?p=479"]}]},{"@type":"ImageObject","inLanguage":"fr-FR","@id":"https:\/\/psgfans.fr\/?p=479#primaryimage","url":"https:\/\/blogger.googleusercontent.com\/img\/b\/R29vZ2xl\/AVvXsEi00NOjUCPg6BR7VL3-z7sm-h0yULUsSP-pmisDu74L_7J_gwyCRG9jpboKdm2C_UyEE_Pge66oOx_8SpRtWp097HnFNoIbY5UnEZvsYDYkgy3g2WlF4E-3MctZKEMceb5xQj1gY7lPaws\/s1600\/&amp;&amp;.jpg","contentUrl":"https:\/\/blogger.googleusercontent.com\/img\/b\/R29vZ2xl\/AVvXsEi00NOjUCPg6BR7VL3-z7sm-h0yULUsSP-pmisDu74L_7J_gwyCRG9jpboKdm2C_UyEE_Pge66oOx_8SpRtWp097HnFNoIbY5UnEZvsYDYkgy3g2WlF4E-3MctZKEMceb5xQj1gY7lPaws\/s1600\/&amp;&amp;.jpg"},{"@type":"BreadcrumbList","@id":"https:\/\/psgfans.fr\/?p=479#breadcrumb","itemListElement":[{"@type":"ListItem","position":1,"name":"Accueil","item":"https:\/\/psgfans.fr\/"},{"@type":"ListItem","position":2,"name":"VIDEOS || Le PSG rel\u00e8ve le challenge \u00abIce Bucket\u00bb"}]},{"@type":"WebSite","@id":"https:\/\/psgfans.fr\/#website","url":"https:\/\/psgfans.fr\/","name":"PSG FANS","description":"Unit\u00e9, Passion, Victoire : Au C\u0153ur du Paris Saint-Germain!","potentialAction":[{"@type":"SearchAction","target":{"@type":"EntryPoint","urlTemplate":"https:\/\/psgfans.fr\/?s={search_term_string}"},"query-input":{"@type":"PropertyValueSpecification","valueRequired":true,"valueName":"search_term_string"}}],"inLanguage":"fr-FR"},{"@type":"Person","@id":"https:\/\/psgfans.fr\/#\/schema\/person\/be2237e7a0237af2f29cb344b3c55e6c","name":"psgfans","image":{"@type":"ImageObject","inLanguage":"fr-FR","@id":"https:\/\/secure.gravatar.com\/avatar\/?s=96&d=mm&r=g","url":"https:\/\/secure.gravatar.com\/avatar\/?s=96&d=mm&r=g","contentUrl":"https:\/\/secure.gravatar.com\/avatar\/?s=96&d=mm&r=g","caption":"psgfans"},"url":"https:\/\/psgfans.fr\/?author=2"}]}},"_links":{"self":[{"href":"https:\/\/psgfans.fr\/index.php?rest_route=\/wp\/v2\/posts\/479","targetHints":{"allow":["GET"]}}],"collection":[{"href":"https:\/\/psgfans.fr\/index.php?rest_route=\/wp\/v2\/posts"}],"about":[{"href":"https:\/\/psgfans.fr\/index.php?rest_route=\/wp\/v2\/types\/post"}],"author":[{"embeddable":true,"href":"https:\/\/psgfans.fr\/index.php?rest_route=\/wp\/v2\/users\/2"}],"replies":[{"embeddable":true,"href":"https:\/\/psgfans.fr\/index.php?rest_route=%2Fwp%2Fv2%2Fcomments&post=479"}],"version-history":[{"count":0,"href":"https:\/\/psgfans.fr\/index.php?rest_route=\/wp\/v2\/posts\/479\/revisions"}],"wp:attachment":[{"href":"https:\/\/psgfans.fr\/index.php?rest_route=%2Fwp%2Fv2%2Fmedia&parent=479"}],"wp:term":[{"taxonomy":"category","embeddable":true,"href":"https:\/\/psgfans.fr\/index.php?rest_route=%2Fwp%2Fv2%2Fcategories&post=479"},{"taxonomy":"post_tag","embeddable":true,"href":"https:\/\/psgfans.fr\/index.php?rest_route=%2Fwp%2Fv2%2Ftags&post=479"}],"curies":[{"name":"wp","href":"https:\/\/api.w.org\/{rel}","templated":true}]}}