{"id":476,"date":"2014-08-31T23:06:00","date_gmt":"2014-08-31T22:06:00","guid":{"rendered":"https:\/\/psgfans.fr\/?p=476"},"modified":"2014-08-31T23:06:00","modified_gmt":"2014-08-31T22:06:00","slug":"video-psg-5-0-saint-etienne-le-psg-la-bourde-et-le-triple-de-zlatan","status":"publish","type":"post","link":"https:\/\/psgfans.fr\/?p=476","title":{"rendered":"VIDEO  PSG 5 &#8211; 0 Saint Etienne || le PSG, la bourde et le tripl\u00e9 de Zlatan !"},"content":{"rendered":"<div style=\"clear: both; text-align: center;\"><a href=\"https:\/\/blogger.googleusercontent.com\/img\/b\/R29vZ2xl\/AVvXsEjj629_s4rO0n7PtCKs0hy0LtIv0wpT1zOyXtm1hlrzyPEQRvfZ6OmoafiKlJXazXQ3OkeuHbEIsmLUp1hbjLLl5BXJDelNZZpnEQImgYzGdsCH_MSIuX_V_QcypMKUJnlRWnza6sg4AfE\/s1600\/&amp;&amp;.jpg\" style=\"margin-left: 1em; margin-right: 1em;\"><img loading=\"lazy\" decoding=\"async\" border=\"0\" src=\"https:\/\/blogger.googleusercontent.com\/img\/b\/R29vZ2xl\/AVvXsEjj629_s4rO0n7PtCKs0hy0LtIv0wpT1zOyXtm1hlrzyPEQRvfZ6OmoafiKlJXazXQ3OkeuHbEIsmLUp1hbjLLl5BXJDelNZZpnEQImgYzGdsCH_MSIuX_V_QcypMKUJnlRWnza6sg4AfE\/s1600\/&amp;&amp;.jpg\" height=\"170\" width=\"400\" \/><\/a><\/div>\n<p>L&rsquo;image est cruelle. St\u00e9phane Ruffier, 231 matchs en Ligue 1 au compteur, se fait surprendre comme un d\u00e9butant sur la pelouse du Parc des princes. A la 22e, sur un ballon en retrait anodin de Cl\u00e9ment, il manque son contr\u00f4le et laisse le ballon filer dans ses buts (22e). Difficile pour le gardien international, h\u00e9ros de la s\u00e9ance de p\u00e9nalty, quatre jours avant, qui avait permis \u00e0 Saint-Etienne de se qualifier en Ligue Europa. Ce soir, il a encaiss\u00e9 quatre autres buts (5-0), dont un tripl\u00e9 de Zlatan, qui revenait pourtant de blessure. Malgr\u00e9 un visage m\u00e9diocre pendant une partie de la rencontre, le sens du but des Parisiens a assur\u00e9 la victoire et le spectacle.<\/p>\n<p>Quand Zlatan refait surface<\/p>\n<p>En d\u00e9but de match pourtant, l&rsquo;option tactique choisie par Christophe Galtier semble payante. Avec un syst\u00e8me en 5-3-2, les St\u00e9phanois posent de nombreux probl\u00e8mes aux Parisiens, notamment gr\u00e2ce \u00e0 leur pr\u00e9sence dans l&rsquo;entrejeu. R\u00e9sultat : une premi\u00e8re mi-temps bien fade. Certes, le PSG ouvre le score sur la bourde de Ruffier (22e, 1-0). Mais pas de quoi faire exulter le public du Parc des princes, qui est d&rsquo;ailleurs \u00e0 guichet ferm\u00e9. Il faut attendre que Zlatan refasse surface. Le Su\u00e9dois, malgr\u00e9 deux coups francs repouss\u00e9 par le mur (10e, 17e), reprend d&rsquo;une t\u00eate puissante un centre de Maxwell (41e, 2-0) et laisse exploser sa joie. Agac\u00e9 par le marquage de Bayal, l&rsquo;attaquant vient de marquer son septi\u00e8me but de la t\u00eate sous les couleurs parisiennes. Apr\u00e8s une premi\u00e8re mi-temps sans s\u00e9duire, Paris m\u00e8ne donc \u00e0 la pause.<br \/>Le festival parisien<\/p>\n<p>A la reprise du jeu, les Parisiens recommencent \u00e0 t\u00e2tonner. Mais \u00e7a ne dure pas. Monnet-Paquet n&rsquo;appuie pas assez sa passe, Zlatan r\u00e9cup\u00e8re le ballon et devance Ruffier pour s&rsquo;offrir un doubl\u00e9 (62e, 3-0), son soixanti\u00e8me but en Ligue 1. Une minute plus tard, Cavani encha\u00eene un tir puissant qui trouve le petit filet du gardien de l&rsquo;ASSE (4-0, 63e). Ensuite, Verratti lance Zlatan qui part dans le dos de Pogba. Seul face \u00e0 Ruffier, il remporte \u00e0 nouveau son duel et s&rsquo;offre son 5e tripl\u00e9 avec le PSG. Il sort ensuite, heureux du travail bien fait et remplac\u00e9 par Matuidi (73e). En fin de match, alors que les Parisiens ont lev\u00e9 le pied, Gradel manque de peu le cadre (82e). Mais le sursaut st\u00e9phanois n&rsquo;aura pas lieu.<\/p>\n<p>Juste avant la tr\u00eave internationale, le PSG se hisse donc \u00e0 la deuxi\u00e8me place de Ligue 1 (8 pts), \u00e0 deux points du leader, Bordeaux (10 pts). Alors que de nombreux Parisiens rejoindront leur \u00e9quipe nationale cette semaine, ils retrouveront la Ligue 1 le 13 septembre prochain sur la pelouse de Rennes, quatre jours avant de d\u00e9buter la Ligue des champions \u00e0 l&rsquo;Ajax Amsterdam.<\/p>\n<p>lepoint.fr<\/p>\n<p>Les buts du Match :<br \/> <a href=\"https:\/\/www.facebook.com\/video.php?v=687126588009619\">cliquer ici<\/a><\/p>\n","protected":false},"excerpt":{"rendered":"<p>L&rsquo;image est cruelle. St\u00e9phane Ruffier, 231 matchs en Ligue 1 au compteur, se fait surprendre comme un d\u00e9butant sur la pelouse du Parc des princes. A la 22e, sur un ballon en retrait anodin de Cl\u00e9ment, il manque son contr\u00f4le et laisse le ballon filer dans ses buts (22e). Difficile pour le gardien international, h\u00e9ros [&hellip;]<\/p>\n","protected":false},"author":2,"featured_media":0,"comment_status":"open","ping_status":"open","sticky":false,"template":"","format":"standard","meta":{"footnotes":""},"categories":[3,25],"tags":[],"class_list":{"0":"post-476","1":"post","2":"type-post","3":"status-publish","4":"format-standard","6":"category-news","7":"category-video"},"yoast_head":"<!-- This site is optimized with the Yoast SEO plugin v27.4 - https:\/\/yoast.com\/product\/yoast-seo-wordpress\/ -->\n<title>VIDEO PSG 5 - 0 Saint Etienne || le PSG, la bourde et le tripl\u00e9 de Zlatan ! - PSG FANS<\/title>\n<meta name=\"robots\" content=\"index, follow, max-snippet:-1, max-image-preview:large, max-video-preview:-1\" \/>\n<link rel=\"canonical\" href=\"https:\/\/psgfans.fr\/?p=476\" \/>\n<meta property=\"og:locale\" content=\"fr_FR\" \/>\n<meta property=\"og:type\" content=\"article\" \/>\n<meta property=\"og:title\" content=\"VIDEO PSG 5 - 0 Saint Etienne || le PSG, la bourde et le tripl\u00e9 de Zlatan ! - PSG FANS\" \/>\n<meta property=\"og:description\" content=\"L&rsquo;image est cruelle. St\u00e9phane Ruffier, 231 matchs en Ligue 1 au compteur, se fait surprendre comme un d\u00e9butant sur la pelouse du Parc des princes. A la 22e, sur un ballon en retrait anodin de Cl\u00e9ment, il manque son contr\u00f4le et laisse le ballon filer dans ses buts (22e). Difficile pour le gardien international, h\u00e9ros [&hellip;]\" \/>\n<meta property=\"og:url\" content=\"https:\/\/psgfans.fr\/?p=476\" \/>\n<meta property=\"og:site_name\" content=\"PSG FANS\" \/>\n<meta property=\"article:published_time\" content=\"2014-08-31T22:06:00+00:00\" \/>\n<meta property=\"og:image\" content=\"https:\/\/blogger.googleusercontent.com\/img\/b\/R29vZ2xl\/AVvXsEjj629_s4rO0n7PtCKs0hy0LtIv0wpT1zOyXtm1hlrzyPEQRvfZ6OmoafiKlJXazXQ3OkeuHbEIsmLUp1hbjLLl5BXJDelNZZpnEQImgYzGdsCH_MSIuX_V_QcypMKUJnlRWnza6sg4AfE\/s1600\/&amp;&amp;.jpg\" \/>\n<meta name=\"author\" content=\"psgfans\" \/>\n<meta name=\"twitter:card\" content=\"summary_large_image\" \/>\n<meta name=\"twitter:label1\" content=\"\u00c9crit par\" \/>\n\t<meta name=\"twitter:data1\" content=\"psgfans\" \/>\n\t<meta name=\"twitter:label2\" content=\"Dur\u00e9e de lecture estim\u00e9e\" \/>\n\t<meta name=\"twitter:data2\" content=\"2 minutes\" \/>\n<script type=\"application\/ld+json\" class=\"yoast-schema-graph\">{\"@context\":\"https:\\\/\\\/schema.org\",\"@graph\":[{\"@type\":\"Article\",\"@id\":\"https:\\\/\\\/psgfans.fr\\\/?p=476#article\",\"isPartOf\":{\"@id\":\"https:\\\/\\\/psgfans.fr\\\/?p=476\"},\"author\":{\"name\":\"psgfans\",\"@id\":\"https:\\\/\\\/psgfans.fr\\\/#\\\/schema\\\/person\\\/be2237e7a0237af2f29cb344b3c55e6c\"},\"headline\":\"VIDEO PSG 5 &#8211; 0 Saint Etienne || le PSG, la bourde et le tripl\u00e9 de Zlatan !\",\"datePublished\":\"2014-08-31T22:06:00+00:00\",\"mainEntityOfPage\":{\"@id\":\"https:\\\/\\\/psgfans.fr\\\/?p=476\"},\"wordCount\":501,\"commentCount\":0,\"image\":{\"@id\":\"https:\\\/\\\/psgfans.fr\\\/?p=476#primaryimage\"},\"thumbnailUrl\":\"https:\\\/\\\/blogger.googleusercontent.com\\\/img\\\/b\\\/R29vZ2xl\\\/AVvXsEjj629_s4rO0n7PtCKs0hy0LtIv0wpT1zOyXtm1hlrzyPEQRvfZ6OmoafiKlJXazXQ3OkeuHbEIsmLUp1hbjLLl5BXJDelNZZpnEQImgYzGdsCH_MSIuX_V_QcypMKUJnlRWnza6sg4AfE\\\/s1600\\\/&amp;&amp;.jpg\",\"articleSection\":[\"News\",\"Video\"],\"inLanguage\":\"fr-FR\",\"potentialAction\":[{\"@type\":\"CommentAction\",\"name\":\"Comment\",\"target\":[\"https:\\\/\\\/psgfans.fr\\\/?p=476#respond\"]}]},{\"@type\":\"WebPage\",\"@id\":\"https:\\\/\\\/psgfans.fr\\\/?p=476\",\"url\":\"https:\\\/\\\/psgfans.fr\\\/?p=476\",\"name\":\"VIDEO PSG 5 - 0 Saint Etienne || le PSG, la bourde et le tripl\u00e9 de Zlatan ! - PSG FANS\",\"isPartOf\":{\"@id\":\"https:\\\/\\\/psgfans.fr\\\/#website\"},\"primaryImageOfPage\":{\"@id\":\"https:\\\/\\\/psgfans.fr\\\/?p=476#primaryimage\"},\"image\":{\"@id\":\"https:\\\/\\\/psgfans.fr\\\/?p=476#primaryimage\"},\"thumbnailUrl\":\"https:\\\/\\\/blogger.googleusercontent.com\\\/img\\\/b\\\/R29vZ2xl\\\/AVvXsEjj629_s4rO0n7PtCKs0hy0LtIv0wpT1zOyXtm1hlrzyPEQRvfZ6OmoafiKlJXazXQ3OkeuHbEIsmLUp1hbjLLl5BXJDelNZZpnEQImgYzGdsCH_MSIuX_V_QcypMKUJnlRWnza6sg4AfE\\\/s1600\\\/&amp;&amp;.jpg\",\"datePublished\":\"2014-08-31T22:06:00+00:00\",\"author\":{\"@id\":\"https:\\\/\\\/psgfans.fr\\\/#\\\/schema\\\/person\\\/be2237e7a0237af2f29cb344b3c55e6c\"},\"breadcrumb\":{\"@id\":\"https:\\\/\\\/psgfans.fr\\\/?p=476#breadcrumb\"},\"inLanguage\":\"fr-FR\",\"potentialAction\":[{\"@type\":\"ReadAction\",\"target\":[\"https:\\\/\\\/psgfans.fr\\\/?p=476\"]}]},{\"@type\":\"ImageObject\",\"inLanguage\":\"fr-FR\",\"@id\":\"https:\\\/\\\/psgfans.fr\\\/?p=476#primaryimage\",\"url\":\"https:\\\/\\\/blogger.googleusercontent.com\\\/img\\\/b\\\/R29vZ2xl\\\/AVvXsEjj629_s4rO0n7PtCKs0hy0LtIv0wpT1zOyXtm1hlrzyPEQRvfZ6OmoafiKlJXazXQ3OkeuHbEIsmLUp1hbjLLl5BXJDelNZZpnEQImgYzGdsCH_MSIuX_V_QcypMKUJnlRWnza6sg4AfE\\\/s1600\\\/&amp;&amp;.jpg\",\"contentUrl\":\"https:\\\/\\\/blogger.googleusercontent.com\\\/img\\\/b\\\/R29vZ2xl\\\/AVvXsEjj629_s4rO0n7PtCKs0hy0LtIv0wpT1zOyXtm1hlrzyPEQRvfZ6OmoafiKlJXazXQ3OkeuHbEIsmLUp1hbjLLl5BXJDelNZZpnEQImgYzGdsCH_MSIuX_V_QcypMKUJnlRWnza6sg4AfE\\\/s1600\\\/&amp;&amp;.jpg\"},{\"@type\":\"BreadcrumbList\",\"@id\":\"https:\\\/\\\/psgfans.fr\\\/?p=476#breadcrumb\",\"itemListElement\":[{\"@type\":\"ListItem\",\"position\":1,\"name\":\"Accueil\",\"item\":\"https:\\\/\\\/psgfans.fr\\\/\"},{\"@type\":\"ListItem\",\"position\":2,\"name\":\"VIDEO PSG 5 &#8211; 0 Saint Etienne || le PSG, la bourde et le tripl\u00e9 de Zlatan !\"}]},{\"@type\":\"WebSite\",\"@id\":\"https:\\\/\\\/psgfans.fr\\\/#website\",\"url\":\"https:\\\/\\\/psgfans.fr\\\/\",\"name\":\"PSG FANS\",\"description\":\"Unit\u00e9, Passion, Victoire : Au C\u0153ur du Paris Saint-Germain!\",\"potentialAction\":[{\"@type\":\"SearchAction\",\"target\":{\"@type\":\"EntryPoint\",\"urlTemplate\":\"https:\\\/\\\/psgfans.fr\\\/?s={search_term_string}\"},\"query-input\":{\"@type\":\"PropertyValueSpecification\",\"valueRequired\":true,\"valueName\":\"search_term_string\"}}],\"inLanguage\":\"fr-FR\"},{\"@type\":\"Person\",\"@id\":\"https:\\\/\\\/psgfans.fr\\\/#\\\/schema\\\/person\\\/be2237e7a0237af2f29cb344b3c55e6c\",\"name\":\"psgfans\",\"image\":{\"@type\":\"ImageObject\",\"inLanguage\":\"fr-FR\",\"@id\":\"https:\\\/\\\/secure.gravatar.com\\\/avatar\\\/?s=96&d=mm&r=g\",\"url\":\"https:\\\/\\\/secure.gravatar.com\\\/avatar\\\/?s=96&d=mm&r=g\",\"contentUrl\":\"https:\\\/\\\/secure.gravatar.com\\\/avatar\\\/?s=96&d=mm&r=g\",\"caption\":\"psgfans\"},\"url\":\"https:\\\/\\\/psgfans.fr\\\/?author=2\"}]}<\/script>\n<!-- \/ Yoast SEO plugin. -->","yoast_head_json":{"title":"VIDEO PSG 5 - 0 Saint Etienne || le PSG, la bourde et le tripl\u00e9 de Zlatan ! - PSG FANS","robots":{"index":"index","follow":"follow","max-snippet":"max-snippet:-1","max-image-preview":"max-image-preview:large","max-video-preview":"max-video-preview:-1"},"canonical":"https:\/\/psgfans.fr\/?p=476","og_locale":"fr_FR","og_type":"article","og_title":"VIDEO PSG 5 - 0 Saint Etienne || le PSG, la bourde et le tripl\u00e9 de Zlatan ! - PSG FANS","og_description":"L&rsquo;image est cruelle. St\u00e9phane Ruffier, 231 matchs en Ligue 1 au compteur, se fait surprendre comme un d\u00e9butant sur la pelouse du Parc des princes. A la 22e, sur un ballon en retrait anodin de Cl\u00e9ment, il manque son contr\u00f4le et laisse le ballon filer dans ses buts (22e). Difficile pour le gardien international, h\u00e9ros [&hellip;]","og_url":"https:\/\/psgfans.fr\/?p=476","og_site_name":"PSG FANS","article_published_time":"2014-08-31T22:06:00+00:00","og_image":[{"url":"https:\/\/blogger.googleusercontent.com\/img\/b\/R29vZ2xl\/AVvXsEjj629_s4rO0n7PtCKs0hy0LtIv0wpT1zOyXtm1hlrzyPEQRvfZ6OmoafiKlJXazXQ3OkeuHbEIsmLUp1hbjLLl5BXJDelNZZpnEQImgYzGdsCH_MSIuX_V_QcypMKUJnlRWnza6sg4AfE\/s1600\/&amp;&amp;.jpg","type":"","width":"","height":""}],"author":"psgfans","twitter_card":"summary_large_image","twitter_misc":{"\u00c9crit par":"psgfans","Dur\u00e9e de lecture estim\u00e9e":"2 minutes"},"schema":{"@context":"https:\/\/schema.org","@graph":[{"@type":"Article","@id":"https:\/\/psgfans.fr\/?p=476#article","isPartOf":{"@id":"https:\/\/psgfans.fr\/?p=476"},"author":{"name":"psgfans","@id":"https:\/\/psgfans.fr\/#\/schema\/person\/be2237e7a0237af2f29cb344b3c55e6c"},"headline":"VIDEO PSG 5 &#8211; 0 Saint Etienne || le PSG, la bourde et le tripl\u00e9 de Zlatan !","datePublished":"2014-08-31T22:06:00+00:00","mainEntityOfPage":{"@id":"https:\/\/psgfans.fr\/?p=476"},"wordCount":501,"commentCount":0,"image":{"@id":"https:\/\/psgfans.fr\/?p=476#primaryimage"},"thumbnailUrl":"https:\/\/blogger.googleusercontent.com\/img\/b\/R29vZ2xl\/AVvXsEjj629_s4rO0n7PtCKs0hy0LtIv0wpT1zOyXtm1hlrzyPEQRvfZ6OmoafiKlJXazXQ3OkeuHbEIsmLUp1hbjLLl5BXJDelNZZpnEQImgYzGdsCH_MSIuX_V_QcypMKUJnlRWnza6sg4AfE\/s1600\/&amp;&amp;.jpg","articleSection":["News","Video"],"inLanguage":"fr-FR","potentialAction":[{"@type":"CommentAction","name":"Comment","target":["https:\/\/psgfans.fr\/?p=476#respond"]}]},{"@type":"WebPage","@id":"https:\/\/psgfans.fr\/?p=476","url":"https:\/\/psgfans.fr\/?p=476","name":"VIDEO PSG 5 - 0 Saint Etienne || le PSG, la bourde et le tripl\u00e9 de Zlatan ! - PSG FANS","isPartOf":{"@id":"https:\/\/psgfans.fr\/#website"},"primaryImageOfPage":{"@id":"https:\/\/psgfans.fr\/?p=476#primaryimage"},"image":{"@id":"https:\/\/psgfans.fr\/?p=476#primaryimage"},"thumbnailUrl":"https:\/\/blogger.googleusercontent.com\/img\/b\/R29vZ2xl\/AVvXsEjj629_s4rO0n7PtCKs0hy0LtIv0wpT1zOyXtm1hlrzyPEQRvfZ6OmoafiKlJXazXQ3OkeuHbEIsmLUp1hbjLLl5BXJDelNZZpnEQImgYzGdsCH_MSIuX_V_QcypMKUJnlRWnza6sg4AfE\/s1600\/&amp;&amp;.jpg","datePublished":"2014-08-31T22:06:00+00:00","author":{"@id":"https:\/\/psgfans.fr\/#\/schema\/person\/be2237e7a0237af2f29cb344b3c55e6c"},"breadcrumb":{"@id":"https:\/\/psgfans.fr\/?p=476#breadcrumb"},"inLanguage":"fr-FR","potentialAction":[{"@type":"ReadAction","target":["https:\/\/psgfans.fr\/?p=476"]}]},{"@type":"ImageObject","inLanguage":"fr-FR","@id":"https:\/\/psgfans.fr\/?p=476#primaryimage","url":"https:\/\/blogger.googleusercontent.com\/img\/b\/R29vZ2xl\/AVvXsEjj629_s4rO0n7PtCKs0hy0LtIv0wpT1zOyXtm1hlrzyPEQRvfZ6OmoafiKlJXazXQ3OkeuHbEIsmLUp1hbjLLl5BXJDelNZZpnEQImgYzGdsCH_MSIuX_V_QcypMKUJnlRWnza6sg4AfE\/s1600\/&amp;&amp;.jpg","contentUrl":"https:\/\/blogger.googleusercontent.com\/img\/b\/R29vZ2xl\/AVvXsEjj629_s4rO0n7PtCKs0hy0LtIv0wpT1zOyXtm1hlrzyPEQRvfZ6OmoafiKlJXazXQ3OkeuHbEIsmLUp1hbjLLl5BXJDelNZZpnEQImgYzGdsCH_MSIuX_V_QcypMKUJnlRWnza6sg4AfE\/s1600\/&amp;&amp;.jpg"},{"@type":"BreadcrumbList","@id":"https:\/\/psgfans.fr\/?p=476#breadcrumb","itemListElement":[{"@type":"ListItem","position":1,"name":"Accueil","item":"https:\/\/psgfans.fr\/"},{"@type":"ListItem","position":2,"name":"VIDEO PSG 5 &#8211; 0 Saint Etienne || le PSG, la bourde et le tripl\u00e9 de Zlatan !"}]},{"@type":"WebSite","@id":"https:\/\/psgfans.fr\/#website","url":"https:\/\/psgfans.fr\/","name":"PSG FANS","description":"Unit\u00e9, Passion, Victoire : Au C\u0153ur du Paris Saint-Germain!","potentialAction":[{"@type":"SearchAction","target":{"@type":"EntryPoint","urlTemplate":"https:\/\/psgfans.fr\/?s={search_term_string}"},"query-input":{"@type":"PropertyValueSpecification","valueRequired":true,"valueName":"search_term_string"}}],"inLanguage":"fr-FR"},{"@type":"Person","@id":"https:\/\/psgfans.fr\/#\/schema\/person\/be2237e7a0237af2f29cb344b3c55e6c","name":"psgfans","image":{"@type":"ImageObject","inLanguage":"fr-FR","@id":"https:\/\/secure.gravatar.com\/avatar\/?s=96&d=mm&r=g","url":"https:\/\/secure.gravatar.com\/avatar\/?s=96&d=mm&r=g","contentUrl":"https:\/\/secure.gravatar.com\/avatar\/?s=96&d=mm&r=g","caption":"psgfans"},"url":"https:\/\/psgfans.fr\/?author=2"}]}},"_links":{"self":[{"href":"https:\/\/psgfans.fr\/index.php?rest_route=\/wp\/v2\/posts\/476","targetHints":{"allow":["GET"]}}],"collection":[{"href":"https:\/\/psgfans.fr\/index.php?rest_route=\/wp\/v2\/posts"}],"about":[{"href":"https:\/\/psgfans.fr\/index.php?rest_route=\/wp\/v2\/types\/post"}],"author":[{"embeddable":true,"href":"https:\/\/psgfans.fr\/index.php?rest_route=\/wp\/v2\/users\/2"}],"replies":[{"embeddable":true,"href":"https:\/\/psgfans.fr\/index.php?rest_route=%2Fwp%2Fv2%2Fcomments&post=476"}],"version-history":[{"count":0,"href":"https:\/\/psgfans.fr\/index.php?rest_route=\/wp\/v2\/posts\/476\/revisions"}],"wp:attachment":[{"href":"https:\/\/psgfans.fr\/index.php?rest_route=%2Fwp%2Fv2%2Fmedia&parent=476"}],"wp:term":[{"taxonomy":"category","embeddable":true,"href":"https:\/\/psgfans.fr\/index.php?rest_route=%2Fwp%2Fv2%2Fcategories&post=476"},{"taxonomy":"post_tag","embeddable":true,"href":"https:\/\/psgfans.fr\/index.php?rest_route=%2Fwp%2Fv2%2Ftags&post=476"}],"curies":[{"name":"wp","href":"https:\/\/api.w.org\/{rel}","templated":true}]}}