{"id":473,"date":"2014-09-05T15:00:00","date_gmt":"2014-09-05T14:00:00","guid":{"rendered":"https:\/\/psgfans.fr\/?p=473"},"modified":"2014-09-05T15:00:00","modified_gmt":"2014-09-05T14:00:00","slug":"al-khelaifi-a-deja-trouve-son-avocat-sil-veut-attaquer-en-justice-le-fair-play-financier","status":"publish","type":"post","link":"https:\/\/psgfans.fr\/?p=473","title":{"rendered":"Al-Khela\u00effi a d\u00e9j\u00e0 trouv\u00e9 son avocat s\u2019il veut attaquer en justice le fair-play financier"},"content":{"rendered":"<div style=\"clear: both; text-align: center;\"><a href=\"https:\/\/blogger.googleusercontent.com\/img\/b\/R29vZ2xl\/AVvXsEglIJyI7ZcdB9h0Gr54XaKcxfkmoEQN0V3uF_CqKaRMb1h-f_TeG9jqETuKwqpD64LfdjkyieB4IRQGf7_RD6GUi7g07wlBrkkNh9q5db8KA2FwJKCQU133XRsAvvSVtFGyCPmNLk3UKJ0\/s1600\/&amp;&amp;.jpg\" style=\"margin-left: 1em; margin-right: 1em;\"><img loading=\"lazy\" decoding=\"async\" border=\"0\" src=\"https:\/\/blogger.googleusercontent.com\/img\/b\/R29vZ2xl\/AVvXsEglIJyI7ZcdB9h0Gr54XaKcxfkmoEQN0V3uF_CqKaRMb1h-f_TeG9jqETuKwqpD64LfdjkyieB4IRQGf7_RD6GUi7g07wlBrkkNh9q5db8KA2FwJKCQU133XRsAvvSVtFGyCPmNLk3UKJ0\/s1600\/&amp;&amp;.jpg\" height=\"266\" width=\"400\" \/><\/a><\/div>\n<p>Avocat sp\u00e9cialis\u00e9 dans le milieu du football, Thierry Granturco est l\u2019un des plus farouches opposant au fair-play financier instaur\u00e9 cet \u00e9t\u00e9. Agac\u00e9 par le raisonnement de l\u2019UEFA qui fige la hi\u00e9rarchie du football au profit des puissants d\u2019aujourd\u2019hui et au m\u00e9pris des \u00e9ventuels investisseurs, l\u2019int\u00e9ress\u00e9 n\u2019attend que le feu vert d\u2019un club pour trainer cette r\u00e8gle devant les tribunaux\u2026 Et pour cela l\u2019int\u00e9ress\u00e9 esp\u00e8re un coup de pouce du Paris Saint-Germain.<\/p>\n<p>Dans le Huffington Post, l\u2019homme de loi a apostroph\u00e9 Nasser Al-Khela\u00effi sur son attitude diplomate de l\u2019\u00e9t\u00e9 qui lui a caus\u00e9 des torts sur le march\u00e9 des transferts. \u00ab Il est quelque peu surprenant qu\u2019il ait fallu attendre l\u2019\u00e9t\u00e9 2014 pour entendre M. Nasser Al-Khela\u00effi se plaindre des r\u00e8gles s\u2019imposant dor\u00e9navant au PSG. Comme si, finalement, il lui avait fallu le temps de se confronter au mercato 2014\/15 et \u00e0 l\u2019impossibilit\u00e9 de suivre le rythme du Real de Madrid, de Barcelone ou encore de Manchester United, pour se rendre compte de l\u2019iniquit\u00e9 du FPF. (\u2026) Le FPF est une v\u00e9ritable chape de plomb sur le d\u00e9veloppement de clubs tels que le PSG et \u00e0 un degr\u00e9 bien sup\u00e9rieur, sur celui de Monaco. \u00bb<\/p>\n<p>Granturco n\u2019esp\u00e8re qu\u2019une chose : que le pr\u00e9sident d\u00e9l\u00e9gu\u00e9 du PSG durcisse sa position s\u2019il ne parvient pas \u00e0 obtenir des am\u00e9nagements lors de sa rencontre avec les d\u00e9cideurs de l\u2019UEFA en octobre prochain. Al-Khela\u00effi a, en effet, annonc\u00e9 hier sa volont\u00e9 d\u2019obtenir un assouplissement des sanctions touchant son club.<\/p>\n<p>Source : butfootballclub<\/p>\n","protected":false},"excerpt":{"rendered":"<p>Avocat sp\u00e9cialis\u00e9 dans le milieu du football, Thierry Granturco est l\u2019un des plus farouches opposant au fair-play financier instaur\u00e9 cet \u00e9t\u00e9. Agac\u00e9 par le raisonnement de l\u2019UEFA qui fige la hi\u00e9rarchie du football au profit des puissants d\u2019aujourd\u2019hui et au m\u00e9pris des \u00e9ventuels investisseurs, l\u2019int\u00e9ress\u00e9 n\u2019attend que le feu vert d\u2019un club pour trainer cette [&hellip;]<\/p>\n","protected":false},"author":2,"featured_media":0,"comment_status":"open","ping_status":"open","sticky":false,"template":"","format":"standard","meta":{"footnotes":""},"categories":[3],"tags":[],"class_list":{"0":"post-473","1":"post","2":"type-post","3":"status-publish","4":"format-standard","6":"category-news"},"yoast_head":"<!-- This site is optimized with the Yoast SEO plugin v27.4 - https:\/\/yoast.com\/product\/yoast-seo-wordpress\/ -->\n<title>Al-Khela\u00effi a d\u00e9j\u00e0 trouv\u00e9 son avocat s\u2019il veut attaquer en justice le fair-play financier - PSG FANS<\/title>\n<meta name=\"robots\" content=\"index, follow, max-snippet:-1, max-image-preview:large, max-video-preview:-1\" \/>\n<link rel=\"canonical\" href=\"https:\/\/psgfans.fr\/?p=473\" \/>\n<meta property=\"og:locale\" content=\"fr_FR\" \/>\n<meta property=\"og:type\" content=\"article\" \/>\n<meta property=\"og:title\" content=\"Al-Khela\u00effi a d\u00e9j\u00e0 trouv\u00e9 son avocat s\u2019il veut attaquer en justice le fair-play financier - PSG FANS\" \/>\n<meta property=\"og:description\" content=\"Avocat sp\u00e9cialis\u00e9 dans le milieu du football, Thierry Granturco est l\u2019un des plus farouches opposant au fair-play financier instaur\u00e9 cet \u00e9t\u00e9. Agac\u00e9 par le raisonnement de l\u2019UEFA qui fige la hi\u00e9rarchie du football au profit des puissants d\u2019aujourd\u2019hui et au m\u00e9pris des \u00e9ventuels investisseurs, l\u2019int\u00e9ress\u00e9 n\u2019attend que le feu vert d\u2019un club pour trainer cette [&hellip;]\" \/>\n<meta property=\"og:url\" content=\"https:\/\/psgfans.fr\/?p=473\" \/>\n<meta property=\"og:site_name\" content=\"PSG FANS\" \/>\n<meta property=\"article:published_time\" content=\"2014-09-05T14:00:00+00:00\" \/>\n<meta property=\"og:image\" content=\"https:\/\/blogger.googleusercontent.com\/img\/b\/R29vZ2xl\/AVvXsEglIJyI7ZcdB9h0Gr54XaKcxfkmoEQN0V3uF_CqKaRMb1h-f_TeG9jqETuKwqpD64LfdjkyieB4IRQGf7_RD6GUi7g07wlBrkkNh9q5db8KA2FwJKCQU133XRsAvvSVtFGyCPmNLk3UKJ0\/s1600\/&amp;&amp;.jpg\" \/>\n<meta name=\"author\" content=\"psgfans\" \/>\n<meta name=\"twitter:card\" content=\"summary_large_image\" \/>\n<meta name=\"twitter:label1\" content=\"\u00c9crit par\" \/>\n\t<meta name=\"twitter:data1\" content=\"psgfans\" \/>\n\t<meta name=\"twitter:label2\" content=\"Dur\u00e9e de lecture estim\u00e9e\" \/>\n\t<meta name=\"twitter:data2\" content=\"1 minute\" \/>\n<script type=\"application\/ld+json\" class=\"yoast-schema-graph\">{\"@context\":\"https:\\\/\\\/schema.org\",\"@graph\":[{\"@type\":\"Article\",\"@id\":\"https:\\\/\\\/psgfans.fr\\\/?p=473#article\",\"isPartOf\":{\"@id\":\"https:\\\/\\\/psgfans.fr\\\/?p=473\"},\"author\":{\"name\":\"psgfans\",\"@id\":\"https:\\\/\\\/psgfans.fr\\\/#\\\/schema\\\/person\\\/be2237e7a0237af2f29cb344b3c55e6c\"},\"headline\":\"Al-Khela\u00effi a d\u00e9j\u00e0 trouv\u00e9 son avocat s\u2019il veut attaquer en justice le fair-play financier\",\"datePublished\":\"2014-09-05T14:00:00+00:00\",\"mainEntityOfPage\":{\"@id\":\"https:\\\/\\\/psgfans.fr\\\/?p=473\"},\"wordCount\":295,\"commentCount\":0,\"image\":{\"@id\":\"https:\\\/\\\/psgfans.fr\\\/?p=473#primaryimage\"},\"thumbnailUrl\":\"https:\\\/\\\/blogger.googleusercontent.com\\\/img\\\/b\\\/R29vZ2xl\\\/AVvXsEglIJyI7ZcdB9h0Gr54XaKcxfkmoEQN0V3uF_CqKaRMb1h-f_TeG9jqETuKwqpD64LfdjkyieB4IRQGf7_RD6GUi7g07wlBrkkNh9q5db8KA2FwJKCQU133XRsAvvSVtFGyCPmNLk3UKJ0\\\/s1600\\\/&amp;&amp;.jpg\",\"articleSection\":[\"News\"],\"inLanguage\":\"fr-FR\",\"potentialAction\":[{\"@type\":\"CommentAction\",\"name\":\"Comment\",\"target\":[\"https:\\\/\\\/psgfans.fr\\\/?p=473#respond\"]}]},{\"@type\":\"WebPage\",\"@id\":\"https:\\\/\\\/psgfans.fr\\\/?p=473\",\"url\":\"https:\\\/\\\/psgfans.fr\\\/?p=473\",\"name\":\"Al-Khela\u00effi a d\u00e9j\u00e0 trouv\u00e9 son avocat s\u2019il veut attaquer en justice le fair-play financier - PSG FANS\",\"isPartOf\":{\"@id\":\"https:\\\/\\\/psgfans.fr\\\/#website\"},\"primaryImageOfPage\":{\"@id\":\"https:\\\/\\\/psgfans.fr\\\/?p=473#primaryimage\"},\"image\":{\"@id\":\"https:\\\/\\\/psgfans.fr\\\/?p=473#primaryimage\"},\"thumbnailUrl\":\"https:\\\/\\\/blogger.googleusercontent.com\\\/img\\\/b\\\/R29vZ2xl\\\/AVvXsEglIJyI7ZcdB9h0Gr54XaKcxfkmoEQN0V3uF_CqKaRMb1h-f_TeG9jqETuKwqpD64LfdjkyieB4IRQGf7_RD6GUi7g07wlBrkkNh9q5db8KA2FwJKCQU133XRsAvvSVtFGyCPmNLk3UKJ0\\\/s1600\\\/&amp;&amp;.jpg\",\"datePublished\":\"2014-09-05T14:00:00+00:00\",\"author\":{\"@id\":\"https:\\\/\\\/psgfans.fr\\\/#\\\/schema\\\/person\\\/be2237e7a0237af2f29cb344b3c55e6c\"},\"breadcrumb\":{\"@id\":\"https:\\\/\\\/psgfans.fr\\\/?p=473#breadcrumb\"},\"inLanguage\":\"fr-FR\",\"potentialAction\":[{\"@type\":\"ReadAction\",\"target\":[\"https:\\\/\\\/psgfans.fr\\\/?p=473\"]}]},{\"@type\":\"ImageObject\",\"inLanguage\":\"fr-FR\",\"@id\":\"https:\\\/\\\/psgfans.fr\\\/?p=473#primaryimage\",\"url\":\"https:\\\/\\\/blogger.googleusercontent.com\\\/img\\\/b\\\/R29vZ2xl\\\/AVvXsEglIJyI7ZcdB9h0Gr54XaKcxfkmoEQN0V3uF_CqKaRMb1h-f_TeG9jqETuKwqpD64LfdjkyieB4IRQGf7_RD6GUi7g07wlBrkkNh9q5db8KA2FwJKCQU133XRsAvvSVtFGyCPmNLk3UKJ0\\\/s1600\\\/&amp;&amp;.jpg\",\"contentUrl\":\"https:\\\/\\\/blogger.googleusercontent.com\\\/img\\\/b\\\/R29vZ2xl\\\/AVvXsEglIJyI7ZcdB9h0Gr54XaKcxfkmoEQN0V3uF_CqKaRMb1h-f_TeG9jqETuKwqpD64LfdjkyieB4IRQGf7_RD6GUi7g07wlBrkkNh9q5db8KA2FwJKCQU133XRsAvvSVtFGyCPmNLk3UKJ0\\\/s1600\\\/&amp;&amp;.jpg\"},{\"@type\":\"BreadcrumbList\",\"@id\":\"https:\\\/\\\/psgfans.fr\\\/?p=473#breadcrumb\",\"itemListElement\":[{\"@type\":\"ListItem\",\"position\":1,\"name\":\"Accueil\",\"item\":\"https:\\\/\\\/psgfans.fr\\\/\"},{\"@type\":\"ListItem\",\"position\":2,\"name\":\"Al-Khela\u00effi a d\u00e9j\u00e0 trouv\u00e9 son avocat s\u2019il veut attaquer en justice le fair-play financier\"}]},{\"@type\":\"WebSite\",\"@id\":\"https:\\\/\\\/psgfans.fr\\\/#website\",\"url\":\"https:\\\/\\\/psgfans.fr\\\/\",\"name\":\"PSG FANS\",\"description\":\"Unit\u00e9, Passion, Victoire : Au C\u0153ur du Paris Saint-Germain!\",\"potentialAction\":[{\"@type\":\"SearchAction\",\"target\":{\"@type\":\"EntryPoint\",\"urlTemplate\":\"https:\\\/\\\/psgfans.fr\\\/?s={search_term_string}\"},\"query-input\":{\"@type\":\"PropertyValueSpecification\",\"valueRequired\":true,\"valueName\":\"search_term_string\"}}],\"inLanguage\":\"fr-FR\"},{\"@type\":\"Person\",\"@id\":\"https:\\\/\\\/psgfans.fr\\\/#\\\/schema\\\/person\\\/be2237e7a0237af2f29cb344b3c55e6c\",\"name\":\"psgfans\",\"image\":{\"@type\":\"ImageObject\",\"inLanguage\":\"fr-FR\",\"@id\":\"https:\\\/\\\/secure.gravatar.com\\\/avatar\\\/?s=96&d=mm&r=g\",\"url\":\"https:\\\/\\\/secure.gravatar.com\\\/avatar\\\/?s=96&d=mm&r=g\",\"contentUrl\":\"https:\\\/\\\/secure.gravatar.com\\\/avatar\\\/?s=96&d=mm&r=g\",\"caption\":\"psgfans\"},\"url\":\"https:\\\/\\\/psgfans.fr\\\/?author=2\"}]}<\/script>\n<!-- \/ Yoast SEO plugin. -->","yoast_head_json":{"title":"Al-Khela\u00effi a d\u00e9j\u00e0 trouv\u00e9 son avocat s\u2019il veut attaquer en justice le fair-play financier - PSG FANS","robots":{"index":"index","follow":"follow","max-snippet":"max-snippet:-1","max-image-preview":"max-image-preview:large","max-video-preview":"max-video-preview:-1"},"canonical":"https:\/\/psgfans.fr\/?p=473","og_locale":"fr_FR","og_type":"article","og_title":"Al-Khela\u00effi a d\u00e9j\u00e0 trouv\u00e9 son avocat s\u2019il veut attaquer en justice le fair-play financier - PSG FANS","og_description":"Avocat sp\u00e9cialis\u00e9 dans le milieu du football, Thierry Granturco est l\u2019un des plus farouches opposant au fair-play financier instaur\u00e9 cet \u00e9t\u00e9. Agac\u00e9 par le raisonnement de l\u2019UEFA qui fige la hi\u00e9rarchie du football au profit des puissants d\u2019aujourd\u2019hui et au m\u00e9pris des \u00e9ventuels investisseurs, l\u2019int\u00e9ress\u00e9 n\u2019attend que le feu vert d\u2019un club pour trainer cette [&hellip;]","og_url":"https:\/\/psgfans.fr\/?p=473","og_site_name":"PSG FANS","article_published_time":"2014-09-05T14:00:00+00:00","og_image":[{"url":"https:\/\/blogger.googleusercontent.com\/img\/b\/R29vZ2xl\/AVvXsEglIJyI7ZcdB9h0Gr54XaKcxfkmoEQN0V3uF_CqKaRMb1h-f_TeG9jqETuKwqpD64LfdjkyieB4IRQGf7_RD6GUi7g07wlBrkkNh9q5db8KA2FwJKCQU133XRsAvvSVtFGyCPmNLk3UKJ0\/s1600\/&amp;&amp;.jpg","type":"","width":"","height":""}],"author":"psgfans","twitter_card":"summary_large_image","twitter_misc":{"\u00c9crit par":"psgfans","Dur\u00e9e de lecture estim\u00e9e":"1 minute"},"schema":{"@context":"https:\/\/schema.org","@graph":[{"@type":"Article","@id":"https:\/\/psgfans.fr\/?p=473#article","isPartOf":{"@id":"https:\/\/psgfans.fr\/?p=473"},"author":{"name":"psgfans","@id":"https:\/\/psgfans.fr\/#\/schema\/person\/be2237e7a0237af2f29cb344b3c55e6c"},"headline":"Al-Khela\u00effi a d\u00e9j\u00e0 trouv\u00e9 son avocat s\u2019il veut attaquer en justice le fair-play financier","datePublished":"2014-09-05T14:00:00+00:00","mainEntityOfPage":{"@id":"https:\/\/psgfans.fr\/?p=473"},"wordCount":295,"commentCount":0,"image":{"@id":"https:\/\/psgfans.fr\/?p=473#primaryimage"},"thumbnailUrl":"https:\/\/blogger.googleusercontent.com\/img\/b\/R29vZ2xl\/AVvXsEglIJyI7ZcdB9h0Gr54XaKcxfkmoEQN0V3uF_CqKaRMb1h-f_TeG9jqETuKwqpD64LfdjkyieB4IRQGf7_RD6GUi7g07wlBrkkNh9q5db8KA2FwJKCQU133XRsAvvSVtFGyCPmNLk3UKJ0\/s1600\/&amp;&amp;.jpg","articleSection":["News"],"inLanguage":"fr-FR","potentialAction":[{"@type":"CommentAction","name":"Comment","target":["https:\/\/psgfans.fr\/?p=473#respond"]}]},{"@type":"WebPage","@id":"https:\/\/psgfans.fr\/?p=473","url":"https:\/\/psgfans.fr\/?p=473","name":"Al-Khela\u00effi a d\u00e9j\u00e0 trouv\u00e9 son avocat s\u2019il veut attaquer en justice le fair-play financier - PSG FANS","isPartOf":{"@id":"https:\/\/psgfans.fr\/#website"},"primaryImageOfPage":{"@id":"https:\/\/psgfans.fr\/?p=473#primaryimage"},"image":{"@id":"https:\/\/psgfans.fr\/?p=473#primaryimage"},"thumbnailUrl":"https:\/\/blogger.googleusercontent.com\/img\/b\/R29vZ2xl\/AVvXsEglIJyI7ZcdB9h0Gr54XaKcxfkmoEQN0V3uF_CqKaRMb1h-f_TeG9jqETuKwqpD64LfdjkyieB4IRQGf7_RD6GUi7g07wlBrkkNh9q5db8KA2FwJKCQU133XRsAvvSVtFGyCPmNLk3UKJ0\/s1600\/&amp;&amp;.jpg","datePublished":"2014-09-05T14:00:00+00:00","author":{"@id":"https:\/\/psgfans.fr\/#\/schema\/person\/be2237e7a0237af2f29cb344b3c55e6c"},"breadcrumb":{"@id":"https:\/\/psgfans.fr\/?p=473#breadcrumb"},"inLanguage":"fr-FR","potentialAction":[{"@type":"ReadAction","target":["https:\/\/psgfans.fr\/?p=473"]}]},{"@type":"ImageObject","inLanguage":"fr-FR","@id":"https:\/\/psgfans.fr\/?p=473#primaryimage","url":"https:\/\/blogger.googleusercontent.com\/img\/b\/R29vZ2xl\/AVvXsEglIJyI7ZcdB9h0Gr54XaKcxfkmoEQN0V3uF_CqKaRMb1h-f_TeG9jqETuKwqpD64LfdjkyieB4IRQGf7_RD6GUi7g07wlBrkkNh9q5db8KA2FwJKCQU133XRsAvvSVtFGyCPmNLk3UKJ0\/s1600\/&amp;&amp;.jpg","contentUrl":"https:\/\/blogger.googleusercontent.com\/img\/b\/R29vZ2xl\/AVvXsEglIJyI7ZcdB9h0Gr54XaKcxfkmoEQN0V3uF_CqKaRMb1h-f_TeG9jqETuKwqpD64LfdjkyieB4IRQGf7_RD6GUi7g07wlBrkkNh9q5db8KA2FwJKCQU133XRsAvvSVtFGyCPmNLk3UKJ0\/s1600\/&amp;&amp;.jpg"},{"@type":"BreadcrumbList","@id":"https:\/\/psgfans.fr\/?p=473#breadcrumb","itemListElement":[{"@type":"ListItem","position":1,"name":"Accueil","item":"https:\/\/psgfans.fr\/"},{"@type":"ListItem","position":2,"name":"Al-Khela\u00effi a d\u00e9j\u00e0 trouv\u00e9 son avocat s\u2019il veut attaquer en justice le fair-play financier"}]},{"@type":"WebSite","@id":"https:\/\/psgfans.fr\/#website","url":"https:\/\/psgfans.fr\/","name":"PSG FANS","description":"Unit\u00e9, Passion, Victoire : Au C\u0153ur du Paris Saint-Germain!","potentialAction":[{"@type":"SearchAction","target":{"@type":"EntryPoint","urlTemplate":"https:\/\/psgfans.fr\/?s={search_term_string}"},"query-input":{"@type":"PropertyValueSpecification","valueRequired":true,"valueName":"search_term_string"}}],"inLanguage":"fr-FR"},{"@type":"Person","@id":"https:\/\/psgfans.fr\/#\/schema\/person\/be2237e7a0237af2f29cb344b3c55e6c","name":"psgfans","image":{"@type":"ImageObject","inLanguage":"fr-FR","@id":"https:\/\/secure.gravatar.com\/avatar\/?s=96&d=mm&r=g","url":"https:\/\/secure.gravatar.com\/avatar\/?s=96&d=mm&r=g","contentUrl":"https:\/\/secure.gravatar.com\/avatar\/?s=96&d=mm&r=g","caption":"psgfans"},"url":"https:\/\/psgfans.fr\/?author=2"}]}},"_links":{"self":[{"href":"https:\/\/psgfans.fr\/index.php?rest_route=\/wp\/v2\/posts\/473","targetHints":{"allow":["GET"]}}],"collection":[{"href":"https:\/\/psgfans.fr\/index.php?rest_route=\/wp\/v2\/posts"}],"about":[{"href":"https:\/\/psgfans.fr\/index.php?rest_route=\/wp\/v2\/types\/post"}],"author":[{"embeddable":true,"href":"https:\/\/psgfans.fr\/index.php?rest_route=\/wp\/v2\/users\/2"}],"replies":[{"embeddable":true,"href":"https:\/\/psgfans.fr\/index.php?rest_route=%2Fwp%2Fv2%2Fcomments&post=473"}],"version-history":[{"count":0,"href":"https:\/\/psgfans.fr\/index.php?rest_route=\/wp\/v2\/posts\/473\/revisions"}],"wp:attachment":[{"href":"https:\/\/psgfans.fr\/index.php?rest_route=%2Fwp%2Fv2%2Fmedia&parent=473"}],"wp:term":[{"taxonomy":"category","embeddable":true,"href":"https:\/\/psgfans.fr\/index.php?rest_route=%2Fwp%2Fv2%2Fcategories&post=473"},{"taxonomy":"post_tag","embeddable":true,"href":"https:\/\/psgfans.fr\/index.php?rest_route=%2Fwp%2Fv2%2Ftags&post=473"}],"curies":[{"name":"wp","href":"https:\/\/api.w.org\/{rel}","templated":true}]}}