{"id":472,"date":"2014-09-05T15:05:00","date_gmt":"2014-09-05T14:05:00","guid":{"rendered":"https:\/\/psgfans.fr\/?p=472"},"modified":"2014-09-05T15:05:00","modified_gmt":"2014-09-05T14:05:00","slug":"le-psg-se-decline-aussi-en-crackers","status":"publish","type":"post","link":"https:\/\/psgfans.fr\/?p=472","title":{"rendered":"Le PSG se d\u00e9cline aussi en crackers !"},"content":{"rendered":"<div style=\"clear: both; text-align: center;\"><a href=\"https:\/\/blogger.googleusercontent.com\/img\/b\/R29vZ2xl\/AVvXsEjhxCzSy5ViVEojhWTmHbfofDEXk1dCE7_pLFkeuhhgcerGSFPNIaC_e7e0HWzgjwobRR_HfkMYmUK7lfuzKwnMhUfK6aGntySP-Cac5qfTiXz6_va1maTPVl4UI3clfWcUkQafcFglUkU\/s1600\/&amp;&amp;.jpg\" style=\"margin-left: 1em; margin-right: 1em;\"><img decoding=\"async\" border=\"0\" src=\"https:\/\/blogger.googleusercontent.com\/img\/b\/R29vZ2xl\/AVvXsEjhxCzSy5ViVEojhWTmHbfofDEXk1dCE7_pLFkeuhhgcerGSFPNIaC_e7e0HWzgjwobRR_HfkMYmUK7lfuzKwnMhUfK6aGntySP-Cac5qfTiXz6_va1maTPVl4UI3clfWcUkQafcFglUkU\/s1600\/&amp;&amp;.jpg\" \/><\/a><\/div>\n<p>Le PSG vient de signer un nouveau partenariat \u00e9conomique -sous contrat de licence- avec l&rsquo;entreprise vend\u00e9enne Europe Snacks pour la cr\u00e9ation de produits ap\u00e9ritifs aux couleurs du club. D\u00e8s le 1er octobre, il sera d\u00e9sormais possible aux fans du club parisien de trouver dans les rayons des supermarch\u00e9s des biscuits \u00e0 l&rsquo;effigie de Zlatan et de ses co\u00e9quipiers.<\/p>\n<p>La star su\u00e9doise est mise en avant sur la bo\u00eete des croustillants au fromage et les tuiles sal\u00e9es quand le capitaine Thiago Silva est la t\u00eate de gondole pour les p\u00e9tales sal\u00e9s. Blaise Matuidi et Yoan Cabaye ont eux les honneurs des tuiles go\u00fbt oignon et go\u00fbt kebab.<\/p>\n<p>Pour coller au mieux \u00e0 l&rsquo;image du club, le nouveau partenaire a cr\u00e9\u00e9 des crackers en forme de ballons, de maillot ou de Tour Eiffel. \u00abNous sommes ravis de cette licence avec un club historique ainsi qu&rsquo;une marque forte ayant de hautes ambitions et avec qui l&rsquo;on partage des valeurs de partage et de convivialit\u00e9\u00bb, se f\u00e9licite Florence Garreau, directrice du d\u00e9veloppement et de l&rsquo;innovation chez Europe Snacks, dans un communiqu\u00e9 diffus\u00e9 par le club.<\/p>\n<p>Une \u00e9tude du cabinet anglais Deloitte indiquait en d\u00e9but d&rsquo;ann\u00e9e que le PSG \u00e9tait le club de football en Europe ayant g\u00e9n\u00e9r\u00e9 le plus de profits commerciaux sur la saison 2012-2013, soit 254,7 millions de revenus. Tous les partenaires du PSG -qui affiche pour la saison 2014-15 un budget de 490 millions d&rsquo;euros- sont des groupes de taille mondiale comme Nike, McDonald&rsquo;s, Nivea, Ooredoo (t\u00e9l\u00e9communications).<\/p>\n<p>leparisien<\/p>\n","protected":false},"excerpt":{"rendered":"<p>Le PSG vient de signer un nouveau partenariat \u00e9conomique -sous contrat de licence- avec l&rsquo;entreprise vend\u00e9enne Europe Snacks pour la cr\u00e9ation de produits ap\u00e9ritifs aux couleurs du club. D\u00e8s le 1er octobre, il sera d\u00e9sormais possible aux fans du club parisien de trouver dans les rayons des supermarch\u00e9s des biscuits \u00e0 l&rsquo;effigie de Zlatan et [&hellip;]<\/p>\n","protected":false},"author":2,"featured_media":0,"comment_status":"open","ping_status":"open","sticky":false,"template":"","format":"standard","meta":{"footnotes":""},"categories":[3],"tags":[],"class_list":{"0":"post-472","1":"post","2":"type-post","3":"status-publish","4":"format-standard","6":"category-news"},"yoast_head":"<!-- This site is optimized with the Yoast SEO plugin v27.4 - https:\/\/yoast.com\/product\/yoast-seo-wordpress\/ -->\n<title>Le PSG se d\u00e9cline aussi en crackers ! - PSG FANS<\/title>\n<meta name=\"robots\" content=\"index, follow, max-snippet:-1, max-image-preview:large, max-video-preview:-1\" \/>\n<link rel=\"canonical\" href=\"https:\/\/psgfans.fr\/?p=472\" \/>\n<meta property=\"og:locale\" content=\"fr_FR\" \/>\n<meta property=\"og:type\" content=\"article\" \/>\n<meta property=\"og:title\" content=\"Le PSG se d\u00e9cline aussi en crackers ! - PSG FANS\" \/>\n<meta property=\"og:description\" content=\"Le PSG vient de signer un nouveau partenariat \u00e9conomique -sous contrat de licence- avec l&rsquo;entreprise vend\u00e9enne Europe Snacks pour la cr\u00e9ation de produits ap\u00e9ritifs aux couleurs du club. D\u00e8s le 1er octobre, il sera d\u00e9sormais possible aux fans du club parisien de trouver dans les rayons des supermarch\u00e9s des biscuits \u00e0 l&rsquo;effigie de Zlatan et [&hellip;]\" \/>\n<meta property=\"og:url\" content=\"https:\/\/psgfans.fr\/?p=472\" \/>\n<meta property=\"og:site_name\" content=\"PSG FANS\" \/>\n<meta property=\"article:published_time\" content=\"2014-09-05T14:05:00+00:00\" \/>\n<meta property=\"og:image\" content=\"https:\/\/blogger.googleusercontent.com\/img\/b\/R29vZ2xl\/AVvXsEjhxCzSy5ViVEojhWTmHbfofDEXk1dCE7_pLFkeuhhgcerGSFPNIaC_e7e0HWzgjwobRR_HfkMYmUK7lfuzKwnMhUfK6aGntySP-Cac5qfTiXz6_va1maTPVl4UI3clfWcUkQafcFglUkU\/s1600\/&amp;&amp;.jpg\" \/>\n<meta name=\"author\" content=\"psgfans\" \/>\n<meta name=\"twitter:card\" content=\"summary_large_image\" \/>\n<meta name=\"twitter:label1\" content=\"\u00c9crit par\" \/>\n\t<meta name=\"twitter:data1\" content=\"psgfans\" \/>\n\t<meta name=\"twitter:label2\" content=\"Dur\u00e9e de lecture estim\u00e9e\" \/>\n\t<meta name=\"twitter:data2\" content=\"1 minute\" \/>\n<script type=\"application\/ld+json\" class=\"yoast-schema-graph\">{\"@context\":\"https:\\\/\\\/schema.org\",\"@graph\":[{\"@type\":\"Article\",\"@id\":\"https:\\\/\\\/psgfans.fr\\\/?p=472#article\",\"isPartOf\":{\"@id\":\"https:\\\/\\\/psgfans.fr\\\/?p=472\"},\"author\":{\"name\":\"psgfans\",\"@id\":\"https:\\\/\\\/psgfans.fr\\\/#\\\/schema\\\/person\\\/be2237e7a0237af2f29cb344b3c55e6c\"},\"headline\":\"Le PSG se d\u00e9cline aussi en crackers !\",\"datePublished\":\"2014-09-05T14:05:00+00:00\",\"mainEntityOfPage\":{\"@id\":\"https:\\\/\\\/psgfans.fr\\\/?p=472\"},\"wordCount\":283,\"commentCount\":0,\"image\":{\"@id\":\"https:\\\/\\\/psgfans.fr\\\/?p=472#primaryimage\"},\"thumbnailUrl\":\"https:\\\/\\\/blogger.googleusercontent.com\\\/img\\\/b\\\/R29vZ2xl\\\/AVvXsEjhxCzSy5ViVEojhWTmHbfofDEXk1dCE7_pLFkeuhhgcerGSFPNIaC_e7e0HWzgjwobRR_HfkMYmUK7lfuzKwnMhUfK6aGntySP-Cac5qfTiXz6_va1maTPVl4UI3clfWcUkQafcFglUkU\\\/s1600\\\/&amp;&amp;.jpg\",\"articleSection\":[\"News\"],\"inLanguage\":\"fr-FR\",\"potentialAction\":[{\"@type\":\"CommentAction\",\"name\":\"Comment\",\"target\":[\"https:\\\/\\\/psgfans.fr\\\/?p=472#respond\"]}]},{\"@type\":\"WebPage\",\"@id\":\"https:\\\/\\\/psgfans.fr\\\/?p=472\",\"url\":\"https:\\\/\\\/psgfans.fr\\\/?p=472\",\"name\":\"Le PSG se d\u00e9cline aussi en crackers ! - PSG FANS\",\"isPartOf\":{\"@id\":\"https:\\\/\\\/psgfans.fr\\\/#website\"},\"primaryImageOfPage\":{\"@id\":\"https:\\\/\\\/psgfans.fr\\\/?p=472#primaryimage\"},\"image\":{\"@id\":\"https:\\\/\\\/psgfans.fr\\\/?p=472#primaryimage\"},\"thumbnailUrl\":\"https:\\\/\\\/blogger.googleusercontent.com\\\/img\\\/b\\\/R29vZ2xl\\\/AVvXsEjhxCzSy5ViVEojhWTmHbfofDEXk1dCE7_pLFkeuhhgcerGSFPNIaC_e7e0HWzgjwobRR_HfkMYmUK7lfuzKwnMhUfK6aGntySP-Cac5qfTiXz6_va1maTPVl4UI3clfWcUkQafcFglUkU\\\/s1600\\\/&amp;&amp;.jpg\",\"datePublished\":\"2014-09-05T14:05:00+00:00\",\"author\":{\"@id\":\"https:\\\/\\\/psgfans.fr\\\/#\\\/schema\\\/person\\\/be2237e7a0237af2f29cb344b3c55e6c\"},\"breadcrumb\":{\"@id\":\"https:\\\/\\\/psgfans.fr\\\/?p=472#breadcrumb\"},\"inLanguage\":\"fr-FR\",\"potentialAction\":[{\"@type\":\"ReadAction\",\"target\":[\"https:\\\/\\\/psgfans.fr\\\/?p=472\"]}]},{\"@type\":\"ImageObject\",\"inLanguage\":\"fr-FR\",\"@id\":\"https:\\\/\\\/psgfans.fr\\\/?p=472#primaryimage\",\"url\":\"https:\\\/\\\/blogger.googleusercontent.com\\\/img\\\/b\\\/R29vZ2xl\\\/AVvXsEjhxCzSy5ViVEojhWTmHbfofDEXk1dCE7_pLFkeuhhgcerGSFPNIaC_e7e0HWzgjwobRR_HfkMYmUK7lfuzKwnMhUfK6aGntySP-Cac5qfTiXz6_va1maTPVl4UI3clfWcUkQafcFglUkU\\\/s1600\\\/&amp;&amp;.jpg\",\"contentUrl\":\"https:\\\/\\\/blogger.googleusercontent.com\\\/img\\\/b\\\/R29vZ2xl\\\/AVvXsEjhxCzSy5ViVEojhWTmHbfofDEXk1dCE7_pLFkeuhhgcerGSFPNIaC_e7e0HWzgjwobRR_HfkMYmUK7lfuzKwnMhUfK6aGntySP-Cac5qfTiXz6_va1maTPVl4UI3clfWcUkQafcFglUkU\\\/s1600\\\/&amp;&amp;.jpg\"},{\"@type\":\"BreadcrumbList\",\"@id\":\"https:\\\/\\\/psgfans.fr\\\/?p=472#breadcrumb\",\"itemListElement\":[{\"@type\":\"ListItem\",\"position\":1,\"name\":\"Accueil\",\"item\":\"https:\\\/\\\/psgfans.fr\\\/\"},{\"@type\":\"ListItem\",\"position\":2,\"name\":\"Le PSG se d\u00e9cline aussi en crackers !\"}]},{\"@type\":\"WebSite\",\"@id\":\"https:\\\/\\\/psgfans.fr\\\/#website\",\"url\":\"https:\\\/\\\/psgfans.fr\\\/\",\"name\":\"PSG FANS\",\"description\":\"Unit\u00e9, Passion, Victoire : Au C\u0153ur du Paris Saint-Germain!\",\"potentialAction\":[{\"@type\":\"SearchAction\",\"target\":{\"@type\":\"EntryPoint\",\"urlTemplate\":\"https:\\\/\\\/psgfans.fr\\\/?s={search_term_string}\"},\"query-input\":{\"@type\":\"PropertyValueSpecification\",\"valueRequired\":true,\"valueName\":\"search_term_string\"}}],\"inLanguage\":\"fr-FR\"},{\"@type\":\"Person\",\"@id\":\"https:\\\/\\\/psgfans.fr\\\/#\\\/schema\\\/person\\\/be2237e7a0237af2f29cb344b3c55e6c\",\"name\":\"psgfans\",\"image\":{\"@type\":\"ImageObject\",\"inLanguage\":\"fr-FR\",\"@id\":\"https:\\\/\\\/secure.gravatar.com\\\/avatar\\\/?s=96&d=mm&r=g\",\"url\":\"https:\\\/\\\/secure.gravatar.com\\\/avatar\\\/?s=96&d=mm&r=g\",\"contentUrl\":\"https:\\\/\\\/secure.gravatar.com\\\/avatar\\\/?s=96&d=mm&r=g\",\"caption\":\"psgfans\"},\"url\":\"https:\\\/\\\/psgfans.fr\\\/?author=2\"}]}<\/script>\n<!-- \/ Yoast SEO plugin. -->","yoast_head_json":{"title":"Le PSG se d\u00e9cline aussi en crackers ! - PSG FANS","robots":{"index":"index","follow":"follow","max-snippet":"max-snippet:-1","max-image-preview":"max-image-preview:large","max-video-preview":"max-video-preview:-1"},"canonical":"https:\/\/psgfans.fr\/?p=472","og_locale":"fr_FR","og_type":"article","og_title":"Le PSG se d\u00e9cline aussi en crackers ! - PSG FANS","og_description":"Le PSG vient de signer un nouveau partenariat \u00e9conomique -sous contrat de licence- avec l&rsquo;entreprise vend\u00e9enne Europe Snacks pour la cr\u00e9ation de produits ap\u00e9ritifs aux couleurs du club. D\u00e8s le 1er octobre, il sera d\u00e9sormais possible aux fans du club parisien de trouver dans les rayons des supermarch\u00e9s des biscuits \u00e0 l&rsquo;effigie de Zlatan et [&hellip;]","og_url":"https:\/\/psgfans.fr\/?p=472","og_site_name":"PSG FANS","article_published_time":"2014-09-05T14:05:00+00:00","og_image":[{"url":"https:\/\/blogger.googleusercontent.com\/img\/b\/R29vZ2xl\/AVvXsEjhxCzSy5ViVEojhWTmHbfofDEXk1dCE7_pLFkeuhhgcerGSFPNIaC_e7e0HWzgjwobRR_HfkMYmUK7lfuzKwnMhUfK6aGntySP-Cac5qfTiXz6_va1maTPVl4UI3clfWcUkQafcFglUkU\/s1600\/&amp;&amp;.jpg","type":"","width":"","height":""}],"author":"psgfans","twitter_card":"summary_large_image","twitter_misc":{"\u00c9crit par":"psgfans","Dur\u00e9e de lecture estim\u00e9e":"1 minute"},"schema":{"@context":"https:\/\/schema.org","@graph":[{"@type":"Article","@id":"https:\/\/psgfans.fr\/?p=472#article","isPartOf":{"@id":"https:\/\/psgfans.fr\/?p=472"},"author":{"name":"psgfans","@id":"https:\/\/psgfans.fr\/#\/schema\/person\/be2237e7a0237af2f29cb344b3c55e6c"},"headline":"Le PSG se d\u00e9cline aussi en crackers !","datePublished":"2014-09-05T14:05:00+00:00","mainEntityOfPage":{"@id":"https:\/\/psgfans.fr\/?p=472"},"wordCount":283,"commentCount":0,"image":{"@id":"https:\/\/psgfans.fr\/?p=472#primaryimage"},"thumbnailUrl":"https:\/\/blogger.googleusercontent.com\/img\/b\/R29vZ2xl\/AVvXsEjhxCzSy5ViVEojhWTmHbfofDEXk1dCE7_pLFkeuhhgcerGSFPNIaC_e7e0HWzgjwobRR_HfkMYmUK7lfuzKwnMhUfK6aGntySP-Cac5qfTiXz6_va1maTPVl4UI3clfWcUkQafcFglUkU\/s1600\/&amp;&amp;.jpg","articleSection":["News"],"inLanguage":"fr-FR","potentialAction":[{"@type":"CommentAction","name":"Comment","target":["https:\/\/psgfans.fr\/?p=472#respond"]}]},{"@type":"WebPage","@id":"https:\/\/psgfans.fr\/?p=472","url":"https:\/\/psgfans.fr\/?p=472","name":"Le PSG se d\u00e9cline aussi en crackers ! - PSG FANS","isPartOf":{"@id":"https:\/\/psgfans.fr\/#website"},"primaryImageOfPage":{"@id":"https:\/\/psgfans.fr\/?p=472#primaryimage"},"image":{"@id":"https:\/\/psgfans.fr\/?p=472#primaryimage"},"thumbnailUrl":"https:\/\/blogger.googleusercontent.com\/img\/b\/R29vZ2xl\/AVvXsEjhxCzSy5ViVEojhWTmHbfofDEXk1dCE7_pLFkeuhhgcerGSFPNIaC_e7e0HWzgjwobRR_HfkMYmUK7lfuzKwnMhUfK6aGntySP-Cac5qfTiXz6_va1maTPVl4UI3clfWcUkQafcFglUkU\/s1600\/&amp;&amp;.jpg","datePublished":"2014-09-05T14:05:00+00:00","author":{"@id":"https:\/\/psgfans.fr\/#\/schema\/person\/be2237e7a0237af2f29cb344b3c55e6c"},"breadcrumb":{"@id":"https:\/\/psgfans.fr\/?p=472#breadcrumb"},"inLanguage":"fr-FR","potentialAction":[{"@type":"ReadAction","target":["https:\/\/psgfans.fr\/?p=472"]}]},{"@type":"ImageObject","inLanguage":"fr-FR","@id":"https:\/\/psgfans.fr\/?p=472#primaryimage","url":"https:\/\/blogger.googleusercontent.com\/img\/b\/R29vZ2xl\/AVvXsEjhxCzSy5ViVEojhWTmHbfofDEXk1dCE7_pLFkeuhhgcerGSFPNIaC_e7e0HWzgjwobRR_HfkMYmUK7lfuzKwnMhUfK6aGntySP-Cac5qfTiXz6_va1maTPVl4UI3clfWcUkQafcFglUkU\/s1600\/&amp;&amp;.jpg","contentUrl":"https:\/\/blogger.googleusercontent.com\/img\/b\/R29vZ2xl\/AVvXsEjhxCzSy5ViVEojhWTmHbfofDEXk1dCE7_pLFkeuhhgcerGSFPNIaC_e7e0HWzgjwobRR_HfkMYmUK7lfuzKwnMhUfK6aGntySP-Cac5qfTiXz6_va1maTPVl4UI3clfWcUkQafcFglUkU\/s1600\/&amp;&amp;.jpg"},{"@type":"BreadcrumbList","@id":"https:\/\/psgfans.fr\/?p=472#breadcrumb","itemListElement":[{"@type":"ListItem","position":1,"name":"Accueil","item":"https:\/\/psgfans.fr\/"},{"@type":"ListItem","position":2,"name":"Le PSG se d\u00e9cline aussi en crackers !"}]},{"@type":"WebSite","@id":"https:\/\/psgfans.fr\/#website","url":"https:\/\/psgfans.fr\/","name":"PSG FANS","description":"Unit\u00e9, Passion, Victoire : Au C\u0153ur du Paris Saint-Germain!","potentialAction":[{"@type":"SearchAction","target":{"@type":"EntryPoint","urlTemplate":"https:\/\/psgfans.fr\/?s={search_term_string}"},"query-input":{"@type":"PropertyValueSpecification","valueRequired":true,"valueName":"search_term_string"}}],"inLanguage":"fr-FR"},{"@type":"Person","@id":"https:\/\/psgfans.fr\/#\/schema\/person\/be2237e7a0237af2f29cb344b3c55e6c","name":"psgfans","image":{"@type":"ImageObject","inLanguage":"fr-FR","@id":"https:\/\/secure.gravatar.com\/avatar\/?s=96&d=mm&r=g","url":"https:\/\/secure.gravatar.com\/avatar\/?s=96&d=mm&r=g","contentUrl":"https:\/\/secure.gravatar.com\/avatar\/?s=96&d=mm&r=g","caption":"psgfans"},"url":"https:\/\/psgfans.fr\/?author=2"}]}},"_links":{"self":[{"href":"https:\/\/psgfans.fr\/index.php?rest_route=\/wp\/v2\/posts\/472","targetHints":{"allow":["GET"]}}],"collection":[{"href":"https:\/\/psgfans.fr\/index.php?rest_route=\/wp\/v2\/posts"}],"about":[{"href":"https:\/\/psgfans.fr\/index.php?rest_route=\/wp\/v2\/types\/post"}],"author":[{"embeddable":true,"href":"https:\/\/psgfans.fr\/index.php?rest_route=\/wp\/v2\/users\/2"}],"replies":[{"embeddable":true,"href":"https:\/\/psgfans.fr\/index.php?rest_route=%2Fwp%2Fv2%2Fcomments&post=472"}],"version-history":[{"count":0,"href":"https:\/\/psgfans.fr\/index.php?rest_route=\/wp\/v2\/posts\/472\/revisions"}],"wp:attachment":[{"href":"https:\/\/psgfans.fr\/index.php?rest_route=%2Fwp%2Fv2%2Fmedia&parent=472"}],"wp:term":[{"taxonomy":"category","embeddable":true,"href":"https:\/\/psgfans.fr\/index.php?rest_route=%2Fwp%2Fv2%2Fcategories&post=472"},{"taxonomy":"post_tag","embeddable":true,"href":"https:\/\/psgfans.fr\/index.php?rest_route=%2Fwp%2Fv2%2Ftags&post=472"}],"curies":[{"name":"wp","href":"https:\/\/api.w.org\/{rel}","templated":true}]}}