{"id":468,"date":"2014-09-16T22:10:00","date_gmt":"2014-09-16T21:10:00","guid":{"rendered":"https:\/\/psgfans.fr\/?p=468"},"modified":"2014-09-16T22:10:00","modified_gmt":"2014-09-16T21:10:00","slug":"le-psg-avec-david-luiz-a-amsterdam","status":"publish","type":"post","link":"https:\/\/psgfans.fr\/?p=468","title":{"rendered":"Le PSG avec David Luiz \u00e0 Amsterdam"},"content":{"rendered":"<div style=\"clear: both; text-align: center;\"><a href=\"https:\/\/blogger.googleusercontent.com\/img\/b\/R29vZ2xl\/AVvXsEhPnTBQ0WUg8AGqO0wSoOk1MCrSwufrmjTXRXlgUP2iAhGxz7fAAZ6w5C452gV6EyJwfydDNI3LeKe0oyXWx6aJvKoHtB5tNQmTaeJjhXhWi_I8LfIDBOzhrOGPVIIvrD-YElhu_bNhE4k\/s1600\/&amp;&amp;.jpg\" style=\"margin-left: 1em; margin-right: 1em;\"><img loading=\"lazy\" decoding=\"async\" border=\"0\" src=\"https:\/\/blogger.googleusercontent.com\/img\/b\/R29vZ2xl\/AVvXsEhPnTBQ0WUg8AGqO0wSoOk1MCrSwufrmjTXRXlgUP2iAhGxz7fAAZ6w5C452gV6EyJwfydDNI3LeKe0oyXWx6aJvKoHtB5tNQmTaeJjhXhWi_I8LfIDBOzhrOGPVIIvrD-YElhu_bNhE4k\/s1600\/&amp;&amp;.jpg\" height=\"175\" width=\"400\" \/><\/a><\/div>\n<p>David Luiz figure dans le groupe de 21 joueurs retenus par Laurent Blanc pour le d\u00e9placement \u00e0 l&rsquo;Ajax Amsterdam. Touch\u00e9 au genou gauche le 6 septembre dernier lors de Br\u00e9sil &#8211; Colombie, le d\u00e9fenseur central ne s&rsquo;est pas entra\u00een\u00e9 avec le groupe depuis cette date et sa titularisation reste tr\u00e8s incertaine.<\/p>\n<p>Serge Aurier figure \u00e9galement dans cette liste, mais l&rsquo;international ivoirien, victime d&rsquo;une commotion c\u00e9r\u00e9brale avec sa s\u00e9lection mercredi dernier, ne devrait pas non plus d\u00e9buter. Comme attendu, Thiago Silva, lui, ne sera pas du voyage. Le capitaine parisien va poursuivre sa r\u00e9habilitation au camp des Loges apr\u00e8s sa blessure aux ischiojambiers. L&rsquo;\u00e9quipe du PSG, qui affrontera demain soir (20h45) l&rsquo;Ajax Amsterdam pour son premier match de poule de la Ligue des Champions, est attendu ce matin dans la capitale des Pays-Bas.<\/p>\n<p>Le groupe du PSG : Sirigu, Douchez, Maignan, Van der Wiel, Aurier, Marquinhos, David Luiz, Camara, Maxwell, Digne, Verratti, Cabaye, Thiago Motta, Pastore, Matuidi, Chant\u00f4me, Lucas, Cavani, Ibrahimovic, Lavezzi, Bahebeck.<\/p>\n<p>leparisien<\/p>\n","protected":false},"excerpt":{"rendered":"<p>David Luiz figure dans le groupe de 21 joueurs retenus par Laurent Blanc pour le d\u00e9placement \u00e0 l&rsquo;Ajax Amsterdam. Touch\u00e9 au genou gauche le 6 septembre dernier lors de Br\u00e9sil &#8211; Colombie, le d\u00e9fenseur central ne s&rsquo;est pas entra\u00een\u00e9 avec le groupe depuis cette date et sa titularisation reste tr\u00e8s incertaine. Serge Aurier figure \u00e9galement [&hellip;]<\/p>\n","protected":false},"author":2,"featured_media":0,"comment_status":"open","ping_status":"open","sticky":false,"template":"","format":"standard","meta":{"footnotes":""},"categories":[3],"tags":[],"class_list":{"0":"post-468","1":"post","2":"type-post","3":"status-publish","4":"format-standard","6":"category-news"},"yoast_head":"<!-- This site is optimized with the Yoast SEO plugin v27.4 - https:\/\/yoast.com\/product\/yoast-seo-wordpress\/ -->\n<title>Le PSG avec David Luiz \u00e0 Amsterdam - PSG FANS<\/title>\n<meta name=\"robots\" content=\"index, follow, max-snippet:-1, max-image-preview:large, max-video-preview:-1\" \/>\n<link rel=\"canonical\" href=\"https:\/\/psgfans.fr\/?p=468\" \/>\n<meta property=\"og:locale\" content=\"fr_FR\" \/>\n<meta property=\"og:type\" content=\"article\" \/>\n<meta property=\"og:title\" content=\"Le PSG avec David Luiz \u00e0 Amsterdam - PSG FANS\" \/>\n<meta property=\"og:description\" content=\"David Luiz figure dans le groupe de 21 joueurs retenus par Laurent Blanc pour le d\u00e9placement \u00e0 l&rsquo;Ajax Amsterdam. Touch\u00e9 au genou gauche le 6 septembre dernier lors de Br\u00e9sil &#8211; Colombie, le d\u00e9fenseur central ne s&rsquo;est pas entra\u00een\u00e9 avec le groupe depuis cette date et sa titularisation reste tr\u00e8s incertaine. Serge Aurier figure \u00e9galement [&hellip;]\" \/>\n<meta property=\"og:url\" content=\"https:\/\/psgfans.fr\/?p=468\" \/>\n<meta property=\"og:site_name\" content=\"PSG FANS\" \/>\n<meta property=\"article:published_time\" content=\"2014-09-16T21:10:00+00:00\" \/>\n<meta property=\"og:image\" content=\"https:\/\/blogger.googleusercontent.com\/img\/b\/R29vZ2xl\/AVvXsEhPnTBQ0WUg8AGqO0wSoOk1MCrSwufrmjTXRXlgUP2iAhGxz7fAAZ6w5C452gV6EyJwfydDNI3LeKe0oyXWx6aJvKoHtB5tNQmTaeJjhXhWi_I8LfIDBOzhrOGPVIIvrD-YElhu_bNhE4k\/s1600\/&amp;&amp;.jpg\" \/>\n<meta name=\"author\" content=\"psgfans\" \/>\n<meta name=\"twitter:card\" content=\"summary_large_image\" \/>\n<meta name=\"twitter:label1\" content=\"\u00c9crit par\" \/>\n\t<meta name=\"twitter:data1\" content=\"psgfans\" \/>\n\t<meta name=\"twitter:label2\" content=\"Dur\u00e9e de lecture estim\u00e9e\" \/>\n\t<meta name=\"twitter:data2\" content=\"1 minute\" \/>\n<script type=\"application\/ld+json\" class=\"yoast-schema-graph\">{\"@context\":\"https:\\\/\\\/schema.org\",\"@graph\":[{\"@type\":\"Article\",\"@id\":\"https:\\\/\\\/psgfans.fr\\\/?p=468#article\",\"isPartOf\":{\"@id\":\"https:\\\/\\\/psgfans.fr\\\/?p=468\"},\"author\":{\"name\":\"psgfans\",\"@id\":\"https:\\\/\\\/psgfans.fr\\\/#\\\/schema\\\/person\\\/be2237e7a0237af2f29cb344b3c55e6c\"},\"headline\":\"Le PSG avec David Luiz \u00e0 Amsterdam\",\"datePublished\":\"2014-09-16T21:10:00+00:00\",\"mainEntityOfPage\":{\"@id\":\"https:\\\/\\\/psgfans.fr\\\/?p=468\"},\"wordCount\":183,\"commentCount\":0,\"image\":{\"@id\":\"https:\\\/\\\/psgfans.fr\\\/?p=468#primaryimage\"},\"thumbnailUrl\":\"https:\\\/\\\/blogger.googleusercontent.com\\\/img\\\/b\\\/R29vZ2xl\\\/AVvXsEhPnTBQ0WUg8AGqO0wSoOk1MCrSwufrmjTXRXlgUP2iAhGxz7fAAZ6w5C452gV6EyJwfydDNI3LeKe0oyXWx6aJvKoHtB5tNQmTaeJjhXhWi_I8LfIDBOzhrOGPVIIvrD-YElhu_bNhE4k\\\/s1600\\\/&amp;&amp;.jpg\",\"articleSection\":[\"News\"],\"inLanguage\":\"fr-FR\",\"potentialAction\":[{\"@type\":\"CommentAction\",\"name\":\"Comment\",\"target\":[\"https:\\\/\\\/psgfans.fr\\\/?p=468#respond\"]}]},{\"@type\":\"WebPage\",\"@id\":\"https:\\\/\\\/psgfans.fr\\\/?p=468\",\"url\":\"https:\\\/\\\/psgfans.fr\\\/?p=468\",\"name\":\"Le PSG avec David Luiz \u00e0 Amsterdam - PSG FANS\",\"isPartOf\":{\"@id\":\"https:\\\/\\\/psgfans.fr\\\/#website\"},\"primaryImageOfPage\":{\"@id\":\"https:\\\/\\\/psgfans.fr\\\/?p=468#primaryimage\"},\"image\":{\"@id\":\"https:\\\/\\\/psgfans.fr\\\/?p=468#primaryimage\"},\"thumbnailUrl\":\"https:\\\/\\\/blogger.googleusercontent.com\\\/img\\\/b\\\/R29vZ2xl\\\/AVvXsEhPnTBQ0WUg8AGqO0wSoOk1MCrSwufrmjTXRXlgUP2iAhGxz7fAAZ6w5C452gV6EyJwfydDNI3LeKe0oyXWx6aJvKoHtB5tNQmTaeJjhXhWi_I8LfIDBOzhrOGPVIIvrD-YElhu_bNhE4k\\\/s1600\\\/&amp;&amp;.jpg\",\"datePublished\":\"2014-09-16T21:10:00+00:00\",\"author\":{\"@id\":\"https:\\\/\\\/psgfans.fr\\\/#\\\/schema\\\/person\\\/be2237e7a0237af2f29cb344b3c55e6c\"},\"breadcrumb\":{\"@id\":\"https:\\\/\\\/psgfans.fr\\\/?p=468#breadcrumb\"},\"inLanguage\":\"fr-FR\",\"potentialAction\":[{\"@type\":\"ReadAction\",\"target\":[\"https:\\\/\\\/psgfans.fr\\\/?p=468\"]}]},{\"@type\":\"ImageObject\",\"inLanguage\":\"fr-FR\",\"@id\":\"https:\\\/\\\/psgfans.fr\\\/?p=468#primaryimage\",\"url\":\"https:\\\/\\\/blogger.googleusercontent.com\\\/img\\\/b\\\/R29vZ2xl\\\/AVvXsEhPnTBQ0WUg8AGqO0wSoOk1MCrSwufrmjTXRXlgUP2iAhGxz7fAAZ6w5C452gV6EyJwfydDNI3LeKe0oyXWx6aJvKoHtB5tNQmTaeJjhXhWi_I8LfIDBOzhrOGPVIIvrD-YElhu_bNhE4k\\\/s1600\\\/&amp;&amp;.jpg\",\"contentUrl\":\"https:\\\/\\\/blogger.googleusercontent.com\\\/img\\\/b\\\/R29vZ2xl\\\/AVvXsEhPnTBQ0WUg8AGqO0wSoOk1MCrSwufrmjTXRXlgUP2iAhGxz7fAAZ6w5C452gV6EyJwfydDNI3LeKe0oyXWx6aJvKoHtB5tNQmTaeJjhXhWi_I8LfIDBOzhrOGPVIIvrD-YElhu_bNhE4k\\\/s1600\\\/&amp;&amp;.jpg\"},{\"@type\":\"BreadcrumbList\",\"@id\":\"https:\\\/\\\/psgfans.fr\\\/?p=468#breadcrumb\",\"itemListElement\":[{\"@type\":\"ListItem\",\"position\":1,\"name\":\"Accueil\",\"item\":\"https:\\\/\\\/psgfans.fr\\\/\"},{\"@type\":\"ListItem\",\"position\":2,\"name\":\"Le PSG avec David Luiz \u00e0 Amsterdam\"}]},{\"@type\":\"WebSite\",\"@id\":\"https:\\\/\\\/psgfans.fr\\\/#website\",\"url\":\"https:\\\/\\\/psgfans.fr\\\/\",\"name\":\"PSG FANS\",\"description\":\"Unit\u00e9, Passion, Victoire : Au C\u0153ur du Paris Saint-Germain!\",\"potentialAction\":[{\"@type\":\"SearchAction\",\"target\":{\"@type\":\"EntryPoint\",\"urlTemplate\":\"https:\\\/\\\/psgfans.fr\\\/?s={search_term_string}\"},\"query-input\":{\"@type\":\"PropertyValueSpecification\",\"valueRequired\":true,\"valueName\":\"search_term_string\"}}],\"inLanguage\":\"fr-FR\"},{\"@type\":\"Person\",\"@id\":\"https:\\\/\\\/psgfans.fr\\\/#\\\/schema\\\/person\\\/be2237e7a0237af2f29cb344b3c55e6c\",\"name\":\"psgfans\",\"image\":{\"@type\":\"ImageObject\",\"inLanguage\":\"fr-FR\",\"@id\":\"https:\\\/\\\/secure.gravatar.com\\\/avatar\\\/?s=96&d=mm&r=g\",\"url\":\"https:\\\/\\\/secure.gravatar.com\\\/avatar\\\/?s=96&d=mm&r=g\",\"contentUrl\":\"https:\\\/\\\/secure.gravatar.com\\\/avatar\\\/?s=96&d=mm&r=g\",\"caption\":\"psgfans\"},\"url\":\"https:\\\/\\\/psgfans.fr\\\/?author=2\"}]}<\/script>\n<!-- \/ Yoast SEO plugin. -->","yoast_head_json":{"title":"Le PSG avec David Luiz \u00e0 Amsterdam - PSG FANS","robots":{"index":"index","follow":"follow","max-snippet":"max-snippet:-1","max-image-preview":"max-image-preview:large","max-video-preview":"max-video-preview:-1"},"canonical":"https:\/\/psgfans.fr\/?p=468","og_locale":"fr_FR","og_type":"article","og_title":"Le PSG avec David Luiz \u00e0 Amsterdam - PSG FANS","og_description":"David Luiz figure dans le groupe de 21 joueurs retenus par Laurent Blanc pour le d\u00e9placement \u00e0 l&rsquo;Ajax Amsterdam. Touch\u00e9 au genou gauche le 6 septembre dernier lors de Br\u00e9sil &#8211; Colombie, le d\u00e9fenseur central ne s&rsquo;est pas entra\u00een\u00e9 avec le groupe depuis cette date et sa titularisation reste tr\u00e8s incertaine. Serge Aurier figure \u00e9galement [&hellip;]","og_url":"https:\/\/psgfans.fr\/?p=468","og_site_name":"PSG FANS","article_published_time":"2014-09-16T21:10:00+00:00","og_image":[{"url":"https:\/\/blogger.googleusercontent.com\/img\/b\/R29vZ2xl\/AVvXsEhPnTBQ0WUg8AGqO0wSoOk1MCrSwufrmjTXRXlgUP2iAhGxz7fAAZ6w5C452gV6EyJwfydDNI3LeKe0oyXWx6aJvKoHtB5tNQmTaeJjhXhWi_I8LfIDBOzhrOGPVIIvrD-YElhu_bNhE4k\/s1600\/&amp;&amp;.jpg","type":"","width":"","height":""}],"author":"psgfans","twitter_card":"summary_large_image","twitter_misc":{"\u00c9crit par":"psgfans","Dur\u00e9e de lecture estim\u00e9e":"1 minute"},"schema":{"@context":"https:\/\/schema.org","@graph":[{"@type":"Article","@id":"https:\/\/psgfans.fr\/?p=468#article","isPartOf":{"@id":"https:\/\/psgfans.fr\/?p=468"},"author":{"name":"psgfans","@id":"https:\/\/psgfans.fr\/#\/schema\/person\/be2237e7a0237af2f29cb344b3c55e6c"},"headline":"Le PSG avec David Luiz \u00e0 Amsterdam","datePublished":"2014-09-16T21:10:00+00:00","mainEntityOfPage":{"@id":"https:\/\/psgfans.fr\/?p=468"},"wordCount":183,"commentCount":0,"image":{"@id":"https:\/\/psgfans.fr\/?p=468#primaryimage"},"thumbnailUrl":"https:\/\/blogger.googleusercontent.com\/img\/b\/R29vZ2xl\/AVvXsEhPnTBQ0WUg8AGqO0wSoOk1MCrSwufrmjTXRXlgUP2iAhGxz7fAAZ6w5C452gV6EyJwfydDNI3LeKe0oyXWx6aJvKoHtB5tNQmTaeJjhXhWi_I8LfIDBOzhrOGPVIIvrD-YElhu_bNhE4k\/s1600\/&amp;&amp;.jpg","articleSection":["News"],"inLanguage":"fr-FR","potentialAction":[{"@type":"CommentAction","name":"Comment","target":["https:\/\/psgfans.fr\/?p=468#respond"]}]},{"@type":"WebPage","@id":"https:\/\/psgfans.fr\/?p=468","url":"https:\/\/psgfans.fr\/?p=468","name":"Le PSG avec David Luiz \u00e0 Amsterdam - PSG FANS","isPartOf":{"@id":"https:\/\/psgfans.fr\/#website"},"primaryImageOfPage":{"@id":"https:\/\/psgfans.fr\/?p=468#primaryimage"},"image":{"@id":"https:\/\/psgfans.fr\/?p=468#primaryimage"},"thumbnailUrl":"https:\/\/blogger.googleusercontent.com\/img\/b\/R29vZ2xl\/AVvXsEhPnTBQ0WUg8AGqO0wSoOk1MCrSwufrmjTXRXlgUP2iAhGxz7fAAZ6w5C452gV6EyJwfydDNI3LeKe0oyXWx6aJvKoHtB5tNQmTaeJjhXhWi_I8LfIDBOzhrOGPVIIvrD-YElhu_bNhE4k\/s1600\/&amp;&amp;.jpg","datePublished":"2014-09-16T21:10:00+00:00","author":{"@id":"https:\/\/psgfans.fr\/#\/schema\/person\/be2237e7a0237af2f29cb344b3c55e6c"},"breadcrumb":{"@id":"https:\/\/psgfans.fr\/?p=468#breadcrumb"},"inLanguage":"fr-FR","potentialAction":[{"@type":"ReadAction","target":["https:\/\/psgfans.fr\/?p=468"]}]},{"@type":"ImageObject","inLanguage":"fr-FR","@id":"https:\/\/psgfans.fr\/?p=468#primaryimage","url":"https:\/\/blogger.googleusercontent.com\/img\/b\/R29vZ2xl\/AVvXsEhPnTBQ0WUg8AGqO0wSoOk1MCrSwufrmjTXRXlgUP2iAhGxz7fAAZ6w5C452gV6EyJwfydDNI3LeKe0oyXWx6aJvKoHtB5tNQmTaeJjhXhWi_I8LfIDBOzhrOGPVIIvrD-YElhu_bNhE4k\/s1600\/&amp;&amp;.jpg","contentUrl":"https:\/\/blogger.googleusercontent.com\/img\/b\/R29vZ2xl\/AVvXsEhPnTBQ0WUg8AGqO0wSoOk1MCrSwufrmjTXRXlgUP2iAhGxz7fAAZ6w5C452gV6EyJwfydDNI3LeKe0oyXWx6aJvKoHtB5tNQmTaeJjhXhWi_I8LfIDBOzhrOGPVIIvrD-YElhu_bNhE4k\/s1600\/&amp;&amp;.jpg"},{"@type":"BreadcrumbList","@id":"https:\/\/psgfans.fr\/?p=468#breadcrumb","itemListElement":[{"@type":"ListItem","position":1,"name":"Accueil","item":"https:\/\/psgfans.fr\/"},{"@type":"ListItem","position":2,"name":"Le PSG avec David Luiz \u00e0 Amsterdam"}]},{"@type":"WebSite","@id":"https:\/\/psgfans.fr\/#website","url":"https:\/\/psgfans.fr\/","name":"PSG FANS","description":"Unit\u00e9, Passion, Victoire : Au C\u0153ur du Paris Saint-Germain!","potentialAction":[{"@type":"SearchAction","target":{"@type":"EntryPoint","urlTemplate":"https:\/\/psgfans.fr\/?s={search_term_string}"},"query-input":{"@type":"PropertyValueSpecification","valueRequired":true,"valueName":"search_term_string"}}],"inLanguage":"fr-FR"},{"@type":"Person","@id":"https:\/\/psgfans.fr\/#\/schema\/person\/be2237e7a0237af2f29cb344b3c55e6c","name":"psgfans","image":{"@type":"ImageObject","inLanguage":"fr-FR","@id":"https:\/\/secure.gravatar.com\/avatar\/?s=96&d=mm&r=g","url":"https:\/\/secure.gravatar.com\/avatar\/?s=96&d=mm&r=g","contentUrl":"https:\/\/secure.gravatar.com\/avatar\/?s=96&d=mm&r=g","caption":"psgfans"},"url":"https:\/\/psgfans.fr\/?author=2"}]}},"_links":{"self":[{"href":"https:\/\/psgfans.fr\/index.php?rest_route=\/wp\/v2\/posts\/468","targetHints":{"allow":["GET"]}}],"collection":[{"href":"https:\/\/psgfans.fr\/index.php?rest_route=\/wp\/v2\/posts"}],"about":[{"href":"https:\/\/psgfans.fr\/index.php?rest_route=\/wp\/v2\/types\/post"}],"author":[{"embeddable":true,"href":"https:\/\/psgfans.fr\/index.php?rest_route=\/wp\/v2\/users\/2"}],"replies":[{"embeddable":true,"href":"https:\/\/psgfans.fr\/index.php?rest_route=%2Fwp%2Fv2%2Fcomments&post=468"}],"version-history":[{"count":0,"href":"https:\/\/psgfans.fr\/index.php?rest_route=\/wp\/v2\/posts\/468\/revisions"}],"wp:attachment":[{"href":"https:\/\/psgfans.fr\/index.php?rest_route=%2Fwp%2Fv2%2Fmedia&parent=468"}],"wp:term":[{"taxonomy":"category","embeddable":true,"href":"https:\/\/psgfans.fr\/index.php?rest_route=%2Fwp%2Fv2%2Fcategories&post=468"},{"taxonomy":"post_tag","embeddable":true,"href":"https:\/\/psgfans.fr\/index.php?rest_route=%2Fwp%2Fv2%2Ftags&post=468"}],"curies":[{"name":"wp","href":"https:\/\/api.w.org\/{rel}","templated":true}]}}