{"id":467,"date":"2014-09-16T22:12:00","date_gmt":"2014-09-16T21:12:00","guid":{"rendered":"https:\/\/psgfans.fr\/?p=467"},"modified":"2014-09-16T22:12:00","modified_gmt":"2014-09-16T21:12:00","slug":"thiago-motta-agace-les-anciens-du-psg","status":"publish","type":"post","link":"https:\/\/psgfans.fr\/?p=467","title":{"rendered":"Thiago Motta agace les anciens du PSG"},"content":{"rendered":"<div style=\"clear: both; text-align: center;\"><a href=\"https:\/\/blogger.googleusercontent.com\/img\/b\/R29vZ2xl\/AVvXsEgaWJNVTnCNROS8GXCvZfy0eFKq4jJOLehUQjCWT8iRhZyCbo33WrN8GoXhD2Iw2qWAqyypF6iPY5ijsVGDCfPbf1Z2xf7_ZZhDNSXARAD2Z8LwI-Rq-4BMOryxTElOTdCIXXqVl8I09oQ\/s1600\/&amp;&amp;.jpg\" style=\"margin-left: 1em; margin-right: 1em;\"><img loading=\"lazy\" decoding=\"async\" border=\"0\" src=\"https:\/\/blogger.googleusercontent.com\/img\/b\/R29vZ2xl\/AVvXsEgaWJNVTnCNROS8GXCvZfy0eFKq4jJOLehUQjCWT8iRhZyCbo33WrN8GoXhD2Iw2qWAqyypF6iPY5ijsVGDCfPbf1Z2xf7_ZZhDNSXARAD2Z8LwI-Rq-4BMOryxTElOTdCIXXqVl8I09oQ\/s1600\/&amp;&amp;.jpg\" height=\"225\" width=\"400\" \/><\/a><\/div>\n<p>L&rsquo;aveu de Thiago Motta a \u00e9tonn\u00e9 beaucoup de supporteurs et agac\u00e9 les anciennes gloires du PSG. Samedi dans \u00ab l&rsquo;Equipe Magazine \u00bb, le milieu de terrain parisien avouait ne pas savoir que le PSG avait remport\u00e9 une Coupe d&rsquo;Europe. Les bras des vainqueurs de la Coupe des Coupes 1996 en sont tomb\u00e9s. \u00ab Le pass\u00e9 du PSG existe bel et bien m\u00eame s&rsquo;il s&rsquo;agit d&rsquo;un club relativement jeune, tacle ainsi Vincent Gu\u00e9rin.<\/p>\n<p>Au milieu des ann\u00e9es 1990, le PSG \u00e9tait connu et reconnu bien au-del\u00e0 des fronti\u00e8res fran\u00e7aises. Et cela, personne ne peut l&rsquo;enlever. Peut-\u00eatre aussi que pour la direction actuelle, la valorisation des anciens joueurs et de l&rsquo;histoire du club ne constitue pas une priorit\u00e9. \u00bb<\/p>\n<p>Lors des travaux au Parc des Princes, les dirigeants parisiens ont pourtant pris soin de conserver dans le vestiaire ultramoderne le pan de mur que l&rsquo;ensemble de l&rsquo;effectif de l&rsquo;\u00e9poque avait d\u00e9dicac\u00e9. \u00ab C&rsquo;est une faute professionnelle de la part de Thiago Motta. Quand on arrive dans un club, la moindre des choses est de se renseigner sur son pass\u00e9, son palmar\u00e8s. Cela prouve que c&rsquo;est un inculte en mati\u00e8re de football, grince Bernard Lama. A titre personnel, cela ne m&rsquo;affecte pas. C&rsquo;est juste symptomatique de certains manquements de la part du club. \u00bb<\/p>\n<p>\u00ab Cela prouve qu&rsquo;il n&rsquo;y a plus personne pour t\u00e9moigner de l&rsquo;histoire du club, avance Jean-Michel Moutier, l&rsquo;ancien directeur sportif parisien. Les racines sont coup\u00e9es. Certainement que ce pass\u00e9 ne les int\u00e9resse pas. Entre le club et le joueur, la faute est partag\u00e9e. \u00bb \u00ab Je n&rsquo;en veux pas sp\u00e9cialement \u00e0 Thiago Motta, conclut Vincent Gu\u00e9rin. Cette ignorance est seulement \u00e0 l&rsquo;image de ce qui pr\u00e9vaut actuellement dans le monde du football : l&rsquo;instant pr\u00e9sent, le futur imm\u00e9diat, la gestion de sa carri\u00e8re&#8230; \u00bb<\/p>\n<p>leparisien<\/p>\n<div><\/div>\n","protected":false},"excerpt":{"rendered":"<p>L&rsquo;aveu de Thiago Motta a \u00e9tonn\u00e9 beaucoup de supporteurs et agac\u00e9 les anciennes gloires du PSG. Samedi dans \u00ab l&rsquo;Equipe Magazine \u00bb, le milieu de terrain parisien avouait ne pas savoir que le PSG avait remport\u00e9 une Coupe d&rsquo;Europe. Les bras des vainqueurs de la Coupe des Coupes 1996 en sont tomb\u00e9s. \u00ab Le pass\u00e9 [&hellip;]<\/p>\n","protected":false},"author":2,"featured_media":0,"comment_status":"open","ping_status":"open","sticky":false,"template":"","format":"standard","meta":{"footnotes":""},"categories":[3],"tags":[],"class_list":{"0":"post-467","1":"post","2":"type-post","3":"status-publish","4":"format-standard","6":"category-news"},"yoast_head":"<!-- This site is optimized with the Yoast SEO plugin v27.4 - https:\/\/yoast.com\/product\/yoast-seo-wordpress\/ -->\n<title>Thiago Motta agace les anciens du PSG - PSG FANS<\/title>\n<meta name=\"robots\" content=\"index, follow, max-snippet:-1, max-image-preview:large, max-video-preview:-1\" \/>\n<link rel=\"canonical\" href=\"https:\/\/psgfans.fr\/?p=467\" \/>\n<meta property=\"og:locale\" content=\"fr_FR\" \/>\n<meta property=\"og:type\" content=\"article\" \/>\n<meta property=\"og:title\" content=\"Thiago Motta agace les anciens du PSG - PSG FANS\" \/>\n<meta property=\"og:description\" content=\"L&rsquo;aveu de Thiago Motta a \u00e9tonn\u00e9 beaucoup de supporteurs et agac\u00e9 les anciennes gloires du PSG. Samedi dans \u00ab l&rsquo;Equipe Magazine \u00bb, le milieu de terrain parisien avouait ne pas savoir que le PSG avait remport\u00e9 une Coupe d&rsquo;Europe. Les bras des vainqueurs de la Coupe des Coupes 1996 en sont tomb\u00e9s. \u00ab Le pass\u00e9 [&hellip;]\" \/>\n<meta property=\"og:url\" content=\"https:\/\/psgfans.fr\/?p=467\" \/>\n<meta property=\"og:site_name\" content=\"PSG FANS\" \/>\n<meta property=\"article:published_time\" content=\"2014-09-16T21:12:00+00:00\" \/>\n<meta property=\"og:image\" content=\"https:\/\/blogger.googleusercontent.com\/img\/b\/R29vZ2xl\/AVvXsEgaWJNVTnCNROS8GXCvZfy0eFKq4jJOLehUQjCWT8iRhZyCbo33WrN8GoXhD2Iw2qWAqyypF6iPY5ijsVGDCfPbf1Z2xf7_ZZhDNSXARAD2Z8LwI-Rq-4BMOryxTElOTdCIXXqVl8I09oQ\/s1600\/&amp;&amp;.jpg\" \/>\n<meta name=\"author\" content=\"psgfans\" \/>\n<meta name=\"twitter:card\" content=\"summary_large_image\" \/>\n<meta name=\"twitter:label1\" content=\"\u00c9crit par\" \/>\n\t<meta name=\"twitter:data1\" content=\"psgfans\" \/>\n\t<meta name=\"twitter:label2\" content=\"Dur\u00e9e de lecture estim\u00e9e\" \/>\n\t<meta name=\"twitter:data2\" content=\"2 minutes\" \/>\n<script type=\"application\/ld+json\" class=\"yoast-schema-graph\">{\"@context\":\"https:\\\/\\\/schema.org\",\"@graph\":[{\"@type\":\"Article\",\"@id\":\"https:\\\/\\\/psgfans.fr\\\/?p=467#article\",\"isPartOf\":{\"@id\":\"https:\\\/\\\/psgfans.fr\\\/?p=467\"},\"author\":{\"name\":\"psgfans\",\"@id\":\"https:\\\/\\\/psgfans.fr\\\/#\\\/schema\\\/person\\\/be2237e7a0237af2f29cb344b3c55e6c\"},\"headline\":\"Thiago Motta agace les anciens du PSG\",\"datePublished\":\"2014-09-16T21:12:00+00:00\",\"mainEntityOfPage\":{\"@id\":\"https:\\\/\\\/psgfans.fr\\\/?p=467\"},\"wordCount\":330,\"commentCount\":0,\"image\":{\"@id\":\"https:\\\/\\\/psgfans.fr\\\/?p=467#primaryimage\"},\"thumbnailUrl\":\"https:\\\/\\\/blogger.googleusercontent.com\\\/img\\\/b\\\/R29vZ2xl\\\/AVvXsEgaWJNVTnCNROS8GXCvZfy0eFKq4jJOLehUQjCWT8iRhZyCbo33WrN8GoXhD2Iw2qWAqyypF6iPY5ijsVGDCfPbf1Z2xf7_ZZhDNSXARAD2Z8LwI-Rq-4BMOryxTElOTdCIXXqVl8I09oQ\\\/s1600\\\/&amp;&amp;.jpg\",\"articleSection\":[\"News\"],\"inLanguage\":\"fr-FR\",\"potentialAction\":[{\"@type\":\"CommentAction\",\"name\":\"Comment\",\"target\":[\"https:\\\/\\\/psgfans.fr\\\/?p=467#respond\"]}]},{\"@type\":\"WebPage\",\"@id\":\"https:\\\/\\\/psgfans.fr\\\/?p=467\",\"url\":\"https:\\\/\\\/psgfans.fr\\\/?p=467\",\"name\":\"Thiago Motta agace les anciens du PSG - PSG FANS\",\"isPartOf\":{\"@id\":\"https:\\\/\\\/psgfans.fr\\\/#website\"},\"primaryImageOfPage\":{\"@id\":\"https:\\\/\\\/psgfans.fr\\\/?p=467#primaryimage\"},\"image\":{\"@id\":\"https:\\\/\\\/psgfans.fr\\\/?p=467#primaryimage\"},\"thumbnailUrl\":\"https:\\\/\\\/blogger.googleusercontent.com\\\/img\\\/b\\\/R29vZ2xl\\\/AVvXsEgaWJNVTnCNROS8GXCvZfy0eFKq4jJOLehUQjCWT8iRhZyCbo33WrN8GoXhD2Iw2qWAqyypF6iPY5ijsVGDCfPbf1Z2xf7_ZZhDNSXARAD2Z8LwI-Rq-4BMOryxTElOTdCIXXqVl8I09oQ\\\/s1600\\\/&amp;&amp;.jpg\",\"datePublished\":\"2014-09-16T21:12:00+00:00\",\"author\":{\"@id\":\"https:\\\/\\\/psgfans.fr\\\/#\\\/schema\\\/person\\\/be2237e7a0237af2f29cb344b3c55e6c\"},\"breadcrumb\":{\"@id\":\"https:\\\/\\\/psgfans.fr\\\/?p=467#breadcrumb\"},\"inLanguage\":\"fr-FR\",\"potentialAction\":[{\"@type\":\"ReadAction\",\"target\":[\"https:\\\/\\\/psgfans.fr\\\/?p=467\"]}]},{\"@type\":\"ImageObject\",\"inLanguage\":\"fr-FR\",\"@id\":\"https:\\\/\\\/psgfans.fr\\\/?p=467#primaryimage\",\"url\":\"https:\\\/\\\/blogger.googleusercontent.com\\\/img\\\/b\\\/R29vZ2xl\\\/AVvXsEgaWJNVTnCNROS8GXCvZfy0eFKq4jJOLehUQjCWT8iRhZyCbo33WrN8GoXhD2Iw2qWAqyypF6iPY5ijsVGDCfPbf1Z2xf7_ZZhDNSXARAD2Z8LwI-Rq-4BMOryxTElOTdCIXXqVl8I09oQ\\\/s1600\\\/&amp;&amp;.jpg\",\"contentUrl\":\"https:\\\/\\\/blogger.googleusercontent.com\\\/img\\\/b\\\/R29vZ2xl\\\/AVvXsEgaWJNVTnCNROS8GXCvZfy0eFKq4jJOLehUQjCWT8iRhZyCbo33WrN8GoXhD2Iw2qWAqyypF6iPY5ijsVGDCfPbf1Z2xf7_ZZhDNSXARAD2Z8LwI-Rq-4BMOryxTElOTdCIXXqVl8I09oQ\\\/s1600\\\/&amp;&amp;.jpg\"},{\"@type\":\"BreadcrumbList\",\"@id\":\"https:\\\/\\\/psgfans.fr\\\/?p=467#breadcrumb\",\"itemListElement\":[{\"@type\":\"ListItem\",\"position\":1,\"name\":\"Accueil\",\"item\":\"https:\\\/\\\/psgfans.fr\\\/\"},{\"@type\":\"ListItem\",\"position\":2,\"name\":\"Thiago Motta agace les anciens du PSG\"}]},{\"@type\":\"WebSite\",\"@id\":\"https:\\\/\\\/psgfans.fr\\\/#website\",\"url\":\"https:\\\/\\\/psgfans.fr\\\/\",\"name\":\"PSG FANS\",\"description\":\"Unit\u00e9, Passion, Victoire : Au C\u0153ur du Paris Saint-Germain!\",\"potentialAction\":[{\"@type\":\"SearchAction\",\"target\":{\"@type\":\"EntryPoint\",\"urlTemplate\":\"https:\\\/\\\/psgfans.fr\\\/?s={search_term_string}\"},\"query-input\":{\"@type\":\"PropertyValueSpecification\",\"valueRequired\":true,\"valueName\":\"search_term_string\"}}],\"inLanguage\":\"fr-FR\"},{\"@type\":\"Person\",\"@id\":\"https:\\\/\\\/psgfans.fr\\\/#\\\/schema\\\/person\\\/be2237e7a0237af2f29cb344b3c55e6c\",\"name\":\"psgfans\",\"image\":{\"@type\":\"ImageObject\",\"inLanguage\":\"fr-FR\",\"@id\":\"https:\\\/\\\/secure.gravatar.com\\\/avatar\\\/?s=96&d=mm&r=g\",\"url\":\"https:\\\/\\\/secure.gravatar.com\\\/avatar\\\/?s=96&d=mm&r=g\",\"contentUrl\":\"https:\\\/\\\/secure.gravatar.com\\\/avatar\\\/?s=96&d=mm&r=g\",\"caption\":\"psgfans\"},\"url\":\"https:\\\/\\\/psgfans.fr\\\/?author=2\"}]}<\/script>\n<!-- \/ Yoast SEO plugin. -->","yoast_head_json":{"title":"Thiago Motta agace les anciens du PSG - PSG FANS","robots":{"index":"index","follow":"follow","max-snippet":"max-snippet:-1","max-image-preview":"max-image-preview:large","max-video-preview":"max-video-preview:-1"},"canonical":"https:\/\/psgfans.fr\/?p=467","og_locale":"fr_FR","og_type":"article","og_title":"Thiago Motta agace les anciens du PSG - PSG FANS","og_description":"L&rsquo;aveu de Thiago Motta a \u00e9tonn\u00e9 beaucoup de supporteurs et agac\u00e9 les anciennes gloires du PSG. Samedi dans \u00ab l&rsquo;Equipe Magazine \u00bb, le milieu de terrain parisien avouait ne pas savoir que le PSG avait remport\u00e9 une Coupe d&rsquo;Europe. Les bras des vainqueurs de la Coupe des Coupes 1996 en sont tomb\u00e9s. \u00ab Le pass\u00e9 [&hellip;]","og_url":"https:\/\/psgfans.fr\/?p=467","og_site_name":"PSG FANS","article_published_time":"2014-09-16T21:12:00+00:00","og_image":[{"url":"https:\/\/blogger.googleusercontent.com\/img\/b\/R29vZ2xl\/AVvXsEgaWJNVTnCNROS8GXCvZfy0eFKq4jJOLehUQjCWT8iRhZyCbo33WrN8GoXhD2Iw2qWAqyypF6iPY5ijsVGDCfPbf1Z2xf7_ZZhDNSXARAD2Z8LwI-Rq-4BMOryxTElOTdCIXXqVl8I09oQ\/s1600\/&amp;&amp;.jpg","type":"","width":"","height":""}],"author":"psgfans","twitter_card":"summary_large_image","twitter_misc":{"\u00c9crit par":"psgfans","Dur\u00e9e de lecture estim\u00e9e":"2 minutes"},"schema":{"@context":"https:\/\/schema.org","@graph":[{"@type":"Article","@id":"https:\/\/psgfans.fr\/?p=467#article","isPartOf":{"@id":"https:\/\/psgfans.fr\/?p=467"},"author":{"name":"psgfans","@id":"https:\/\/psgfans.fr\/#\/schema\/person\/be2237e7a0237af2f29cb344b3c55e6c"},"headline":"Thiago Motta agace les anciens du PSG","datePublished":"2014-09-16T21:12:00+00:00","mainEntityOfPage":{"@id":"https:\/\/psgfans.fr\/?p=467"},"wordCount":330,"commentCount":0,"image":{"@id":"https:\/\/psgfans.fr\/?p=467#primaryimage"},"thumbnailUrl":"https:\/\/blogger.googleusercontent.com\/img\/b\/R29vZ2xl\/AVvXsEgaWJNVTnCNROS8GXCvZfy0eFKq4jJOLehUQjCWT8iRhZyCbo33WrN8GoXhD2Iw2qWAqyypF6iPY5ijsVGDCfPbf1Z2xf7_ZZhDNSXARAD2Z8LwI-Rq-4BMOryxTElOTdCIXXqVl8I09oQ\/s1600\/&amp;&amp;.jpg","articleSection":["News"],"inLanguage":"fr-FR","potentialAction":[{"@type":"CommentAction","name":"Comment","target":["https:\/\/psgfans.fr\/?p=467#respond"]}]},{"@type":"WebPage","@id":"https:\/\/psgfans.fr\/?p=467","url":"https:\/\/psgfans.fr\/?p=467","name":"Thiago Motta agace les anciens du PSG - PSG FANS","isPartOf":{"@id":"https:\/\/psgfans.fr\/#website"},"primaryImageOfPage":{"@id":"https:\/\/psgfans.fr\/?p=467#primaryimage"},"image":{"@id":"https:\/\/psgfans.fr\/?p=467#primaryimage"},"thumbnailUrl":"https:\/\/blogger.googleusercontent.com\/img\/b\/R29vZ2xl\/AVvXsEgaWJNVTnCNROS8GXCvZfy0eFKq4jJOLehUQjCWT8iRhZyCbo33WrN8GoXhD2Iw2qWAqyypF6iPY5ijsVGDCfPbf1Z2xf7_ZZhDNSXARAD2Z8LwI-Rq-4BMOryxTElOTdCIXXqVl8I09oQ\/s1600\/&amp;&amp;.jpg","datePublished":"2014-09-16T21:12:00+00:00","author":{"@id":"https:\/\/psgfans.fr\/#\/schema\/person\/be2237e7a0237af2f29cb344b3c55e6c"},"breadcrumb":{"@id":"https:\/\/psgfans.fr\/?p=467#breadcrumb"},"inLanguage":"fr-FR","potentialAction":[{"@type":"ReadAction","target":["https:\/\/psgfans.fr\/?p=467"]}]},{"@type":"ImageObject","inLanguage":"fr-FR","@id":"https:\/\/psgfans.fr\/?p=467#primaryimage","url":"https:\/\/blogger.googleusercontent.com\/img\/b\/R29vZ2xl\/AVvXsEgaWJNVTnCNROS8GXCvZfy0eFKq4jJOLehUQjCWT8iRhZyCbo33WrN8GoXhD2Iw2qWAqyypF6iPY5ijsVGDCfPbf1Z2xf7_ZZhDNSXARAD2Z8LwI-Rq-4BMOryxTElOTdCIXXqVl8I09oQ\/s1600\/&amp;&amp;.jpg","contentUrl":"https:\/\/blogger.googleusercontent.com\/img\/b\/R29vZ2xl\/AVvXsEgaWJNVTnCNROS8GXCvZfy0eFKq4jJOLehUQjCWT8iRhZyCbo33WrN8GoXhD2Iw2qWAqyypF6iPY5ijsVGDCfPbf1Z2xf7_ZZhDNSXARAD2Z8LwI-Rq-4BMOryxTElOTdCIXXqVl8I09oQ\/s1600\/&amp;&amp;.jpg"},{"@type":"BreadcrumbList","@id":"https:\/\/psgfans.fr\/?p=467#breadcrumb","itemListElement":[{"@type":"ListItem","position":1,"name":"Accueil","item":"https:\/\/psgfans.fr\/"},{"@type":"ListItem","position":2,"name":"Thiago Motta agace les anciens du PSG"}]},{"@type":"WebSite","@id":"https:\/\/psgfans.fr\/#website","url":"https:\/\/psgfans.fr\/","name":"PSG FANS","description":"Unit\u00e9, Passion, Victoire : Au C\u0153ur du Paris Saint-Germain!","potentialAction":[{"@type":"SearchAction","target":{"@type":"EntryPoint","urlTemplate":"https:\/\/psgfans.fr\/?s={search_term_string}"},"query-input":{"@type":"PropertyValueSpecification","valueRequired":true,"valueName":"search_term_string"}}],"inLanguage":"fr-FR"},{"@type":"Person","@id":"https:\/\/psgfans.fr\/#\/schema\/person\/be2237e7a0237af2f29cb344b3c55e6c","name":"psgfans","image":{"@type":"ImageObject","inLanguage":"fr-FR","@id":"https:\/\/secure.gravatar.com\/avatar\/?s=96&d=mm&r=g","url":"https:\/\/secure.gravatar.com\/avatar\/?s=96&d=mm&r=g","contentUrl":"https:\/\/secure.gravatar.com\/avatar\/?s=96&d=mm&r=g","caption":"psgfans"},"url":"https:\/\/psgfans.fr\/?author=2"}]}},"_links":{"self":[{"href":"https:\/\/psgfans.fr\/index.php?rest_route=\/wp\/v2\/posts\/467","targetHints":{"allow":["GET"]}}],"collection":[{"href":"https:\/\/psgfans.fr\/index.php?rest_route=\/wp\/v2\/posts"}],"about":[{"href":"https:\/\/psgfans.fr\/index.php?rest_route=\/wp\/v2\/types\/post"}],"author":[{"embeddable":true,"href":"https:\/\/psgfans.fr\/index.php?rest_route=\/wp\/v2\/users\/2"}],"replies":[{"embeddable":true,"href":"https:\/\/psgfans.fr\/index.php?rest_route=%2Fwp%2Fv2%2Fcomments&post=467"}],"version-history":[{"count":0,"href":"https:\/\/psgfans.fr\/index.php?rest_route=\/wp\/v2\/posts\/467\/revisions"}],"wp:attachment":[{"href":"https:\/\/psgfans.fr\/index.php?rest_route=%2Fwp%2Fv2%2Fmedia&parent=467"}],"wp:term":[{"taxonomy":"category","embeddable":true,"href":"https:\/\/psgfans.fr\/index.php?rest_route=%2Fwp%2Fv2%2Fcategories&post=467"},{"taxonomy":"post_tag","embeddable":true,"href":"https:\/\/psgfans.fr\/index.php?rest_route=%2Fwp%2Fv2%2Ftags&post=467"}],"curies":[{"name":"wp","href":"https:\/\/api.w.org\/{rel}","templated":true}]}}