{"id":466,"date":"2014-09-16T22:16:00","date_gmt":"2014-09-16T21:16:00","guid":{"rendered":"https:\/\/psgfans.fr\/?p=466"},"modified":"2014-09-16T22:16:00","modified_gmt":"2014-09-16T21:16:00","slug":"le-troisieme-maillot-du-psg","status":"publish","type":"post","link":"https:\/\/psgfans.fr\/?p=466","title":{"rendered":"Le troisi\u00e8me maillot  du PSG"},"content":{"rendered":"<div style=\"clear: both; text-align: center;\"><a href=\"https:\/\/blogger.googleusercontent.com\/img\/b\/R29vZ2xl\/AVvXsEiVqRMYT2ZykElv2NRq7qhON42G8cNBzJ1xNAQuSQQl2orxriFNcotqbqt025ZYeCAwPhSVP3CbBTelVeGy1NHNeeawr0pXw0EZ75MIYyXPfVV6fULL3sAE5-q72h101VeiLT5OpsL3aCs\/s1600\/&amp;&amp;.jpg\" style=\"margin-left: 1em; margin-right: 1em;\"><img loading=\"lazy\" decoding=\"async\" border=\"0\" src=\"https:\/\/blogger.googleusercontent.com\/img\/b\/R29vZ2xl\/AVvXsEiVqRMYT2ZykElv2NRq7qhON42G8cNBzJ1xNAQuSQQl2orxriFNcotqbqt025ZYeCAwPhSVP3CbBTelVeGy1NHNeeawr0pXw0EZ75MIYyXPfVV6fULL3sAE5-q72h101VeiLT5OpsL3aCs\/s1600\/&amp;&amp;.jpg\" height=\"175\" width=\"400\" \/><\/a><\/div>\n<p>Les joueurs du Paris Saint-Germain connaissent d\u00e9sormais<br \/>la couleur du troisi\u00e8me jeu de maillot pour la saison en cours. Apr\u00e8s un premier maillot bleu, un deuxi\u00e8me blanc, le troisi\u00e8me, d\u00e9voil\u00e9 lundi par l&rsquo;\u00e9quipementier Nike, est rouge.<\/p>\n<p><a href=\"https:\/\/blogger.googleusercontent.com\/img\/b\/R29vZ2xl\/AVvXsEgfziuPIb0TzRxxds69KkFdv51hmjE_yBeswwhulscsO1hEdxpPwXUaSzNpJCUvXx3Dtoz-qZYiCCrXiZbcs4YSPwcIs5bUzl0k1KuJheEEmHUMAEbFMlOGYuhtEdCFkcxOg7aB_aS3gNo\/s1600\/&amp;&amp;.jpg\" style=\"clear: right; float: right; margin-bottom: 1em; margin-left: 1em;\"><img loading=\"lazy\" decoding=\"async\" border=\"0\" src=\"https:\/\/blogger.googleusercontent.com\/img\/b\/R29vZ2xl\/AVvXsEgfziuPIb0TzRxxds69KkFdv51hmjE_yBeswwhulscsO1hEdxpPwXUaSzNpJCUvXx3Dtoz-qZYiCCrXiZbcs4YSPwcIs5bUzl0k1KuJheEEmHUMAEbFMlOGYuhtEdCFkcxOg7aB_aS3gNo\/s1600\/&amp;&amp;.jpg\" height=\"400\" width=\"318\" \/><\/a><\/p>\n<p>Il pourrait \u00eatre utilis\u00e9 lors de matchs \u00e0 l&rsquo;ext\u00e9rieur, notamment en Ligue des champions.<\/p>\n<p>La totalit\u00e9 de la troisi\u00e8me tenue du club de la capitale est rouge. \u00abNous avons voulu utiliser une couleur vive qui brille la nuit face \u00e0 l&rsquo;herbe et aux projecteurs. Sous un ciel sombre, les maillots auront l&rsquo;air \u00e9lectriques, comme s&rsquo;ils \u00e9taient aliment\u00e9s par des batteries\u00bb, a justifi\u00e9 le directeur de la cr\u00e9ation de Nike.<\/p>\n<p>Que les supporteurs se rassurent, le maillot sera bient\u00f4t disponible en boutique. D\u00e8s mardi, il sera possible de le pr\u00e9-commander sur le site Internet de Nike. La sortie officielle est annonc\u00e9e pour le 25 septembre.<\/p>\n<div style=\"clear: both; text-align: center;\"><a href=\"https:\/\/blogger.googleusercontent.com\/img\/b\/R29vZ2xl\/AVvXsEh3webN5BvZU__lHkyO-1iWG4DCwA03iwn-kFR-KdGWZkoKp6XwsBsqwjgd1u0nk3IH2U7b8zDCTU8LHFrv_9WXpW0mgRoytdZVgKJwBWqK1pXg7vnDR6pF7pfRonTES4pjTiOOM6EVXmc\/s1600\/&amp;&amp;.jpg\" style=\"margin-left: 1em; margin-right: 1em;\"><img loading=\"lazy\" decoding=\"async\" border=\"0\" src=\"https:\/\/blogger.googleusercontent.com\/img\/b\/R29vZ2xl\/AVvXsEh3webN5BvZU__lHkyO-1iWG4DCwA03iwn-kFR-KdGWZkoKp6XwsBsqwjgd1u0nk3IH2U7b8zDCTU8LHFrv_9WXpW0mgRoytdZVgKJwBWqK1pXg7vnDR6pF7pfRonTES4pjTiOOM6EVXmc\/s1600\/&amp;&amp;.jpg\" height=\"285\" width=\"400\" \/><\/a><\/div>\n<p>leparisien<\/p>\n","protected":false},"excerpt":{"rendered":"<p>Les joueurs du Paris Saint-Germain connaissent d\u00e9sormaisla couleur du troisi\u00e8me jeu de maillot pour la saison en cours. Apr\u00e8s un premier maillot bleu, un deuxi\u00e8me blanc, le troisi\u00e8me, d\u00e9voil\u00e9 lundi par l&rsquo;\u00e9quipementier Nike, est rouge. Il pourrait \u00eatre utilis\u00e9 lors de matchs \u00e0 l&rsquo;ext\u00e9rieur, notamment en Ligue des champions. La totalit\u00e9 de la troisi\u00e8me tenue [&hellip;]<\/p>\n","protected":false},"author":2,"featured_media":0,"comment_status":"open","ping_status":"open","sticky":false,"template":"","format":"standard","meta":{"footnotes":""},"categories":[3,4],"tags":[],"class_list":{"0":"post-466","1":"post","2":"type-post","3":"status-publish","4":"format-standard","6":"category-news","7":"category-photos"},"yoast_head":"<!-- This site is optimized with the Yoast SEO plugin v27.4 - https:\/\/yoast.com\/product\/yoast-seo-wordpress\/ -->\n<title>Le troisi\u00e8me maillot du PSG - PSG FANS<\/title>\n<meta name=\"robots\" content=\"index, follow, max-snippet:-1, max-image-preview:large, max-video-preview:-1\" \/>\n<link rel=\"canonical\" href=\"https:\/\/psgfans.fr\/?p=466\" \/>\n<meta property=\"og:locale\" content=\"fr_FR\" \/>\n<meta property=\"og:type\" content=\"article\" \/>\n<meta property=\"og:title\" content=\"Le troisi\u00e8me maillot du PSG - PSG FANS\" \/>\n<meta property=\"og:description\" content=\"Les joueurs du Paris Saint-Germain connaissent d\u00e9sormaisla couleur du troisi\u00e8me jeu de maillot pour la saison en cours. Apr\u00e8s un premier maillot bleu, un deuxi\u00e8me blanc, le troisi\u00e8me, d\u00e9voil\u00e9 lundi par l&rsquo;\u00e9quipementier Nike, est rouge. Il pourrait \u00eatre utilis\u00e9 lors de matchs \u00e0 l&rsquo;ext\u00e9rieur, notamment en Ligue des champions. La totalit\u00e9 de la troisi\u00e8me tenue [&hellip;]\" \/>\n<meta property=\"og:url\" content=\"https:\/\/psgfans.fr\/?p=466\" \/>\n<meta property=\"og:site_name\" content=\"PSG FANS\" \/>\n<meta property=\"article:published_time\" content=\"2014-09-16T21:16:00+00:00\" \/>\n<meta property=\"og:image\" content=\"https:\/\/blogger.googleusercontent.com\/img\/b\/R29vZ2xl\/AVvXsEiVqRMYT2ZykElv2NRq7qhON42G8cNBzJ1xNAQuSQQl2orxriFNcotqbqt025ZYeCAwPhSVP3CbBTelVeGy1NHNeeawr0pXw0EZ75MIYyXPfVV6fULL3sAE5-q72h101VeiLT5OpsL3aCs\/s1600\/&amp;&amp;.jpg\" \/>\n<meta name=\"author\" content=\"psgfans\" \/>\n<meta name=\"twitter:card\" content=\"summary_large_image\" \/>\n<meta name=\"twitter:label1\" content=\"\u00c9crit par\" \/>\n\t<meta name=\"twitter:data1\" content=\"psgfans\" \/>\n\t<meta name=\"twitter:label2\" content=\"Dur\u00e9e de lecture estim\u00e9e\" \/>\n\t<meta name=\"twitter:data2\" content=\"1 minute\" \/>\n<script type=\"application\/ld+json\" class=\"yoast-schema-graph\">{\"@context\":\"https:\\\/\\\/schema.org\",\"@graph\":[{\"@type\":\"Article\",\"@id\":\"https:\\\/\\\/psgfans.fr\\\/?p=466#article\",\"isPartOf\":{\"@id\":\"https:\\\/\\\/psgfans.fr\\\/?p=466\"},\"author\":{\"name\":\"psgfans\",\"@id\":\"https:\\\/\\\/psgfans.fr\\\/#\\\/schema\\\/person\\\/be2237e7a0237af2f29cb344b3c55e6c\"},\"headline\":\"Le troisi\u00e8me maillot du PSG\",\"datePublished\":\"2014-09-16T21:16:00+00:00\",\"mainEntityOfPage\":{\"@id\":\"https:\\\/\\\/psgfans.fr\\\/?p=466\"},\"wordCount\":162,\"commentCount\":0,\"image\":{\"@id\":\"https:\\\/\\\/psgfans.fr\\\/?p=466#primaryimage\"},\"thumbnailUrl\":\"https:\\\/\\\/blogger.googleusercontent.com\\\/img\\\/b\\\/R29vZ2xl\\\/AVvXsEiVqRMYT2ZykElv2NRq7qhON42G8cNBzJ1xNAQuSQQl2orxriFNcotqbqt025ZYeCAwPhSVP3CbBTelVeGy1NHNeeawr0pXw0EZ75MIYyXPfVV6fULL3sAE5-q72h101VeiLT5OpsL3aCs\\\/s1600\\\/&amp;&amp;.jpg\",\"articleSection\":[\"News\",\"Photos\"],\"inLanguage\":\"fr-FR\",\"potentialAction\":[{\"@type\":\"CommentAction\",\"name\":\"Comment\",\"target\":[\"https:\\\/\\\/psgfans.fr\\\/?p=466#respond\"]}]},{\"@type\":\"WebPage\",\"@id\":\"https:\\\/\\\/psgfans.fr\\\/?p=466\",\"url\":\"https:\\\/\\\/psgfans.fr\\\/?p=466\",\"name\":\"Le troisi\u00e8me maillot du PSG - PSG FANS\",\"isPartOf\":{\"@id\":\"https:\\\/\\\/psgfans.fr\\\/#website\"},\"primaryImageOfPage\":{\"@id\":\"https:\\\/\\\/psgfans.fr\\\/?p=466#primaryimage\"},\"image\":{\"@id\":\"https:\\\/\\\/psgfans.fr\\\/?p=466#primaryimage\"},\"thumbnailUrl\":\"https:\\\/\\\/blogger.googleusercontent.com\\\/img\\\/b\\\/R29vZ2xl\\\/AVvXsEiVqRMYT2ZykElv2NRq7qhON42G8cNBzJ1xNAQuSQQl2orxriFNcotqbqt025ZYeCAwPhSVP3CbBTelVeGy1NHNeeawr0pXw0EZ75MIYyXPfVV6fULL3sAE5-q72h101VeiLT5OpsL3aCs\\\/s1600\\\/&amp;&amp;.jpg\",\"datePublished\":\"2014-09-16T21:16:00+00:00\",\"author\":{\"@id\":\"https:\\\/\\\/psgfans.fr\\\/#\\\/schema\\\/person\\\/be2237e7a0237af2f29cb344b3c55e6c\"},\"breadcrumb\":{\"@id\":\"https:\\\/\\\/psgfans.fr\\\/?p=466#breadcrumb\"},\"inLanguage\":\"fr-FR\",\"potentialAction\":[{\"@type\":\"ReadAction\",\"target\":[\"https:\\\/\\\/psgfans.fr\\\/?p=466\"]}]},{\"@type\":\"ImageObject\",\"inLanguage\":\"fr-FR\",\"@id\":\"https:\\\/\\\/psgfans.fr\\\/?p=466#primaryimage\",\"url\":\"https:\\\/\\\/blogger.googleusercontent.com\\\/img\\\/b\\\/R29vZ2xl\\\/AVvXsEiVqRMYT2ZykElv2NRq7qhON42G8cNBzJ1xNAQuSQQl2orxriFNcotqbqt025ZYeCAwPhSVP3CbBTelVeGy1NHNeeawr0pXw0EZ75MIYyXPfVV6fULL3sAE5-q72h101VeiLT5OpsL3aCs\\\/s1600\\\/&amp;&amp;.jpg\",\"contentUrl\":\"https:\\\/\\\/blogger.googleusercontent.com\\\/img\\\/b\\\/R29vZ2xl\\\/AVvXsEiVqRMYT2ZykElv2NRq7qhON42G8cNBzJ1xNAQuSQQl2orxriFNcotqbqt025ZYeCAwPhSVP3CbBTelVeGy1NHNeeawr0pXw0EZ75MIYyXPfVV6fULL3sAE5-q72h101VeiLT5OpsL3aCs\\\/s1600\\\/&amp;&amp;.jpg\"},{\"@type\":\"BreadcrumbList\",\"@id\":\"https:\\\/\\\/psgfans.fr\\\/?p=466#breadcrumb\",\"itemListElement\":[{\"@type\":\"ListItem\",\"position\":1,\"name\":\"Accueil\",\"item\":\"https:\\\/\\\/psgfans.fr\\\/\"},{\"@type\":\"ListItem\",\"position\":2,\"name\":\"Le troisi\u00e8me maillot du PSG\"}]},{\"@type\":\"WebSite\",\"@id\":\"https:\\\/\\\/psgfans.fr\\\/#website\",\"url\":\"https:\\\/\\\/psgfans.fr\\\/\",\"name\":\"PSG FANS\",\"description\":\"Unit\u00e9, Passion, Victoire : Au C\u0153ur du Paris Saint-Germain!\",\"potentialAction\":[{\"@type\":\"SearchAction\",\"target\":{\"@type\":\"EntryPoint\",\"urlTemplate\":\"https:\\\/\\\/psgfans.fr\\\/?s={search_term_string}\"},\"query-input\":{\"@type\":\"PropertyValueSpecification\",\"valueRequired\":true,\"valueName\":\"search_term_string\"}}],\"inLanguage\":\"fr-FR\"},{\"@type\":\"Person\",\"@id\":\"https:\\\/\\\/psgfans.fr\\\/#\\\/schema\\\/person\\\/be2237e7a0237af2f29cb344b3c55e6c\",\"name\":\"psgfans\",\"image\":{\"@type\":\"ImageObject\",\"inLanguage\":\"fr-FR\",\"@id\":\"https:\\\/\\\/secure.gravatar.com\\\/avatar\\\/?s=96&d=mm&r=g\",\"url\":\"https:\\\/\\\/secure.gravatar.com\\\/avatar\\\/?s=96&d=mm&r=g\",\"contentUrl\":\"https:\\\/\\\/secure.gravatar.com\\\/avatar\\\/?s=96&d=mm&r=g\",\"caption\":\"psgfans\"},\"url\":\"https:\\\/\\\/psgfans.fr\\\/?author=2\"}]}<\/script>\n<!-- \/ Yoast SEO plugin. -->","yoast_head_json":{"title":"Le troisi\u00e8me maillot du PSG - PSG FANS","robots":{"index":"index","follow":"follow","max-snippet":"max-snippet:-1","max-image-preview":"max-image-preview:large","max-video-preview":"max-video-preview:-1"},"canonical":"https:\/\/psgfans.fr\/?p=466","og_locale":"fr_FR","og_type":"article","og_title":"Le troisi\u00e8me maillot du PSG - PSG FANS","og_description":"Les joueurs du Paris Saint-Germain connaissent d\u00e9sormaisla couleur du troisi\u00e8me jeu de maillot pour la saison en cours. Apr\u00e8s un premier maillot bleu, un deuxi\u00e8me blanc, le troisi\u00e8me, d\u00e9voil\u00e9 lundi par l&rsquo;\u00e9quipementier Nike, est rouge. Il pourrait \u00eatre utilis\u00e9 lors de matchs \u00e0 l&rsquo;ext\u00e9rieur, notamment en Ligue des champions. La totalit\u00e9 de la troisi\u00e8me tenue [&hellip;]","og_url":"https:\/\/psgfans.fr\/?p=466","og_site_name":"PSG FANS","article_published_time":"2014-09-16T21:16:00+00:00","og_image":[{"url":"https:\/\/blogger.googleusercontent.com\/img\/b\/R29vZ2xl\/AVvXsEiVqRMYT2ZykElv2NRq7qhON42G8cNBzJ1xNAQuSQQl2orxriFNcotqbqt025ZYeCAwPhSVP3CbBTelVeGy1NHNeeawr0pXw0EZ75MIYyXPfVV6fULL3sAE5-q72h101VeiLT5OpsL3aCs\/s1600\/&amp;&amp;.jpg","type":"","width":"","height":""}],"author":"psgfans","twitter_card":"summary_large_image","twitter_misc":{"\u00c9crit par":"psgfans","Dur\u00e9e de lecture estim\u00e9e":"1 minute"},"schema":{"@context":"https:\/\/schema.org","@graph":[{"@type":"Article","@id":"https:\/\/psgfans.fr\/?p=466#article","isPartOf":{"@id":"https:\/\/psgfans.fr\/?p=466"},"author":{"name":"psgfans","@id":"https:\/\/psgfans.fr\/#\/schema\/person\/be2237e7a0237af2f29cb344b3c55e6c"},"headline":"Le troisi\u00e8me maillot du PSG","datePublished":"2014-09-16T21:16:00+00:00","mainEntityOfPage":{"@id":"https:\/\/psgfans.fr\/?p=466"},"wordCount":162,"commentCount":0,"image":{"@id":"https:\/\/psgfans.fr\/?p=466#primaryimage"},"thumbnailUrl":"https:\/\/blogger.googleusercontent.com\/img\/b\/R29vZ2xl\/AVvXsEiVqRMYT2ZykElv2NRq7qhON42G8cNBzJ1xNAQuSQQl2orxriFNcotqbqt025ZYeCAwPhSVP3CbBTelVeGy1NHNeeawr0pXw0EZ75MIYyXPfVV6fULL3sAE5-q72h101VeiLT5OpsL3aCs\/s1600\/&amp;&amp;.jpg","articleSection":["News","Photos"],"inLanguage":"fr-FR","potentialAction":[{"@type":"CommentAction","name":"Comment","target":["https:\/\/psgfans.fr\/?p=466#respond"]}]},{"@type":"WebPage","@id":"https:\/\/psgfans.fr\/?p=466","url":"https:\/\/psgfans.fr\/?p=466","name":"Le troisi\u00e8me maillot du PSG - PSG FANS","isPartOf":{"@id":"https:\/\/psgfans.fr\/#website"},"primaryImageOfPage":{"@id":"https:\/\/psgfans.fr\/?p=466#primaryimage"},"image":{"@id":"https:\/\/psgfans.fr\/?p=466#primaryimage"},"thumbnailUrl":"https:\/\/blogger.googleusercontent.com\/img\/b\/R29vZ2xl\/AVvXsEiVqRMYT2ZykElv2NRq7qhON42G8cNBzJ1xNAQuSQQl2orxriFNcotqbqt025ZYeCAwPhSVP3CbBTelVeGy1NHNeeawr0pXw0EZ75MIYyXPfVV6fULL3sAE5-q72h101VeiLT5OpsL3aCs\/s1600\/&amp;&amp;.jpg","datePublished":"2014-09-16T21:16:00+00:00","author":{"@id":"https:\/\/psgfans.fr\/#\/schema\/person\/be2237e7a0237af2f29cb344b3c55e6c"},"breadcrumb":{"@id":"https:\/\/psgfans.fr\/?p=466#breadcrumb"},"inLanguage":"fr-FR","potentialAction":[{"@type":"ReadAction","target":["https:\/\/psgfans.fr\/?p=466"]}]},{"@type":"ImageObject","inLanguage":"fr-FR","@id":"https:\/\/psgfans.fr\/?p=466#primaryimage","url":"https:\/\/blogger.googleusercontent.com\/img\/b\/R29vZ2xl\/AVvXsEiVqRMYT2ZykElv2NRq7qhON42G8cNBzJ1xNAQuSQQl2orxriFNcotqbqt025ZYeCAwPhSVP3CbBTelVeGy1NHNeeawr0pXw0EZ75MIYyXPfVV6fULL3sAE5-q72h101VeiLT5OpsL3aCs\/s1600\/&amp;&amp;.jpg","contentUrl":"https:\/\/blogger.googleusercontent.com\/img\/b\/R29vZ2xl\/AVvXsEiVqRMYT2ZykElv2NRq7qhON42G8cNBzJ1xNAQuSQQl2orxriFNcotqbqt025ZYeCAwPhSVP3CbBTelVeGy1NHNeeawr0pXw0EZ75MIYyXPfVV6fULL3sAE5-q72h101VeiLT5OpsL3aCs\/s1600\/&amp;&amp;.jpg"},{"@type":"BreadcrumbList","@id":"https:\/\/psgfans.fr\/?p=466#breadcrumb","itemListElement":[{"@type":"ListItem","position":1,"name":"Accueil","item":"https:\/\/psgfans.fr\/"},{"@type":"ListItem","position":2,"name":"Le troisi\u00e8me maillot du PSG"}]},{"@type":"WebSite","@id":"https:\/\/psgfans.fr\/#website","url":"https:\/\/psgfans.fr\/","name":"PSG FANS","description":"Unit\u00e9, Passion, Victoire : Au C\u0153ur du Paris Saint-Germain!","potentialAction":[{"@type":"SearchAction","target":{"@type":"EntryPoint","urlTemplate":"https:\/\/psgfans.fr\/?s={search_term_string}"},"query-input":{"@type":"PropertyValueSpecification","valueRequired":true,"valueName":"search_term_string"}}],"inLanguage":"fr-FR"},{"@type":"Person","@id":"https:\/\/psgfans.fr\/#\/schema\/person\/be2237e7a0237af2f29cb344b3c55e6c","name":"psgfans","image":{"@type":"ImageObject","inLanguage":"fr-FR","@id":"https:\/\/secure.gravatar.com\/avatar\/?s=96&d=mm&r=g","url":"https:\/\/secure.gravatar.com\/avatar\/?s=96&d=mm&r=g","contentUrl":"https:\/\/secure.gravatar.com\/avatar\/?s=96&d=mm&r=g","caption":"psgfans"},"url":"https:\/\/psgfans.fr\/?author=2"}]}},"_links":{"self":[{"href":"https:\/\/psgfans.fr\/index.php?rest_route=\/wp\/v2\/posts\/466","targetHints":{"allow":["GET"]}}],"collection":[{"href":"https:\/\/psgfans.fr\/index.php?rest_route=\/wp\/v2\/posts"}],"about":[{"href":"https:\/\/psgfans.fr\/index.php?rest_route=\/wp\/v2\/types\/post"}],"author":[{"embeddable":true,"href":"https:\/\/psgfans.fr\/index.php?rest_route=\/wp\/v2\/users\/2"}],"replies":[{"embeddable":true,"href":"https:\/\/psgfans.fr\/index.php?rest_route=%2Fwp%2Fv2%2Fcomments&post=466"}],"version-history":[{"count":0,"href":"https:\/\/psgfans.fr\/index.php?rest_route=\/wp\/v2\/posts\/466\/revisions"}],"wp:attachment":[{"href":"https:\/\/psgfans.fr\/index.php?rest_route=%2Fwp%2Fv2%2Fmedia&parent=466"}],"wp:term":[{"taxonomy":"category","embeddable":true,"href":"https:\/\/psgfans.fr\/index.php?rest_route=%2Fwp%2Fv2%2Fcategories&post=466"},{"taxonomy":"post_tag","embeddable":true,"href":"https:\/\/psgfans.fr\/index.php?rest_route=%2Fwp%2Fv2%2Ftags&post=466"}],"curies":[{"name":"wp","href":"https:\/\/api.w.org\/{rel}","templated":true}]}}