{"id":462,"date":"2014-09-21T17:01:00","date_gmt":"2014-09-21T16:01:00","guid":{"rendered":"https:\/\/psgfans.fr\/?p=462"},"modified":"2014-09-21T17:01:00","modified_gmt":"2014-09-21T16:01:00","slug":"psg-lyon-il-est-urgent-de-lever-les-doutes","status":"publish","type":"post","link":"https:\/\/psgfans.fr\/?p=462","title":{"rendered":"PSG-Lyon : il est urgent de lever les doutes"},"content":{"rendered":"<div style=\"clear: both; text-align: center;\"><a href=\"https:\/\/blogger.googleusercontent.com\/img\/b\/R29vZ2xl\/AVvXsEihldk7rsrfxfuDwoj-R0ZlVNJjs7YsQwl_xtM-sL8hm5CGx8zZk_4YyfA9d_kgYDKIWq-aaCSe1ENruO_pLkGR4se6iPiwd1P_MxTwn7Oh_xhlNsdHTKDXiszKusuwUdn4HmiN_u_poJw\/s1600\/&amp;&amp;.jpg\" style=\"margin-left: 1em; margin-right: 1em;\"><img loading=\"lazy\" decoding=\"async\" border=\"0\" src=\"https:\/\/blogger.googleusercontent.com\/img\/b\/R29vZ2xl\/AVvXsEihldk7rsrfxfuDwoj-R0ZlVNJjs7YsQwl_xtM-sL8hm5CGx8zZk_4YyfA9d_kgYDKIWq-aaCSe1ENruO_pLkGR4se6iPiwd1P_MxTwn7Oh_xhlNsdHTKDXiszKusuwUdn4HmiN_u_poJw\/s1600\/&amp;&amp;.jpg\" height=\"175\" width=\"400\" \/><\/a><\/div>\n<p>L&rsquo;orage menace. Apr\u00e8s deux nuls cons\u00e9cutifs, \u00e0 Rennes (1-1) en championnat et \u00e0 Amsterdam (1-1) en Ligue des champions, le ciel parisien s&rsquo;assombrit. Ce soir, le Parc des Princes compte sur des \u00e9clairs de g\u00e9nie de ses joueurs. Dans le cas contraire, ces derniers s&rsquo;exposent \u00e0 un tonnerre de grondements.<\/p>\n<p>Certes, l&rsquo;affiche a perdu un peu de son cachet.<\/p>\n<p>Lyon, rassur\u00e9 apr\u00e8s sa victoire contre Monaco (2-1), pointe \u00e0 la 16e place et n&rsquo;appara\u00eet plus comme un dangereux concurrent. Mais ce match reste lourd d&rsquo;enjeux. Il peut apporter une accalmie ou bien faire monter la temp\u00e9rature d&rsquo;un cran.<\/p>\n<p>Car en ce d\u00e9but de saison, le PSG est le p\u00e2le reflet de lui-m\u00eame. En dehors d&rsquo;une belle prestation contre Saint-Etienne (5-0) juste avant la tr\u00eave internationale, il pratique un football indigne de son rang et de ses ambitions. La Coupe du monde a laiss\u00e9 des s\u00e9quelles. Les 13 mondialistes n&rsquo;ont pas encore retrouv\u00e9 un \u00e9tat de forme optimal. Mais le tournoi br\u00e9silien n&rsquo;explique pas tout. Ni le manque flagrant d&rsquo;efficacit\u00e9 offensive d\u00e9plor\u00e9 \u00e0 Amsterdam ni cette incapacit\u00e9 \u00e0 conserver son avance d&rsquo;un but lors des deux derniers rendez-vous. \u00ab Ibrahimovic a raison, certaines choses ne vont pas, avoue Laurent Blanc. La motivation est l\u00e0. Mais tactiquement, techniquement, physiquement aussi, nous ne sommes pas au top. Apr\u00e8s le nul contre l&rsquo;Ajax, les joueurs ont compris qu&rsquo;ils n&rsquo;\u00e9taient pas au niveau, qu&rsquo;il fallait se r\u00e9veiller. \u00bb<\/p>\n<p>Blanc s&rsquo;inscrit dans la dur\u00e9e<\/p>\n<p>Les reproches, \u00e0 tort ou \u00e0 raison, pleuvent aussi sur le coach parisien. En cause : sa mani\u00e8re de diriger le vestiaire o\u00f9 la communication entre le staff et les joueurs semble d\u00e9faillante, son coaching avec des remplacements tardifs \u00e0 Amsterdam et son absence d&rsquo;\u00e9volution tactique lors des matchs. \u00ab Il y a beaucoup de donneurs de le\u00e7ons focalis\u00e9s sur notre syst\u00e8me. Mais vous oubliez que ce sch\u00e9ma a fait ses preuves l&rsquo;an pass\u00e9, avec du beau jeu propos\u00e9. Tout le monde n&rsquo;est pas heureux dans ce syst\u00e8me (NDLR : sans le nommer, il pense \u00e0 Cavani). Mais je pense avant tout au collectif, explique le coach. Je sais bien qu&rsquo;ici, un nul est associ\u00e9 \u00e0 une d\u00e9faite. Il faudrait tout changer, les joueurs, l&rsquo;entra\u00eeneur, le syst\u00e8me. Or nous, nous sommes l\u00e0 pour construire sur la dur\u00e9e. \u00bb<\/p>\n<p>Mais le temps presse. Et Blanc et ses hommes ont tout int\u00e9r\u00eat \u00e0 dissiper les nuages sans d\u00e9lai, en renouant avec la victoire bien s\u00fbr, mais aussi en proposant un jeu plus s\u00e9duisant. Pas tellement en raison d&rsquo;une situation au fond nullement alarmante en championnat, mais surtout afin de pouvoir profiter d&rsquo;une \u00e9claircie en vue du choc europ\u00e9en contre Barcelone dans dix jours.<\/p>\n<p>Le Parisien<\/p>\n","protected":false},"excerpt":{"rendered":"<p>L&rsquo;orage menace. Apr\u00e8s deux nuls cons\u00e9cutifs, \u00e0 Rennes (1-1) en championnat et \u00e0 Amsterdam (1-1) en Ligue des champions, le ciel parisien s&rsquo;assombrit. Ce soir, le Parc des Princes compte sur des \u00e9clairs de g\u00e9nie de ses joueurs. Dans le cas contraire, ces derniers s&rsquo;exposent \u00e0 un tonnerre de grondements. Certes, l&rsquo;affiche a perdu un [&hellip;]<\/p>\n","protected":false},"author":2,"featured_media":0,"comment_status":"open","ping_status":"open","sticky":false,"template":"","format":"standard","meta":{"footnotes":""},"categories":[3],"tags":[],"class_list":{"0":"post-462","1":"post","2":"type-post","3":"status-publish","4":"format-standard","6":"category-news"},"yoast_head":"<!-- This site is optimized with the Yoast SEO plugin v27.4 - https:\/\/yoast.com\/product\/yoast-seo-wordpress\/ -->\n<title>PSG-Lyon : il est urgent de lever les doutes - PSG FANS<\/title>\n<meta name=\"robots\" content=\"index, follow, max-snippet:-1, max-image-preview:large, max-video-preview:-1\" \/>\n<link rel=\"canonical\" href=\"https:\/\/psgfans.fr\/?p=462\" \/>\n<meta property=\"og:locale\" content=\"fr_FR\" \/>\n<meta property=\"og:type\" content=\"article\" \/>\n<meta property=\"og:title\" content=\"PSG-Lyon : il est urgent de lever les doutes - PSG FANS\" \/>\n<meta property=\"og:description\" content=\"L&rsquo;orage menace. Apr\u00e8s deux nuls cons\u00e9cutifs, \u00e0 Rennes (1-1) en championnat et \u00e0 Amsterdam (1-1) en Ligue des champions, le ciel parisien s&rsquo;assombrit. Ce soir, le Parc des Princes compte sur des \u00e9clairs de g\u00e9nie de ses joueurs. Dans le cas contraire, ces derniers s&rsquo;exposent \u00e0 un tonnerre de grondements. Certes, l&rsquo;affiche a perdu un [&hellip;]\" \/>\n<meta property=\"og:url\" content=\"https:\/\/psgfans.fr\/?p=462\" \/>\n<meta property=\"og:site_name\" content=\"PSG FANS\" \/>\n<meta property=\"article:published_time\" content=\"2014-09-21T16:01:00+00:00\" \/>\n<meta property=\"og:image\" content=\"https:\/\/blogger.googleusercontent.com\/img\/b\/R29vZ2xl\/AVvXsEihldk7rsrfxfuDwoj-R0ZlVNJjs7YsQwl_xtM-sL8hm5CGx8zZk_4YyfA9d_kgYDKIWq-aaCSe1ENruO_pLkGR4se6iPiwd1P_MxTwn7Oh_xhlNsdHTKDXiszKusuwUdn4HmiN_u_poJw\/s1600\/&amp;&amp;.jpg\" \/>\n<meta name=\"author\" content=\"psgfans\" \/>\n<meta name=\"twitter:card\" content=\"summary_large_image\" \/>\n<meta name=\"twitter:label1\" content=\"\u00c9crit par\" \/>\n\t<meta name=\"twitter:data1\" content=\"psgfans\" \/>\n\t<meta name=\"twitter:label2\" content=\"Dur\u00e9e de lecture estim\u00e9e\" \/>\n\t<meta name=\"twitter:data2\" content=\"2 minutes\" \/>\n<script type=\"application\/ld+json\" class=\"yoast-schema-graph\">{\"@context\":\"https:\\\/\\\/schema.org\",\"@graph\":[{\"@type\":\"Article\",\"@id\":\"https:\\\/\\\/psgfans.fr\\\/?p=462#article\",\"isPartOf\":{\"@id\":\"https:\\\/\\\/psgfans.fr\\\/?p=462\"},\"author\":{\"name\":\"psgfans\",\"@id\":\"https:\\\/\\\/psgfans.fr\\\/#\\\/schema\\\/person\\\/be2237e7a0237af2f29cb344b3c55e6c\"},\"headline\":\"PSG-Lyon : il est urgent de lever les doutes\",\"datePublished\":\"2014-09-21T16:01:00+00:00\",\"mainEntityOfPage\":{\"@id\":\"https:\\\/\\\/psgfans.fr\\\/?p=462\"},\"wordCount\":487,\"commentCount\":0,\"image\":{\"@id\":\"https:\\\/\\\/psgfans.fr\\\/?p=462#primaryimage\"},\"thumbnailUrl\":\"https:\\\/\\\/blogger.googleusercontent.com\\\/img\\\/b\\\/R29vZ2xl\\\/AVvXsEihldk7rsrfxfuDwoj-R0ZlVNJjs7YsQwl_xtM-sL8hm5CGx8zZk_4YyfA9d_kgYDKIWq-aaCSe1ENruO_pLkGR4se6iPiwd1P_MxTwn7Oh_xhlNsdHTKDXiszKusuwUdn4HmiN_u_poJw\\\/s1600\\\/&amp;&amp;.jpg\",\"articleSection\":[\"News\"],\"inLanguage\":\"fr-FR\",\"potentialAction\":[{\"@type\":\"CommentAction\",\"name\":\"Comment\",\"target\":[\"https:\\\/\\\/psgfans.fr\\\/?p=462#respond\"]}]},{\"@type\":\"WebPage\",\"@id\":\"https:\\\/\\\/psgfans.fr\\\/?p=462\",\"url\":\"https:\\\/\\\/psgfans.fr\\\/?p=462\",\"name\":\"PSG-Lyon : il est urgent de lever les doutes - PSG FANS\",\"isPartOf\":{\"@id\":\"https:\\\/\\\/psgfans.fr\\\/#website\"},\"primaryImageOfPage\":{\"@id\":\"https:\\\/\\\/psgfans.fr\\\/?p=462#primaryimage\"},\"image\":{\"@id\":\"https:\\\/\\\/psgfans.fr\\\/?p=462#primaryimage\"},\"thumbnailUrl\":\"https:\\\/\\\/blogger.googleusercontent.com\\\/img\\\/b\\\/R29vZ2xl\\\/AVvXsEihldk7rsrfxfuDwoj-R0ZlVNJjs7YsQwl_xtM-sL8hm5CGx8zZk_4YyfA9d_kgYDKIWq-aaCSe1ENruO_pLkGR4se6iPiwd1P_MxTwn7Oh_xhlNsdHTKDXiszKusuwUdn4HmiN_u_poJw\\\/s1600\\\/&amp;&amp;.jpg\",\"datePublished\":\"2014-09-21T16:01:00+00:00\",\"author\":{\"@id\":\"https:\\\/\\\/psgfans.fr\\\/#\\\/schema\\\/person\\\/be2237e7a0237af2f29cb344b3c55e6c\"},\"breadcrumb\":{\"@id\":\"https:\\\/\\\/psgfans.fr\\\/?p=462#breadcrumb\"},\"inLanguage\":\"fr-FR\",\"potentialAction\":[{\"@type\":\"ReadAction\",\"target\":[\"https:\\\/\\\/psgfans.fr\\\/?p=462\"]}]},{\"@type\":\"ImageObject\",\"inLanguage\":\"fr-FR\",\"@id\":\"https:\\\/\\\/psgfans.fr\\\/?p=462#primaryimage\",\"url\":\"https:\\\/\\\/blogger.googleusercontent.com\\\/img\\\/b\\\/R29vZ2xl\\\/AVvXsEihldk7rsrfxfuDwoj-R0ZlVNJjs7YsQwl_xtM-sL8hm5CGx8zZk_4YyfA9d_kgYDKIWq-aaCSe1ENruO_pLkGR4se6iPiwd1P_MxTwn7Oh_xhlNsdHTKDXiszKusuwUdn4HmiN_u_poJw\\\/s1600\\\/&amp;&amp;.jpg\",\"contentUrl\":\"https:\\\/\\\/blogger.googleusercontent.com\\\/img\\\/b\\\/R29vZ2xl\\\/AVvXsEihldk7rsrfxfuDwoj-R0ZlVNJjs7YsQwl_xtM-sL8hm5CGx8zZk_4YyfA9d_kgYDKIWq-aaCSe1ENruO_pLkGR4se6iPiwd1P_MxTwn7Oh_xhlNsdHTKDXiszKusuwUdn4HmiN_u_poJw\\\/s1600\\\/&amp;&amp;.jpg\"},{\"@type\":\"BreadcrumbList\",\"@id\":\"https:\\\/\\\/psgfans.fr\\\/?p=462#breadcrumb\",\"itemListElement\":[{\"@type\":\"ListItem\",\"position\":1,\"name\":\"Accueil\",\"item\":\"https:\\\/\\\/psgfans.fr\\\/\"},{\"@type\":\"ListItem\",\"position\":2,\"name\":\"PSG-Lyon : il est urgent de lever les doutes\"}]},{\"@type\":\"WebSite\",\"@id\":\"https:\\\/\\\/psgfans.fr\\\/#website\",\"url\":\"https:\\\/\\\/psgfans.fr\\\/\",\"name\":\"PSG FANS\",\"description\":\"Unit\u00e9, Passion, Victoire : Au C\u0153ur du Paris Saint-Germain!\",\"potentialAction\":[{\"@type\":\"SearchAction\",\"target\":{\"@type\":\"EntryPoint\",\"urlTemplate\":\"https:\\\/\\\/psgfans.fr\\\/?s={search_term_string}\"},\"query-input\":{\"@type\":\"PropertyValueSpecification\",\"valueRequired\":true,\"valueName\":\"search_term_string\"}}],\"inLanguage\":\"fr-FR\"},{\"@type\":\"Person\",\"@id\":\"https:\\\/\\\/psgfans.fr\\\/#\\\/schema\\\/person\\\/be2237e7a0237af2f29cb344b3c55e6c\",\"name\":\"psgfans\",\"image\":{\"@type\":\"ImageObject\",\"inLanguage\":\"fr-FR\",\"@id\":\"https:\\\/\\\/secure.gravatar.com\\\/avatar\\\/?s=96&d=mm&r=g\",\"url\":\"https:\\\/\\\/secure.gravatar.com\\\/avatar\\\/?s=96&d=mm&r=g\",\"contentUrl\":\"https:\\\/\\\/secure.gravatar.com\\\/avatar\\\/?s=96&d=mm&r=g\",\"caption\":\"psgfans\"},\"url\":\"https:\\\/\\\/psgfans.fr\\\/?author=2\"}]}<\/script>\n<!-- \/ Yoast SEO plugin. -->","yoast_head_json":{"title":"PSG-Lyon : il est urgent de lever les doutes - PSG FANS","robots":{"index":"index","follow":"follow","max-snippet":"max-snippet:-1","max-image-preview":"max-image-preview:large","max-video-preview":"max-video-preview:-1"},"canonical":"https:\/\/psgfans.fr\/?p=462","og_locale":"fr_FR","og_type":"article","og_title":"PSG-Lyon : il est urgent de lever les doutes - PSG FANS","og_description":"L&rsquo;orage menace. Apr\u00e8s deux nuls cons\u00e9cutifs, \u00e0 Rennes (1-1) en championnat et \u00e0 Amsterdam (1-1) en Ligue des champions, le ciel parisien s&rsquo;assombrit. Ce soir, le Parc des Princes compte sur des \u00e9clairs de g\u00e9nie de ses joueurs. Dans le cas contraire, ces derniers s&rsquo;exposent \u00e0 un tonnerre de grondements. Certes, l&rsquo;affiche a perdu un [&hellip;]","og_url":"https:\/\/psgfans.fr\/?p=462","og_site_name":"PSG FANS","article_published_time":"2014-09-21T16:01:00+00:00","og_image":[{"url":"https:\/\/blogger.googleusercontent.com\/img\/b\/R29vZ2xl\/AVvXsEihldk7rsrfxfuDwoj-R0ZlVNJjs7YsQwl_xtM-sL8hm5CGx8zZk_4YyfA9d_kgYDKIWq-aaCSe1ENruO_pLkGR4se6iPiwd1P_MxTwn7Oh_xhlNsdHTKDXiszKusuwUdn4HmiN_u_poJw\/s1600\/&amp;&amp;.jpg","type":"","width":"","height":""}],"author":"psgfans","twitter_card":"summary_large_image","twitter_misc":{"\u00c9crit par":"psgfans","Dur\u00e9e de lecture estim\u00e9e":"2 minutes"},"schema":{"@context":"https:\/\/schema.org","@graph":[{"@type":"Article","@id":"https:\/\/psgfans.fr\/?p=462#article","isPartOf":{"@id":"https:\/\/psgfans.fr\/?p=462"},"author":{"name":"psgfans","@id":"https:\/\/psgfans.fr\/#\/schema\/person\/be2237e7a0237af2f29cb344b3c55e6c"},"headline":"PSG-Lyon : il est urgent de lever les doutes","datePublished":"2014-09-21T16:01:00+00:00","mainEntityOfPage":{"@id":"https:\/\/psgfans.fr\/?p=462"},"wordCount":487,"commentCount":0,"image":{"@id":"https:\/\/psgfans.fr\/?p=462#primaryimage"},"thumbnailUrl":"https:\/\/blogger.googleusercontent.com\/img\/b\/R29vZ2xl\/AVvXsEihldk7rsrfxfuDwoj-R0ZlVNJjs7YsQwl_xtM-sL8hm5CGx8zZk_4YyfA9d_kgYDKIWq-aaCSe1ENruO_pLkGR4se6iPiwd1P_MxTwn7Oh_xhlNsdHTKDXiszKusuwUdn4HmiN_u_poJw\/s1600\/&amp;&amp;.jpg","articleSection":["News"],"inLanguage":"fr-FR","potentialAction":[{"@type":"CommentAction","name":"Comment","target":["https:\/\/psgfans.fr\/?p=462#respond"]}]},{"@type":"WebPage","@id":"https:\/\/psgfans.fr\/?p=462","url":"https:\/\/psgfans.fr\/?p=462","name":"PSG-Lyon : il est urgent de lever les doutes - PSG FANS","isPartOf":{"@id":"https:\/\/psgfans.fr\/#website"},"primaryImageOfPage":{"@id":"https:\/\/psgfans.fr\/?p=462#primaryimage"},"image":{"@id":"https:\/\/psgfans.fr\/?p=462#primaryimage"},"thumbnailUrl":"https:\/\/blogger.googleusercontent.com\/img\/b\/R29vZ2xl\/AVvXsEihldk7rsrfxfuDwoj-R0ZlVNJjs7YsQwl_xtM-sL8hm5CGx8zZk_4YyfA9d_kgYDKIWq-aaCSe1ENruO_pLkGR4se6iPiwd1P_MxTwn7Oh_xhlNsdHTKDXiszKusuwUdn4HmiN_u_poJw\/s1600\/&amp;&amp;.jpg","datePublished":"2014-09-21T16:01:00+00:00","author":{"@id":"https:\/\/psgfans.fr\/#\/schema\/person\/be2237e7a0237af2f29cb344b3c55e6c"},"breadcrumb":{"@id":"https:\/\/psgfans.fr\/?p=462#breadcrumb"},"inLanguage":"fr-FR","potentialAction":[{"@type":"ReadAction","target":["https:\/\/psgfans.fr\/?p=462"]}]},{"@type":"ImageObject","inLanguage":"fr-FR","@id":"https:\/\/psgfans.fr\/?p=462#primaryimage","url":"https:\/\/blogger.googleusercontent.com\/img\/b\/R29vZ2xl\/AVvXsEihldk7rsrfxfuDwoj-R0ZlVNJjs7YsQwl_xtM-sL8hm5CGx8zZk_4YyfA9d_kgYDKIWq-aaCSe1ENruO_pLkGR4se6iPiwd1P_MxTwn7Oh_xhlNsdHTKDXiszKusuwUdn4HmiN_u_poJw\/s1600\/&amp;&amp;.jpg","contentUrl":"https:\/\/blogger.googleusercontent.com\/img\/b\/R29vZ2xl\/AVvXsEihldk7rsrfxfuDwoj-R0ZlVNJjs7YsQwl_xtM-sL8hm5CGx8zZk_4YyfA9d_kgYDKIWq-aaCSe1ENruO_pLkGR4se6iPiwd1P_MxTwn7Oh_xhlNsdHTKDXiszKusuwUdn4HmiN_u_poJw\/s1600\/&amp;&amp;.jpg"},{"@type":"BreadcrumbList","@id":"https:\/\/psgfans.fr\/?p=462#breadcrumb","itemListElement":[{"@type":"ListItem","position":1,"name":"Accueil","item":"https:\/\/psgfans.fr\/"},{"@type":"ListItem","position":2,"name":"PSG-Lyon : il est urgent de lever les doutes"}]},{"@type":"WebSite","@id":"https:\/\/psgfans.fr\/#website","url":"https:\/\/psgfans.fr\/","name":"PSG FANS","description":"Unit\u00e9, Passion, Victoire : Au C\u0153ur du Paris Saint-Germain!","potentialAction":[{"@type":"SearchAction","target":{"@type":"EntryPoint","urlTemplate":"https:\/\/psgfans.fr\/?s={search_term_string}"},"query-input":{"@type":"PropertyValueSpecification","valueRequired":true,"valueName":"search_term_string"}}],"inLanguage":"fr-FR"},{"@type":"Person","@id":"https:\/\/psgfans.fr\/#\/schema\/person\/be2237e7a0237af2f29cb344b3c55e6c","name":"psgfans","image":{"@type":"ImageObject","inLanguage":"fr-FR","@id":"https:\/\/secure.gravatar.com\/avatar\/?s=96&d=mm&r=g","url":"https:\/\/secure.gravatar.com\/avatar\/?s=96&d=mm&r=g","contentUrl":"https:\/\/secure.gravatar.com\/avatar\/?s=96&d=mm&r=g","caption":"psgfans"},"url":"https:\/\/psgfans.fr\/?author=2"}]}},"_links":{"self":[{"href":"https:\/\/psgfans.fr\/index.php?rest_route=\/wp\/v2\/posts\/462","targetHints":{"allow":["GET"]}}],"collection":[{"href":"https:\/\/psgfans.fr\/index.php?rest_route=\/wp\/v2\/posts"}],"about":[{"href":"https:\/\/psgfans.fr\/index.php?rest_route=\/wp\/v2\/types\/post"}],"author":[{"embeddable":true,"href":"https:\/\/psgfans.fr\/index.php?rest_route=\/wp\/v2\/users\/2"}],"replies":[{"embeddable":true,"href":"https:\/\/psgfans.fr\/index.php?rest_route=%2Fwp%2Fv2%2Fcomments&post=462"}],"version-history":[{"count":0,"href":"https:\/\/psgfans.fr\/index.php?rest_route=\/wp\/v2\/posts\/462\/revisions"}],"wp:attachment":[{"href":"https:\/\/psgfans.fr\/index.php?rest_route=%2Fwp%2Fv2%2Fmedia&parent=462"}],"wp:term":[{"taxonomy":"category","embeddable":true,"href":"https:\/\/psgfans.fr\/index.php?rest_route=%2Fwp%2Fv2%2Fcategories&post=462"},{"taxonomy":"post_tag","embeddable":true,"href":"https:\/\/psgfans.fr\/index.php?rest_route=%2Fwp%2Fv2%2Ftags&post=462"}],"curies":[{"name":"wp","href":"https:\/\/api.w.org\/{rel}","templated":true}]}}