{"id":461,"date":"2014-09-21T17:03:00","date_gmt":"2014-09-21T16:03:00","guid":{"rendered":"https:\/\/psgfans.fr\/?p=461"},"modified":"2014-09-21T17:03:00","modified_gmt":"2014-09-21T16:03:00","slug":"lucas-moura-cest-inadmissible","status":"publish","type":"post","link":"https:\/\/psgfans.fr\/?p=461","title":{"rendered":"\u00abLucas Moura ? C\u2019est inadmissible !\u00bb"},"content":{"rendered":"<div style=\"clear: both; text-align: center;\"><a href=\"https:\/\/blogger.googleusercontent.com\/img\/b\/R29vZ2xl\/AVvXsEgfuQWAtk7yd0tZgto82hg22b-7lJ3vOUY126gX5C8g2y3c6vNAc5xDwQGXmSZqs0CRhyphenhyphenos6woMBQyiowoBF7xbqswTDSOHB0NMvzRTusfyFYK4HcFz9pCrpOdGZCRMJK6cpuRsa08LRnI\/s1600\/&amp;&amp;.jpg\" style=\"margin-left: 1em; margin-right: 1em;\"><img loading=\"lazy\" decoding=\"async\" border=\"0\" src=\"https:\/\/blogger.googleusercontent.com\/img\/b\/R29vZ2xl\/AVvXsEgfuQWAtk7yd0tZgto82hg22b-7lJ3vOUY126gX5C8g2y3c6vNAc5xDwQGXmSZqs0CRhyphenhyphenos6woMBQyiowoBF7xbqswTDSOHB0NMvzRTusfyFYK4HcFz9pCrpOdGZCRMJK6cpuRsa08LRnI\/s1600\/&amp;&amp;.jpg\" height=\"198\" width=\"400\" \/><\/a><\/div>\n<p>Alors que Lucas Moura ne parvient pas \u00e0 s\u2019imposer durablement au PSG, Arnaud Hermant, journaliste du Parisien, est revenu sur l\u2019\u00e9norme rat\u00e9 du Br\u00e9silien contre l\u2019Ajax Amsterdam.<\/p>\n<p>Si le talent de Lucas Moura ne souffre d\u2019aucune contestation, le Br\u00e9silien est r\u00e9guli\u00e8rement point\u00e9 du doigt par les nombreux observateurs en raison de son irr\u00e9gularit\u00e9. Ainsi, le Br\u00e9silien peine encore \u00e0 s\u2019imposer dans le onze de Laurent Blanc au Paris Saint-Germain. Mercredi encore, l\u2019attaquant parisien a manqu\u00e9 une \u00e9,orme occasion qui aurait alors permis au PSG de mener 2-0 contre l\u2019Ajax Amsterdam pour le compte du premier match des poules de la Ligue des Champions.<\/p>\n<p>\u00ab \u00c7A FAIT DEUX ANS QU\u2019IL EST L\u00c0\u2026 \u00bb<br \/>\u00ab Je suis d\u00e9\u00e7u par Lucas, c\u2019est un bon gamin, un mec qui est gentil, il assume ses responsabilit\u00e9 avec les supporters\u2026 Mais l\u00e0, \u00e7a fait deux ans qu\u2019il est l\u00e0, il faut qu\u2019il franchisse un cap. Mercredi, c\u2019est inadmissible, il doit marquer quand il arrive en face \u00e0 face face \u00e0 Cillessen! Il doit marquer ou au moins cadrer son tir. L\u00e0, la balle, elle n\u2019est m\u00eame pas \u00e0 c\u00f4t\u00e9 du poteau\u2026 Avec le PSG actuel en Ligue des champions, on ne doit pas rater ce genre d\u2019occasion. Il y a un minimum \u00bb, a confi\u00e9Arnaud Hermant, journaliste du Parisien, sur Radio France Bleu.<\/p>\n<p>\u00ab IL Y A UN MALAISE \u00c0 TOUS LES \u00c9TAGES \u00bb<br \/>\u00ab Laurent Blanc ? On me dit qu\u2019il y a un \u00e9loignement avec une partie du vestiaire. Il faut juste peut-\u00eatre que \u00e7a reparte au niveau des r\u00e9sultats. Il paie aussi le retour de nombreux mondialistes. Il faut des mois pour vraiment se remettre dedans. Mais j\u2019ai quand m\u00eame l\u2019impression que le staff a perdu le fil (\u2026) Il y a un malaise \u00e0 tous les \u00e9tages. Zlatan Ibrahimovic a eu une sortie assez rare, il a sorti que des choses n\u2019allaient pas. On connait le PSG, un mauvais r\u00e9sultat ce week-end et \u00e7a peut partir dans tous les sens \u00bb, a t-il ajout\u00e9.<\/p>\n<p>le10sport.com<\/p>\n","protected":false},"excerpt":{"rendered":"<p>Alors que Lucas Moura ne parvient pas \u00e0 s\u2019imposer durablement au PSG, Arnaud Hermant, journaliste du Parisien, est revenu sur l\u2019\u00e9norme rat\u00e9 du Br\u00e9silien contre l\u2019Ajax Amsterdam. Si le talent de Lucas Moura ne souffre d\u2019aucune contestation, le Br\u00e9silien est r\u00e9guli\u00e8rement point\u00e9 du doigt par les nombreux observateurs en raison de son irr\u00e9gularit\u00e9. Ainsi, le [&hellip;]<\/p>\n","protected":false},"author":2,"featured_media":0,"comment_status":"open","ping_status":"open","sticky":false,"template":"","format":"standard","meta":{"footnotes":""},"categories":[3],"tags":[],"class_list":{"0":"post-461","1":"post","2":"type-post","3":"status-publish","4":"format-standard","6":"category-news"},"yoast_head":"<!-- This site is optimized with the Yoast SEO plugin v27.4 - https:\/\/yoast.com\/product\/yoast-seo-wordpress\/ -->\n<title>\u00abLucas Moura ? C\u2019est inadmissible !\u00bb - PSG FANS<\/title>\n<meta name=\"robots\" content=\"index, follow, max-snippet:-1, max-image-preview:large, max-video-preview:-1\" \/>\n<link rel=\"canonical\" href=\"https:\/\/psgfans.fr\/?p=461\" \/>\n<meta property=\"og:locale\" content=\"fr_FR\" \/>\n<meta property=\"og:type\" content=\"article\" \/>\n<meta property=\"og:title\" content=\"\u00abLucas Moura ? C\u2019est inadmissible !\u00bb - PSG FANS\" \/>\n<meta property=\"og:description\" content=\"Alors que Lucas Moura ne parvient pas \u00e0 s\u2019imposer durablement au PSG, Arnaud Hermant, journaliste du Parisien, est revenu sur l\u2019\u00e9norme rat\u00e9 du Br\u00e9silien contre l\u2019Ajax Amsterdam. Si le talent de Lucas Moura ne souffre d\u2019aucune contestation, le Br\u00e9silien est r\u00e9guli\u00e8rement point\u00e9 du doigt par les nombreux observateurs en raison de son irr\u00e9gularit\u00e9. Ainsi, le [&hellip;]\" \/>\n<meta property=\"og:url\" content=\"https:\/\/psgfans.fr\/?p=461\" \/>\n<meta property=\"og:site_name\" content=\"PSG FANS\" \/>\n<meta property=\"article:published_time\" content=\"2014-09-21T16:03:00+00:00\" \/>\n<meta property=\"og:image\" content=\"https:\/\/blogger.googleusercontent.com\/img\/b\/R29vZ2xl\/AVvXsEgfuQWAtk7yd0tZgto82hg22b-7lJ3vOUY126gX5C8g2y3c6vNAc5xDwQGXmSZqs0CRhyphenhyphenos6woMBQyiowoBF7xbqswTDSOHB0NMvzRTusfyFYK4HcFz9pCrpOdGZCRMJK6cpuRsa08LRnI\/s1600\/&amp;&amp;.jpg\" \/>\n<meta name=\"author\" content=\"psgfans\" \/>\n<meta name=\"twitter:card\" content=\"summary_large_image\" \/>\n<meta name=\"twitter:label1\" content=\"\u00c9crit par\" \/>\n\t<meta name=\"twitter:data1\" content=\"psgfans\" \/>\n\t<meta name=\"twitter:label2\" content=\"Dur\u00e9e de lecture estim\u00e9e\" \/>\n\t<meta name=\"twitter:data2\" content=\"2 minutes\" \/>\n<script type=\"application\/ld+json\" class=\"yoast-schema-graph\">{\"@context\":\"https:\\\/\\\/schema.org\",\"@graph\":[{\"@type\":\"Article\",\"@id\":\"https:\\\/\\\/psgfans.fr\\\/?p=461#article\",\"isPartOf\":{\"@id\":\"https:\\\/\\\/psgfans.fr\\\/?p=461\"},\"author\":{\"name\":\"psgfans\",\"@id\":\"https:\\\/\\\/psgfans.fr\\\/#\\\/schema\\\/person\\\/be2237e7a0237af2f29cb344b3c55e6c\"},\"headline\":\"\u00abLucas Moura ? C\u2019est inadmissible !\u00bb\",\"datePublished\":\"2014-09-21T16:03:00+00:00\",\"mainEntityOfPage\":{\"@id\":\"https:\\\/\\\/psgfans.fr\\\/?p=461\"},\"wordCount\":355,\"commentCount\":0,\"image\":{\"@id\":\"https:\\\/\\\/psgfans.fr\\\/?p=461#primaryimage\"},\"thumbnailUrl\":\"https:\\\/\\\/blogger.googleusercontent.com\\\/img\\\/b\\\/R29vZ2xl\\\/AVvXsEgfuQWAtk7yd0tZgto82hg22b-7lJ3vOUY126gX5C8g2y3c6vNAc5xDwQGXmSZqs0CRhyphenhyphenos6woMBQyiowoBF7xbqswTDSOHB0NMvzRTusfyFYK4HcFz9pCrpOdGZCRMJK6cpuRsa08LRnI\\\/s1600\\\/&amp;&amp;.jpg\",\"articleSection\":[\"News\"],\"inLanguage\":\"fr-FR\",\"potentialAction\":[{\"@type\":\"CommentAction\",\"name\":\"Comment\",\"target\":[\"https:\\\/\\\/psgfans.fr\\\/?p=461#respond\"]}]},{\"@type\":\"WebPage\",\"@id\":\"https:\\\/\\\/psgfans.fr\\\/?p=461\",\"url\":\"https:\\\/\\\/psgfans.fr\\\/?p=461\",\"name\":\"\u00abLucas Moura ? C\u2019est inadmissible !\u00bb - PSG FANS\",\"isPartOf\":{\"@id\":\"https:\\\/\\\/psgfans.fr\\\/#website\"},\"primaryImageOfPage\":{\"@id\":\"https:\\\/\\\/psgfans.fr\\\/?p=461#primaryimage\"},\"image\":{\"@id\":\"https:\\\/\\\/psgfans.fr\\\/?p=461#primaryimage\"},\"thumbnailUrl\":\"https:\\\/\\\/blogger.googleusercontent.com\\\/img\\\/b\\\/R29vZ2xl\\\/AVvXsEgfuQWAtk7yd0tZgto82hg22b-7lJ3vOUY126gX5C8g2y3c6vNAc5xDwQGXmSZqs0CRhyphenhyphenos6woMBQyiowoBF7xbqswTDSOHB0NMvzRTusfyFYK4HcFz9pCrpOdGZCRMJK6cpuRsa08LRnI\\\/s1600\\\/&amp;&amp;.jpg\",\"datePublished\":\"2014-09-21T16:03:00+00:00\",\"author\":{\"@id\":\"https:\\\/\\\/psgfans.fr\\\/#\\\/schema\\\/person\\\/be2237e7a0237af2f29cb344b3c55e6c\"},\"breadcrumb\":{\"@id\":\"https:\\\/\\\/psgfans.fr\\\/?p=461#breadcrumb\"},\"inLanguage\":\"fr-FR\",\"potentialAction\":[{\"@type\":\"ReadAction\",\"target\":[\"https:\\\/\\\/psgfans.fr\\\/?p=461\"]}]},{\"@type\":\"ImageObject\",\"inLanguage\":\"fr-FR\",\"@id\":\"https:\\\/\\\/psgfans.fr\\\/?p=461#primaryimage\",\"url\":\"https:\\\/\\\/blogger.googleusercontent.com\\\/img\\\/b\\\/R29vZ2xl\\\/AVvXsEgfuQWAtk7yd0tZgto82hg22b-7lJ3vOUY126gX5C8g2y3c6vNAc5xDwQGXmSZqs0CRhyphenhyphenos6woMBQyiowoBF7xbqswTDSOHB0NMvzRTusfyFYK4HcFz9pCrpOdGZCRMJK6cpuRsa08LRnI\\\/s1600\\\/&amp;&amp;.jpg\",\"contentUrl\":\"https:\\\/\\\/blogger.googleusercontent.com\\\/img\\\/b\\\/R29vZ2xl\\\/AVvXsEgfuQWAtk7yd0tZgto82hg22b-7lJ3vOUY126gX5C8g2y3c6vNAc5xDwQGXmSZqs0CRhyphenhyphenos6woMBQyiowoBF7xbqswTDSOHB0NMvzRTusfyFYK4HcFz9pCrpOdGZCRMJK6cpuRsa08LRnI\\\/s1600\\\/&amp;&amp;.jpg\"},{\"@type\":\"BreadcrumbList\",\"@id\":\"https:\\\/\\\/psgfans.fr\\\/?p=461#breadcrumb\",\"itemListElement\":[{\"@type\":\"ListItem\",\"position\":1,\"name\":\"Accueil\",\"item\":\"https:\\\/\\\/psgfans.fr\\\/\"},{\"@type\":\"ListItem\",\"position\":2,\"name\":\"\u00abLucas Moura ? C\u2019est inadmissible !\u00bb\"}]},{\"@type\":\"WebSite\",\"@id\":\"https:\\\/\\\/psgfans.fr\\\/#website\",\"url\":\"https:\\\/\\\/psgfans.fr\\\/\",\"name\":\"PSG FANS\",\"description\":\"Unit\u00e9, Passion, Victoire : Au C\u0153ur du Paris Saint-Germain!\",\"potentialAction\":[{\"@type\":\"SearchAction\",\"target\":{\"@type\":\"EntryPoint\",\"urlTemplate\":\"https:\\\/\\\/psgfans.fr\\\/?s={search_term_string}\"},\"query-input\":{\"@type\":\"PropertyValueSpecification\",\"valueRequired\":true,\"valueName\":\"search_term_string\"}}],\"inLanguage\":\"fr-FR\"},{\"@type\":\"Person\",\"@id\":\"https:\\\/\\\/psgfans.fr\\\/#\\\/schema\\\/person\\\/be2237e7a0237af2f29cb344b3c55e6c\",\"name\":\"psgfans\",\"image\":{\"@type\":\"ImageObject\",\"inLanguage\":\"fr-FR\",\"@id\":\"https:\\\/\\\/secure.gravatar.com\\\/avatar\\\/?s=96&d=mm&r=g\",\"url\":\"https:\\\/\\\/secure.gravatar.com\\\/avatar\\\/?s=96&d=mm&r=g\",\"contentUrl\":\"https:\\\/\\\/secure.gravatar.com\\\/avatar\\\/?s=96&d=mm&r=g\",\"caption\":\"psgfans\"},\"url\":\"https:\\\/\\\/psgfans.fr\\\/?author=2\"}]}<\/script>\n<!-- \/ Yoast SEO plugin. -->","yoast_head_json":{"title":"\u00abLucas Moura ? C\u2019est inadmissible !\u00bb - PSG FANS","robots":{"index":"index","follow":"follow","max-snippet":"max-snippet:-1","max-image-preview":"max-image-preview:large","max-video-preview":"max-video-preview:-1"},"canonical":"https:\/\/psgfans.fr\/?p=461","og_locale":"fr_FR","og_type":"article","og_title":"\u00abLucas Moura ? C\u2019est inadmissible !\u00bb - PSG FANS","og_description":"Alors que Lucas Moura ne parvient pas \u00e0 s\u2019imposer durablement au PSG, Arnaud Hermant, journaliste du Parisien, est revenu sur l\u2019\u00e9norme rat\u00e9 du Br\u00e9silien contre l\u2019Ajax Amsterdam. Si le talent de Lucas Moura ne souffre d\u2019aucune contestation, le Br\u00e9silien est r\u00e9guli\u00e8rement point\u00e9 du doigt par les nombreux observateurs en raison de son irr\u00e9gularit\u00e9. Ainsi, le [&hellip;]","og_url":"https:\/\/psgfans.fr\/?p=461","og_site_name":"PSG FANS","article_published_time":"2014-09-21T16:03:00+00:00","og_image":[{"url":"https:\/\/blogger.googleusercontent.com\/img\/b\/R29vZ2xl\/AVvXsEgfuQWAtk7yd0tZgto82hg22b-7lJ3vOUY126gX5C8g2y3c6vNAc5xDwQGXmSZqs0CRhyphenhyphenos6woMBQyiowoBF7xbqswTDSOHB0NMvzRTusfyFYK4HcFz9pCrpOdGZCRMJK6cpuRsa08LRnI\/s1600\/&amp;&amp;.jpg","type":"","width":"","height":""}],"author":"psgfans","twitter_card":"summary_large_image","twitter_misc":{"\u00c9crit par":"psgfans","Dur\u00e9e de lecture estim\u00e9e":"2 minutes"},"schema":{"@context":"https:\/\/schema.org","@graph":[{"@type":"Article","@id":"https:\/\/psgfans.fr\/?p=461#article","isPartOf":{"@id":"https:\/\/psgfans.fr\/?p=461"},"author":{"name":"psgfans","@id":"https:\/\/psgfans.fr\/#\/schema\/person\/be2237e7a0237af2f29cb344b3c55e6c"},"headline":"\u00abLucas Moura ? C\u2019est inadmissible !\u00bb","datePublished":"2014-09-21T16:03:00+00:00","mainEntityOfPage":{"@id":"https:\/\/psgfans.fr\/?p=461"},"wordCount":355,"commentCount":0,"image":{"@id":"https:\/\/psgfans.fr\/?p=461#primaryimage"},"thumbnailUrl":"https:\/\/blogger.googleusercontent.com\/img\/b\/R29vZ2xl\/AVvXsEgfuQWAtk7yd0tZgto82hg22b-7lJ3vOUY126gX5C8g2y3c6vNAc5xDwQGXmSZqs0CRhyphenhyphenos6woMBQyiowoBF7xbqswTDSOHB0NMvzRTusfyFYK4HcFz9pCrpOdGZCRMJK6cpuRsa08LRnI\/s1600\/&amp;&amp;.jpg","articleSection":["News"],"inLanguage":"fr-FR","potentialAction":[{"@type":"CommentAction","name":"Comment","target":["https:\/\/psgfans.fr\/?p=461#respond"]}]},{"@type":"WebPage","@id":"https:\/\/psgfans.fr\/?p=461","url":"https:\/\/psgfans.fr\/?p=461","name":"\u00abLucas Moura ? C\u2019est inadmissible !\u00bb - PSG FANS","isPartOf":{"@id":"https:\/\/psgfans.fr\/#website"},"primaryImageOfPage":{"@id":"https:\/\/psgfans.fr\/?p=461#primaryimage"},"image":{"@id":"https:\/\/psgfans.fr\/?p=461#primaryimage"},"thumbnailUrl":"https:\/\/blogger.googleusercontent.com\/img\/b\/R29vZ2xl\/AVvXsEgfuQWAtk7yd0tZgto82hg22b-7lJ3vOUY126gX5C8g2y3c6vNAc5xDwQGXmSZqs0CRhyphenhyphenos6woMBQyiowoBF7xbqswTDSOHB0NMvzRTusfyFYK4HcFz9pCrpOdGZCRMJK6cpuRsa08LRnI\/s1600\/&amp;&amp;.jpg","datePublished":"2014-09-21T16:03:00+00:00","author":{"@id":"https:\/\/psgfans.fr\/#\/schema\/person\/be2237e7a0237af2f29cb344b3c55e6c"},"breadcrumb":{"@id":"https:\/\/psgfans.fr\/?p=461#breadcrumb"},"inLanguage":"fr-FR","potentialAction":[{"@type":"ReadAction","target":["https:\/\/psgfans.fr\/?p=461"]}]},{"@type":"ImageObject","inLanguage":"fr-FR","@id":"https:\/\/psgfans.fr\/?p=461#primaryimage","url":"https:\/\/blogger.googleusercontent.com\/img\/b\/R29vZ2xl\/AVvXsEgfuQWAtk7yd0tZgto82hg22b-7lJ3vOUY126gX5C8g2y3c6vNAc5xDwQGXmSZqs0CRhyphenhyphenos6woMBQyiowoBF7xbqswTDSOHB0NMvzRTusfyFYK4HcFz9pCrpOdGZCRMJK6cpuRsa08LRnI\/s1600\/&amp;&amp;.jpg","contentUrl":"https:\/\/blogger.googleusercontent.com\/img\/b\/R29vZ2xl\/AVvXsEgfuQWAtk7yd0tZgto82hg22b-7lJ3vOUY126gX5C8g2y3c6vNAc5xDwQGXmSZqs0CRhyphenhyphenos6woMBQyiowoBF7xbqswTDSOHB0NMvzRTusfyFYK4HcFz9pCrpOdGZCRMJK6cpuRsa08LRnI\/s1600\/&amp;&amp;.jpg"},{"@type":"BreadcrumbList","@id":"https:\/\/psgfans.fr\/?p=461#breadcrumb","itemListElement":[{"@type":"ListItem","position":1,"name":"Accueil","item":"https:\/\/psgfans.fr\/"},{"@type":"ListItem","position":2,"name":"\u00abLucas Moura ? C\u2019est inadmissible !\u00bb"}]},{"@type":"WebSite","@id":"https:\/\/psgfans.fr\/#website","url":"https:\/\/psgfans.fr\/","name":"PSG FANS","description":"Unit\u00e9, Passion, Victoire : Au C\u0153ur du Paris Saint-Germain!","potentialAction":[{"@type":"SearchAction","target":{"@type":"EntryPoint","urlTemplate":"https:\/\/psgfans.fr\/?s={search_term_string}"},"query-input":{"@type":"PropertyValueSpecification","valueRequired":true,"valueName":"search_term_string"}}],"inLanguage":"fr-FR"},{"@type":"Person","@id":"https:\/\/psgfans.fr\/#\/schema\/person\/be2237e7a0237af2f29cb344b3c55e6c","name":"psgfans","image":{"@type":"ImageObject","inLanguage":"fr-FR","@id":"https:\/\/secure.gravatar.com\/avatar\/?s=96&d=mm&r=g","url":"https:\/\/secure.gravatar.com\/avatar\/?s=96&d=mm&r=g","contentUrl":"https:\/\/secure.gravatar.com\/avatar\/?s=96&d=mm&r=g","caption":"psgfans"},"url":"https:\/\/psgfans.fr\/?author=2"}]}},"_links":{"self":[{"href":"https:\/\/psgfans.fr\/index.php?rest_route=\/wp\/v2\/posts\/461","targetHints":{"allow":["GET"]}}],"collection":[{"href":"https:\/\/psgfans.fr\/index.php?rest_route=\/wp\/v2\/posts"}],"about":[{"href":"https:\/\/psgfans.fr\/index.php?rest_route=\/wp\/v2\/types\/post"}],"author":[{"embeddable":true,"href":"https:\/\/psgfans.fr\/index.php?rest_route=\/wp\/v2\/users\/2"}],"replies":[{"embeddable":true,"href":"https:\/\/psgfans.fr\/index.php?rest_route=%2Fwp%2Fv2%2Fcomments&post=461"}],"version-history":[{"count":0,"href":"https:\/\/psgfans.fr\/index.php?rest_route=\/wp\/v2\/posts\/461\/revisions"}],"wp:attachment":[{"href":"https:\/\/psgfans.fr\/index.php?rest_route=%2Fwp%2Fv2%2Fmedia&parent=461"}],"wp:term":[{"taxonomy":"category","embeddable":true,"href":"https:\/\/psgfans.fr\/index.php?rest_route=%2Fwp%2Fv2%2Fcategories&post=461"},{"taxonomy":"post_tag","embeddable":true,"href":"https:\/\/psgfans.fr\/index.php?rest_route=%2Fwp%2Fv2%2Ftags&post=461"}],"curies":[{"name":"wp","href":"https:\/\/api.w.org\/{rel}","templated":true}]}}