{"id":459,"date":"2014-09-21T17:08:00","date_gmt":"2014-09-21T16:08:00","guid":{"rendered":"https:\/\/psgfans.fr\/?p=459"},"modified":"2014-09-21T17:08:00","modified_gmt":"2014-09-21T16:08:00","slug":"fernandez-le-psg-arretons-de-dire-que-cest-lentraineur","status":"publish","type":"post","link":"https:\/\/psgfans.fr\/?p=459","title":{"rendered":"Fernandez : \u00ab Le PSG ? Arr\u00eatons de dire que c\u2019est l\u2019entra\u00eeneur ! \u00bb"},"content":{"rendered":"<div style=\"clear: both; text-align: center;\"><a href=\"https:\/\/blogger.googleusercontent.com\/img\/b\/R29vZ2xl\/AVvXsEjQLtwN1NqIC940AOCJmDPMMdgHDxTTFHKxVqzJ6UOgxR8fwMt2Z76mC8Pq5HEAtod79S3jSt9CJ7BqTpbR763LsLHlyBzzps3Nr8f-VyLAXv8ImV_fyRi5JbE3bacAMtsLt6nrbjGgqxw\/s1600\/&amp;&amp;.jpg\" style=\"margin-left: 1em; margin-right: 1em;\"><img loading=\"lazy\" decoding=\"async\" border=\"0\" src=\"https:\/\/blogger.googleusercontent.com\/img\/b\/R29vZ2xl\/AVvXsEjQLtwN1NqIC940AOCJmDPMMdgHDxTTFHKxVqzJ6UOgxR8fwMt2Z76mC8Pq5HEAtod79S3jSt9CJ7BqTpbR763LsLHlyBzzps3Nr8f-VyLAXv8ImV_fyRi5JbE3bacAMtsLt6nrbjGgqxw\/s1600\/&amp;&amp;.jpg\" height=\"225\" width=\"400\" \/><\/a><\/div>\n<p>Tenu en \u00e9chec \u00e0 Rennes (1-1) et \u00e0 Amsterdam (1-1) lors de ses deux derniers matchs, le PSG n\u2019aborde pas la r\u00e9ception de Lyon, ce dimanche (21h), avec le plein de confiance. Mais pour Luis Fernandez, les critiques \u00e0 l\u2019encontre de Laurent Blanc ne sont pas recevables, car le probl\u00e8me parisien est ailleurs.<\/p>\n<p>En Ligue 1 ou en Ligue des champions, le PSG n\u2019a toujours pas gagn\u00e9 en quatre matches \u00e0 l\u2019ext\u00e9rieur cette saison. Forc\u00e9ment emb\u00eatant pour un club cens\u00e9 dominer de la t\u00eate et des \u00e9paules son championnat et qui est un candidat cr\u00e9dible \u00e0 la victoire en C1. Les premi\u00e8res critiques \u00e0 l\u2019encontre de Laurent Blanc, qui conserve son syst\u00e8me en 4-3-3 malgr\u00e9 tout, commencent m\u00eame \u00e0 na\u00eetre. Mais Luis Fernandez pense que le probl\u00e8me est ailleurs. \u00ab L\u2019ann\u00e9e derni\u00e8re, quand Blanc est arriv\u00e9 et qu\u2019il a mis en place son syst\u00e8me, son jeu, tout le monde \u00e9tait unanime, rappelle le membre de la Dream Team RMC Sport. Il y avait une \u00e9quipe assez plaisante dans la possession, la r\u00e9cup\u00e9ration, le jeu, et assez efficace dans l\u2019ensemble car ils ont quand m\u00eame r\u00e9ussi \u00e0 marquer toute une saison.<\/p>\n<p>Cette saison, il y a un probl\u00e8me. C\u2019est un probl\u00e8me physique, pas un probl\u00e8me d\u2019hommes ! La saison derni\u00e8re, ils ont fait une tr\u00e8s bonne pr\u00e9paration, avec tout le monde au d\u00e9but, il n\u2019y avait pas d\u2019absents, les recrues \u00e9taient l\u00e0. Il faut une bonne pr\u00e9paration pour bien aborder les \u00e9ch\u00e9ances de la saison. Cette ann\u00e9e, il y a eu la Coupe du monde, donc pas mal d\u2019\u00e9l\u00e9ments sont arriv\u00e9s avec du retard, n\u2019ont pas eu la m\u00eame pr\u00e9paration. Et en ce moment, le PSG se cherche dans ce secteur-l\u00e0. Je le r\u00e9p\u00e8te, c\u2019est le physique ! Quand tu vois le PSG \u00eatre domin\u00e9, reculer et refusant le jeu en deuxi\u00e8me mi-temps contre l\u2019Ajax, c\u2019est parce qu\u2019ils n\u2019ont pas la force sur le plan physique. Du c\u00f4t\u00e9 de l\u2019Ajax, il ne devait pas y en avoir beaucoup \u00e0 la Coupe du monde. Vous voulez quoi ? Que cette \u00e9quipe soit comme la saison derni\u00e8re ? \u00bb<\/p>\n<p>\u00ab Quand tu n\u2019as pas les forces pour r\u00e9agir\u2026 \u00bb<\/p>\n<p>\u00ab Laurent Blanc et les joueurs ont leur part de responsabilit\u00e9, je ne suis pas en train de faire une fixation, ajoute Luis Fernandez. Mais \u00e7a m\u2019insupporte qu\u2019on fasse une fixation sur un homme ! Peut-\u00eatre qu\u2019il aurait d\u00fb changer quelque chose, donc il a peut-\u00eatre sa part de responsabilit\u00e9, mais quand tu n\u2019as pas les forces pour r\u00e9agir sur le terrain\u2026 Pour l\u2019instant il y a du retard, mais arr\u00eatons de dire que c\u2019est l\u2019entra\u00eeneur ! Ce sont les joueurs aussi, tout le monde ! Dans notre championnat, il n\u2019y a pas d\u2019opposition. Tu n\u2019as pas l\u2019opposition qu\u2019ont les Italiens, les Anglais, les Allemands, les Espagnols. En janvier ou f\u00e9vrier, les autres seront \u00e0 100%. Et le PSG, en ayant jou\u00e9 un championnat qui n\u2019est pas le meilleur au monde, aura les pires difficult\u00e9s sur le plan physique. \u00bb<\/p>\n<p>rmcsport.bfmtv<\/p>\n","protected":false},"excerpt":{"rendered":"<p>Tenu en \u00e9chec \u00e0 Rennes (1-1) et \u00e0 Amsterdam (1-1) lors de ses deux derniers matchs, le PSG n\u2019aborde pas la r\u00e9ception de Lyon, ce dimanche (21h), avec le plein de confiance. Mais pour Luis Fernandez, les critiques \u00e0 l\u2019encontre de Laurent Blanc ne sont pas recevables, car le probl\u00e8me parisien est ailleurs. En Ligue [&hellip;]<\/p>\n","protected":false},"author":2,"featured_media":0,"comment_status":"open","ping_status":"open","sticky":false,"template":"","format":"standard","meta":{"footnotes":""},"categories":[3],"tags":[],"class_list":{"0":"post-459","1":"post","2":"type-post","3":"status-publish","4":"format-standard","6":"category-news"},"yoast_head":"<!-- This site is optimized with the Yoast SEO plugin v27.4 - https:\/\/yoast.com\/product\/yoast-seo-wordpress\/ -->\n<title>Fernandez : \u00ab Le PSG ? Arr\u00eatons de dire que c\u2019est l\u2019entra\u00eeneur ! \u00bb - PSG FANS<\/title>\n<meta name=\"robots\" content=\"index, follow, max-snippet:-1, max-image-preview:large, max-video-preview:-1\" \/>\n<link rel=\"canonical\" href=\"https:\/\/psgfans.fr\/?p=459\" \/>\n<meta property=\"og:locale\" content=\"fr_FR\" \/>\n<meta property=\"og:type\" content=\"article\" \/>\n<meta property=\"og:title\" content=\"Fernandez : \u00ab Le PSG ? Arr\u00eatons de dire que c\u2019est l\u2019entra\u00eeneur ! \u00bb - PSG FANS\" \/>\n<meta property=\"og:description\" content=\"Tenu en \u00e9chec \u00e0 Rennes (1-1) et \u00e0 Amsterdam (1-1) lors de ses deux derniers matchs, le PSG n\u2019aborde pas la r\u00e9ception de Lyon, ce dimanche (21h), avec le plein de confiance. Mais pour Luis Fernandez, les critiques \u00e0 l\u2019encontre de Laurent Blanc ne sont pas recevables, car le probl\u00e8me parisien est ailleurs. En Ligue [&hellip;]\" \/>\n<meta property=\"og:url\" content=\"https:\/\/psgfans.fr\/?p=459\" \/>\n<meta property=\"og:site_name\" content=\"PSG FANS\" \/>\n<meta property=\"article:published_time\" content=\"2014-09-21T16:08:00+00:00\" \/>\n<meta property=\"og:image\" content=\"https:\/\/blogger.googleusercontent.com\/img\/b\/R29vZ2xl\/AVvXsEjQLtwN1NqIC940AOCJmDPMMdgHDxTTFHKxVqzJ6UOgxR8fwMt2Z76mC8Pq5HEAtod79S3jSt9CJ7BqTpbR763LsLHlyBzzps3Nr8f-VyLAXv8ImV_fyRi5JbE3bacAMtsLt6nrbjGgqxw\/s1600\/&amp;&amp;.jpg\" \/>\n<meta name=\"author\" content=\"psgfans\" \/>\n<meta name=\"twitter:card\" content=\"summary_large_image\" \/>\n<meta name=\"twitter:label1\" content=\"\u00c9crit par\" \/>\n\t<meta name=\"twitter:data1\" content=\"psgfans\" \/>\n\t<meta name=\"twitter:label2\" content=\"Dur\u00e9e de lecture estim\u00e9e\" \/>\n\t<meta name=\"twitter:data2\" content=\"3 minutes\" \/>\n<script type=\"application\/ld+json\" class=\"yoast-schema-graph\">{\"@context\":\"https:\\\/\\\/schema.org\",\"@graph\":[{\"@type\":\"Article\",\"@id\":\"https:\\\/\\\/psgfans.fr\\\/?p=459#article\",\"isPartOf\":{\"@id\":\"https:\\\/\\\/psgfans.fr\\\/?p=459\"},\"author\":{\"name\":\"psgfans\",\"@id\":\"https:\\\/\\\/psgfans.fr\\\/#\\\/schema\\\/person\\\/be2237e7a0237af2f29cb344b3c55e6c\"},\"headline\":\"Fernandez : \u00ab Le PSG ? Arr\u00eatons de dire que c\u2019est l\u2019entra\u00eeneur ! \u00bb\",\"datePublished\":\"2014-09-21T16:08:00+00:00\",\"mainEntityOfPage\":{\"@id\":\"https:\\\/\\\/psgfans.fr\\\/?p=459\"},\"wordCount\":567,\"commentCount\":0,\"image\":{\"@id\":\"https:\\\/\\\/psgfans.fr\\\/?p=459#primaryimage\"},\"thumbnailUrl\":\"https:\\\/\\\/blogger.googleusercontent.com\\\/img\\\/b\\\/R29vZ2xl\\\/AVvXsEjQLtwN1NqIC940AOCJmDPMMdgHDxTTFHKxVqzJ6UOgxR8fwMt2Z76mC8Pq5HEAtod79S3jSt9CJ7BqTpbR763LsLHlyBzzps3Nr8f-VyLAXv8ImV_fyRi5JbE3bacAMtsLt6nrbjGgqxw\\\/s1600\\\/&amp;&amp;.jpg\",\"articleSection\":[\"News\"],\"inLanguage\":\"fr-FR\",\"potentialAction\":[{\"@type\":\"CommentAction\",\"name\":\"Comment\",\"target\":[\"https:\\\/\\\/psgfans.fr\\\/?p=459#respond\"]}]},{\"@type\":\"WebPage\",\"@id\":\"https:\\\/\\\/psgfans.fr\\\/?p=459\",\"url\":\"https:\\\/\\\/psgfans.fr\\\/?p=459\",\"name\":\"Fernandez : \u00ab Le PSG ? Arr\u00eatons de dire que c\u2019est l\u2019entra\u00eeneur ! \u00bb - PSG FANS\",\"isPartOf\":{\"@id\":\"https:\\\/\\\/psgfans.fr\\\/#website\"},\"primaryImageOfPage\":{\"@id\":\"https:\\\/\\\/psgfans.fr\\\/?p=459#primaryimage\"},\"image\":{\"@id\":\"https:\\\/\\\/psgfans.fr\\\/?p=459#primaryimage\"},\"thumbnailUrl\":\"https:\\\/\\\/blogger.googleusercontent.com\\\/img\\\/b\\\/R29vZ2xl\\\/AVvXsEjQLtwN1NqIC940AOCJmDPMMdgHDxTTFHKxVqzJ6UOgxR8fwMt2Z76mC8Pq5HEAtod79S3jSt9CJ7BqTpbR763LsLHlyBzzps3Nr8f-VyLAXv8ImV_fyRi5JbE3bacAMtsLt6nrbjGgqxw\\\/s1600\\\/&amp;&amp;.jpg\",\"datePublished\":\"2014-09-21T16:08:00+00:00\",\"author\":{\"@id\":\"https:\\\/\\\/psgfans.fr\\\/#\\\/schema\\\/person\\\/be2237e7a0237af2f29cb344b3c55e6c\"},\"breadcrumb\":{\"@id\":\"https:\\\/\\\/psgfans.fr\\\/?p=459#breadcrumb\"},\"inLanguage\":\"fr-FR\",\"potentialAction\":[{\"@type\":\"ReadAction\",\"target\":[\"https:\\\/\\\/psgfans.fr\\\/?p=459\"]}]},{\"@type\":\"ImageObject\",\"inLanguage\":\"fr-FR\",\"@id\":\"https:\\\/\\\/psgfans.fr\\\/?p=459#primaryimage\",\"url\":\"https:\\\/\\\/blogger.googleusercontent.com\\\/img\\\/b\\\/R29vZ2xl\\\/AVvXsEjQLtwN1NqIC940AOCJmDPMMdgHDxTTFHKxVqzJ6UOgxR8fwMt2Z76mC8Pq5HEAtod79S3jSt9CJ7BqTpbR763LsLHlyBzzps3Nr8f-VyLAXv8ImV_fyRi5JbE3bacAMtsLt6nrbjGgqxw\\\/s1600\\\/&amp;&amp;.jpg\",\"contentUrl\":\"https:\\\/\\\/blogger.googleusercontent.com\\\/img\\\/b\\\/R29vZ2xl\\\/AVvXsEjQLtwN1NqIC940AOCJmDPMMdgHDxTTFHKxVqzJ6UOgxR8fwMt2Z76mC8Pq5HEAtod79S3jSt9CJ7BqTpbR763LsLHlyBzzps3Nr8f-VyLAXv8ImV_fyRi5JbE3bacAMtsLt6nrbjGgqxw\\\/s1600\\\/&amp;&amp;.jpg\"},{\"@type\":\"BreadcrumbList\",\"@id\":\"https:\\\/\\\/psgfans.fr\\\/?p=459#breadcrumb\",\"itemListElement\":[{\"@type\":\"ListItem\",\"position\":1,\"name\":\"Accueil\",\"item\":\"https:\\\/\\\/psgfans.fr\\\/\"},{\"@type\":\"ListItem\",\"position\":2,\"name\":\"Fernandez : \u00ab Le PSG ? Arr\u00eatons de dire que c\u2019est l\u2019entra\u00eeneur ! \u00bb\"}]},{\"@type\":\"WebSite\",\"@id\":\"https:\\\/\\\/psgfans.fr\\\/#website\",\"url\":\"https:\\\/\\\/psgfans.fr\\\/\",\"name\":\"PSG FANS\",\"description\":\"Unit\u00e9, Passion, Victoire : Au C\u0153ur du Paris Saint-Germain!\",\"potentialAction\":[{\"@type\":\"SearchAction\",\"target\":{\"@type\":\"EntryPoint\",\"urlTemplate\":\"https:\\\/\\\/psgfans.fr\\\/?s={search_term_string}\"},\"query-input\":{\"@type\":\"PropertyValueSpecification\",\"valueRequired\":true,\"valueName\":\"search_term_string\"}}],\"inLanguage\":\"fr-FR\"},{\"@type\":\"Person\",\"@id\":\"https:\\\/\\\/psgfans.fr\\\/#\\\/schema\\\/person\\\/be2237e7a0237af2f29cb344b3c55e6c\",\"name\":\"psgfans\",\"image\":{\"@type\":\"ImageObject\",\"inLanguage\":\"fr-FR\",\"@id\":\"https:\\\/\\\/secure.gravatar.com\\\/avatar\\\/?s=96&d=mm&r=g\",\"url\":\"https:\\\/\\\/secure.gravatar.com\\\/avatar\\\/?s=96&d=mm&r=g\",\"contentUrl\":\"https:\\\/\\\/secure.gravatar.com\\\/avatar\\\/?s=96&d=mm&r=g\",\"caption\":\"psgfans\"},\"url\":\"https:\\\/\\\/psgfans.fr\\\/?author=2\"}]}<\/script>\n<!-- \/ Yoast SEO plugin. -->","yoast_head_json":{"title":"Fernandez : \u00ab Le PSG ? Arr\u00eatons de dire que c\u2019est l\u2019entra\u00eeneur ! \u00bb - PSG FANS","robots":{"index":"index","follow":"follow","max-snippet":"max-snippet:-1","max-image-preview":"max-image-preview:large","max-video-preview":"max-video-preview:-1"},"canonical":"https:\/\/psgfans.fr\/?p=459","og_locale":"fr_FR","og_type":"article","og_title":"Fernandez : \u00ab Le PSG ? Arr\u00eatons de dire que c\u2019est l\u2019entra\u00eeneur ! \u00bb - PSG FANS","og_description":"Tenu en \u00e9chec \u00e0 Rennes (1-1) et \u00e0 Amsterdam (1-1) lors de ses deux derniers matchs, le PSG n\u2019aborde pas la r\u00e9ception de Lyon, ce dimanche (21h), avec le plein de confiance. Mais pour Luis Fernandez, les critiques \u00e0 l\u2019encontre de Laurent Blanc ne sont pas recevables, car le probl\u00e8me parisien est ailleurs. En Ligue [&hellip;]","og_url":"https:\/\/psgfans.fr\/?p=459","og_site_name":"PSG FANS","article_published_time":"2014-09-21T16:08:00+00:00","og_image":[{"url":"https:\/\/blogger.googleusercontent.com\/img\/b\/R29vZ2xl\/AVvXsEjQLtwN1NqIC940AOCJmDPMMdgHDxTTFHKxVqzJ6UOgxR8fwMt2Z76mC8Pq5HEAtod79S3jSt9CJ7BqTpbR763LsLHlyBzzps3Nr8f-VyLAXv8ImV_fyRi5JbE3bacAMtsLt6nrbjGgqxw\/s1600\/&amp;&amp;.jpg","type":"","width":"","height":""}],"author":"psgfans","twitter_card":"summary_large_image","twitter_misc":{"\u00c9crit par":"psgfans","Dur\u00e9e de lecture estim\u00e9e":"3 minutes"},"schema":{"@context":"https:\/\/schema.org","@graph":[{"@type":"Article","@id":"https:\/\/psgfans.fr\/?p=459#article","isPartOf":{"@id":"https:\/\/psgfans.fr\/?p=459"},"author":{"name":"psgfans","@id":"https:\/\/psgfans.fr\/#\/schema\/person\/be2237e7a0237af2f29cb344b3c55e6c"},"headline":"Fernandez : \u00ab Le PSG ? Arr\u00eatons de dire que c\u2019est l\u2019entra\u00eeneur ! \u00bb","datePublished":"2014-09-21T16:08:00+00:00","mainEntityOfPage":{"@id":"https:\/\/psgfans.fr\/?p=459"},"wordCount":567,"commentCount":0,"image":{"@id":"https:\/\/psgfans.fr\/?p=459#primaryimage"},"thumbnailUrl":"https:\/\/blogger.googleusercontent.com\/img\/b\/R29vZ2xl\/AVvXsEjQLtwN1NqIC940AOCJmDPMMdgHDxTTFHKxVqzJ6UOgxR8fwMt2Z76mC8Pq5HEAtod79S3jSt9CJ7BqTpbR763LsLHlyBzzps3Nr8f-VyLAXv8ImV_fyRi5JbE3bacAMtsLt6nrbjGgqxw\/s1600\/&amp;&amp;.jpg","articleSection":["News"],"inLanguage":"fr-FR","potentialAction":[{"@type":"CommentAction","name":"Comment","target":["https:\/\/psgfans.fr\/?p=459#respond"]}]},{"@type":"WebPage","@id":"https:\/\/psgfans.fr\/?p=459","url":"https:\/\/psgfans.fr\/?p=459","name":"Fernandez : \u00ab Le PSG ? Arr\u00eatons de dire que c\u2019est l\u2019entra\u00eeneur ! \u00bb - PSG FANS","isPartOf":{"@id":"https:\/\/psgfans.fr\/#website"},"primaryImageOfPage":{"@id":"https:\/\/psgfans.fr\/?p=459#primaryimage"},"image":{"@id":"https:\/\/psgfans.fr\/?p=459#primaryimage"},"thumbnailUrl":"https:\/\/blogger.googleusercontent.com\/img\/b\/R29vZ2xl\/AVvXsEjQLtwN1NqIC940AOCJmDPMMdgHDxTTFHKxVqzJ6UOgxR8fwMt2Z76mC8Pq5HEAtod79S3jSt9CJ7BqTpbR763LsLHlyBzzps3Nr8f-VyLAXv8ImV_fyRi5JbE3bacAMtsLt6nrbjGgqxw\/s1600\/&amp;&amp;.jpg","datePublished":"2014-09-21T16:08:00+00:00","author":{"@id":"https:\/\/psgfans.fr\/#\/schema\/person\/be2237e7a0237af2f29cb344b3c55e6c"},"breadcrumb":{"@id":"https:\/\/psgfans.fr\/?p=459#breadcrumb"},"inLanguage":"fr-FR","potentialAction":[{"@type":"ReadAction","target":["https:\/\/psgfans.fr\/?p=459"]}]},{"@type":"ImageObject","inLanguage":"fr-FR","@id":"https:\/\/psgfans.fr\/?p=459#primaryimage","url":"https:\/\/blogger.googleusercontent.com\/img\/b\/R29vZ2xl\/AVvXsEjQLtwN1NqIC940AOCJmDPMMdgHDxTTFHKxVqzJ6UOgxR8fwMt2Z76mC8Pq5HEAtod79S3jSt9CJ7BqTpbR763LsLHlyBzzps3Nr8f-VyLAXv8ImV_fyRi5JbE3bacAMtsLt6nrbjGgqxw\/s1600\/&amp;&amp;.jpg","contentUrl":"https:\/\/blogger.googleusercontent.com\/img\/b\/R29vZ2xl\/AVvXsEjQLtwN1NqIC940AOCJmDPMMdgHDxTTFHKxVqzJ6UOgxR8fwMt2Z76mC8Pq5HEAtod79S3jSt9CJ7BqTpbR763LsLHlyBzzps3Nr8f-VyLAXv8ImV_fyRi5JbE3bacAMtsLt6nrbjGgqxw\/s1600\/&amp;&amp;.jpg"},{"@type":"BreadcrumbList","@id":"https:\/\/psgfans.fr\/?p=459#breadcrumb","itemListElement":[{"@type":"ListItem","position":1,"name":"Accueil","item":"https:\/\/psgfans.fr\/"},{"@type":"ListItem","position":2,"name":"Fernandez : \u00ab Le PSG ? Arr\u00eatons de dire que c\u2019est l\u2019entra\u00eeneur ! \u00bb"}]},{"@type":"WebSite","@id":"https:\/\/psgfans.fr\/#website","url":"https:\/\/psgfans.fr\/","name":"PSG FANS","description":"Unit\u00e9, Passion, Victoire : Au C\u0153ur du Paris Saint-Germain!","potentialAction":[{"@type":"SearchAction","target":{"@type":"EntryPoint","urlTemplate":"https:\/\/psgfans.fr\/?s={search_term_string}"},"query-input":{"@type":"PropertyValueSpecification","valueRequired":true,"valueName":"search_term_string"}}],"inLanguage":"fr-FR"},{"@type":"Person","@id":"https:\/\/psgfans.fr\/#\/schema\/person\/be2237e7a0237af2f29cb344b3c55e6c","name":"psgfans","image":{"@type":"ImageObject","inLanguage":"fr-FR","@id":"https:\/\/secure.gravatar.com\/avatar\/?s=96&d=mm&r=g","url":"https:\/\/secure.gravatar.com\/avatar\/?s=96&d=mm&r=g","contentUrl":"https:\/\/secure.gravatar.com\/avatar\/?s=96&d=mm&r=g","caption":"psgfans"},"url":"https:\/\/psgfans.fr\/?author=2"}]}},"_links":{"self":[{"href":"https:\/\/psgfans.fr\/index.php?rest_route=\/wp\/v2\/posts\/459","targetHints":{"allow":["GET"]}}],"collection":[{"href":"https:\/\/psgfans.fr\/index.php?rest_route=\/wp\/v2\/posts"}],"about":[{"href":"https:\/\/psgfans.fr\/index.php?rest_route=\/wp\/v2\/types\/post"}],"author":[{"embeddable":true,"href":"https:\/\/psgfans.fr\/index.php?rest_route=\/wp\/v2\/users\/2"}],"replies":[{"embeddable":true,"href":"https:\/\/psgfans.fr\/index.php?rest_route=%2Fwp%2Fv2%2Fcomments&post=459"}],"version-history":[{"count":0,"href":"https:\/\/psgfans.fr\/index.php?rest_route=\/wp\/v2\/posts\/459\/revisions"}],"wp:attachment":[{"href":"https:\/\/psgfans.fr\/index.php?rest_route=%2Fwp%2Fv2%2Fmedia&parent=459"}],"wp:term":[{"taxonomy":"category","embeddable":true,"href":"https:\/\/psgfans.fr\/index.php?rest_route=%2Fwp%2Fv2%2Fcategories&post=459"},{"taxonomy":"post_tag","embeddable":true,"href":"https:\/\/psgfans.fr\/index.php?rest_route=%2Fwp%2Fv2%2Ftags&post=459"}],"curies":[{"name":"wp","href":"https:\/\/api.w.org\/{rel}","templated":true}]}}