{"id":458,"date":"2014-09-21T17:10:00","date_gmt":"2014-09-21T16:10:00","guid":{"rendered":"https:\/\/psgfans.fr\/?p=458"},"modified":"2014-09-21T17:10:00","modified_gmt":"2014-09-21T16:10:00","slug":"psg-thiago-motta-demande-pardon-pour-avoir-oublie-que-paris-avait-gagne","status":"publish","type":"post","link":"https:\/\/psgfans.fr\/?p=458","title":{"rendered":"PSG: Thiago Motta \u00abdemande pardon\u00bb pour avoir oubli\u00e9 que Paris avait gagn\u00e9 &#8230;"},"content":{"rendered":"<div style=\"clear: both; text-align: center;\"><a href=\"https:\/\/blogger.googleusercontent.com\/img\/b\/R29vZ2xl\/AVvXsEj_ud-b2UphYbESY8UHkLMNYabcAetA7C_zu1Xcp6R-Y67vNr4HHauS_erCC6ITunIfHLvJLmLko1CTc3g1BfuXqVNYX6bsVBzW9G7BTpdydAcx6632MVl2FRxBQW6jnVqW6ZXhSBe-dgs\/s1600\/&amp;&amp;.jpg\" style=\"margin-left: 1em; margin-right: 1em;\"><img loading=\"lazy\" decoding=\"async\" border=\"0\" src=\"https:\/\/blogger.googleusercontent.com\/img\/b\/R29vZ2xl\/AVvXsEj_ud-b2UphYbESY8UHkLMNYabcAetA7C_zu1Xcp6R-Y67vNr4HHauS_erCC6ITunIfHLvJLmLko1CTc3g1BfuXqVNYX6bsVBzW9G7BTpdydAcx6632MVl2FRxBQW6jnVqW6ZXhSBe-dgs\/s1600\/&amp;&amp;.jpg\" height=\"246\" width=\"400\" \/><\/a><\/div>\n<p>Le milieu de terrain parisien ne savait pas que le PSG avait remport\u00e9 la Coupe des Coupes en 1996&#8230;<\/p>\n<p>\u00abJe demande pardon\u00bb. Le milieu de terrain du PSG Thiago Motta a d\u00e9cid\u00e9 de s&rsquo;excuser. Pas pour son suppos\u00e9 jeu dur ou ses pseudos-provocations sur le terrain. Mais pour avoir oubli\u00e9 que le PSG a remport\u00e9 une coupe d&rsquo;Europe, en 1996. c&rsquo;\u00e9tait la semaine pass\u00e9, dans une interview \u00e0 L&rsquo;Equipe Magazine, et ce trou de m\u00e9moire avait provoqu\u00e9 la col\u00e8re de Bernard Lama, alors gardien parisien, qui avait trait\u00e9 Motta \u00abd&rsquo;inculte du football\u00bb.<\/p>\n<p>\u00abJe savais que le PSG avait gagn\u00e9 une coupe d\u2019Europe mais je ne me souvenais pas de la date, assure Thiago Motta au JDD. \u00c7a peut arriver. Si je lui demandais quand j\u2019ai gagn\u00e9 ma premi\u00e8re Liga, il ne saurait pas non plus. Mais c\u2019est vrai, quand tu es dans un club, il faut conna\u00eetre son histoire.\u00bb La prochaine fois, il pr\u00e9parera ses fiches.<\/p>\n<p>20minutes<\/p>\n","protected":false},"excerpt":{"rendered":"<p>Le milieu de terrain parisien ne savait pas que le PSG avait remport\u00e9 la Coupe des Coupes en 1996&#8230; \u00abJe demande pardon\u00bb. Le milieu de terrain du PSG Thiago Motta a d\u00e9cid\u00e9 de s&rsquo;excuser. Pas pour son suppos\u00e9 jeu dur ou ses pseudos-provocations sur le terrain. Mais pour avoir oubli\u00e9 que le PSG a remport\u00e9 [&hellip;]<\/p>\n","protected":false},"author":2,"featured_media":0,"comment_status":"open","ping_status":"open","sticky":false,"template":"","format":"standard","meta":{"footnotes":""},"categories":[3],"tags":[],"class_list":{"0":"post-458","1":"post","2":"type-post","3":"status-publish","4":"format-standard","6":"category-news"},"yoast_head":"<!-- This site is optimized with the Yoast SEO plugin v27.4 - https:\/\/yoast.com\/product\/yoast-seo-wordpress\/ -->\n<title>PSG: Thiago Motta \u00abdemande pardon\u00bb pour avoir oubli\u00e9 que Paris avait gagn\u00e9 ... - PSG FANS<\/title>\n<meta name=\"robots\" content=\"index, follow, max-snippet:-1, max-image-preview:large, max-video-preview:-1\" \/>\n<link rel=\"canonical\" href=\"https:\/\/psgfans.fr\/?p=458\" \/>\n<meta property=\"og:locale\" content=\"fr_FR\" \/>\n<meta property=\"og:type\" content=\"article\" \/>\n<meta property=\"og:title\" content=\"PSG: Thiago Motta \u00abdemande pardon\u00bb pour avoir oubli\u00e9 que Paris avait gagn\u00e9 ... - PSG FANS\" \/>\n<meta property=\"og:description\" content=\"Le milieu de terrain parisien ne savait pas que le PSG avait remport\u00e9 la Coupe des Coupes en 1996&#8230; \u00abJe demande pardon\u00bb. Le milieu de terrain du PSG Thiago Motta a d\u00e9cid\u00e9 de s&rsquo;excuser. Pas pour son suppos\u00e9 jeu dur ou ses pseudos-provocations sur le terrain. Mais pour avoir oubli\u00e9 que le PSG a remport\u00e9 [&hellip;]\" \/>\n<meta property=\"og:url\" content=\"https:\/\/psgfans.fr\/?p=458\" \/>\n<meta property=\"og:site_name\" content=\"PSG FANS\" \/>\n<meta property=\"article:published_time\" content=\"2014-09-21T16:10:00+00:00\" \/>\n<meta property=\"og:image\" content=\"https:\/\/blogger.googleusercontent.com\/img\/b\/R29vZ2xl\/AVvXsEj_ud-b2UphYbESY8UHkLMNYabcAetA7C_zu1Xcp6R-Y67vNr4HHauS_erCC6ITunIfHLvJLmLko1CTc3g1BfuXqVNYX6bsVBzW9G7BTpdydAcx6632MVl2FRxBQW6jnVqW6ZXhSBe-dgs\/s1600\/&amp;&amp;.jpg\" \/>\n<meta name=\"author\" content=\"psgfans\" \/>\n<meta name=\"twitter:card\" content=\"summary_large_image\" \/>\n<meta name=\"twitter:label1\" content=\"\u00c9crit par\" \/>\n\t<meta name=\"twitter:data1\" content=\"psgfans\" \/>\n\t<meta name=\"twitter:label2\" content=\"Dur\u00e9e de lecture estim\u00e9e\" \/>\n\t<meta name=\"twitter:data2\" content=\"1 minute\" \/>\n<script type=\"application\/ld+json\" class=\"yoast-schema-graph\">{\"@context\":\"https:\\\/\\\/schema.org\",\"@graph\":[{\"@type\":\"Article\",\"@id\":\"https:\\\/\\\/psgfans.fr\\\/?p=458#article\",\"isPartOf\":{\"@id\":\"https:\\\/\\\/psgfans.fr\\\/?p=458\"},\"author\":{\"name\":\"psgfans\",\"@id\":\"https:\\\/\\\/psgfans.fr\\\/#\\\/schema\\\/person\\\/be2237e7a0237af2f29cb344b3c55e6c\"},\"headline\":\"PSG: Thiago Motta \u00abdemande pardon\u00bb pour avoir oubli\u00e9 que Paris avait gagn\u00e9 &#8230;\",\"datePublished\":\"2014-09-21T16:10:00+00:00\",\"mainEntityOfPage\":{\"@id\":\"https:\\\/\\\/psgfans.fr\\\/?p=458\"},\"wordCount\":180,\"commentCount\":0,\"image\":{\"@id\":\"https:\\\/\\\/psgfans.fr\\\/?p=458#primaryimage\"},\"thumbnailUrl\":\"https:\\\/\\\/blogger.googleusercontent.com\\\/img\\\/b\\\/R29vZ2xl\\\/AVvXsEj_ud-b2UphYbESY8UHkLMNYabcAetA7C_zu1Xcp6R-Y67vNr4HHauS_erCC6ITunIfHLvJLmLko1CTc3g1BfuXqVNYX6bsVBzW9G7BTpdydAcx6632MVl2FRxBQW6jnVqW6ZXhSBe-dgs\\\/s1600\\\/&amp;&amp;.jpg\",\"articleSection\":[\"News\"],\"inLanguage\":\"fr-FR\",\"potentialAction\":[{\"@type\":\"CommentAction\",\"name\":\"Comment\",\"target\":[\"https:\\\/\\\/psgfans.fr\\\/?p=458#respond\"]}]},{\"@type\":\"WebPage\",\"@id\":\"https:\\\/\\\/psgfans.fr\\\/?p=458\",\"url\":\"https:\\\/\\\/psgfans.fr\\\/?p=458\",\"name\":\"PSG: Thiago Motta \u00abdemande pardon\u00bb pour avoir oubli\u00e9 que Paris avait gagn\u00e9 ... - PSG FANS\",\"isPartOf\":{\"@id\":\"https:\\\/\\\/psgfans.fr\\\/#website\"},\"primaryImageOfPage\":{\"@id\":\"https:\\\/\\\/psgfans.fr\\\/?p=458#primaryimage\"},\"image\":{\"@id\":\"https:\\\/\\\/psgfans.fr\\\/?p=458#primaryimage\"},\"thumbnailUrl\":\"https:\\\/\\\/blogger.googleusercontent.com\\\/img\\\/b\\\/R29vZ2xl\\\/AVvXsEj_ud-b2UphYbESY8UHkLMNYabcAetA7C_zu1Xcp6R-Y67vNr4HHauS_erCC6ITunIfHLvJLmLko1CTc3g1BfuXqVNYX6bsVBzW9G7BTpdydAcx6632MVl2FRxBQW6jnVqW6ZXhSBe-dgs\\\/s1600\\\/&amp;&amp;.jpg\",\"datePublished\":\"2014-09-21T16:10:00+00:00\",\"author\":{\"@id\":\"https:\\\/\\\/psgfans.fr\\\/#\\\/schema\\\/person\\\/be2237e7a0237af2f29cb344b3c55e6c\"},\"breadcrumb\":{\"@id\":\"https:\\\/\\\/psgfans.fr\\\/?p=458#breadcrumb\"},\"inLanguage\":\"fr-FR\",\"potentialAction\":[{\"@type\":\"ReadAction\",\"target\":[\"https:\\\/\\\/psgfans.fr\\\/?p=458\"]}]},{\"@type\":\"ImageObject\",\"inLanguage\":\"fr-FR\",\"@id\":\"https:\\\/\\\/psgfans.fr\\\/?p=458#primaryimage\",\"url\":\"https:\\\/\\\/blogger.googleusercontent.com\\\/img\\\/b\\\/R29vZ2xl\\\/AVvXsEj_ud-b2UphYbESY8UHkLMNYabcAetA7C_zu1Xcp6R-Y67vNr4HHauS_erCC6ITunIfHLvJLmLko1CTc3g1BfuXqVNYX6bsVBzW9G7BTpdydAcx6632MVl2FRxBQW6jnVqW6ZXhSBe-dgs\\\/s1600\\\/&amp;&amp;.jpg\",\"contentUrl\":\"https:\\\/\\\/blogger.googleusercontent.com\\\/img\\\/b\\\/R29vZ2xl\\\/AVvXsEj_ud-b2UphYbESY8UHkLMNYabcAetA7C_zu1Xcp6R-Y67vNr4HHauS_erCC6ITunIfHLvJLmLko1CTc3g1BfuXqVNYX6bsVBzW9G7BTpdydAcx6632MVl2FRxBQW6jnVqW6ZXhSBe-dgs\\\/s1600\\\/&amp;&amp;.jpg\"},{\"@type\":\"BreadcrumbList\",\"@id\":\"https:\\\/\\\/psgfans.fr\\\/?p=458#breadcrumb\",\"itemListElement\":[{\"@type\":\"ListItem\",\"position\":1,\"name\":\"Accueil\",\"item\":\"https:\\\/\\\/psgfans.fr\\\/\"},{\"@type\":\"ListItem\",\"position\":2,\"name\":\"PSG: Thiago Motta \u00abdemande pardon\u00bb pour avoir oubli\u00e9 que Paris avait gagn\u00e9 &#8230;\"}]},{\"@type\":\"WebSite\",\"@id\":\"https:\\\/\\\/psgfans.fr\\\/#website\",\"url\":\"https:\\\/\\\/psgfans.fr\\\/\",\"name\":\"PSG FANS\",\"description\":\"Unit\u00e9, Passion, Victoire : Au C\u0153ur du Paris Saint-Germain!\",\"potentialAction\":[{\"@type\":\"SearchAction\",\"target\":{\"@type\":\"EntryPoint\",\"urlTemplate\":\"https:\\\/\\\/psgfans.fr\\\/?s={search_term_string}\"},\"query-input\":{\"@type\":\"PropertyValueSpecification\",\"valueRequired\":true,\"valueName\":\"search_term_string\"}}],\"inLanguage\":\"fr-FR\"},{\"@type\":\"Person\",\"@id\":\"https:\\\/\\\/psgfans.fr\\\/#\\\/schema\\\/person\\\/be2237e7a0237af2f29cb344b3c55e6c\",\"name\":\"psgfans\",\"image\":{\"@type\":\"ImageObject\",\"inLanguage\":\"fr-FR\",\"@id\":\"https:\\\/\\\/secure.gravatar.com\\\/avatar\\\/?s=96&d=mm&r=g\",\"url\":\"https:\\\/\\\/secure.gravatar.com\\\/avatar\\\/?s=96&d=mm&r=g\",\"contentUrl\":\"https:\\\/\\\/secure.gravatar.com\\\/avatar\\\/?s=96&d=mm&r=g\",\"caption\":\"psgfans\"},\"url\":\"https:\\\/\\\/psgfans.fr\\\/?author=2\"}]}<\/script>\n<!-- \/ Yoast SEO plugin. -->","yoast_head_json":{"title":"PSG: Thiago Motta \u00abdemande pardon\u00bb pour avoir oubli\u00e9 que Paris avait gagn\u00e9 ... - PSG FANS","robots":{"index":"index","follow":"follow","max-snippet":"max-snippet:-1","max-image-preview":"max-image-preview:large","max-video-preview":"max-video-preview:-1"},"canonical":"https:\/\/psgfans.fr\/?p=458","og_locale":"fr_FR","og_type":"article","og_title":"PSG: Thiago Motta \u00abdemande pardon\u00bb pour avoir oubli\u00e9 que Paris avait gagn\u00e9 ... - PSG FANS","og_description":"Le milieu de terrain parisien ne savait pas que le PSG avait remport\u00e9 la Coupe des Coupes en 1996&#8230; \u00abJe demande pardon\u00bb. Le milieu de terrain du PSG Thiago Motta a d\u00e9cid\u00e9 de s&rsquo;excuser. Pas pour son suppos\u00e9 jeu dur ou ses pseudos-provocations sur le terrain. Mais pour avoir oubli\u00e9 que le PSG a remport\u00e9 [&hellip;]","og_url":"https:\/\/psgfans.fr\/?p=458","og_site_name":"PSG FANS","article_published_time":"2014-09-21T16:10:00+00:00","og_image":[{"url":"https:\/\/blogger.googleusercontent.com\/img\/b\/R29vZ2xl\/AVvXsEj_ud-b2UphYbESY8UHkLMNYabcAetA7C_zu1Xcp6R-Y67vNr4HHauS_erCC6ITunIfHLvJLmLko1CTc3g1BfuXqVNYX6bsVBzW9G7BTpdydAcx6632MVl2FRxBQW6jnVqW6ZXhSBe-dgs\/s1600\/&amp;&amp;.jpg","type":"","width":"","height":""}],"author":"psgfans","twitter_card":"summary_large_image","twitter_misc":{"\u00c9crit par":"psgfans","Dur\u00e9e de lecture estim\u00e9e":"1 minute"},"schema":{"@context":"https:\/\/schema.org","@graph":[{"@type":"Article","@id":"https:\/\/psgfans.fr\/?p=458#article","isPartOf":{"@id":"https:\/\/psgfans.fr\/?p=458"},"author":{"name":"psgfans","@id":"https:\/\/psgfans.fr\/#\/schema\/person\/be2237e7a0237af2f29cb344b3c55e6c"},"headline":"PSG: Thiago Motta \u00abdemande pardon\u00bb pour avoir oubli\u00e9 que Paris avait gagn\u00e9 &#8230;","datePublished":"2014-09-21T16:10:00+00:00","mainEntityOfPage":{"@id":"https:\/\/psgfans.fr\/?p=458"},"wordCount":180,"commentCount":0,"image":{"@id":"https:\/\/psgfans.fr\/?p=458#primaryimage"},"thumbnailUrl":"https:\/\/blogger.googleusercontent.com\/img\/b\/R29vZ2xl\/AVvXsEj_ud-b2UphYbESY8UHkLMNYabcAetA7C_zu1Xcp6R-Y67vNr4HHauS_erCC6ITunIfHLvJLmLko1CTc3g1BfuXqVNYX6bsVBzW9G7BTpdydAcx6632MVl2FRxBQW6jnVqW6ZXhSBe-dgs\/s1600\/&amp;&amp;.jpg","articleSection":["News"],"inLanguage":"fr-FR","potentialAction":[{"@type":"CommentAction","name":"Comment","target":["https:\/\/psgfans.fr\/?p=458#respond"]}]},{"@type":"WebPage","@id":"https:\/\/psgfans.fr\/?p=458","url":"https:\/\/psgfans.fr\/?p=458","name":"PSG: Thiago Motta \u00abdemande pardon\u00bb pour avoir oubli\u00e9 que Paris avait gagn\u00e9 ... - PSG FANS","isPartOf":{"@id":"https:\/\/psgfans.fr\/#website"},"primaryImageOfPage":{"@id":"https:\/\/psgfans.fr\/?p=458#primaryimage"},"image":{"@id":"https:\/\/psgfans.fr\/?p=458#primaryimage"},"thumbnailUrl":"https:\/\/blogger.googleusercontent.com\/img\/b\/R29vZ2xl\/AVvXsEj_ud-b2UphYbESY8UHkLMNYabcAetA7C_zu1Xcp6R-Y67vNr4HHauS_erCC6ITunIfHLvJLmLko1CTc3g1BfuXqVNYX6bsVBzW9G7BTpdydAcx6632MVl2FRxBQW6jnVqW6ZXhSBe-dgs\/s1600\/&amp;&amp;.jpg","datePublished":"2014-09-21T16:10:00+00:00","author":{"@id":"https:\/\/psgfans.fr\/#\/schema\/person\/be2237e7a0237af2f29cb344b3c55e6c"},"breadcrumb":{"@id":"https:\/\/psgfans.fr\/?p=458#breadcrumb"},"inLanguage":"fr-FR","potentialAction":[{"@type":"ReadAction","target":["https:\/\/psgfans.fr\/?p=458"]}]},{"@type":"ImageObject","inLanguage":"fr-FR","@id":"https:\/\/psgfans.fr\/?p=458#primaryimage","url":"https:\/\/blogger.googleusercontent.com\/img\/b\/R29vZ2xl\/AVvXsEj_ud-b2UphYbESY8UHkLMNYabcAetA7C_zu1Xcp6R-Y67vNr4HHauS_erCC6ITunIfHLvJLmLko1CTc3g1BfuXqVNYX6bsVBzW9G7BTpdydAcx6632MVl2FRxBQW6jnVqW6ZXhSBe-dgs\/s1600\/&amp;&amp;.jpg","contentUrl":"https:\/\/blogger.googleusercontent.com\/img\/b\/R29vZ2xl\/AVvXsEj_ud-b2UphYbESY8UHkLMNYabcAetA7C_zu1Xcp6R-Y67vNr4HHauS_erCC6ITunIfHLvJLmLko1CTc3g1BfuXqVNYX6bsVBzW9G7BTpdydAcx6632MVl2FRxBQW6jnVqW6ZXhSBe-dgs\/s1600\/&amp;&amp;.jpg"},{"@type":"BreadcrumbList","@id":"https:\/\/psgfans.fr\/?p=458#breadcrumb","itemListElement":[{"@type":"ListItem","position":1,"name":"Accueil","item":"https:\/\/psgfans.fr\/"},{"@type":"ListItem","position":2,"name":"PSG: Thiago Motta \u00abdemande pardon\u00bb pour avoir oubli\u00e9 que Paris avait gagn\u00e9 &#8230;"}]},{"@type":"WebSite","@id":"https:\/\/psgfans.fr\/#website","url":"https:\/\/psgfans.fr\/","name":"PSG FANS","description":"Unit\u00e9, Passion, Victoire : Au C\u0153ur du Paris Saint-Germain!","potentialAction":[{"@type":"SearchAction","target":{"@type":"EntryPoint","urlTemplate":"https:\/\/psgfans.fr\/?s={search_term_string}"},"query-input":{"@type":"PropertyValueSpecification","valueRequired":true,"valueName":"search_term_string"}}],"inLanguage":"fr-FR"},{"@type":"Person","@id":"https:\/\/psgfans.fr\/#\/schema\/person\/be2237e7a0237af2f29cb344b3c55e6c","name":"psgfans","image":{"@type":"ImageObject","inLanguage":"fr-FR","@id":"https:\/\/secure.gravatar.com\/avatar\/?s=96&d=mm&r=g","url":"https:\/\/secure.gravatar.com\/avatar\/?s=96&d=mm&r=g","contentUrl":"https:\/\/secure.gravatar.com\/avatar\/?s=96&d=mm&r=g","caption":"psgfans"},"url":"https:\/\/psgfans.fr\/?author=2"}]}},"_links":{"self":[{"href":"https:\/\/psgfans.fr\/index.php?rest_route=\/wp\/v2\/posts\/458","targetHints":{"allow":["GET"]}}],"collection":[{"href":"https:\/\/psgfans.fr\/index.php?rest_route=\/wp\/v2\/posts"}],"about":[{"href":"https:\/\/psgfans.fr\/index.php?rest_route=\/wp\/v2\/types\/post"}],"author":[{"embeddable":true,"href":"https:\/\/psgfans.fr\/index.php?rest_route=\/wp\/v2\/users\/2"}],"replies":[{"embeddable":true,"href":"https:\/\/psgfans.fr\/index.php?rest_route=%2Fwp%2Fv2%2Fcomments&post=458"}],"version-history":[{"count":0,"href":"https:\/\/psgfans.fr\/index.php?rest_route=\/wp\/v2\/posts\/458\/revisions"}],"wp:attachment":[{"href":"https:\/\/psgfans.fr\/index.php?rest_route=%2Fwp%2Fv2%2Fmedia&parent=458"}],"wp:term":[{"taxonomy":"category","embeddable":true,"href":"https:\/\/psgfans.fr\/index.php?rest_route=%2Fwp%2Fv2%2Fcategories&post=458"},{"taxonomy":"post_tag","embeddable":true,"href":"https:\/\/psgfans.fr\/index.php?rest_route=%2Fwp%2Fv2%2Ftags&post=458"}],"curies":[{"name":"wp","href":"https:\/\/api.w.org\/{rel}","templated":true}]}}