{"id":457,"date":"2014-09-21T17:13:00","date_gmt":"2014-09-21T16:13:00","guid":{"rendered":"https:\/\/psgfans.fr\/?p=457"},"modified":"2014-09-21T17:13:00","modified_gmt":"2014-09-21T16:13:00","slug":"psg-lyon-pour-dissiper-le-malaise","status":"publish","type":"post","link":"https:\/\/psgfans.fr\/?p=457","title":{"rendered":"PSG : Lyon pour dissiper le malaise"},"content":{"rendered":"<div style=\"clear: both; text-align: center;\"><a href=\"https:\/\/blogger.googleusercontent.com\/img\/b\/R29vZ2xl\/AVvXsEh1J90XIbNmEpsu-_lO2hbn7dmMXiAv3B4pYGxFCTzeUXDLRwK3Vi8KRA7iIrnIxpD58L4Ozawr4MQf8cxF9qLJy-V2Exmkxs1uXfx3WxnWRAIqkK7xNBqy9qgtmyONNVVmih_mlbSzEOo\/s1600\/&amp;&amp;.jpg\" style=\"margin-left: 1em; margin-right: 1em;\"><img decoding=\"async\" border=\"0\" src=\"https:\/\/blogger.googleusercontent.com\/img\/b\/R29vZ2xl\/AVvXsEh1J90XIbNmEpsu-_lO2hbn7dmMXiAv3B4pYGxFCTzeUXDLRwK3Vi8KRA7iIrnIxpD58L4Ozawr4MQf8cxF9qLJy-V2Exmkxs1uXfx3WxnWRAIqkK7xNBqy9qgtmyONNVVmih_mlbSzEOo\/s1600\/&amp;&amp;.jpg\" \/><\/a><\/div>\n<p>Apr\u00e8s deux nuls cons\u00e9cutifs \u00e0 Rennes puis Amsterdam, le PSG pose questions. Entre agacement et crispations, le club de la capitale a grandement besoin d\u2019un succ\u00e8s ce dimanche face \u00e0 Lyon.<\/p>\n<p>Avec Paris, l\u2019exag\u00e9ration n\u2019est jamais loin. Il a suffi d\u2019un nul \u00e0 Amsterdam mercredi en Ligue des champions (1-1) pour raviver les passions. Pour voir d\u00e9ferler des vagues de critiques \u00e0 l\u2019encontre du double champion de France en titre. Le (gros) mot \u00abcrise\u00bb a m\u00eame d\u00e9j\u00e0 \u00e9t\u00e9 employ\u00e9 ! Pourtant, ce PSG ne perd pas. Mais il ne gagne pas beaucoup non plus. Surtout, il ne s\u00e9duit pas. Ce Paris version 2014-2015 ronronne s\u00e9rieusement. Tout simplement. Il ennuie plus qu\u2019il ne fascine avec 4 matches nuls en 6 rencontres, toutes comp\u00e9titions confondues. \u00abFaire un nul \u00e0 l&rsquo;Ajax n&rsquo;est pas en soi un si mauvais r\u00e9sultat, a reconnu Hubert Fournier, l\u2019entra\u00eeneur de Lyon, prochain adversaire du PSG ce dimanche au Parc des Princes. Il y a, sur cette \u00e9quipe beaucoup d&rsquo;attentes, l\u00e9gitimes, au vu de son effectif\u00bb. Des attentes frustr\u00e9es. Au sein m\u00eame du vestiaire, une certaine crispation est palpable. \u00abOn doit se r\u00e9veiller, on n&rsquo;a pas jou\u00e9 notre jeu. Il y a des choses \u00e0 r\u00e9gler\u00bb, a admis Zlatan Ibrahimovic dans les coursives de l\u2019Amsterdam Arena.<\/p>\n<p><b>Un probl\u00e8me physique :<\/b><br \/><b><br \/><\/b>Aujourd\u2019hui, Paris semble payer au prix fort la pr\u00e9paration tronqu\u00e9e de plusieurs mondialistes (12), revenus au compte-goutte. Nombreux sont ceux qui n\u2019\u00e9voluent pas au niveau requis et souhait\u00e9. Un manque d\u2019homog\u00e9n\u00e9it\u00e9 physique pr\u00e9judiciable. Surtout lorsqu\u2019il concerne le c\u0153ur du jeu, le trident Matuidi-Verratti-Thiago Motta, moteur du PSG l\u2019an pass\u00e9. Sans essence suffisante, la m\u00e9canique est d\u00e9faillante. La fluidit\u00e9 s\u2019en ressent. Automatiquement. Avec un Matuidi \u00e0 court de rythme et un Motta trop lent, bien loin de son meilleur niveau, Paris ne d\u00e9gage plus cette s\u00e9r\u00e9nit\u00e9, cette puissance qu\u2019on lui connaissait. L\u2019an pass\u00e9, les hommes de Laurent Blanc savaient se mettre \u00e0 l\u2019abri facilement malgr\u00e9 un nombre d\u2019occasions parfois limit\u00e9 pour ensuite d\u00e9rouler. Depuis le d\u00e9but de saison, c\u2019est beaucoup plus compliqu\u00e9.<\/p>\n<p><b>Un vestiaire frustr\u00e9 :<\/b><\/p>\n<p>De quoi engendrer une certaine frustration. Qui s\u2019ajoutent \u00e0 celle de certains joueurs, m\u00e9contents de leur sort. A l\u2019image de Cavani, buteur errant comme une \u00e2me en peine dans le couloir gauche apr\u00e8s avoir connu l\u2019aile droite la saison derni\u00e8re. L\u2019entr\u00e9e en jeu catastrophique de Javier Pastore &#8211; rempla\u00e7ant au b\u00e9n\u00e9fice de Blaise Matuidi apr\u00e8s six titularisations cons\u00e9cutives &#8211; mercredi soir, totalement amorphe, se d\u00e9sint\u00e9ressant du moindre effort collectif, est symptomatique du mal qui pourrait ronger \u00e0 petit feu le club de la capitale. Les r\u00e9sultats n\u2019\u00e9tant pas au rendez-vous, les \u00e9tats d\u2019\u00e2me de chacun risquent de fragiliser l\u2019\u00e9difice. Les brasiers se multiplier. Et dans ce climat de tension, l\u2019absence de Claude Makelele, un leader appr\u00e9ci\u00e9 et respect\u00e9 dans le vestiaire de par sa carri\u00e8re et son charisme, et qui avait l\u2019avantage de parler plusieurs langues, se ressent. Fortement. Le r\u00f4le de tampon entre les joueurs et le staff n\u2019est plus assur\u00e9.<\/p>\n<p><b>L\u2019heure des choix pour Blanc ?<\/b><\/p>\n<p>Laurent Blanc apparait du coup isol\u00e9. Trop \u00e9loign\u00e9 de son groupe qui a du mal \u00e0 comprendre certains choix. S\u2019il n\u2019est nullement menac\u00e9 \u00e0 l\u2019heure actuelle, le C\u00e9v\u00e9nol sera scrut\u00e9 de pr\u00e8s contre Lyon. Son manque de coaching \u00e0 Amsterdam a surpris autant qu\u2019il a d\u00e9\u00e7u. A l\u2019heure o\u00f9 les partisans du 4-4-2 en losange se font de plus en plus entendre avec Pastore dans un r\u00f4le de num\u00e9ro 10 derri\u00e8re Ibrahimovic et Cavani, osera-t-il enfin modifier son 4-3-3 immuable, un syst\u00e8me qui a fait ses preuves par le pass\u00e9 mais qui ne tourne plus tr\u00e8s rond ? \u00abC&rsquo;est un faux d\u00e9bat, estime Blanc. Tout le monde se focalise sur le syst\u00e8me, vous allez un petit peu vite. C&rsquo;est un syst\u00e8me qui a fait ses preuves, n&rsquo;oublions pas ce qu&rsquo;il a apport\u00e9. Les joueurs sont bien dans ce syst\u00e8me. A part quelques-un&#8230; ou un. On a non seulement gagn\u00e9 avec, mais aussi offert un jeu de qualit\u00e9\u00bb.<\/p>\n<p>Relancera-t-il certains joueurs (Cabaye, Lavezzi entre autres) qui piaffent d\u2019impatience sur le banc pour instaurer \u00e0 nouveau la concurrence et ainsi diffuser un discours mobilisateur ? L\u2019an pass\u00e9, Lyon avait explos\u00e9 en plein vol au Parc des Princes (4-0). Pour rapidement faire taire les sceptiques et apaiser l\u2019ambiance au sein du club, le PSG serait bien inspir\u00e9 de r\u00e9it\u00e9rer une telle prestation d\u2019envergure.<\/p>\n<p>sport24.lefigaro.fr\/<\/p>\n","protected":false},"excerpt":{"rendered":"<p>Apr\u00e8s deux nuls cons\u00e9cutifs \u00e0 Rennes puis Amsterdam, le PSG pose questions. Entre agacement et crispations, le club de la capitale a grandement besoin d\u2019un succ\u00e8s ce dimanche face \u00e0 Lyon. Avec Paris, l\u2019exag\u00e9ration n\u2019est jamais loin. Il a suffi d\u2019un nul \u00e0 Amsterdam mercredi en Ligue des champions (1-1) pour raviver les passions. Pour [&hellip;]<\/p>\n","protected":false},"author":2,"featured_media":0,"comment_status":"open","ping_status":"open","sticky":false,"template":"","format":"standard","meta":{"footnotes":""},"categories":[3],"tags":[],"class_list":{"0":"post-457","1":"post","2":"type-post","3":"status-publish","4":"format-standard","6":"category-news"},"yoast_head":"<!-- This site is optimized with the Yoast SEO plugin v27.4 - https:\/\/yoast.com\/product\/yoast-seo-wordpress\/ -->\n<title>PSG : Lyon pour dissiper le malaise - PSG FANS<\/title>\n<meta name=\"robots\" content=\"index, follow, max-snippet:-1, max-image-preview:large, max-video-preview:-1\" \/>\n<link rel=\"canonical\" href=\"https:\/\/psgfans.fr\/?p=457\" \/>\n<meta property=\"og:locale\" content=\"fr_FR\" \/>\n<meta property=\"og:type\" content=\"article\" \/>\n<meta property=\"og:title\" content=\"PSG : Lyon pour dissiper le malaise - PSG FANS\" \/>\n<meta property=\"og:description\" content=\"Apr\u00e8s deux nuls cons\u00e9cutifs \u00e0 Rennes puis Amsterdam, le PSG pose questions. Entre agacement et crispations, le club de la capitale a grandement besoin d\u2019un succ\u00e8s ce dimanche face \u00e0 Lyon. Avec Paris, l\u2019exag\u00e9ration n\u2019est jamais loin. Il a suffi d\u2019un nul \u00e0 Amsterdam mercredi en Ligue des champions (1-1) pour raviver les passions. Pour [&hellip;]\" \/>\n<meta property=\"og:url\" content=\"https:\/\/psgfans.fr\/?p=457\" \/>\n<meta property=\"og:site_name\" content=\"PSG FANS\" \/>\n<meta property=\"article:published_time\" content=\"2014-09-21T16:13:00+00:00\" \/>\n<meta property=\"og:image\" content=\"https:\/\/blogger.googleusercontent.com\/img\/b\/R29vZ2xl\/AVvXsEh1J90XIbNmEpsu-_lO2hbn7dmMXiAv3B4pYGxFCTzeUXDLRwK3Vi8KRA7iIrnIxpD58L4Ozawr4MQf8cxF9qLJy-V2Exmkxs1uXfx3WxnWRAIqkK7xNBqy9qgtmyONNVVmih_mlbSzEOo\/s1600\/&amp;&amp;.jpg\" \/>\n<meta name=\"author\" content=\"psgfans\" \/>\n<meta name=\"twitter:card\" content=\"summary_large_image\" \/>\n<meta name=\"twitter:label1\" content=\"\u00c9crit par\" \/>\n\t<meta name=\"twitter:data1\" content=\"psgfans\" \/>\n\t<meta name=\"twitter:label2\" content=\"Dur\u00e9e de lecture estim\u00e9e\" \/>\n\t<meta name=\"twitter:data2\" content=\"4 minutes\" \/>\n<script type=\"application\/ld+json\" class=\"yoast-schema-graph\">{\"@context\":\"https:\\\/\\\/schema.org\",\"@graph\":[{\"@type\":\"Article\",\"@id\":\"https:\\\/\\\/psgfans.fr\\\/?p=457#article\",\"isPartOf\":{\"@id\":\"https:\\\/\\\/psgfans.fr\\\/?p=457\"},\"author\":{\"name\":\"psgfans\",\"@id\":\"https:\\\/\\\/psgfans.fr\\\/#\\\/schema\\\/person\\\/be2237e7a0237af2f29cb344b3c55e6c\"},\"headline\":\"PSG : Lyon pour dissiper le malaise\",\"datePublished\":\"2014-09-21T16:13:00+00:00\",\"mainEntityOfPage\":{\"@id\":\"https:\\\/\\\/psgfans.fr\\\/?p=457\"},\"wordCount\":809,\"commentCount\":0,\"image\":{\"@id\":\"https:\\\/\\\/psgfans.fr\\\/?p=457#primaryimage\"},\"thumbnailUrl\":\"https:\\\/\\\/blogger.googleusercontent.com\\\/img\\\/b\\\/R29vZ2xl\\\/AVvXsEh1J90XIbNmEpsu-_lO2hbn7dmMXiAv3B4pYGxFCTzeUXDLRwK3Vi8KRA7iIrnIxpD58L4Ozawr4MQf8cxF9qLJy-V2Exmkxs1uXfx3WxnWRAIqkK7xNBqy9qgtmyONNVVmih_mlbSzEOo\\\/s1600\\\/&amp;&amp;.jpg\",\"articleSection\":[\"News\"],\"inLanguage\":\"fr-FR\",\"potentialAction\":[{\"@type\":\"CommentAction\",\"name\":\"Comment\",\"target\":[\"https:\\\/\\\/psgfans.fr\\\/?p=457#respond\"]}]},{\"@type\":\"WebPage\",\"@id\":\"https:\\\/\\\/psgfans.fr\\\/?p=457\",\"url\":\"https:\\\/\\\/psgfans.fr\\\/?p=457\",\"name\":\"PSG : Lyon pour dissiper le malaise - PSG FANS\",\"isPartOf\":{\"@id\":\"https:\\\/\\\/psgfans.fr\\\/#website\"},\"primaryImageOfPage\":{\"@id\":\"https:\\\/\\\/psgfans.fr\\\/?p=457#primaryimage\"},\"image\":{\"@id\":\"https:\\\/\\\/psgfans.fr\\\/?p=457#primaryimage\"},\"thumbnailUrl\":\"https:\\\/\\\/blogger.googleusercontent.com\\\/img\\\/b\\\/R29vZ2xl\\\/AVvXsEh1J90XIbNmEpsu-_lO2hbn7dmMXiAv3B4pYGxFCTzeUXDLRwK3Vi8KRA7iIrnIxpD58L4Ozawr4MQf8cxF9qLJy-V2Exmkxs1uXfx3WxnWRAIqkK7xNBqy9qgtmyONNVVmih_mlbSzEOo\\\/s1600\\\/&amp;&amp;.jpg\",\"datePublished\":\"2014-09-21T16:13:00+00:00\",\"author\":{\"@id\":\"https:\\\/\\\/psgfans.fr\\\/#\\\/schema\\\/person\\\/be2237e7a0237af2f29cb344b3c55e6c\"},\"breadcrumb\":{\"@id\":\"https:\\\/\\\/psgfans.fr\\\/?p=457#breadcrumb\"},\"inLanguage\":\"fr-FR\",\"potentialAction\":[{\"@type\":\"ReadAction\",\"target\":[\"https:\\\/\\\/psgfans.fr\\\/?p=457\"]}]},{\"@type\":\"ImageObject\",\"inLanguage\":\"fr-FR\",\"@id\":\"https:\\\/\\\/psgfans.fr\\\/?p=457#primaryimage\",\"url\":\"https:\\\/\\\/blogger.googleusercontent.com\\\/img\\\/b\\\/R29vZ2xl\\\/AVvXsEh1J90XIbNmEpsu-_lO2hbn7dmMXiAv3B4pYGxFCTzeUXDLRwK3Vi8KRA7iIrnIxpD58L4Ozawr4MQf8cxF9qLJy-V2Exmkxs1uXfx3WxnWRAIqkK7xNBqy9qgtmyONNVVmih_mlbSzEOo\\\/s1600\\\/&amp;&amp;.jpg\",\"contentUrl\":\"https:\\\/\\\/blogger.googleusercontent.com\\\/img\\\/b\\\/R29vZ2xl\\\/AVvXsEh1J90XIbNmEpsu-_lO2hbn7dmMXiAv3B4pYGxFCTzeUXDLRwK3Vi8KRA7iIrnIxpD58L4Ozawr4MQf8cxF9qLJy-V2Exmkxs1uXfx3WxnWRAIqkK7xNBqy9qgtmyONNVVmih_mlbSzEOo\\\/s1600\\\/&amp;&amp;.jpg\"},{\"@type\":\"BreadcrumbList\",\"@id\":\"https:\\\/\\\/psgfans.fr\\\/?p=457#breadcrumb\",\"itemListElement\":[{\"@type\":\"ListItem\",\"position\":1,\"name\":\"Accueil\",\"item\":\"https:\\\/\\\/psgfans.fr\\\/\"},{\"@type\":\"ListItem\",\"position\":2,\"name\":\"PSG : Lyon pour dissiper le malaise\"}]},{\"@type\":\"WebSite\",\"@id\":\"https:\\\/\\\/psgfans.fr\\\/#website\",\"url\":\"https:\\\/\\\/psgfans.fr\\\/\",\"name\":\"PSG FANS\",\"description\":\"Unit\u00e9, Passion, Victoire : Au C\u0153ur du Paris Saint-Germain!\",\"potentialAction\":[{\"@type\":\"SearchAction\",\"target\":{\"@type\":\"EntryPoint\",\"urlTemplate\":\"https:\\\/\\\/psgfans.fr\\\/?s={search_term_string}\"},\"query-input\":{\"@type\":\"PropertyValueSpecification\",\"valueRequired\":true,\"valueName\":\"search_term_string\"}}],\"inLanguage\":\"fr-FR\"},{\"@type\":\"Person\",\"@id\":\"https:\\\/\\\/psgfans.fr\\\/#\\\/schema\\\/person\\\/be2237e7a0237af2f29cb344b3c55e6c\",\"name\":\"psgfans\",\"image\":{\"@type\":\"ImageObject\",\"inLanguage\":\"fr-FR\",\"@id\":\"https:\\\/\\\/secure.gravatar.com\\\/avatar\\\/?s=96&d=mm&r=g\",\"url\":\"https:\\\/\\\/secure.gravatar.com\\\/avatar\\\/?s=96&d=mm&r=g\",\"contentUrl\":\"https:\\\/\\\/secure.gravatar.com\\\/avatar\\\/?s=96&d=mm&r=g\",\"caption\":\"psgfans\"},\"url\":\"https:\\\/\\\/psgfans.fr\\\/?author=2\"}]}<\/script>\n<!-- \/ Yoast SEO plugin. -->","yoast_head_json":{"title":"PSG : Lyon pour dissiper le malaise - PSG FANS","robots":{"index":"index","follow":"follow","max-snippet":"max-snippet:-1","max-image-preview":"max-image-preview:large","max-video-preview":"max-video-preview:-1"},"canonical":"https:\/\/psgfans.fr\/?p=457","og_locale":"fr_FR","og_type":"article","og_title":"PSG : Lyon pour dissiper le malaise - PSG FANS","og_description":"Apr\u00e8s deux nuls cons\u00e9cutifs \u00e0 Rennes puis Amsterdam, le PSG pose questions. Entre agacement et crispations, le club de la capitale a grandement besoin d\u2019un succ\u00e8s ce dimanche face \u00e0 Lyon. Avec Paris, l\u2019exag\u00e9ration n\u2019est jamais loin. Il a suffi d\u2019un nul \u00e0 Amsterdam mercredi en Ligue des champions (1-1) pour raviver les passions. Pour [&hellip;]","og_url":"https:\/\/psgfans.fr\/?p=457","og_site_name":"PSG FANS","article_published_time":"2014-09-21T16:13:00+00:00","og_image":[{"url":"https:\/\/blogger.googleusercontent.com\/img\/b\/R29vZ2xl\/AVvXsEh1J90XIbNmEpsu-_lO2hbn7dmMXiAv3B4pYGxFCTzeUXDLRwK3Vi8KRA7iIrnIxpD58L4Ozawr4MQf8cxF9qLJy-V2Exmkxs1uXfx3WxnWRAIqkK7xNBqy9qgtmyONNVVmih_mlbSzEOo\/s1600\/&amp;&amp;.jpg","type":"","width":"","height":""}],"author":"psgfans","twitter_card":"summary_large_image","twitter_misc":{"\u00c9crit par":"psgfans","Dur\u00e9e de lecture estim\u00e9e":"4 minutes"},"schema":{"@context":"https:\/\/schema.org","@graph":[{"@type":"Article","@id":"https:\/\/psgfans.fr\/?p=457#article","isPartOf":{"@id":"https:\/\/psgfans.fr\/?p=457"},"author":{"name":"psgfans","@id":"https:\/\/psgfans.fr\/#\/schema\/person\/be2237e7a0237af2f29cb344b3c55e6c"},"headline":"PSG : Lyon pour dissiper le malaise","datePublished":"2014-09-21T16:13:00+00:00","mainEntityOfPage":{"@id":"https:\/\/psgfans.fr\/?p=457"},"wordCount":809,"commentCount":0,"image":{"@id":"https:\/\/psgfans.fr\/?p=457#primaryimage"},"thumbnailUrl":"https:\/\/blogger.googleusercontent.com\/img\/b\/R29vZ2xl\/AVvXsEh1J90XIbNmEpsu-_lO2hbn7dmMXiAv3B4pYGxFCTzeUXDLRwK3Vi8KRA7iIrnIxpD58L4Ozawr4MQf8cxF9qLJy-V2Exmkxs1uXfx3WxnWRAIqkK7xNBqy9qgtmyONNVVmih_mlbSzEOo\/s1600\/&amp;&amp;.jpg","articleSection":["News"],"inLanguage":"fr-FR","potentialAction":[{"@type":"CommentAction","name":"Comment","target":["https:\/\/psgfans.fr\/?p=457#respond"]}]},{"@type":"WebPage","@id":"https:\/\/psgfans.fr\/?p=457","url":"https:\/\/psgfans.fr\/?p=457","name":"PSG : Lyon pour dissiper le malaise - PSG FANS","isPartOf":{"@id":"https:\/\/psgfans.fr\/#website"},"primaryImageOfPage":{"@id":"https:\/\/psgfans.fr\/?p=457#primaryimage"},"image":{"@id":"https:\/\/psgfans.fr\/?p=457#primaryimage"},"thumbnailUrl":"https:\/\/blogger.googleusercontent.com\/img\/b\/R29vZ2xl\/AVvXsEh1J90XIbNmEpsu-_lO2hbn7dmMXiAv3B4pYGxFCTzeUXDLRwK3Vi8KRA7iIrnIxpD58L4Ozawr4MQf8cxF9qLJy-V2Exmkxs1uXfx3WxnWRAIqkK7xNBqy9qgtmyONNVVmih_mlbSzEOo\/s1600\/&amp;&amp;.jpg","datePublished":"2014-09-21T16:13:00+00:00","author":{"@id":"https:\/\/psgfans.fr\/#\/schema\/person\/be2237e7a0237af2f29cb344b3c55e6c"},"breadcrumb":{"@id":"https:\/\/psgfans.fr\/?p=457#breadcrumb"},"inLanguage":"fr-FR","potentialAction":[{"@type":"ReadAction","target":["https:\/\/psgfans.fr\/?p=457"]}]},{"@type":"ImageObject","inLanguage":"fr-FR","@id":"https:\/\/psgfans.fr\/?p=457#primaryimage","url":"https:\/\/blogger.googleusercontent.com\/img\/b\/R29vZ2xl\/AVvXsEh1J90XIbNmEpsu-_lO2hbn7dmMXiAv3B4pYGxFCTzeUXDLRwK3Vi8KRA7iIrnIxpD58L4Ozawr4MQf8cxF9qLJy-V2Exmkxs1uXfx3WxnWRAIqkK7xNBqy9qgtmyONNVVmih_mlbSzEOo\/s1600\/&amp;&amp;.jpg","contentUrl":"https:\/\/blogger.googleusercontent.com\/img\/b\/R29vZ2xl\/AVvXsEh1J90XIbNmEpsu-_lO2hbn7dmMXiAv3B4pYGxFCTzeUXDLRwK3Vi8KRA7iIrnIxpD58L4Ozawr4MQf8cxF9qLJy-V2Exmkxs1uXfx3WxnWRAIqkK7xNBqy9qgtmyONNVVmih_mlbSzEOo\/s1600\/&amp;&amp;.jpg"},{"@type":"BreadcrumbList","@id":"https:\/\/psgfans.fr\/?p=457#breadcrumb","itemListElement":[{"@type":"ListItem","position":1,"name":"Accueil","item":"https:\/\/psgfans.fr\/"},{"@type":"ListItem","position":2,"name":"PSG : Lyon pour dissiper le malaise"}]},{"@type":"WebSite","@id":"https:\/\/psgfans.fr\/#website","url":"https:\/\/psgfans.fr\/","name":"PSG FANS","description":"Unit\u00e9, Passion, Victoire : Au C\u0153ur du Paris Saint-Germain!","potentialAction":[{"@type":"SearchAction","target":{"@type":"EntryPoint","urlTemplate":"https:\/\/psgfans.fr\/?s={search_term_string}"},"query-input":{"@type":"PropertyValueSpecification","valueRequired":true,"valueName":"search_term_string"}}],"inLanguage":"fr-FR"},{"@type":"Person","@id":"https:\/\/psgfans.fr\/#\/schema\/person\/be2237e7a0237af2f29cb344b3c55e6c","name":"psgfans","image":{"@type":"ImageObject","inLanguage":"fr-FR","@id":"https:\/\/secure.gravatar.com\/avatar\/?s=96&d=mm&r=g","url":"https:\/\/secure.gravatar.com\/avatar\/?s=96&d=mm&r=g","contentUrl":"https:\/\/secure.gravatar.com\/avatar\/?s=96&d=mm&r=g","caption":"psgfans"},"url":"https:\/\/psgfans.fr\/?author=2"}]}},"_links":{"self":[{"href":"https:\/\/psgfans.fr\/index.php?rest_route=\/wp\/v2\/posts\/457","targetHints":{"allow":["GET"]}}],"collection":[{"href":"https:\/\/psgfans.fr\/index.php?rest_route=\/wp\/v2\/posts"}],"about":[{"href":"https:\/\/psgfans.fr\/index.php?rest_route=\/wp\/v2\/types\/post"}],"author":[{"embeddable":true,"href":"https:\/\/psgfans.fr\/index.php?rest_route=\/wp\/v2\/users\/2"}],"replies":[{"embeddable":true,"href":"https:\/\/psgfans.fr\/index.php?rest_route=%2Fwp%2Fv2%2Fcomments&post=457"}],"version-history":[{"count":0,"href":"https:\/\/psgfans.fr\/index.php?rest_route=\/wp\/v2\/posts\/457\/revisions"}],"wp:attachment":[{"href":"https:\/\/psgfans.fr\/index.php?rest_route=%2Fwp%2Fv2%2Fmedia&parent=457"}],"wp:term":[{"taxonomy":"category","embeddable":true,"href":"https:\/\/psgfans.fr\/index.php?rest_route=%2Fwp%2Fv2%2Fcategories&post=457"},{"taxonomy":"post_tag","embeddable":true,"href":"https:\/\/psgfans.fr\/index.php?rest_route=%2Fwp%2Fv2%2Ftags&post=457"}],"curies":[{"name":"wp","href":"https:\/\/api.w.org\/{rel}","templated":true}]}}