{"id":456,"date":"2014-09-24T18:59:00","date_gmt":"2014-09-24T17:59:00","guid":{"rendered":"https:\/\/psgfans.fr\/?p=456"},"modified":"2014-09-24T18:59:00","modified_gmt":"2014-09-24T17:59:00","slug":"caen-psg-crucial-a-plus-dun-titre","status":"publish","type":"post","link":"https:\/\/psgfans.fr\/?p=456","title":{"rendered":"Caen-PSG : crucial \u00e0 plus d&#39;un titre"},"content":{"rendered":"<div style=\"clear: both; text-align: center;\"><\/div>\n<div style=\"clear: both; text-align: center;\"><a href=\"https:\/\/blogger.googleusercontent.com\/img\/b\/R29vZ2xl\/AVvXsEh1WsOnjcV3dX0EkvFWS16-ADt4gjfN9JUDP0FDVgh_RxlOUIGFls1eBTKk_X5ee2gn3-8eg1OUUqkjaHp19n0Dfa0bt37Nf3H9jv8dwab21jXtyyrdO6ar8GKerX0D2k0T1ti3Kh3bCU8\/s1600\/&amp;.jpg\" style=\"margin-left: 1em; margin-right: 1em;\"><img loading=\"lazy\" decoding=\"async\" border=\"0\" src=\"https:\/\/blogger.googleusercontent.com\/img\/b\/R29vZ2xl\/AVvXsEh1WsOnjcV3dX0EkvFWS16-ADt4gjfN9JUDP0FDVgh_RxlOUIGFls1eBTKk_X5ee2gn3-8eg1OUUqkjaHp19n0Dfa0bt37Nf3H9jv8dwab21jXtyyrdO6ar8GKerX0D2k0T1ti3Kh3bCU8\/s1600\/&amp;.jpg\" height=\"400\" width=\"350\" \/><\/a><\/div>\n<p>Apr\u00e8s trois matchs nuls et en l&rsquo;absence de Zlatan Ibrahimovic bless\u00e9, les champions de France n&rsquo;ont plus le choix. Il faut renouer avec le succ\u00e8s \u00e0 six jours du choc face au Bar\u00e7a.<\/p>\n<div><\/div>\n<div><\/div>\n<div>Le PSG n&rsquo;est pas sonn\u00e9 ni compt\u00e9, mais il remonte ce soir sur le ring \u00e0 Caen avec l&rsquo;id\u00e9e que sa saison bascule. De quel c\u00f4t\u00e9 ? M\u00eame Laurent Blanc ne sait pas. \u00ab On est dans le dur, constate l&rsquo;entra\u00eeneur. On peut plonger dans le tr\u00e8s dur, ou \u00e7a peut repartir comme l&rsquo;ann\u00e9e derni\u00e8re. \u00bb Il faudrait que les jambes reviennent, et le coach croit savoir que c&rsquo;est pr\u00e9vu pour fin septembre, d\u00e9but octobre.<\/div>\n<div><\/div>\n<div>\n<div>Chaque t\u00e2che para\u00eet compliqu\u00e9e pour ce PSG sans ressort et sans id\u00e9e depuis le d\u00e9but de saison, comme battre les seconds couteaux que sont Rennes, l&rsquo;Ajax ou Lyon, trois nuls de suite sur le m\u00eame score (1-1). Elle peut m\u00eame s&rsquo;av\u00e9rer insurmontable ce matin sans Ibrahimovic, forfait, bien que la star ne traverse pas la meilleure p\u00e9riode de sa vie, ce qui est tr\u00e8s relatif chez lui (7 buts en 6 matchs depuis ao\u00fbt, Troph\u00e9e des champions compris).<\/div>\n<div><\/div>\n<div>Ne pas savoir aujourd&rsquo;hui si le PSG peut battre Caen d\u00e9limite bien la profondeur des maux du club. On en est r\u00e9duit \u00e0 ce constat qui sonne comme une impatience. Cependant, on se dit aussi que cette \u00e9quipe flamboyante men\u00e9e par un entra\u00eeneur en r\u00e9ussite la saison pass\u00e9e va finir par r\u00e9agir et enfin marcher sur la Ligue 1 ou en t\u00eate, ce qui revient au m\u00eame.<\/div>\n<div><\/div>\n<div>Le r\u00e9veil, c&rsquo;est quand ? Ou le r\u00e9veil, c&rsquo;est Caen ? La seconde hypoth\u00e8se serait la bienvenue \u00e0 moins d&rsquo;une semaine de la venue de Barcelone au Parc des Princes pour le d\u00e9fi majeur du PSG dans cette fin d&rsquo;ann\u00e9e 2014. Toulouse, entre-temps et d\u00e8s samedi, conditionnera aussi la suite, celle de Laurent Blanc notamment.<\/div>\n<div><\/div>\n<div>En difficult\u00e9, critiqu\u00e9, le champion du monde se sait attendu, ne cache pas qu&rsquo;il s&rsquo;\u00e9nerve quand la situation le r\u00e9clame et parle d&rsquo;activer la concurrence ou encore d&rsquo;une remise en question, m\u00eame \u00ab si ce sont les joueurs qui ont les cl\u00e9s \u00bb.<\/div>\n<div><\/div>\n<div>Hier, en conf\u00e9rence de presse au camp des Loges, son sous-texte s&rsquo;est r\u00e9v\u00e9l\u00e9 formidable parce qu&rsquo;il comportait une information majeure. \u00ab Vous \u00eates les premiers \u00e0 me dire que le Championnat de France n&rsquo;est pas assez difficile pour le PSG, avance-t-il. Si on veut \u00e9lever notre niveau de jeu, il faut jouer tous les matchs \u00e0 fond, quelle que soit la rencontre, sans faire de diff\u00e9rence entre la Ligue 1 et la Ligue des champions. \u00bb<\/div>\n<div><\/div>\n<div>Il s&rsquo;adresse l\u00e0 \u00e0 ses joueurs, souvent pris les pieds dans le sac en flagrant d\u00e9lit de suffisance, m\u00e9prisant un peu la Ligue 1 pour se retrouver perdus quand l&rsquo;Ajax a mis une intensit\u00e9 digne de la Ligue des champions. Pour lancer enfin le PSG, Blanc demande \u00e0 son groupe d&rsquo;estoquer tous ses adversaires avec le m\u00eame souffle qu&rsquo;il mettrait \u00e0 renverser le grand Bar\u00e7a. Sera-t-il entendu ?<\/div>\n<\/div>\n<div><\/div>\n<div>leparisien.fr<\/div>\n","protected":false},"excerpt":{"rendered":"<p>Apr\u00e8s trois matchs nuls et en l&rsquo;absence de Zlatan Ibrahimovic bless\u00e9, les champions de France n&rsquo;ont plus le choix. Il faut renouer avec le succ\u00e8s \u00e0 six jours du choc face au Bar\u00e7a. Le PSG n&rsquo;est pas sonn\u00e9 ni compt\u00e9, mais il remonte ce soir sur le ring \u00e0 Caen avec l&rsquo;id\u00e9e que sa saison [&hellip;]<\/p>\n","protected":false},"author":2,"featured_media":0,"comment_status":"open","ping_status":"open","sticky":false,"template":"","format":"standard","meta":{"footnotes":""},"categories":[3],"tags":[],"class_list":{"0":"post-456","1":"post","2":"type-post","3":"status-publish","4":"format-standard","6":"category-news"},"yoast_head":"<!-- This site is optimized with the Yoast SEO plugin v27.4 - https:\/\/yoast.com\/product\/yoast-seo-wordpress\/ -->\n<title>Caen-PSG : crucial \u00e0 plus d&#039;un titre - PSG FANS<\/title>\n<meta name=\"robots\" content=\"index, follow, max-snippet:-1, max-image-preview:large, max-video-preview:-1\" \/>\n<link rel=\"canonical\" href=\"https:\/\/psgfans.fr\/?p=456\" \/>\n<meta property=\"og:locale\" content=\"fr_FR\" \/>\n<meta property=\"og:type\" content=\"article\" \/>\n<meta property=\"og:title\" content=\"Caen-PSG : crucial \u00e0 plus d&#039;un titre - PSG FANS\" \/>\n<meta property=\"og:description\" content=\"Apr\u00e8s trois matchs nuls et en l&rsquo;absence de Zlatan Ibrahimovic bless\u00e9, les champions de France n&rsquo;ont plus le choix. Il faut renouer avec le succ\u00e8s \u00e0 six jours du choc face au Bar\u00e7a. Le PSG n&rsquo;est pas sonn\u00e9 ni compt\u00e9, mais il remonte ce soir sur le ring \u00e0 Caen avec l&rsquo;id\u00e9e que sa saison [&hellip;]\" \/>\n<meta property=\"og:url\" content=\"https:\/\/psgfans.fr\/?p=456\" \/>\n<meta property=\"og:site_name\" content=\"PSG FANS\" \/>\n<meta property=\"article:published_time\" content=\"2014-09-24T17:59:00+00:00\" \/>\n<meta property=\"og:image\" content=\"https:\/\/blogger.googleusercontent.com\/img\/b\/R29vZ2xl\/AVvXsEh1WsOnjcV3dX0EkvFWS16-ADt4gjfN9JUDP0FDVgh_RxlOUIGFls1eBTKk_X5ee2gn3-8eg1OUUqkjaHp19n0Dfa0bt37Nf3H9jv8dwab21jXtyyrdO6ar8GKerX0D2k0T1ti3Kh3bCU8\/s1600\/&amp;.jpg\" \/>\n<meta name=\"author\" content=\"psgfans\" \/>\n<meta name=\"twitter:card\" content=\"summary_large_image\" \/>\n<meta name=\"twitter:label1\" content=\"\u00c9crit par\" \/>\n\t<meta name=\"twitter:data1\" content=\"psgfans\" \/>\n\t<meta name=\"twitter:label2\" content=\"Dur\u00e9e de lecture estim\u00e9e\" \/>\n\t<meta name=\"twitter:data2\" content=\"3 minutes\" \/>\n<script type=\"application\/ld+json\" class=\"yoast-schema-graph\">{\"@context\":\"https:\\\/\\\/schema.org\",\"@graph\":[{\"@type\":\"Article\",\"@id\":\"https:\\\/\\\/psgfans.fr\\\/?p=456#article\",\"isPartOf\":{\"@id\":\"https:\\\/\\\/psgfans.fr\\\/?p=456\"},\"author\":{\"name\":\"psgfans\",\"@id\":\"https:\\\/\\\/psgfans.fr\\\/#\\\/schema\\\/person\\\/be2237e7a0237af2f29cb344b3c55e6c\"},\"headline\":\"Caen-PSG : crucial \u00e0 plus d&#39;un titre\",\"datePublished\":\"2014-09-24T17:59:00+00:00\",\"mainEntityOfPage\":{\"@id\":\"https:\\\/\\\/psgfans.fr\\\/?p=456\"},\"wordCount\":553,\"commentCount\":0,\"image\":{\"@id\":\"https:\\\/\\\/psgfans.fr\\\/?p=456#primaryimage\"},\"thumbnailUrl\":\"https:\\\/\\\/blogger.googleusercontent.com\\\/img\\\/b\\\/R29vZ2xl\\\/AVvXsEh1WsOnjcV3dX0EkvFWS16-ADt4gjfN9JUDP0FDVgh_RxlOUIGFls1eBTKk_X5ee2gn3-8eg1OUUqkjaHp19n0Dfa0bt37Nf3H9jv8dwab21jXtyyrdO6ar8GKerX0D2k0T1ti3Kh3bCU8\\\/s1600\\\/&amp;.jpg\",\"articleSection\":[\"News\"],\"inLanguage\":\"fr-FR\",\"potentialAction\":[{\"@type\":\"CommentAction\",\"name\":\"Comment\",\"target\":[\"https:\\\/\\\/psgfans.fr\\\/?p=456#respond\"]}]},{\"@type\":\"WebPage\",\"@id\":\"https:\\\/\\\/psgfans.fr\\\/?p=456\",\"url\":\"https:\\\/\\\/psgfans.fr\\\/?p=456\",\"name\":\"Caen-PSG : crucial \u00e0 plus d&#39;un titre - PSG FANS\",\"isPartOf\":{\"@id\":\"https:\\\/\\\/psgfans.fr\\\/#website\"},\"primaryImageOfPage\":{\"@id\":\"https:\\\/\\\/psgfans.fr\\\/?p=456#primaryimage\"},\"image\":{\"@id\":\"https:\\\/\\\/psgfans.fr\\\/?p=456#primaryimage\"},\"thumbnailUrl\":\"https:\\\/\\\/blogger.googleusercontent.com\\\/img\\\/b\\\/R29vZ2xl\\\/AVvXsEh1WsOnjcV3dX0EkvFWS16-ADt4gjfN9JUDP0FDVgh_RxlOUIGFls1eBTKk_X5ee2gn3-8eg1OUUqkjaHp19n0Dfa0bt37Nf3H9jv8dwab21jXtyyrdO6ar8GKerX0D2k0T1ti3Kh3bCU8\\\/s1600\\\/&amp;.jpg\",\"datePublished\":\"2014-09-24T17:59:00+00:00\",\"author\":{\"@id\":\"https:\\\/\\\/psgfans.fr\\\/#\\\/schema\\\/person\\\/be2237e7a0237af2f29cb344b3c55e6c\"},\"breadcrumb\":{\"@id\":\"https:\\\/\\\/psgfans.fr\\\/?p=456#breadcrumb\"},\"inLanguage\":\"fr-FR\",\"potentialAction\":[{\"@type\":\"ReadAction\",\"target\":[\"https:\\\/\\\/psgfans.fr\\\/?p=456\"]}]},{\"@type\":\"ImageObject\",\"inLanguage\":\"fr-FR\",\"@id\":\"https:\\\/\\\/psgfans.fr\\\/?p=456#primaryimage\",\"url\":\"https:\\\/\\\/blogger.googleusercontent.com\\\/img\\\/b\\\/R29vZ2xl\\\/AVvXsEh1WsOnjcV3dX0EkvFWS16-ADt4gjfN9JUDP0FDVgh_RxlOUIGFls1eBTKk_X5ee2gn3-8eg1OUUqkjaHp19n0Dfa0bt37Nf3H9jv8dwab21jXtyyrdO6ar8GKerX0D2k0T1ti3Kh3bCU8\\\/s1600\\\/&amp;.jpg\",\"contentUrl\":\"https:\\\/\\\/blogger.googleusercontent.com\\\/img\\\/b\\\/R29vZ2xl\\\/AVvXsEh1WsOnjcV3dX0EkvFWS16-ADt4gjfN9JUDP0FDVgh_RxlOUIGFls1eBTKk_X5ee2gn3-8eg1OUUqkjaHp19n0Dfa0bt37Nf3H9jv8dwab21jXtyyrdO6ar8GKerX0D2k0T1ti3Kh3bCU8\\\/s1600\\\/&amp;.jpg\"},{\"@type\":\"BreadcrumbList\",\"@id\":\"https:\\\/\\\/psgfans.fr\\\/?p=456#breadcrumb\",\"itemListElement\":[{\"@type\":\"ListItem\",\"position\":1,\"name\":\"Accueil\",\"item\":\"https:\\\/\\\/psgfans.fr\\\/\"},{\"@type\":\"ListItem\",\"position\":2,\"name\":\"Caen-PSG : crucial \u00e0 plus d&#39;un titre\"}]},{\"@type\":\"WebSite\",\"@id\":\"https:\\\/\\\/psgfans.fr\\\/#website\",\"url\":\"https:\\\/\\\/psgfans.fr\\\/\",\"name\":\"PSG FANS\",\"description\":\"Unit\u00e9, Passion, Victoire : Au C\u0153ur du Paris Saint-Germain!\",\"potentialAction\":[{\"@type\":\"SearchAction\",\"target\":{\"@type\":\"EntryPoint\",\"urlTemplate\":\"https:\\\/\\\/psgfans.fr\\\/?s={search_term_string}\"},\"query-input\":{\"@type\":\"PropertyValueSpecification\",\"valueRequired\":true,\"valueName\":\"search_term_string\"}}],\"inLanguage\":\"fr-FR\"},{\"@type\":\"Person\",\"@id\":\"https:\\\/\\\/psgfans.fr\\\/#\\\/schema\\\/person\\\/be2237e7a0237af2f29cb344b3c55e6c\",\"name\":\"psgfans\",\"image\":{\"@type\":\"ImageObject\",\"inLanguage\":\"fr-FR\",\"@id\":\"https:\\\/\\\/secure.gravatar.com\\\/avatar\\\/?s=96&d=mm&r=g\",\"url\":\"https:\\\/\\\/secure.gravatar.com\\\/avatar\\\/?s=96&d=mm&r=g\",\"contentUrl\":\"https:\\\/\\\/secure.gravatar.com\\\/avatar\\\/?s=96&d=mm&r=g\",\"caption\":\"psgfans\"},\"url\":\"https:\\\/\\\/psgfans.fr\\\/?author=2\"}]}<\/script>\n<!-- \/ Yoast SEO plugin. -->","yoast_head_json":{"title":"Caen-PSG : crucial \u00e0 plus d&#39;un titre - PSG FANS","robots":{"index":"index","follow":"follow","max-snippet":"max-snippet:-1","max-image-preview":"max-image-preview:large","max-video-preview":"max-video-preview:-1"},"canonical":"https:\/\/psgfans.fr\/?p=456","og_locale":"fr_FR","og_type":"article","og_title":"Caen-PSG : crucial \u00e0 plus d&#39;un titre - PSG FANS","og_description":"Apr\u00e8s trois matchs nuls et en l&rsquo;absence de Zlatan Ibrahimovic bless\u00e9, les champions de France n&rsquo;ont plus le choix. Il faut renouer avec le succ\u00e8s \u00e0 six jours du choc face au Bar\u00e7a. Le PSG n&rsquo;est pas sonn\u00e9 ni compt\u00e9, mais il remonte ce soir sur le ring \u00e0 Caen avec l&rsquo;id\u00e9e que sa saison [&hellip;]","og_url":"https:\/\/psgfans.fr\/?p=456","og_site_name":"PSG FANS","article_published_time":"2014-09-24T17:59:00+00:00","og_image":[{"url":"https:\/\/blogger.googleusercontent.com\/img\/b\/R29vZ2xl\/AVvXsEh1WsOnjcV3dX0EkvFWS16-ADt4gjfN9JUDP0FDVgh_RxlOUIGFls1eBTKk_X5ee2gn3-8eg1OUUqkjaHp19n0Dfa0bt37Nf3H9jv8dwab21jXtyyrdO6ar8GKerX0D2k0T1ti3Kh3bCU8\/s1600\/&amp;.jpg","type":"","width":"","height":""}],"author":"psgfans","twitter_card":"summary_large_image","twitter_misc":{"\u00c9crit par":"psgfans","Dur\u00e9e de lecture estim\u00e9e":"3 minutes"},"schema":{"@context":"https:\/\/schema.org","@graph":[{"@type":"Article","@id":"https:\/\/psgfans.fr\/?p=456#article","isPartOf":{"@id":"https:\/\/psgfans.fr\/?p=456"},"author":{"name":"psgfans","@id":"https:\/\/psgfans.fr\/#\/schema\/person\/be2237e7a0237af2f29cb344b3c55e6c"},"headline":"Caen-PSG : crucial \u00e0 plus d&#39;un titre","datePublished":"2014-09-24T17:59:00+00:00","mainEntityOfPage":{"@id":"https:\/\/psgfans.fr\/?p=456"},"wordCount":553,"commentCount":0,"image":{"@id":"https:\/\/psgfans.fr\/?p=456#primaryimage"},"thumbnailUrl":"https:\/\/blogger.googleusercontent.com\/img\/b\/R29vZ2xl\/AVvXsEh1WsOnjcV3dX0EkvFWS16-ADt4gjfN9JUDP0FDVgh_RxlOUIGFls1eBTKk_X5ee2gn3-8eg1OUUqkjaHp19n0Dfa0bt37Nf3H9jv8dwab21jXtyyrdO6ar8GKerX0D2k0T1ti3Kh3bCU8\/s1600\/&amp;.jpg","articleSection":["News"],"inLanguage":"fr-FR","potentialAction":[{"@type":"CommentAction","name":"Comment","target":["https:\/\/psgfans.fr\/?p=456#respond"]}]},{"@type":"WebPage","@id":"https:\/\/psgfans.fr\/?p=456","url":"https:\/\/psgfans.fr\/?p=456","name":"Caen-PSG : crucial \u00e0 plus d&#39;un titre - PSG FANS","isPartOf":{"@id":"https:\/\/psgfans.fr\/#website"},"primaryImageOfPage":{"@id":"https:\/\/psgfans.fr\/?p=456#primaryimage"},"image":{"@id":"https:\/\/psgfans.fr\/?p=456#primaryimage"},"thumbnailUrl":"https:\/\/blogger.googleusercontent.com\/img\/b\/R29vZ2xl\/AVvXsEh1WsOnjcV3dX0EkvFWS16-ADt4gjfN9JUDP0FDVgh_RxlOUIGFls1eBTKk_X5ee2gn3-8eg1OUUqkjaHp19n0Dfa0bt37Nf3H9jv8dwab21jXtyyrdO6ar8GKerX0D2k0T1ti3Kh3bCU8\/s1600\/&amp;.jpg","datePublished":"2014-09-24T17:59:00+00:00","author":{"@id":"https:\/\/psgfans.fr\/#\/schema\/person\/be2237e7a0237af2f29cb344b3c55e6c"},"breadcrumb":{"@id":"https:\/\/psgfans.fr\/?p=456#breadcrumb"},"inLanguage":"fr-FR","potentialAction":[{"@type":"ReadAction","target":["https:\/\/psgfans.fr\/?p=456"]}]},{"@type":"ImageObject","inLanguage":"fr-FR","@id":"https:\/\/psgfans.fr\/?p=456#primaryimage","url":"https:\/\/blogger.googleusercontent.com\/img\/b\/R29vZ2xl\/AVvXsEh1WsOnjcV3dX0EkvFWS16-ADt4gjfN9JUDP0FDVgh_RxlOUIGFls1eBTKk_X5ee2gn3-8eg1OUUqkjaHp19n0Dfa0bt37Nf3H9jv8dwab21jXtyyrdO6ar8GKerX0D2k0T1ti3Kh3bCU8\/s1600\/&amp;.jpg","contentUrl":"https:\/\/blogger.googleusercontent.com\/img\/b\/R29vZ2xl\/AVvXsEh1WsOnjcV3dX0EkvFWS16-ADt4gjfN9JUDP0FDVgh_RxlOUIGFls1eBTKk_X5ee2gn3-8eg1OUUqkjaHp19n0Dfa0bt37Nf3H9jv8dwab21jXtyyrdO6ar8GKerX0D2k0T1ti3Kh3bCU8\/s1600\/&amp;.jpg"},{"@type":"BreadcrumbList","@id":"https:\/\/psgfans.fr\/?p=456#breadcrumb","itemListElement":[{"@type":"ListItem","position":1,"name":"Accueil","item":"https:\/\/psgfans.fr\/"},{"@type":"ListItem","position":2,"name":"Caen-PSG : crucial \u00e0 plus d&#39;un titre"}]},{"@type":"WebSite","@id":"https:\/\/psgfans.fr\/#website","url":"https:\/\/psgfans.fr\/","name":"PSG FANS","description":"Unit\u00e9, Passion, Victoire : Au C\u0153ur du Paris Saint-Germain!","potentialAction":[{"@type":"SearchAction","target":{"@type":"EntryPoint","urlTemplate":"https:\/\/psgfans.fr\/?s={search_term_string}"},"query-input":{"@type":"PropertyValueSpecification","valueRequired":true,"valueName":"search_term_string"}}],"inLanguage":"fr-FR"},{"@type":"Person","@id":"https:\/\/psgfans.fr\/#\/schema\/person\/be2237e7a0237af2f29cb344b3c55e6c","name":"psgfans","image":{"@type":"ImageObject","inLanguage":"fr-FR","@id":"https:\/\/secure.gravatar.com\/avatar\/?s=96&d=mm&r=g","url":"https:\/\/secure.gravatar.com\/avatar\/?s=96&d=mm&r=g","contentUrl":"https:\/\/secure.gravatar.com\/avatar\/?s=96&d=mm&r=g","caption":"psgfans"},"url":"https:\/\/psgfans.fr\/?author=2"}]}},"_links":{"self":[{"href":"https:\/\/psgfans.fr\/index.php?rest_route=\/wp\/v2\/posts\/456","targetHints":{"allow":["GET"]}}],"collection":[{"href":"https:\/\/psgfans.fr\/index.php?rest_route=\/wp\/v2\/posts"}],"about":[{"href":"https:\/\/psgfans.fr\/index.php?rest_route=\/wp\/v2\/types\/post"}],"author":[{"embeddable":true,"href":"https:\/\/psgfans.fr\/index.php?rest_route=\/wp\/v2\/users\/2"}],"replies":[{"embeddable":true,"href":"https:\/\/psgfans.fr\/index.php?rest_route=%2Fwp%2Fv2%2Fcomments&post=456"}],"version-history":[{"count":0,"href":"https:\/\/psgfans.fr\/index.php?rest_route=\/wp\/v2\/posts\/456\/revisions"}],"wp:attachment":[{"href":"https:\/\/psgfans.fr\/index.php?rest_route=%2Fwp%2Fv2%2Fmedia&parent=456"}],"wp:term":[{"taxonomy":"category","embeddable":true,"href":"https:\/\/psgfans.fr\/index.php?rest_route=%2Fwp%2Fv2%2Fcategories&post=456"},{"taxonomy":"post_tag","embeddable":true,"href":"https:\/\/psgfans.fr\/index.php?rest_route=%2Fwp%2Fv2%2Ftags&post=456"}],"curies":[{"name":"wp","href":"https:\/\/api.w.org\/{rel}","templated":true}]}}